{"id":1901,"date":"2017-02-20T10:17:05","date_gmt":"2017-02-20T10:17:05","guid":{"rendered":"https:\/\/www.dosde.com\/blog\/?p=304\/"},"modified":"2026-08-11T08:06:38","modified_gmt":"2026-08-11T08:06:38","slug":"salvador-dali","status":"publish","type":"post","link":"https:\/\/pre.dosde.com\/en\/salvador-dali\/","title":{"rendered":"Salvador Dal\u00ed"},"content":{"rendered":"<h2>Dal\u00ed, the total artist<\/h2>\n<p>Born in Figueres on the 11th of May 1904, <strong>Salvador Dal\u00ed<\/strong> stood out from an early age for his artistic ability and his strong personality. However, it was within the Surrealist movement that he found the opportunity to develop his <strong>ground-breaking vision of art<\/strong>.<\/p>\n<p>&nbsp;<\/p>\n<p>Dal\u00ed died at the age of eighty-four in Figueres on the 23rd of January 1989 leaving behind a vast and unique artistic legacy.<\/p>\n<p>&nbsp;<\/p>\n<h2>His student years<\/h2>\n<p><a href=\"https:\/\/www.dosde.com\/en\/illustrated-biography-of-salvador-dali.html\">Gifted with an innate talent<\/a>, <strong>Salvador Dal\u00ed showed a keen interest in drawing and painting from a very young age<\/strong>. Thanks to the unconditional support of his mother and father, who were quick to grasp the enormous potential of their son, the boy was able to work on his skills both in school as well as in his free time and, thus, rapidly refined and improved on his technique.<\/p>\n<p>&nbsp;<\/p>\n<p>Likewise, from childhood Dal\u00ed <strong>was exposed to all kinds of cultural trends<\/strong> developing outside official canons, such as the post-<strong>impressionist movements<\/strong>, a fact that helped him obtain a much broader and uninhibited vision of the artistic medium.<\/p>\n<p>&nbsp;<\/p>\n<p>With this sound foundation of knowledge and growing experience, the young Dal\u00ed was amply prepared to embark on a promising academic career <strong>in the city of Madrid<\/strong>, where, besides being able to work on and perfect his range of skills, <strong>he also had the opportunity to move in the more vanguardist, intellectual circles<\/strong> of Spain.<\/p>\n<p>&nbsp;<\/p>\n<h2>Dal\u00ed and the emergence of Surrealism<\/h2>\n<p>After the First World War, Surrealism converted into <strong>one of the most influential avant-garde movements<\/strong> thanks to its revolutionary approach, which sought to transform human existence in order to create a better world. However, in the late 1920&#8217;s the movement was to reach a critical point.<\/p>\n<p>&nbsp;<\/p>\n<p>The communist sympathies of the leader of the group, French poet and writer Andr\u00e9 Breton, caused the disaffection or opposition of those intellectuals who wanted to confine their actions to solely the artistic field. Furthermore, the author&#8217;s capacity for subversion seemed to be waining due to the repeated use of the same creative formulas. Within this context, the emergence of <strong>Salvador Dal\u00ed was essential in order to ensure the continuity of surrealist painting.<\/strong><\/p>\n<p>&nbsp;<\/p>\n<p>With an imagination and technical skill that was far superior to the majority of his peers, the Catalan painter took Surrealism to a new level and his contributions were far-reaching in both theory and iconography.<\/p>\n<p>&nbsp;<\/p>\n<p><a href=\"https:\/\/www.dosde.com\/en\/books\/salvador-dali.html\"><img decoding=\"async\" class=\"aligncenter size-full wp-image-3643\" src=\"https:\/\/qa-dosde.qamoon.es\/wp-content\/uploads\/2017\/02\/Boton-descubrir-mas-EN.png\" alt=\"\" \/><\/a><\/p>\n<h2>Dali&#8217;s Paranoiac-Critical method<\/h2>\n<p>Despite his identification with the Surrealist group, during the first half of the 1930&#8217;s Salvador Dal\u00ed differed from the rest of his colleagues of the time by<strong> developing a system of his own creation that he named the Paranoiac-Critical Method<\/strong>. With this unique technique, inspired partly by psychoanalytic studies conducted by Jacques Lacan at the time, the painter defended the interpretation of reality according to ones own particular obsessions.<\/p>\n<p>&nbsp;<\/p>\n<p>One of the keys to the procedure devised by Dal\u00ed consisted of the development of double or multiple images, which were capable of unleashing the viewer\u2019s imagination and giving rise to different interpretations. <strong>Dal\u00ed\u2019s new artistic approach was praised by Breton<\/strong>, knowing that it could be successfully applied in the field of painting as well as in poetry and filmmaking.<\/p>\n<p>&nbsp;<\/p>\n<p>By requiring the artist to play an active role and by asserting the validity of figurative art to represent the irrational world, the creative system designed by the Catalan artist renewed the methodology used traditionally by the followers of Surrealism, who until then had made use of the automatic drawing technique in order to express the ideas of the subconscious in a passive way.<\/p>\n<p>&nbsp;<\/p>\n<h2>The war and the subconscious<\/h2>\n<p>In the late 1930\u2019s Europe entered a turbulent period with tragic consequences. In Spain, the rise of a faction of the army against the Republican government led to a bloody civil war that resulted in the establishment of a fascist regime headed by General Francisco Franco.<\/p>\n<p>&nbsp;<\/p>\n<p>Meanwhile, in Germany, Adolf Hitler was managing to carry out his expansionist plans by means of an aggressive foreign policy that would trigger off the beginning of World War II. <strong>Forced to leave his homeland after the onset of hostilities<\/strong>, Salvador Dal\u00ed found this menacing environment to be a new source of inspiration for his work.<\/p>\n<p>&nbsp;<\/p>\n<p>With full stylistic maturity, <strong>the painter successfully conveyed the anguish associated with war<\/strong> in order to create compositions that were as disturbing as they were thought-provoking, while at the same time continuing to experiment with the artistic possibilities of his Paranoiac-Critical method, enriching an increasingly popular symbolic universe.<\/p>\n<p>&nbsp;<\/p>\n<h2>Dal\u00ed&#8217;s exile in the United States<\/h2>\n<p>The Second World War led to the dismantlement of the European avant-garde scene. The German occupation of France and the Nazi persecution of modern art meant that <strong>many of the most influential people of the time, amongst them Salvador Dal\u00ed himself, made the decision to go to the United States.<\/strong><\/p>\n<p>&nbsp;<\/p>\n<p>This exodus of artists and intellectuals made the nucleus of cultural innovation move from the French capital of Paris to the city of New York, a dynamic metropolis where new experimental trends were rapidly emerging. <strong>The influence that Surrealism<\/strong> exerted on movements such as Abstract Expressionism <strong>reevaluated the figure of Dal\u00ed<\/strong>, who in prewar years had already undertaken an aggressive promotional campaign to curry favor with the North-American public.<\/p>\n<p>&nbsp;<\/p>\n<p>Taking advantage of this pre-eminent position <strong>during his exile the Catalan painter worked on building up his legend<\/strong>, by starring in exhibitions in the most important of art galleries and by lending his talents to other types of media.<\/p>\n<p>&nbsp;<\/p>\n<h2>Dal\u00ed&#8217;s Nuclear-Mystical period<\/h2>\n<p>When Dal\u00ed returned to Spain<strong> in the late forties it was an ultra-conservative country where Surrealism had no place<\/strong>. The Franco regime, which considered that psychoanalysis was an immoral and unpatriotic practice, subordinated culture to its own propaganda interests, so that any form of expression liable to undermine the official ideology, which was based on the exaltation of the motherland and Catholicism, was persecuted.<\/p>\n<p>&nbsp;<\/p>\n<p>At this stage of intellectual suffocation, <strong>Dal\u00ed reinvented himself as an artist, putting to one side surrealist art and painting<\/strong>. The exploration of the subconscious gave way to harking back to the Italian Renaissance style and the study of Spanish mysticism, such as the poet Saint John of the Cross.<\/p>\n<p>&nbsp;<\/p>\n<p>The painter fused his interest in Classicism and religion with the latest advances in atomic theory, a world which had obsessed the painter following the bombing of Hiroshima and Nagasaki. That combination of faith and science brought with it the creation of the nuclear-mystical style, of which Dal\u00ed was the sole representative.<\/p>\n<p>&nbsp;<\/p>\n<h2>The final obsessions of Salvador Dal\u00ed<\/h2>\n<p>In the final lap of his career, Dal\u00ed saw his efforts recognised. <strong>Now transformed into an international celebrity thanks to his continual presence in the media<\/strong>, the Catalan artist became the subject of numerous retrospectives at major museums.<\/p>\n<p>&nbsp;<\/p>\n<p>The exhibitions unveiled the artist\u2019s work to new generations around the world, while confirming the validity of a legacy that Dal\u00ed never stopped expanding. In fact, in his last years the painter showed himself to be a multifaceted character, combining deep respect for tradition with experiments that pushed the boundaries of art.<\/p>\n<p>&nbsp;<\/p>\n<p>Through the tributes to old masters, <strong>Dal\u00ed completely distanced himself from most of his contemporaries<\/strong>, showing his strong personality and meticulous technique, while with the adoption of new technologies such as holography, the painter formally renewed his work and deepened his concern for the visual relationship established between the canvas and the viewer.<\/p>\n<p>&nbsp;<\/p>\n<h2>The book to discover Salvador Dal\u00ed\u2019s work<\/h2>\n<p>Reference model of the Surrealist Movement, <strong>Salvador Dal\u00ed is one of the greatest artistic exponents<\/strong> of the 20th century.\u00a0This <a href=\"https:\/\/www.dosde.com\/en\/dali-his-lifes-work.html\">book on Salvador Dal\u00ed<\/a> studies in detail the works of this genius of Surrealism.<br \/>\nThe reader will find out about <strong>the meaning of his paintings, the historical context and his influences<\/strong>, as well as fascinating facts about the life and work of the ingenious creator.<\/p>\n<p><a href=\"https:\/\/www.dosde.com\/en\/dali-his-lifes-work.html\"><img loading=\"lazy\" decoding=\"async\" class=\"alignnone wp-image-1840 size-full\" src=\"https:\/\/qa-dosde.qamoon.es\/wp-content\/uploads\/2017\/02\/cover-salvador-dali-his-lifes-work-english-book-art-dosde-publishing_978-84-9103-033-1_45-002-01_B17.jpg\" alt=\"Book Salvador Dali his life's work, Dosde Publishing\" width=\"700\" height=\"441\" \/><\/a><\/p>\n","protected":false},"excerpt":{"rendered":"Dal\u00ed, the total artist Born in Figueres on the 11th of May 1904, Salvador Dal\u00ed stood out from an early age for his artistic ability and his strong personality. However, it was within the Surrealist movement that he found the opportunity to develop his ground-breaking vision of art. &nbsp; Dal\u00ed died at the age of &#8230; <a title=\"Salvador Dal\u00ed\" class=\"read-more\" href=\"https:\/\/pre.dosde.com\/en\/salvador-dali\/\" aria-label=\"Read more about Salvador Dal\u00ed\">Read more<\/a>","protected":false},"author":1,"featured_media":0,"comment_status":"open","ping_status":"open","sticky":false,"template":"","format":"standard","meta":{"_acf_changed":false,"footnotes":""},"categories":[67],"tags":[],"class_list":["post-1901","post","type-post","status-publish","format-standard","hentry","category-dali"],"acf":[],"yoast_head":"<!-- This site is optimized with the Yoast SEO plugin v28.3 - https:\/\/yoast.com\/product\/yoast-seo-wordpress\/ -->\n<title>Salvador Dal\u00ed - Dosde<\/title>\n<meta name=\"robots\" content=\"noindex, follow, max-snippet:-1, max-image-preview:large, max-video-preview:-1\" \/>\n<meta property=\"og:locale\" content=\"en_US\" \/>\n<meta property=\"og:type\" content=\"article\" \/>\n<meta property=\"og:title\" content=\"Salvador Dal\u00ed - Dosde\" \/>\n<meta property=\"og:description\" content=\"Dal\u00ed, the total artist Born in Figueres on the 11th of May 1904, Salvador Dal\u00ed stood out from an early age for his artistic ability and his strong personality. However, it was within the Surrealist movement that he found the opportunity to develop his ground-breaking vision of art. &nbsp; Dal\u00ed died at the age of ... Read more\" \/>\n<meta property=\"og:url\" content=\"https:\/\/pre.dosde.com\/en\/salvador-dali\/\" \/>\n<meta property=\"og:site_name\" content=\"Dosde\" \/>\n<meta property=\"article:published_time\" content=\"2017-02-20T10:17:05+00:00\" \/>\n<meta property=\"article:modified_time\" content=\"2026-08-11T08:06:38+00:00\" \/>\n<meta property=\"og:image\" content=\"https:\/\/qa-dosde.qamoon.es\/wp-content\/uploads\/2017\/02\/Boton-descubrir-mas-EN.png\" \/>\n<meta name=\"author\" content=\"seocom\" \/>\n<meta name=\"twitter:card\" content=\"summary_large_image\" \/>\n<meta name=\"twitter:label1\" content=\"Written by\" \/>\n\t<meta name=\"twitter:data1\" content=\"seocom\" \/>\n\t<meta name=\"twitter:label2\" content=\"Est. reading time\" \/>\n\t<meta name=\"twitter:data2\" content=\"7 minutes\" \/>\n<script type=\"application\/ld+json\" class=\"yoast-schema-graph\">{\"@context\":\"https:\\\/\\\/schema.org\",\"@graph\":[{\"@type\":\"Article\",\"@id\":\"https:\\\/\\\/pre.dosde.com\\\/en\\\/salvador-dali\\\/#article\",\"isPartOf\":{\"@id\":\"https:\\\/\\\/pre.dosde.com\\\/en\\\/salvador-dali\\\/\"},\"author\":{\"name\":\"seocom\",\"@id\":\"https:\\\/\\\/pre.dosde.com\\\/en\\\/#\\\/schema\\\/person\\\/9d33726ab714fecb297e38b515472088\"},\"headline\":\"Salvador Dal\u00ed\",\"datePublished\":\"2017-02-20T10:17:05+00:00\",\"dateModified\":\"2026-08-11T08:06:38+00:00\",\"mainEntityOfPage\":{\"@id\":\"https:\\\/\\\/pre.dosde.com\\\/en\\\/salvador-dali\\\/\"},\"wordCount\":1331,\"commentCount\":0,\"publisher\":{\"@id\":\"https:\\\/\\\/pre.dosde.com\\\/en\\\/#organization\"},\"image\":{\"@id\":\"https:\\\/\\\/pre.dosde.com\\\/en\\\/salvador-dali\\\/#primaryimage\"},\"thumbnailUrl\":\"https:\\\/\\\/qa-dosde.qamoon.es\\\/wp-content\\\/uploads\\\/2017\\\/02\\\/Boton-descubrir-mas-EN.png\",\"articleSection\":[\"Dal\u00ed\"],\"inLanguage\":\"en-US\",\"potentialAction\":[{\"@type\":\"CommentAction\",\"name\":\"Comment\",\"target\":[\"https:\\\/\\\/pre.dosde.com\\\/en\\\/salvador-dali\\\/#respond\"]}]},{\"@type\":\"WebPage\",\"@id\":\"https:\\\/\\\/pre.dosde.com\\\/en\\\/salvador-dali\\\/\",\"url\":\"https:\\\/\\\/pre.dosde.com\\\/en\\\/salvador-dali\\\/\",\"name\":\"Salvador Dal\u00ed - Dosde\",\"isPartOf\":{\"@id\":\"https:\\\/\\\/pre.dosde.com\\\/en\\\/#website\"},\"primaryImageOfPage\":{\"@id\":\"https:\\\/\\\/pre.dosde.com\\\/en\\\/salvador-dali\\\/#primaryimage\"},\"image\":{\"@id\":\"https:\\\/\\\/pre.dosde.com\\\/en\\\/salvador-dali\\\/#primaryimage\"},\"thumbnailUrl\":\"https:\\\/\\\/qa-dosde.qamoon.es\\\/wp-content\\\/uploads\\\/2017\\\/02\\\/Boton-descubrir-mas-EN.png\",\"datePublished\":\"2017-02-20T10:17:05+00:00\",\"dateModified\":\"2026-08-11T08:06:38+00:00\",\"breadcrumb\":{\"@id\":\"https:\\\/\\\/pre.dosde.com\\\/en\\\/salvador-dali\\\/#breadcrumb\"},\"inLanguage\":\"en-US\",\"potentialAction\":[{\"@type\":\"ReadAction\",\"target\":[\"https:\\\/\\\/pre.dosde.com\\\/en\\\/salvador-dali\\\/\"]}]},{\"@type\":\"ImageObject\",\"inLanguage\":\"en-US\",\"@id\":\"https:\\\/\\\/pre.dosde.com\\\/en\\\/salvador-dali\\\/#primaryimage\",\"url\":\"https:\\\/\\\/qa-dosde.qamoon.es\\\/wp-content\\\/uploads\\\/2017\\\/02\\\/Boton-descubrir-mas-EN.png\",\"contentUrl\":\"https:\\\/\\\/qa-dosde.qamoon.es\\\/wp-content\\\/uploads\\\/2017\\\/02\\\/Boton-descubrir-mas-EN.png\"},{\"@type\":\"BreadcrumbList\",\"@id\":\"https:\\\/\\\/pre.dosde.com\\\/en\\\/salvador-dali\\\/#breadcrumb\",\"itemListElement\":[{\"@type\":\"ListItem\",\"position\":1,\"name\":\"Home\",\"item\":\"https:\\\/\\\/pre.dosde.com\\\/en\\\/\"},{\"@type\":\"ListItem\",\"position\":2,\"name\":\"Salvador Dal\u00ed\"}]},{\"@type\":\"WebSite\",\"@id\":\"https:\\\/\\\/pre.dosde.com\\\/en\\\/#website\",\"url\":\"https:\\\/\\\/pre.dosde.com\\\/en\\\/\",\"name\":\"Dosde\",\"description\":\"\",\"publisher\":{\"@id\":\"https:\\\/\\\/pre.dosde.com\\\/en\\\/#organization\"},\"potentialAction\":[{\"@type\":\"SearchAction\",\"target\":{\"@type\":\"EntryPoint\",\"urlTemplate\":\"https:\\\/\\\/pre.dosde.com\\\/en\\\/?s={search_term_string}\"},\"query-input\":{\"@type\":\"PropertyValueSpecification\",\"valueRequired\":true,\"valueName\":\"search_term_string\"}}],\"inLanguage\":\"en-US\"},{\"@type\":\"Organization\",\"@id\":\"https:\\\/\\\/pre.dosde.com\\\/en\\\/#organization\",\"name\":\"Dosde\",\"url\":\"https:\\\/\\\/pre.dosde.com\\\/en\\\/\",\"logo\":{\"@type\":\"ImageObject\",\"inLanguage\":\"en-US\",\"@id\":\"https:\\\/\\\/pre.dosde.com\\\/en\\\/#\\\/schema\\\/logo\\\/image\\\/\",\"url\":\"https:\\\/\\\/pre.dosde.com\\\/wp-content\\\/uploads\\\/2026\\\/06\\\/Logo.webp\",\"contentUrl\":\"https:\\\/\\\/pre.dosde.com\\\/wp-content\\\/uploads\\\/2026\\\/06\\\/Logo.webp\",\"width\":248,\"height\":80,\"caption\":\"Dosde\"},\"image\":{\"@id\":\"https:\\\/\\\/pre.dosde.com\\\/en\\\/#\\\/schema\\\/logo\\\/image\\\/\"}},{\"@type\":\"Person\",\"@id\":\"https:\\\/\\\/pre.dosde.com\\\/en\\\/#\\\/schema\\\/person\\\/9d33726ab714fecb297e38b515472088\",\"name\":\"seocom\",\"image\":{\"@type\":\"ImageObject\",\"inLanguage\":\"en-US\",\"@id\":\"https:\\\/\\\/secure.gravatar.com\\\/avatar\\\/741433ce07ba5c431e994c0ec0272d414a5d1a9dafeb02666111e6f2eb1c0ed2?s=96&d=mm&r=g\",\"url\":\"https:\\\/\\\/secure.gravatar.com\\\/avatar\\\/741433ce07ba5c431e994c0ec0272d414a5d1a9dafeb02666111e6f2eb1c0ed2?s=96&d=mm&r=g\",\"contentUrl\":\"https:\\\/\\\/secure.gravatar.com\\\/avatar\\\/741433ce07ba5c431e994c0ec0272d414a5d1a9dafeb02666111e6f2eb1c0ed2?s=96&d=mm&r=g\",\"caption\":\"seocom\"},\"sameAs\":[\"http:\\\/\\\/qa-dosde.qamoon.es\"],\"url\":\"https:\\\/\\\/pre.dosde.com\\\/en\\\/author\\\/seocom\\\/\"}]}<\/script>\n<!-- \/ Yoast SEO plugin. -->","yoast_head_json":{"title":"Salvador Dal\u00ed - Dosde","robots":{"index":"noindex","follow":"follow","max-snippet":"max-snippet:-1","max-image-preview":"max-image-preview:large","max-video-preview":"max-video-preview:-1"},"og_locale":"en_US","og_type":"article","og_title":"Salvador Dal\u00ed - Dosde","og_description":"Dal\u00ed, the total artist Born in Figueres on the 11th of May 1904, Salvador Dal\u00ed stood out from an early age for his artistic ability and his strong personality. However, it was within the Surrealist movement that he found the opportunity to develop his ground-breaking vision of art. &nbsp; Dal\u00ed died at the age of ... Read more","og_url":"https:\/\/pre.dosde.com\/en\/salvador-dali\/","og_site_name":"Dosde","article_published_time":"2017-02-20T10:17:05+00:00","article_modified_time":"2026-08-11T08:06:38+00:00","og_image":[{"url":"https:\/\/qa-dosde.qamoon.es\/wp-content\/uploads\/2017\/02\/Boton-descubrir-mas-EN.png","type":"","width":"","height":""}],"author":"seocom","twitter_card":"summary_large_image","twitter_misc":{"Written by":"seocom","Est. reading time":"7 minutes"},"schema":{"@context":"https:\/\/schema.org","@graph":[{"@type":"Article","@id":"https:\/\/pre.dosde.com\/en\/salvador-dali\/#article","isPartOf":{"@id":"https:\/\/pre.dosde.com\/en\/salvador-dali\/"},"author":{"name":"seocom","@id":"https:\/\/pre.dosde.com\/en\/#\/schema\/person\/9d33726ab714fecb297e38b515472088"},"headline":"Salvador Dal\u00ed","datePublished":"2017-02-20T10:17:05+00:00","dateModified":"2026-08-11T08:06:38+00:00","mainEntityOfPage":{"@id":"https:\/\/pre.dosde.com\/en\/salvador-dali\/"},"wordCount":1331,"commentCount":0,"publisher":{"@id":"https:\/\/pre.dosde.com\/en\/#organization"},"image":{"@id":"https:\/\/pre.dosde.com\/en\/salvador-dali\/#primaryimage"},"thumbnailUrl":"https:\/\/qa-dosde.qamoon.es\/wp-content\/uploads\/2017\/02\/Boton-descubrir-mas-EN.png","articleSection":["Dal\u00ed"],"inLanguage":"en-US","potentialAction":[{"@type":"CommentAction","name":"Comment","target":["https:\/\/pre.dosde.com\/en\/salvador-dali\/#respond"]}]},{"@type":"WebPage","@id":"https:\/\/pre.dosde.com\/en\/salvador-dali\/","url":"https:\/\/pre.dosde.com\/en\/salvador-dali\/","name":"Salvador Dal\u00ed - Dosde","isPartOf":{"@id":"https:\/\/pre.dosde.com\/en\/#website"},"primaryImageOfPage":{"@id":"https:\/\/pre.dosde.com\/en\/salvador-dali\/#primaryimage"},"image":{"@id":"https:\/\/pre.dosde.com\/en\/salvador-dali\/#primaryimage"},"thumbnailUrl":"https:\/\/qa-dosde.qamoon.es\/wp-content\/uploads\/2017\/02\/Boton-descubrir-mas-EN.png","datePublished":"2017-02-20T10:17:05+00:00","dateModified":"2026-08-11T08:06:38+00:00","breadcrumb":{"@id":"https:\/\/pre.dosde.com\/en\/salvador-dali\/#breadcrumb"},"inLanguage":"en-US","potentialAction":[{"@type":"ReadAction","target":["https:\/\/pre.dosde.com\/en\/salvador-dali\/"]}]},{"@type":"ImageObject","inLanguage":"en-US","@id":"https:\/\/pre.dosde.com\/en\/salvador-dali\/#primaryimage","url":"https:\/\/qa-dosde.qamoon.es\/wp-content\/uploads\/2017\/02\/Boton-descubrir-mas-EN.png","contentUrl":"https:\/\/qa-dosde.qamoon.es\/wp-content\/uploads\/2017\/02\/Boton-descubrir-mas-EN.png"},{"@type":"BreadcrumbList","@id":"https:\/\/pre.dosde.com\/en\/salvador-dali\/#breadcrumb","itemListElement":[{"@type":"ListItem","position":1,"name":"Home","item":"https:\/\/pre.dosde.com\/en\/"},{"@type":"ListItem","position":2,"name":"Salvador Dal\u00ed"}]},{"@type":"WebSite","@id":"https:\/\/pre.dosde.com\/en\/#website","url":"https:\/\/pre.dosde.com\/en\/","name":"Dosde","description":"","publisher":{"@id":"https:\/\/pre.dosde.com\/en\/#organization"},"potentialAction":[{"@type":"SearchAction","target":{"@type":"EntryPoint","urlTemplate":"https:\/\/pre.dosde.com\/en\/?s={search_term_string}"},"query-input":{"@type":"PropertyValueSpecification","valueRequired":true,"valueName":"search_term_string"}}],"inLanguage":"en-US"},{"@type":"Organization","@id":"https:\/\/pre.dosde.com\/en\/#organization","name":"Dosde","url":"https:\/\/pre.dosde.com\/en\/","logo":{"@type":"ImageObject","inLanguage":"en-US","@id":"https:\/\/pre.dosde.com\/en\/#\/schema\/logo\/image\/","url":"https:\/\/pre.dosde.com\/wp-content\/uploads\/2026\/06\/Logo.webp","contentUrl":"https:\/\/pre.dosde.com\/wp-content\/uploads\/2026\/06\/Logo.webp","width":248,"height":80,"caption":"Dosde"},"image":{"@id":"https:\/\/pre.dosde.com\/en\/#\/schema\/logo\/image\/"}},{"@type":"Person","@id":"https:\/\/pre.dosde.com\/en\/#\/schema\/person\/9d33726ab714fecb297e38b515472088","name":"seocom","image":{"@type":"ImageObject","inLanguage":"en-US","@id":"https:\/\/secure.gravatar.com\/avatar\/741433ce07ba5c431e994c0ec0272d414a5d1a9dafeb02666111e6f2eb1c0ed2?s=96&d=mm&r=g","url":"https:\/\/secure.gravatar.com\/avatar\/741433ce07ba5c431e994c0ec0272d414a5d1a9dafeb02666111e6f2eb1c0ed2?s=96&d=mm&r=g","contentUrl":"https:\/\/secure.gravatar.com\/avatar\/741433ce07ba5c431e994c0ec0272d414a5d1a9dafeb02666111e6f2eb1c0ed2?s=96&d=mm&r=g","caption":"seocom"},"sameAs":["http:\/\/qa-dosde.qamoon.es"],"url":"https:\/\/pre.dosde.com\/en\/author\/seocom\/"}]}},"_links":{"self":[{"href":"https:\/\/pre.dosde.com\/en\/wp-json\/wp\/v2\/posts\/1901","targetHints":{"allow":["GET"]}}],"collection":[{"href":"https:\/\/pre.dosde.com\/en\/wp-json\/wp\/v2\/posts"}],"about":[{"href":"https:\/\/pre.dosde.com\/en\/wp-json\/wp\/v2\/types\/post"}],"author":[{"embeddable":true,"href":"https:\/\/pre.dosde.com\/en\/wp-json\/wp\/v2\/users\/1"}],"replies":[{"embeddable":true,"href":"https:\/\/pre.dosde.com\/en\/wp-json\/wp\/v2\/comments?post=1901"}],"version-history":[{"count":1,"href":"https:\/\/pre.dosde.com\/en\/wp-json\/wp\/v2\/posts\/1901\/revisions"}],"predecessor-version":[{"id":3589,"href":"https:\/\/pre.dosde.com\/en\/wp-json\/wp\/v2\/posts\/1901\/revisions\/3589"}],"wp:attachment":[{"href":"https:\/\/pre.dosde.com\/en\/wp-json\/wp\/v2\/media?parent=1901"}],"wp:term":[{"taxonomy":"category","embeddable":true,"href":"https:\/\/pre.dosde.com\/en\/wp-json\/wp\/v2\/categories?post=1901"},{"taxonomy":"post_tag","embeddable":true,"href":"https:\/\/pre.dosde.com\/en\/wp-json\/wp\/v2\/tags?post=1901"}],"curies":[{"name":"wp","href":"https:\/\/api.w.org\/{rel}","templated":true}]}}