{"id":1919,"date":"2017-02-20T12:00:55","date_gmt":"2017-02-20T12:00:55","guid":{"rendered":"https:\/\/www.dosde.com\/blog\/?p=386\/"},"modified":"2026-08-11T08:06:04","modified_gmt":"2026-08-11T08:06:04","slug":"guell-palace","status":"publish","type":"post","link":"https:\/\/pre.dosde.com\/en\/guell-palace\/","title":{"rendered":"Palau G\u00fcell"},"content":{"rendered":"<h2>What is Palau G\u00fcell?<\/h2>\n<p><a href=\"https:\/\/qa-dosde.qamoon.es\/wp-content\/uploads\/2017\/02\/sala-interior-palau-guell-gaudi-barcelona-dosde-publishing.jpg\"><img loading=\"lazy\" decoding=\"async\" class=\"alignnone wp-image-593 size-full\" src=\"https:\/\/qa-dosde.qamoon.es\/wp-content\/uploads\/2017\/02\/sala-interior-palau-guell-gaudi-barcelona-dosde-publishing.jpg\" alt=\"Main floor of Palau Guell, Antoni Gaudi\" width=\"900\" height=\"600\" \/><\/a><\/p>\n<p>&nbsp;<\/p>\n<p>Located in the centre of Barcelona, on the street Nou de la Rambla, <strong>Palau G\u00fcell<\/strong> (G\u00fcell Palace) <strong>is a palace designed by Antoni Gaud\u00ed<\/strong> commissioned by industrialist Eusebi G\u00fcell, the architect&#8217;s main patron. The building, in which <strong>Gaud\u00ed masterly combined ornamental variety with maximum functionalism<\/strong>, it was constructed between 1885 and 1890, coinciding with the hatching of Modernisme, and it includes the work of some of the best craftsmen of the period.<\/p>\n<p>&nbsp;<\/p>\n<p>The importance of Palau G\u00fcell\u00a0is reflected by its inclusion in 1986 on the list of Unesco&#8217;s World Heritage Sites.<\/p>\n<p>&nbsp;<\/p>\n<h2>The origins of Palau G\u00fcell<\/h2>\n<p><a href=\"https:\/\/qa-dosde.qamoon.es\/wp-content\/uploads\/2017\/02\/fotografia-historica-palau-guell-gaudi-barcelona-dosde-publishing.jpg\"><img loading=\"lazy\" decoding=\"async\" class=\"alignnone wp-image-592 size-full\" src=\"https:\/\/qa-dosde.qamoon.es\/wp-content\/uploads\/2017\/02\/fotografia-historica-palau-guell-gaudi-barcelona-dosde-publishing.jpg\" alt=\"Historical photo of Palau Guell, Antoni Gaudi\" width=\"900\" height=\"600\" \/><\/a><\/p>\n<p>&nbsp;<\/p>\n<p>In 1885, Barcelona was caught up in a frenzy of activity in preparation for the Universal Exhibition of 1888, the event that culminated the city\u2019s expansion after the demolishment of its walls. Within this context, industrialist Eusebi G\u00fcell, <strong>impressed by Gaud\u00ed\u2019s work on his summer residence, commissioned the architect, aged 34, with the project of an urban palace<\/strong> on a street adjacent to the Rambla, where the G\u00fcell family were residing.<\/p>\n<p>&nbsp;<\/p>\n<p>At a time when the majority of upper-class families were moving to the brand-new Eixample in search of space, light and modernity, which Barcelona\u2019s many old, narrow streets couldn\u2019t provide, G\u00fcell opted instead to build his home in the run down district of Raval because the site he had acquired allowed him to connect the new palace to the family mansion on the Rambla.<\/p>\n<p>&nbsp;<\/p>\n<p>In this setting, Gaud\u00ed planned Palau G\u00fcell, <strong>a building that was deliberately introspective<\/strong> (plain on the outside and sumptuous on the inside), whose rooms were both isolated from the street and the block courtyard, organised around a central salon, a large vertical room that started from the main floor and which pierced all the floors of the building until culminating in a parabolic dome.<\/p>\n<p>&nbsp;<\/p>\n<p>Despite the enormous investment involved in carrying out this work, G\u00fcell only resided twenty years in the palace. In 1910, months after the violent episodes of Setmana Tr\u00e0gica (<a href=\"https:\/\/en.wikipedia.org\/wiki\/Tragic_Week_(Catalonia)\" target=\"_blank\">Tragic Week<\/a>), he moved to Park G\u00fcell, a peaceful area that was only a few kilometres away from the city centre. On his death Palau G\u00fcell was inherited by his children and in 1945 it was sold to the Diputaci\u00f3 of Barcelona, on the condition that it would never be demolished nor altered and would remain <strong>one of the best examples of architectonic heritage that the works of Gaud\u00ed suppose.<\/strong><\/p>\n<p>&nbsp;<\/p>\n<h2>The Palau G\u00fcell fa\u00e7ade<\/h2>\n<p><a href=\"https:\/\/qa-dosde.qamoon.es\/wp-content\/uploads\/2017\/02\/fachada-palau-guell-gaudi-barcelona-dosde-publishing.jpg\"><img loading=\"lazy\" decoding=\"async\" class=\"alignnone wp-image-591 size-full\" src=\"https:\/\/qa-dosde.qamoon.es\/wp-content\/uploads\/2017\/02\/fachada-palau-guell-gaudi-barcelona-dosde-publishing.jpg\" alt=\"The Palau G\u00fcell facade, by Antoni Gaudi\" width=\"900\" height=\"600\" \/><\/a><\/p>\n<p>&nbsp;<\/p>\n<p>G\u00fcell suggested to Gaud\u00ed that the exterior of G\u00fcell Palace\u00a0be a contrast of sobriety and rigour to the multicoloured atmosphere on Nou de la Rambla street, famous for its nightclubs. The architect planned the fa\u00e7ade of Palau G\u00fcell with regular masonry, using white limestone from the quarry that G\u00fcell owned in Garraf. Only the gallery on the main floor breaks the austerity of the arrangement, strictly based on straight lines except for the two catenary arches that outline the entrance and exit doors of the building.<\/p>\n<p>&nbsp;<\/p>\n<p>On the ornamental plane sobriety reigns. The only sculptures to be seen are the lilies that decorate the gallery. The wrought iron work gives a respite from the severity of the fa\u00e7ade with a flag based on smooth plate and metallic mesh, crowned by an eagle with outstretched wings, along with the grilles of the windows and doors, full of organic forms inspired by nature.<\/p>\n<p>&nbsp;<\/p>\n<p><a href=\"https:\/\/www.dosde.com\/en\/books\/antoni-gaudi.html\"><img loading=\"lazy\" decoding=\"async\" class=\"aligncenter wp-image-3643 size-full\" src=\"https:\/\/qa-dosde.qamoon.es\/wp-content\/uploads\/2017\/02\/Boton-descubrir-mas-EN.png\" alt=\"\" width=\"250\" height=\"56\" \/><\/a><\/p>\n<h2>The palace basement<\/h2>\n<p><a href=\"https:\/\/qa-dosde.qamoon.es\/wp-content\/uploads\/2017\/02\/sotano-palau-guell-gaudi-barcelona-dosde-publishing.jpg\"><img loading=\"lazy\" decoding=\"async\" class=\"alignnone wp-image-590 size-full\" src=\"https:\/\/qa-dosde.qamoon.es\/wp-content\/uploads\/2017\/02\/sotano-palau-guell-gaudi-barcelona-dosde-publishing.jpg\" alt=\"The palace basement of Palau Guell, Antoni Gaud\u00ed\" width=\"900\" height=\"600\" \/><\/a><\/p>\n<p>&nbsp;<\/p>\n<p>Completely built in brickwork, except the floor, the basement in Palau G\u00fcell was actually used as stables for the horses, a secondary area which Gaud\u00ed tackled with his usual meticulousness and enthusiasm, designing <strong>a large single space supported by a pillar-forest of circular and square section<\/strong> which could be accessed by two ramps \u2013one for people and one for horses\u2013 and whose amplitude facilitated both the movement of the animals and provided the necessary ventilation and lighting, guaranteed thanks to the open hollows on the floor above and the presence of a patio well in the rear, next to the small coachman&#8217;s room.<\/p>\n<p>&nbsp;<\/p>\n<h2>The ground floor of Palau G\u00fcell<\/h2>\n<p>[metaslider id=1268]<\/p>\n<p>On the ground floor of Palau G\u00fcell\u00a0<strong>a luxurious reception area of monumental character<\/strong> was devised, rather like a large vestibule, around which the traffic was organized as well as the entranceways (for pedestrians and for carriages) and the other rooms on the floor. For a better organization of the area, Gaud\u00ed divided the vestibule into two parts (each one on either side of the staircase that climbs up to the other floors in the residence) in order to organize the coming and going of the carriages as there wasn\u2019t much space for the vehicles to manoeuvre.<\/p>\n<p>&nbsp;<\/p>\n<p>However, practically all the ground floor of the palace was used for service purposes (the warehouse, the coachhouse and the caretaker\u2019s residence) which were distributed by the architect in such a discreet way that they would be hidden away when distinguished guests were invited to Palau G\u00fcell.<\/p>\n<p>&nbsp;<\/p>\n<h2>The main floor<\/h2>\n<p><a href=\"https:\/\/qa-dosde.qamoon.es\/wp-content\/uploads\/2017\/02\/estancia-planta-noble-palau-guell-gaudi-barcelona-dosde-publishing.jpg\"><img loading=\"lazy\" decoding=\"async\" class=\"alignnone wp-image-589 size-full\" src=\"https:\/\/qa-dosde.qamoon.es\/wp-content\/uploads\/2017\/02\/estancia-planta-noble-palau-guell-gaudi-barcelona-dosde-publishing.jpg\" alt=\"The main floor of Palau Guell, Antoni Gaud\u00ed\" width=\"900\" height=\"600\" \/><\/a><\/p>\n<p>&nbsp;<\/p>\n<p>In Roman and Muslim architecture, the different rooms in the palaces and homes of wealthy families were organized around a central courtyard, called the atrium. On the main floor of the urban palace that Gaud\u00ed designed for G\u00fcell, the architect was inspired by this idea and substituted the atrium for a room that was three floors high, used for social functions, concerts and religious ceremonies.<\/p>\n<p>&nbsp;<\/p>\n<p>Around this space, converted into the centre of the palace\u2019s public life, <strong>Gaud\u00ed distributed the rest of the rooms on this floor according to the type of social gathering that they had to host<\/strong>, with the front rooms (those overlooking the main fa\u00e7ade) reserved for visits and the rear ones (overlooking the block courtyard) for private, informal reunions.<\/p>\n<p>&nbsp;<\/p>\n<h2>The second floor<\/h2>\n<p>[metaslider id=1269]<\/p>\n<p>The Catalan architect designed the bedrooms with great rationality, with a spacious bedchamber for the G\u00fcell couple alongside the bright and quiet rear fa\u00e7ade and the rest of the bedrooms attached to the main fa\u00e7ade. The number of rooms was insufficient for the large G\u00fcell family, but Gaud\u00ed knew that not all the family would move into the palace and that the elder children would do so only on a temporary basis, which was why he opted to give priority to the spaciousness of the rooms and to reserve an area for the parlour, where all the family would be able to gather.<\/p>\n<p>&nbsp;<\/p>\n<p>As for the decoration, Antoni Gaud\u00ed held back on too much detail as he wanted the residents to be able to decorate their rooms according to their own taste. This ornamental sobriety is even more apparent in the attic, the floor to be used by the G\u00fcell\u2019s large domestic service.<\/p>\n<p>&nbsp;<\/p>\n<h2>The roof terrace of Palau G\u00fcell<\/h2>\n<p><a href=\"https:\/\/qa-dosde.qamoon.es\/wp-content\/uploads\/2017\/02\/azotea-palau-guell-gaudi-barcelona-dosde-publishing.jpg\"><img loading=\"lazy\" decoding=\"async\" class=\"alignnone wp-image-588 size-full\" src=\"https:\/\/qa-dosde.qamoon.es\/wp-content\/uploads\/2017\/02\/azotea-palau-guell-gaudi-barcelona-dosde-publishing.jpg\" alt=\"The roof terrace of Palau G\u00fcell, by Antoni Gaudi\" width=\"900\" height=\"600\" \/><\/a><\/p>\n<p>&nbsp;<\/p>\n<p>As well as the central room and the basement, <strong>the terrace is one of Palau G\u00fcell\u2019s most evocative spaces<\/strong>. Twenty chimneys built with brickwork and covered with trencad\u00eds ceramic work, glass, marble, porcelain or sandstone, and four skylights in a catenary arch shape go around the narrow lantern dome that rises 15 metres above roof level (with a radiant sun, a bat-weather vane and a Greek cross) in homage to the tangled personality of the roof terraces of Barcelona that would culminate two decades later with the creation of the oneiric terrace of La Pedrera.<\/p>\n<p>&nbsp;<\/p>\n<h2>A luxury book that unveils the Palau G\u00fcell in detail<\/h2>\n<p>Palau G\u00fcell is <strong>one of the great masterpieces designed by Gaud\u00ed in Barcelona<\/strong>. The architect carried out a daring and imaginative proposal with this avant-garde residence devised for aristocratic use.<\/p>\n<p>&nbsp;<\/p>\n<p><a href=\"https:\/\/www.dosde.com\/en\/guell-palace-avant-garde-visual.html\">This book on Palau G\u00fcell<\/a>\u00a0includes <strong>more than 250 photographs and 3D illustrations<\/strong>. It delving into each one of the nooks and crannies that make up G\u00fcell Palace. The reader will be able to discover the greatness of this project. Published by <a href=\"https:\/\/www.dosde.com\/en\/\">Dosde<\/a>, it is the most complete book on this work in Barcelona by Gaud\u00ed.<\/p>\n<p><a href=\"https:\/\/www.dosde.com\/en\/guell-palace-avant-garde-visual.html\"><img decoding=\"async\" class=\"aligncenter size-full wp-image-3742\" src=\"https:\/\/qa-dosde.qamoon.es\/wp-content\/uploads\/2017\/02\/cover-back-guell-palace-book-dosde-publishing_978-84-96783-64-5_20-006-01_B16.jpg\" alt=\"\" \/><\/a><\/p>\n","protected":false},"excerpt":{"rendered":"What is Palau G\u00fcell? &nbsp; Located in the centre of Barcelona, on the street Nou de la Rambla, Palau G\u00fcell (G\u00fcell Palace) is a palace designed by Antoni Gaud\u00ed commissioned by industrialist Eusebi G\u00fcell, the architect&#8217;s main patron. The building, in which Gaud\u00ed masterly combined ornamental variety with maximum functionalism, it was constructed between 1885 &#8230; <a title=\"Palau G\u00fcell\" class=\"read-more\" href=\"https:\/\/pre.dosde.com\/en\/guell-palace\/\" aria-label=\"Read more about Palau G\u00fcell\">Read more<\/a>","protected":false},"author":1,"featured_media":518,"comment_status":"open","ping_status":"open","sticky":false,"template":"","format":"standard","meta":{"_acf_changed":false,"footnotes":""},"categories":[52],"tags":[],"class_list":["post-1919","post","type-post","status-publish","format-standard","has-post-thumbnail","hentry","category-barcelona"],"acf":[],"yoast_head":"<!-- This site is optimized with the Yoast SEO plugin v28.3 - https:\/\/yoast.com\/product\/yoast-seo-wordpress\/ -->\n<title>Palau G\u00fcell - Dosde<\/title>\n<meta name=\"robots\" content=\"noindex, follow, max-snippet:-1, max-image-preview:large, max-video-preview:-1\" \/>\n<meta property=\"og:locale\" content=\"en_US\" \/>\n<meta property=\"og:type\" content=\"article\" \/>\n<meta property=\"og:title\" content=\"Palau G\u00fcell - Dosde\" \/>\n<meta property=\"og:description\" content=\"What is Palau G\u00fcell? &nbsp; Located in the centre of Barcelona, on the street Nou de la Rambla, Palau G\u00fcell (G\u00fcell Palace) is a palace designed by Antoni Gaud\u00ed commissioned by industrialist Eusebi G\u00fcell, the architect&#8217;s main patron. The building, in which Gaud\u00ed masterly combined ornamental variety with maximum functionalism, it was constructed between 1885 ... Read more\" \/>\n<meta property=\"og:url\" content=\"https:\/\/pre.dosde.com\/en\/guell-palace\/\" \/>\n<meta property=\"og:site_name\" content=\"Dosde\" \/>\n<meta property=\"article:published_time\" content=\"2017-02-20T12:00:55+00:00\" \/>\n<meta property=\"article:modified_time\" content=\"2026-08-11T08:06:04+00:00\" \/>\n<meta name=\"author\" content=\"seocom\" \/>\n<meta name=\"twitter:card\" content=\"summary_large_image\" \/>\n<meta name=\"twitter:label1\" content=\"Written by\" \/>\n\t<meta name=\"twitter:data1\" content=\"seocom\" \/>\n\t<meta name=\"twitter:label2\" content=\"Est. reading time\" \/>\n\t<meta name=\"twitter:data2\" content=\"7 minutes\" \/>\n<script type=\"application\/ld+json\" class=\"yoast-schema-graph\">{\"@context\":\"https:\\\/\\\/schema.org\",\"@graph\":[{\"@type\":\"Article\",\"@id\":\"https:\\\/\\\/pre.dosde.com\\\/en\\\/guell-palace\\\/#article\",\"isPartOf\":{\"@id\":\"https:\\\/\\\/pre.dosde.com\\\/en\\\/guell-palace\\\/\"},\"author\":{\"name\":\"seocom\",\"@id\":\"https:\\\/\\\/pre.dosde.com\\\/en\\\/#\\\/schema\\\/person\\\/9d33726ab714fecb297e38b515472088\"},\"headline\":\"Palau G\u00fcell\",\"datePublished\":\"2017-02-20T12:00:55+00:00\",\"dateModified\":\"2026-08-11T08:06:04+00:00\",\"mainEntityOfPage\":{\"@id\":\"https:\\\/\\\/pre.dosde.com\\\/en\\\/guell-palace\\\/\"},\"wordCount\":1361,\"commentCount\":0,\"publisher\":{\"@id\":\"https:\\\/\\\/pre.dosde.com\\\/en\\\/#organization\"},\"image\":{\"@id\":\"https:\\\/\\\/pre.dosde.com\\\/en\\\/guell-palace\\\/#primaryimage\"},\"thumbnailUrl\":\"\",\"articleSection\":[\"Barcelona\"],\"inLanguage\":\"en-US\",\"potentialAction\":[{\"@type\":\"CommentAction\",\"name\":\"Comment\",\"target\":[\"https:\\\/\\\/pre.dosde.com\\\/en\\\/guell-palace\\\/#respond\"]}]},{\"@type\":\"WebPage\",\"@id\":\"https:\\\/\\\/pre.dosde.com\\\/en\\\/guell-palace\\\/\",\"url\":\"https:\\\/\\\/pre.dosde.com\\\/en\\\/guell-palace\\\/\",\"name\":\"Palau G\u00fcell - Dosde\",\"isPartOf\":{\"@id\":\"https:\\\/\\\/pre.dosde.com\\\/en\\\/#website\"},\"primaryImageOfPage\":{\"@id\":\"https:\\\/\\\/pre.dosde.com\\\/en\\\/guell-palace\\\/#primaryimage\"},\"image\":{\"@id\":\"https:\\\/\\\/pre.dosde.com\\\/en\\\/guell-palace\\\/#primaryimage\"},\"thumbnailUrl\":\"\",\"datePublished\":\"2017-02-20T12:00:55+00:00\",\"dateModified\":\"2026-08-11T08:06:04+00:00\",\"breadcrumb\":{\"@id\":\"https:\\\/\\\/pre.dosde.com\\\/en\\\/guell-palace\\\/#breadcrumb\"},\"inLanguage\":\"en-US\",\"potentialAction\":[{\"@type\":\"ReadAction\",\"target\":[\"https:\\\/\\\/pre.dosde.com\\\/en\\\/guell-palace\\\/\"]}]},{\"@type\":\"ImageObject\",\"inLanguage\":\"en-US\",\"@id\":\"https:\\\/\\\/pre.dosde.com\\\/en\\\/guell-palace\\\/#primaryimage\",\"url\":\"\",\"contentUrl\":\"\"},{\"@type\":\"BreadcrumbList\",\"@id\":\"https:\\\/\\\/pre.dosde.com\\\/en\\\/guell-palace\\\/#breadcrumb\",\"itemListElement\":[{\"@type\":\"ListItem\",\"position\":1,\"name\":\"Home\",\"item\":\"https:\\\/\\\/pre.dosde.com\\\/en\\\/\"},{\"@type\":\"ListItem\",\"position\":2,\"name\":\"Palau G\u00fcell\"}]},{\"@type\":\"WebSite\",\"@id\":\"https:\\\/\\\/pre.dosde.com\\\/en\\\/#website\",\"url\":\"https:\\\/\\\/pre.dosde.com\\\/en\\\/\",\"name\":\"Dosde\",\"description\":\"\",\"publisher\":{\"@id\":\"https:\\\/\\\/pre.dosde.com\\\/en\\\/#organization\"},\"potentialAction\":[{\"@type\":\"SearchAction\",\"target\":{\"@type\":\"EntryPoint\",\"urlTemplate\":\"https:\\\/\\\/pre.dosde.com\\\/en\\\/?s={search_term_string}\"},\"query-input\":{\"@type\":\"PropertyValueSpecification\",\"valueRequired\":true,\"valueName\":\"search_term_string\"}}],\"inLanguage\":\"en-US\"},{\"@type\":\"Organization\",\"@id\":\"https:\\\/\\\/pre.dosde.com\\\/en\\\/#organization\",\"name\":\"Dosde\",\"url\":\"https:\\\/\\\/pre.dosde.com\\\/en\\\/\",\"logo\":{\"@type\":\"ImageObject\",\"inLanguage\":\"en-US\",\"@id\":\"https:\\\/\\\/pre.dosde.com\\\/en\\\/#\\\/schema\\\/logo\\\/image\\\/\",\"url\":\"https:\\\/\\\/pre.dosde.com\\\/wp-content\\\/uploads\\\/2026\\\/06\\\/Logo.webp\",\"contentUrl\":\"https:\\\/\\\/pre.dosde.com\\\/wp-content\\\/uploads\\\/2026\\\/06\\\/Logo.webp\",\"width\":248,\"height\":80,\"caption\":\"Dosde\"},\"image\":{\"@id\":\"https:\\\/\\\/pre.dosde.com\\\/en\\\/#\\\/schema\\\/logo\\\/image\\\/\"}},{\"@type\":\"Person\",\"@id\":\"https:\\\/\\\/pre.dosde.com\\\/en\\\/#\\\/schema\\\/person\\\/9d33726ab714fecb297e38b515472088\",\"name\":\"seocom\",\"image\":{\"@type\":\"ImageObject\",\"inLanguage\":\"en-US\",\"@id\":\"https:\\\/\\\/secure.gravatar.com\\\/avatar\\\/741433ce07ba5c431e994c0ec0272d414a5d1a9dafeb02666111e6f2eb1c0ed2?s=96&d=mm&r=g\",\"url\":\"https:\\\/\\\/secure.gravatar.com\\\/avatar\\\/741433ce07ba5c431e994c0ec0272d414a5d1a9dafeb02666111e6f2eb1c0ed2?s=96&d=mm&r=g\",\"contentUrl\":\"https:\\\/\\\/secure.gravatar.com\\\/avatar\\\/741433ce07ba5c431e994c0ec0272d414a5d1a9dafeb02666111e6f2eb1c0ed2?s=96&d=mm&r=g\",\"caption\":\"seocom\"},\"sameAs\":[\"http:\\\/\\\/qa-dosde.qamoon.es\"],\"url\":\"https:\\\/\\\/pre.dosde.com\\\/en\\\/author\\\/seocom\\\/\"}]}<\/script>\n<!-- \/ Yoast SEO plugin. -->","yoast_head_json":{"title":"Palau G\u00fcell - Dosde","robots":{"index":"noindex","follow":"follow","max-snippet":"max-snippet:-1","max-image-preview":"max-image-preview:large","max-video-preview":"max-video-preview:-1"},"og_locale":"en_US","og_type":"article","og_title":"Palau G\u00fcell - Dosde","og_description":"What is Palau G\u00fcell? &nbsp; Located in the centre of Barcelona, on the street Nou de la Rambla, Palau G\u00fcell (G\u00fcell Palace) is a palace designed by Antoni Gaud\u00ed commissioned by industrialist Eusebi G\u00fcell, the architect&#8217;s main patron. The building, in which Gaud\u00ed masterly combined ornamental variety with maximum functionalism, it was constructed between 1885 ... Read more","og_url":"https:\/\/pre.dosde.com\/en\/guell-palace\/","og_site_name":"Dosde","article_published_time":"2017-02-20T12:00:55+00:00","article_modified_time":"2026-08-11T08:06:04+00:00","author":"seocom","twitter_card":"summary_large_image","twitter_misc":{"Written by":"seocom","Est. reading time":"7 minutes"},"schema":{"@context":"https:\/\/schema.org","@graph":[{"@type":"Article","@id":"https:\/\/pre.dosde.com\/en\/guell-palace\/#article","isPartOf":{"@id":"https:\/\/pre.dosde.com\/en\/guell-palace\/"},"author":{"name":"seocom","@id":"https:\/\/pre.dosde.com\/en\/#\/schema\/person\/9d33726ab714fecb297e38b515472088"},"headline":"Palau G\u00fcell","datePublished":"2017-02-20T12:00:55+00:00","dateModified":"2026-08-11T08:06:04+00:00","mainEntityOfPage":{"@id":"https:\/\/pre.dosde.com\/en\/guell-palace\/"},"wordCount":1361,"commentCount":0,"publisher":{"@id":"https:\/\/pre.dosde.com\/en\/#organization"},"image":{"@id":"https:\/\/pre.dosde.com\/en\/guell-palace\/#primaryimage"},"thumbnailUrl":"","articleSection":["Barcelona"],"inLanguage":"en-US","potentialAction":[{"@type":"CommentAction","name":"Comment","target":["https:\/\/pre.dosde.com\/en\/guell-palace\/#respond"]}]},{"@type":"WebPage","@id":"https:\/\/pre.dosde.com\/en\/guell-palace\/","url":"https:\/\/pre.dosde.com\/en\/guell-palace\/","name":"Palau G\u00fcell - Dosde","isPartOf":{"@id":"https:\/\/pre.dosde.com\/en\/#website"},"primaryImageOfPage":{"@id":"https:\/\/pre.dosde.com\/en\/guell-palace\/#primaryimage"},"image":{"@id":"https:\/\/pre.dosde.com\/en\/guell-palace\/#primaryimage"},"thumbnailUrl":"","datePublished":"2017-02-20T12:00:55+00:00","dateModified":"2026-08-11T08:06:04+00:00","breadcrumb":{"@id":"https:\/\/pre.dosde.com\/en\/guell-palace\/#breadcrumb"},"inLanguage":"en-US","potentialAction":[{"@type":"ReadAction","target":["https:\/\/pre.dosde.com\/en\/guell-palace\/"]}]},{"@type":"ImageObject","inLanguage":"en-US","@id":"https:\/\/pre.dosde.com\/en\/guell-palace\/#primaryimage","url":"","contentUrl":""},{"@type":"BreadcrumbList","@id":"https:\/\/pre.dosde.com\/en\/guell-palace\/#breadcrumb","itemListElement":[{"@type":"ListItem","position":1,"name":"Home","item":"https:\/\/pre.dosde.com\/en\/"},{"@type":"ListItem","position":2,"name":"Palau G\u00fcell"}]},{"@type":"WebSite","@id":"https:\/\/pre.dosde.com\/en\/#website","url":"https:\/\/pre.dosde.com\/en\/","name":"Dosde","description":"","publisher":{"@id":"https:\/\/pre.dosde.com\/en\/#organization"},"potentialAction":[{"@type":"SearchAction","target":{"@type":"EntryPoint","urlTemplate":"https:\/\/pre.dosde.com\/en\/?s={search_term_string}"},"query-input":{"@type":"PropertyValueSpecification","valueRequired":true,"valueName":"search_term_string"}}],"inLanguage":"en-US"},{"@type":"Organization","@id":"https:\/\/pre.dosde.com\/en\/#organization","name":"Dosde","url":"https:\/\/pre.dosde.com\/en\/","logo":{"@type":"ImageObject","inLanguage":"en-US","@id":"https:\/\/pre.dosde.com\/en\/#\/schema\/logo\/image\/","url":"https:\/\/pre.dosde.com\/wp-content\/uploads\/2026\/06\/Logo.webp","contentUrl":"https:\/\/pre.dosde.com\/wp-content\/uploads\/2026\/06\/Logo.webp","width":248,"height":80,"caption":"Dosde"},"image":{"@id":"https:\/\/pre.dosde.com\/en\/#\/schema\/logo\/image\/"}},{"@type":"Person","@id":"https:\/\/pre.dosde.com\/en\/#\/schema\/person\/9d33726ab714fecb297e38b515472088","name":"seocom","image":{"@type":"ImageObject","inLanguage":"en-US","@id":"https:\/\/secure.gravatar.com\/avatar\/741433ce07ba5c431e994c0ec0272d414a5d1a9dafeb02666111e6f2eb1c0ed2?s=96&d=mm&r=g","url":"https:\/\/secure.gravatar.com\/avatar\/741433ce07ba5c431e994c0ec0272d414a5d1a9dafeb02666111e6f2eb1c0ed2?s=96&d=mm&r=g","contentUrl":"https:\/\/secure.gravatar.com\/avatar\/741433ce07ba5c431e994c0ec0272d414a5d1a9dafeb02666111e6f2eb1c0ed2?s=96&d=mm&r=g","caption":"seocom"},"sameAs":["http:\/\/qa-dosde.qamoon.es"],"url":"https:\/\/pre.dosde.com\/en\/author\/seocom\/"}]}},"_links":{"self":[{"href":"https:\/\/pre.dosde.com\/en\/wp-json\/wp\/v2\/posts\/1919","targetHints":{"allow":["GET"]}}],"collection":[{"href":"https:\/\/pre.dosde.com\/en\/wp-json\/wp\/v2\/posts"}],"about":[{"href":"https:\/\/pre.dosde.com\/en\/wp-json\/wp\/v2\/types\/post"}],"author":[{"embeddable":true,"href":"https:\/\/pre.dosde.com\/en\/wp-json\/wp\/v2\/users\/1"}],"replies":[{"embeddable":true,"href":"https:\/\/pre.dosde.com\/en\/wp-json\/wp\/v2\/comments?post=1919"}],"version-history":[{"count":1,"href":"https:\/\/pre.dosde.com\/en\/wp-json\/wp\/v2\/posts\/1919\/revisions"}],"predecessor-version":[{"id":3697,"href":"https:\/\/pre.dosde.com\/en\/wp-json\/wp\/v2\/posts\/1919\/revisions\/3697"}],"wp:attachment":[{"href":"https:\/\/pre.dosde.com\/en\/wp-json\/wp\/v2\/media?parent=1919"}],"wp:term":[{"taxonomy":"category","embeddable":true,"href":"https:\/\/pre.dosde.com\/en\/wp-json\/wp\/v2\/categories?post=1919"},{"taxonomy":"post_tag","embeddable":true,"href":"https:\/\/pre.dosde.com\/en\/wp-json\/wp\/v2\/tags?post=1919"}],"curies":[{"name":"wp","href":"https:\/\/api.w.org\/{rel}","templated":true}]}}