{"id":332,"date":"2017-02-20T11:14:09","date_gmt":"2017-02-20T11:14:09","guid":{"rendered":"https:\/\/www.dosde.com\/blog\/?p=332\/"},"modified":"2026-08-11T08:06:05","modified_gmt":"2026-08-11T08:06:05","slug":"the-gran-teatre-del-liceu","status":"publish","type":"post","link":"https:\/\/pre.dosde.com\/en\/the-gran-teatre-del-liceu\/","title":{"rendered":"The Gran Teatre del Liceu"},"content":{"rendered":"<h2><strong>What is the Gran Teatre del Liceu of Barcelona?<\/strong><\/h2>\n<p>Inaugurated in 1847 in la Rambla, in the heart of Barcelona, <strong>the Gran Teatre del Liceu is considered one of the most important centres of opera in the world<\/strong>. Despite having been subjected to two serious fires, the building still has its original fa\u00e7ade, work of architect Josep Oriol Mestres, while its interior is the result of detailed restoration and reconstruction work. Its concert hall has played host to performances by some of the world&#8217;s major references in opera, ballet and symphonic music.<\/p>\n<p>&nbsp;<\/p>\n<p>At present, the Liceu of Barcelona continues to put on an extensive programme every year, which includes the great classics of opera as well as new, emerging projects.<\/p>\n<p>&nbsp;<\/p>\n<h2><strong>The history of the Liceu theatre<\/strong><\/h2>\n<p>The origins of the theatre go back to the year 1837, when a group of officials from the National Militia (a military entity made up of civilians of liberal ideology) decided to create an association that aimed to promote singing and music by means of classes and concerts. Known as the Liceo Filo-dram\u00e1tico Barcelon\u00e9s, the association had its base in the old convent of Montsi\u00f3, formerly occupied by Dominican nuns, but in a short time the need arose to build a more spacious and modern place.<\/p>\n<p>&nbsp;<\/p>\n<p>To carry out the project, those responsible for the Liceo were backed by prominent bourgeois figures, who wanted to provide Barcelona with an auditorium that would compete with those in major European capitals.<\/p>\n<p>&nbsp;<\/p>\n<p>Construction work on the new facilities commenced in 1845, on the site of an old convent on the Rambla. Directed by Manuel Garriga i Roca and Josep Oriol Mestres, building work ended in 1847 when the Gran Teatre del Liceu raised its curtain for the first time.The success of the auditorium was unfortunately interrupted in 1861, when <strong>a fire broke out in the tailors&#8217; workshop and damaged the concert hall and the stage<\/strong>, which were reconstructed by the very own Oriol Mestres.<\/p>\n<p>&nbsp;<\/p>\n<p>In 1994, the Liceo de Barcelona was once again reduced to ashes, but the public administrations agreed to rebuild the theatre completely, which by then had converted into a symbol of Barcelonan society.<\/p>\n<p>&nbsp;<\/p>\n<p><a href=\"https:\/\/www.dosde.com\/en\/books\/modernisme.html\"><img decoding=\"async\" class=\"aligncenter size-full wp-image-3643\" src=\"https:\/\/qa-dosde.qamoon.es\/wp-content\/uploads\/2017\/02\/Boton-descubrir-mas-EN.png\" alt=\"\" \/><\/a><\/p>\n<h2><strong>The concert hall of Barcelona&#8217;s Liceo<\/strong><\/h2>\n<p><a href=\"https:\/\/qa-dosde.qamoon.es\/wp-content\/uploads\/2017\/02\/sala-principal-teatro-liceo-barcelona-liceu-dosde-publishing.jpg\"><img loading=\"lazy\" decoding=\"async\" class=\"alignnone wp-image-967 size-full\" src=\"https:\/\/qa-dosde.qamoon.es\/wp-content\/uploads\/2017\/02\/sala-principal-teatro-liceo-barcelona-liceu-dosde-publishing.jpg\" alt=\"The concert hall of the Gran Teatre del Liceu de Barcelona\" width=\"900\" height=\"600\" \/><\/a><\/p>\n<p>&nbsp;<\/p>\n<p><strong>Inspired by La Scala in Milan<\/strong>, the <em>sala<\/em> that hosts all the concerts in the Liceo is based on a horse-shoe-shape ground plan, with stalls and five levels. This structure provides grandeur and loftiness to the space, which over the years has also incorporated the latest technology to enhance all kinds of productions.<\/p>\n<p>&nbsp;<\/p>\n<p><strong>Its excellent installations allow for rapid changes of the set<\/strong>, a fact that facilitates the organisation of more ambitious productions and which, at the same time, contributes to the large, diverse variety of performances. The theatre also stands out for the number of spectators it can hold, 2,292 people, one of the largest capacities in Europe.<\/p>\n<p>&nbsp;<\/p>\n<h2><strong>The Cercle del Liceu of Barcelona<\/strong><\/h2>\n<p><a href=\"https:\/\/qa-dosde.qamoon.es\/wp-content\/uploads\/2017\/02\/circulo-liceo-barcelona-liceu-dosde-publishing.jpg\"><img loading=\"lazy\" decoding=\"async\" class=\"alignnone wp-image-1042 size-full\" src=\"https:\/\/qa-dosde.qamoon.es\/wp-content\/uploads\/2017\/02\/circulo-liceo-barcelona-liceu-dosde-publishing.jpg\" alt=\"Interior of the Gran Teatre del Liceu de Barcelona\" width=\"900\" height=\"600\" \/><\/a><\/p>\n<p>&nbsp;<\/p>\n<p>Founded in 1847 by members of the gentry, this English style club occupied various rooms next to the Gran Teatre del Liceu. The areas that were to be used to host the entity\u2019s activities were enlarged and renovated at the start of the twentieth century, coinciding with Modernisme\u2019s period of splendour.<\/p>\n<p>&nbsp;<\/p>\n<p>Carried out by artisans and prestigious decorators, <strong>this remodelling allowed the incorporation of numerous details in tune with new aesthetic tastes<\/strong>, such as the fireplace, the carpentry work and the mosaics that decorate La Pecera, a room overlooking the street that was refurbished by Catalan decorator and illustrator Josep Pasc\u00f3 i Mensa.<\/p>\n<p>&nbsp;<\/p>\n<h2>An exquisite book to enjoy Modernisme<\/h2>\n<p>Modernisme was an artistic movement of great beauty that reached its peak in Barcelona around the late 19th century and the early 20th century. Modernisme gave great value to craftsmanship and\u00a0took its inspiration from the great book of nature.<\/p>\n<p>&nbsp;<\/p>\n<p>This <a href=\"https:\/\/www.dosde.com\/en\/modernisme-artistic-movement-photo.html\">photographic book<\/a> includes more than <strong>300 pictures that portray Modernisme<\/strong> from sculpture and painting to jewellery and decoration. Published by <a href=\"https:\/\/www.dosde.com\/en\/\">Dosde<\/a>, the book\u00a0includes numerous photographs and 3D illustrations carried out exclusively for this book, with which the reader will be able to get to know the most representative works of this artistic movement.<\/p>\n<p><a href=\"https:\/\/www.dosde.com\/en\/modernisme-artistic-movement-photo.html\"><img loading=\"lazy\" decoding=\"async\" class=\"alignnone wp-image-1830 size-full\" src=\"https:\/\/qa-dosde.qamoon.es\/wp-content\/uploads\/2017\/02\/cover-modernisme-barcelona-art-book-english-dosde-publishing_978-84-9103-092-8_35-017-01_B09.jpg\" alt=\"Book on modernisme, art and architecture Dosde Publishing\" width=\"700\" height=\"321\" \/><\/a><\/p>\n","protected":false},"excerpt":{"rendered":"What is the Gran Teatre del Liceu of Barcelona? Inaugurated in 1847 in la Rambla, in the heart of Barcelona, the Gran Teatre del Liceu is considered one of the most important centres of opera in the world. Despite having been subjected to two serious fires, the building still has its original fa\u00e7ade, work of &#8230; <a title=\"The Gran Teatre del Liceu\" class=\"read-more\" href=\"https:\/\/pre.dosde.com\/en\/the-gran-teatre-del-liceu\/\" aria-label=\"Read more about The Gran Teatre del Liceu\">Read more<\/a>","protected":false},"author":1,"featured_media":914,"comment_status":"open","ping_status":"open","sticky":false,"template":"","format":"standard","meta":{"_acf_changed":false,"footnotes":""},"categories":[52],"tags":[],"class_list":["post-332","post","type-post","status-publish","format-standard","has-post-thumbnail","hentry","category-barcelona"],"acf":[],"yoast_head":"<!-- This site is optimized with the Yoast SEO plugin v28.3 - https:\/\/yoast.com\/product\/yoast-seo-wordpress\/ -->\n<title>The Gran Teatre del Liceu - Dosde<\/title>\n<meta name=\"robots\" content=\"noindex, follow, max-snippet:-1, max-image-preview:large, max-video-preview:-1\" \/>\n<meta property=\"og:locale\" content=\"en_US\" \/>\n<meta property=\"og:type\" content=\"article\" \/>\n<meta property=\"og:title\" content=\"The Gran Teatre del Liceu - Dosde\" \/>\n<meta property=\"og:description\" content=\"What is the Gran Teatre del Liceu of Barcelona? Inaugurated in 1847 in la Rambla, in the heart of Barcelona, the Gran Teatre del Liceu is considered one of the most important centres of opera in the world. Despite having been subjected to two serious fires, the building still has its original fa\u00e7ade, work of ... Read more\" \/>\n<meta property=\"og:url\" content=\"https:\/\/pre.dosde.com\/en\/the-gran-teatre-del-liceu\/\" \/>\n<meta property=\"og:site_name\" content=\"Dosde\" \/>\n<meta property=\"article:published_time\" content=\"2017-02-20T11:14:09+00:00\" \/>\n<meta property=\"article:modified_time\" content=\"2026-08-11T08:06:05+00:00\" \/>\n<meta name=\"author\" content=\"seocom\" \/>\n<meta name=\"twitter:card\" content=\"summary_large_image\" \/>\n<meta name=\"twitter:label1\" content=\"Written by\" \/>\n\t<meta name=\"twitter:data1\" content=\"seocom\" \/>\n\t<meta name=\"twitter:label2\" content=\"Est. reading time\" \/>\n\t<meta name=\"twitter:data2\" content=\"3 minutes\" \/>\n<script type=\"application\/ld+json\" class=\"yoast-schema-graph\">{\"@context\":\"https:\\\/\\\/schema.org\",\"@graph\":[{\"@type\":\"Article\",\"@id\":\"https:\\\/\\\/pre.dosde.com\\\/en\\\/the-gran-teatre-del-liceu\\\/#article\",\"isPartOf\":{\"@id\":\"https:\\\/\\\/pre.dosde.com\\\/en\\\/the-gran-teatre-del-liceu\\\/\"},\"author\":{\"name\":\"seocom\",\"@id\":\"https:\\\/\\\/pre.dosde.com\\\/en\\\/#\\\/schema\\\/person\\\/9d33726ab714fecb297e38b515472088\"},\"headline\":\"The Gran Teatre del Liceu\",\"datePublished\":\"2017-02-20T11:14:09+00:00\",\"dateModified\":\"2026-08-11T08:06:05+00:00\",\"mainEntityOfPage\":{\"@id\":\"https:\\\/\\\/pre.dosde.com\\\/en\\\/the-gran-teatre-del-liceu\\\/\"},\"wordCount\":702,\"commentCount\":0,\"publisher\":{\"@id\":\"https:\\\/\\\/pre.dosde.com\\\/en\\\/#organization\"},\"image\":{\"@id\":\"https:\\\/\\\/pre.dosde.com\\\/en\\\/the-gran-teatre-del-liceu\\\/#primaryimage\"},\"thumbnailUrl\":\"\",\"articleSection\":[\"Barcelona\"],\"inLanguage\":\"en-US\",\"potentialAction\":[{\"@type\":\"CommentAction\",\"name\":\"Comment\",\"target\":[\"https:\\\/\\\/pre.dosde.com\\\/en\\\/the-gran-teatre-del-liceu\\\/#respond\"]}]},{\"@type\":\"WebPage\",\"@id\":\"https:\\\/\\\/pre.dosde.com\\\/en\\\/the-gran-teatre-del-liceu\\\/\",\"url\":\"https:\\\/\\\/pre.dosde.com\\\/en\\\/the-gran-teatre-del-liceu\\\/\",\"name\":\"The Gran Teatre del Liceu - Dosde\",\"isPartOf\":{\"@id\":\"https:\\\/\\\/pre.dosde.com\\\/en\\\/#website\"},\"primaryImageOfPage\":{\"@id\":\"https:\\\/\\\/pre.dosde.com\\\/en\\\/the-gran-teatre-del-liceu\\\/#primaryimage\"},\"image\":{\"@id\":\"https:\\\/\\\/pre.dosde.com\\\/en\\\/the-gran-teatre-del-liceu\\\/#primaryimage\"},\"thumbnailUrl\":\"\",\"datePublished\":\"2017-02-20T11:14:09+00:00\",\"dateModified\":\"2026-08-11T08:06:05+00:00\",\"breadcrumb\":{\"@id\":\"https:\\\/\\\/pre.dosde.com\\\/en\\\/the-gran-teatre-del-liceu\\\/#breadcrumb\"},\"inLanguage\":\"en-US\",\"potentialAction\":[{\"@type\":\"ReadAction\",\"target\":[\"https:\\\/\\\/pre.dosde.com\\\/en\\\/the-gran-teatre-del-liceu\\\/\"]}]},{\"@type\":\"ImageObject\",\"inLanguage\":\"en-US\",\"@id\":\"https:\\\/\\\/pre.dosde.com\\\/en\\\/the-gran-teatre-del-liceu\\\/#primaryimage\",\"url\":\"\",\"contentUrl\":\"\"},{\"@type\":\"BreadcrumbList\",\"@id\":\"https:\\\/\\\/pre.dosde.com\\\/en\\\/the-gran-teatre-del-liceu\\\/#breadcrumb\",\"itemListElement\":[{\"@type\":\"ListItem\",\"position\":1,\"name\":\"Home\",\"item\":\"https:\\\/\\\/pre.dosde.com\\\/en\\\/\"},{\"@type\":\"ListItem\",\"position\":2,\"name\":\"The Gran Teatre del Liceu\"}]},{\"@type\":\"WebSite\",\"@id\":\"https:\\\/\\\/pre.dosde.com\\\/en\\\/#website\",\"url\":\"https:\\\/\\\/pre.dosde.com\\\/en\\\/\",\"name\":\"Dosde\",\"description\":\"\",\"publisher\":{\"@id\":\"https:\\\/\\\/pre.dosde.com\\\/en\\\/#organization\"},\"potentialAction\":[{\"@type\":\"SearchAction\",\"target\":{\"@type\":\"EntryPoint\",\"urlTemplate\":\"https:\\\/\\\/pre.dosde.com\\\/en\\\/?s={search_term_string}\"},\"query-input\":{\"@type\":\"PropertyValueSpecification\",\"valueRequired\":true,\"valueName\":\"search_term_string\"}}],\"inLanguage\":\"en-US\"},{\"@type\":\"Organization\",\"@id\":\"https:\\\/\\\/pre.dosde.com\\\/en\\\/#organization\",\"name\":\"Dosde\",\"url\":\"https:\\\/\\\/pre.dosde.com\\\/en\\\/\",\"logo\":{\"@type\":\"ImageObject\",\"inLanguage\":\"en-US\",\"@id\":\"https:\\\/\\\/pre.dosde.com\\\/en\\\/#\\\/schema\\\/logo\\\/image\\\/\",\"url\":\"https:\\\/\\\/pre.dosde.com\\\/wp-content\\\/uploads\\\/2026\\\/06\\\/Logo.webp\",\"contentUrl\":\"https:\\\/\\\/pre.dosde.com\\\/wp-content\\\/uploads\\\/2026\\\/06\\\/Logo.webp\",\"width\":248,\"height\":80,\"caption\":\"Dosde\"},\"image\":{\"@id\":\"https:\\\/\\\/pre.dosde.com\\\/en\\\/#\\\/schema\\\/logo\\\/image\\\/\"}},{\"@type\":\"Person\",\"@id\":\"https:\\\/\\\/pre.dosde.com\\\/en\\\/#\\\/schema\\\/person\\\/9d33726ab714fecb297e38b515472088\",\"name\":\"seocom\",\"image\":{\"@type\":\"ImageObject\",\"inLanguage\":\"en-US\",\"@id\":\"https:\\\/\\\/secure.gravatar.com\\\/avatar\\\/741433ce07ba5c431e994c0ec0272d414a5d1a9dafeb02666111e6f2eb1c0ed2?s=96&d=mm&r=g\",\"url\":\"https:\\\/\\\/secure.gravatar.com\\\/avatar\\\/741433ce07ba5c431e994c0ec0272d414a5d1a9dafeb02666111e6f2eb1c0ed2?s=96&d=mm&r=g\",\"contentUrl\":\"https:\\\/\\\/secure.gravatar.com\\\/avatar\\\/741433ce07ba5c431e994c0ec0272d414a5d1a9dafeb02666111e6f2eb1c0ed2?s=96&d=mm&r=g\",\"caption\":\"seocom\"},\"sameAs\":[\"http:\\\/\\\/qa-dosde.qamoon.es\"],\"url\":\"https:\\\/\\\/pre.dosde.com\\\/en\\\/author\\\/seocom\\\/\"}]}<\/script>\n<!-- \/ Yoast SEO plugin. -->","yoast_head_json":{"title":"The Gran Teatre del Liceu - Dosde","robots":{"index":"noindex","follow":"follow","max-snippet":"max-snippet:-1","max-image-preview":"max-image-preview:large","max-video-preview":"max-video-preview:-1"},"og_locale":"en_US","og_type":"article","og_title":"The Gran Teatre del Liceu - Dosde","og_description":"What is the Gran Teatre del Liceu of Barcelona? Inaugurated in 1847 in la Rambla, in the heart of Barcelona, the Gran Teatre del Liceu is considered one of the most important centres of opera in the world. Despite having been subjected to two serious fires, the building still has its original fa\u00e7ade, work of ... Read more","og_url":"https:\/\/pre.dosde.com\/en\/the-gran-teatre-del-liceu\/","og_site_name":"Dosde","article_published_time":"2017-02-20T11:14:09+00:00","article_modified_time":"2026-08-11T08:06:05+00:00","author":"seocom","twitter_card":"summary_large_image","twitter_misc":{"Written by":"seocom","Est. reading time":"3 minutes"},"schema":{"@context":"https:\/\/schema.org","@graph":[{"@type":"Article","@id":"https:\/\/pre.dosde.com\/en\/the-gran-teatre-del-liceu\/#article","isPartOf":{"@id":"https:\/\/pre.dosde.com\/en\/the-gran-teatre-del-liceu\/"},"author":{"name":"seocom","@id":"https:\/\/pre.dosde.com\/en\/#\/schema\/person\/9d33726ab714fecb297e38b515472088"},"headline":"The Gran Teatre del Liceu","datePublished":"2017-02-20T11:14:09+00:00","dateModified":"2026-08-11T08:06:05+00:00","mainEntityOfPage":{"@id":"https:\/\/pre.dosde.com\/en\/the-gran-teatre-del-liceu\/"},"wordCount":702,"commentCount":0,"publisher":{"@id":"https:\/\/pre.dosde.com\/en\/#organization"},"image":{"@id":"https:\/\/pre.dosde.com\/en\/the-gran-teatre-del-liceu\/#primaryimage"},"thumbnailUrl":"","articleSection":["Barcelona"],"inLanguage":"en-US","potentialAction":[{"@type":"CommentAction","name":"Comment","target":["https:\/\/pre.dosde.com\/en\/the-gran-teatre-del-liceu\/#respond"]}]},{"@type":"WebPage","@id":"https:\/\/pre.dosde.com\/en\/the-gran-teatre-del-liceu\/","url":"https:\/\/pre.dosde.com\/en\/the-gran-teatre-del-liceu\/","name":"The Gran Teatre del Liceu - Dosde","isPartOf":{"@id":"https:\/\/pre.dosde.com\/en\/#website"},"primaryImageOfPage":{"@id":"https:\/\/pre.dosde.com\/en\/the-gran-teatre-del-liceu\/#primaryimage"},"image":{"@id":"https:\/\/pre.dosde.com\/en\/the-gran-teatre-del-liceu\/#primaryimage"},"thumbnailUrl":"","datePublished":"2017-02-20T11:14:09+00:00","dateModified":"2026-08-11T08:06:05+00:00","breadcrumb":{"@id":"https:\/\/pre.dosde.com\/en\/the-gran-teatre-del-liceu\/#breadcrumb"},"inLanguage":"en-US","potentialAction":[{"@type":"ReadAction","target":["https:\/\/pre.dosde.com\/en\/the-gran-teatre-del-liceu\/"]}]},{"@type":"ImageObject","inLanguage":"en-US","@id":"https:\/\/pre.dosde.com\/en\/the-gran-teatre-del-liceu\/#primaryimage","url":"","contentUrl":""},{"@type":"BreadcrumbList","@id":"https:\/\/pre.dosde.com\/en\/the-gran-teatre-del-liceu\/#breadcrumb","itemListElement":[{"@type":"ListItem","position":1,"name":"Home","item":"https:\/\/pre.dosde.com\/en\/"},{"@type":"ListItem","position":2,"name":"The Gran Teatre del Liceu"}]},{"@type":"WebSite","@id":"https:\/\/pre.dosde.com\/en\/#website","url":"https:\/\/pre.dosde.com\/en\/","name":"Dosde","description":"","publisher":{"@id":"https:\/\/pre.dosde.com\/en\/#organization"},"potentialAction":[{"@type":"SearchAction","target":{"@type":"EntryPoint","urlTemplate":"https:\/\/pre.dosde.com\/en\/?s={search_term_string}"},"query-input":{"@type":"PropertyValueSpecification","valueRequired":true,"valueName":"search_term_string"}}],"inLanguage":"en-US"},{"@type":"Organization","@id":"https:\/\/pre.dosde.com\/en\/#organization","name":"Dosde","url":"https:\/\/pre.dosde.com\/en\/","logo":{"@type":"ImageObject","inLanguage":"en-US","@id":"https:\/\/pre.dosde.com\/en\/#\/schema\/logo\/image\/","url":"https:\/\/pre.dosde.com\/wp-content\/uploads\/2026\/06\/Logo.webp","contentUrl":"https:\/\/pre.dosde.com\/wp-content\/uploads\/2026\/06\/Logo.webp","width":248,"height":80,"caption":"Dosde"},"image":{"@id":"https:\/\/pre.dosde.com\/en\/#\/schema\/logo\/image\/"}},{"@type":"Person","@id":"https:\/\/pre.dosde.com\/en\/#\/schema\/person\/9d33726ab714fecb297e38b515472088","name":"seocom","image":{"@type":"ImageObject","inLanguage":"en-US","@id":"https:\/\/secure.gravatar.com\/avatar\/741433ce07ba5c431e994c0ec0272d414a5d1a9dafeb02666111e6f2eb1c0ed2?s=96&d=mm&r=g","url":"https:\/\/secure.gravatar.com\/avatar\/741433ce07ba5c431e994c0ec0272d414a5d1a9dafeb02666111e6f2eb1c0ed2?s=96&d=mm&r=g","contentUrl":"https:\/\/secure.gravatar.com\/avatar\/741433ce07ba5c431e994c0ec0272d414a5d1a9dafeb02666111e6f2eb1c0ed2?s=96&d=mm&r=g","caption":"seocom"},"sameAs":["http:\/\/qa-dosde.qamoon.es"],"url":"https:\/\/pre.dosde.com\/en\/author\/seocom\/"}]}},"_links":{"self":[{"href":"https:\/\/pre.dosde.com\/en\/wp-json\/wp\/v2\/posts\/332","targetHints":{"allow":["GET"]}}],"collection":[{"href":"https:\/\/pre.dosde.com\/en\/wp-json\/wp\/v2\/posts"}],"about":[{"href":"https:\/\/pre.dosde.com\/en\/wp-json\/wp\/v2\/types\/post"}],"author":[{"embeddable":true,"href":"https:\/\/pre.dosde.com\/en\/wp-json\/wp\/v2\/users\/1"}],"replies":[{"embeddable":true,"href":"https:\/\/pre.dosde.com\/en\/wp-json\/wp\/v2\/comments?post=332"}],"version-history":[{"count":1,"href":"https:\/\/pre.dosde.com\/en\/wp-json\/wp\/v2\/posts\/332\/revisions"}],"predecessor-version":[{"id":3699,"href":"https:\/\/pre.dosde.com\/en\/wp-json\/wp\/v2\/posts\/332\/revisions\/3699"}],"wp:attachment":[{"href":"https:\/\/pre.dosde.com\/en\/wp-json\/wp\/v2\/media?parent=332"}],"wp:term":[{"taxonomy":"category","embeddable":true,"href":"https:\/\/pre.dosde.com\/en\/wp-json\/wp\/v2\/categories?post=332"},{"taxonomy":"post_tag","embeddable":true,"href":"https:\/\/pre.dosde.com\/en\/wp-json\/wp\/v2\/tags?post=332"}],"curies":[{"name":"wp","href":"https:\/\/api.w.org\/{rel}","templated":true}]}}