{"id":158,"date":"2017-02-17T11:01:19","date_gmt":"2017-02-17T11:01:19","guid":{"rendered":"https:\/\/www.dosde.com\/blog\/?p=158\/"},"modified":"2026-08-11T08:03:56","modified_gmt":"2026-08-11T08:03:56","slug":"antoni-gaudi-biographie","status":"publish","type":"post","link":"https:\/\/pre.dosde.com\/fr\/antoni-gaudi-biographie\/","title":{"rendered":"Antoni Gaud\u00ed Biographie"},"content":{"rendered":"<h2>Qui est Antoni Gaud\u00ed\u00a0?<\/h2>\n<p><a href=\"https:\/\/qa-dosde.qamoon.es\/wp-content\/uploads\/2017\/02\/antoni-gaudi-anciano-mayor-biografia.jpg\"><img loading=\"lazy\" decoding=\"async\" class=\"alignnone wp-image-1044 size-full\" src=\"https:\/\/qa-dosde.qamoon.es\/wp-content\/uploads\/2017\/02\/antoni-gaudi-anciano-mayor-biografia.jpg\" alt=\"Antoni Gaudi Portrait Dosde \u00c9ditorial\" width=\"900\" height=\"600\" \/><\/a><\/p>\n<p>&nbsp;<\/p>\n<p>Consid\u00e9r\u00e9 comme le repr\u00e9sentant majeur du modernisme catalan, <strong>Antoni Gaud\u00ed est l\u2019un des architectes les plus importants de l\u2019histoire.<\/strong> Ses \u0153uvres se caract\u00e9risent par l\u2019incorporation de technologies de construction inspir\u00e9es de la nature et par la pr\u00e9sence d\u2019un profond symbolisme religieux. De fait, le catholicisme eut une grande influence dans la vie de Gaud\u00ed allant jusqu\u2019\u00e0 conditionner tous les aspects de la personnalit\u00e9 de l\u2019architecte.<\/p>\n<p>&nbsp;<\/p>\n<p>Les \u0153uvres les plus importantes de Gaud\u00ed \u00e0 Barcelone sont la <strong>Sagrada Familia, la Casa Vicens, le palais G\u00fcell, la Casa Batll\u00f3<\/strong>, le Park G\u00fcell et La Pedrera. Tous ces monuments, avec la crypte de la Colonie G\u00fcell, situ\u00e9e \u00e0 Santa Coloma de Cervell\u00f3, sont class\u00e9s au patrimoine mondial de l\u2019Unesco.<\/p>\n<p>&nbsp;<\/p>\n<h2>L\u2019histoire de Gaud\u00ed\u00a0: enfance et \u00e9tudes<\/h2>\n<p>Antoni Gaud\u00ed i Cornet naquit le 25 juin 1852 \u00e0 Reus, la capitale de la r\u00e9gion du Baix Camp, une r\u00e9gion du sud de la Catalogne. La m\u00e8re d&rsquo;Antoni Gaud\u00ed, Ant\u00f2nia Cornet i Bertran, \u00e9tait la fille d&rsquo;un sp\u00e9cialiste dans la fabrication de cuves, comme le p\u00e8re de l&rsquo;architecte, Francesc Gaud\u00ed i Serra, originaire de Riudoms, petite commune situ\u00e9e \u00e0 quelques kilom\u00e8tres de Reus.<\/p>\n<p>&nbsp;<\/p>\n<p>Gaud\u00ed vivait avec ses parents, sa s\u0153ur Rosa et son fr\u00e8re Francesc dans une maison modeste situ\u00e9e au centre de Reus, mais la famille se rendait fr\u00e9quemment \u00e0 Riudoms o\u00f9 elle poss\u00e9dait une ferme, le Mas de la Calderera. Apr\u00e8s avoir commenc\u00e9 son enseignement primaire dans une \u00e9cole dirig\u00e9e par Francesc Berenguer, p\u00e8re d\u2019un de ses futurs collaborateurs, en 1863 Antoni Gaud\u00ed s\u2019inscrivit aux \u00c9coles pies de Reus, o\u00f9 il fit la connaissance de deux de ses meilleurs amis d\u2019enfance, Josep Ribera Sans et Eduard Toda i G\u00fcell, avec lesquels il<strong> collabora \u00e0 la publication de la revue satirique <em>El Arlequ\u00edn<\/em><\/strong> ainsi qu\u2019\u00e0 la r\u00e9daction d\u2019un projet utopique destin\u00e9 \u00e0 restaurer le monast\u00e8re de Poblet.<\/p>\n<p>&nbsp;<\/p>\n<p>En 1868, Gaud\u00ed d\u00e9m\u00e9nagea \u00e0 Barcelone pour terminer les \u00e9tudes d\u2019enseignement secondaire. Le futur architecte s\u2019installa dans le quartier anim\u00e9 de La Ribera avec son fr\u00e8re Francesc, qui \u00e9tudiait alors la m\u00e9decine.<\/p>\n<p>&nbsp;<\/p>\n<p><strong>En 1874, Gaud\u00ed fut admis \u00e0 l\u2019\u00c9cole d\u2019architecture<\/strong>. Le jeune homme alterna les \u00e9tudes avec ses premi\u00e8res incursions dans le monde professionnel, collaborant avec des architectes de renom comme Josep Fontser\u00e8, Francisco de Paula del Villar et, surtout, Joan Martorell, son principal mentor. Les progr\u00e8s de Gaud\u00ed se virent assombris en 1876 par la mort de son fr\u00e8re et de sa m\u00e8re. Trois ans apr\u00e8s, sa s\u0153ur d\u00e9c\u00e9da et sa ni\u00e8ce \u2013qui avait de graves probl\u00e8mes de sant\u00e9- fut plac\u00e9e sous la tutelle de l\u2019architecte et de son p\u00e8re.<\/p>\n<p>&nbsp;<\/p>\n<h2>D\u00e9couvrez la fascinante vie de Antoni\u00a0Gaud\u00ed avec ce biographie<\/h2>\n<p><a href=\"https:\/\/www.dosde.com\/fr\/biographie-illustree-gaudi-visual.html\"><img loading=\"lazy\" decoding=\"async\" class=\"aligncenter wp-image-3027 size-full\" src=\"https:\/\/qa-dosde.qamoon.es\/wp-content\/uploads\/2017\/02\/antoni-gaudi-biographie-livre-francais-dosde-publishing_978-84-9103-066-9_40-001-02_A01.png\" alt=\"livre biographie de Antoni Gaudi Dosde \u00c9ditorial\" width=\"209\" height=\"220\" \/><\/a><\/p>\n<p>Ce livre publi\u00e9 par Dosde constitue <strong>la premi\u00e8re biographie illustr\u00e9e de Gaud\u00ed pr\u00e9sente sur le march\u00e9<\/strong>. Il aborde la trajectoire, le style architectonique, les \u0153uvresles et les \u00e9pisodes les plus importants de la vie\u00a0de l&rsquo;architecte.<\/p>\n<p>&nbsp;<\/p>\n<p>Le livre contient <strong>plus de 150 photos de la vie de Gaud\u00ed<\/strong>, des illustrations et des \u00e9bauches originales de ses cr\u00e9ations.\u00a0\u00a1D\u00e9covrez le livre!<\/p>\n<p><a href=\"https:\/\/www.dosde.com\/fr\/biographie-illustree-gaudi-visual.html\"><img loading=\"lazy\" decoding=\"async\" class=\"aligncenter wp-image-3024 size-full\" src=\"https:\/\/qa-dosde.qamoon.es\/wp-content\/uploads\/2018\/05\/boton-ver-libro-FR.png\" alt=\"\" width=\"196\" height=\"47\" \/><\/a><\/p>\n<p>&nbsp;<\/p>\n<h2>Les d\u00e9buts professionnels de Gaud\u00ed<\/h2>\n<p><a href=\"https:\/\/qa-dosde.qamoon.es\/wp-content\/uploads\/2017\/02\/el-capricho-antoni-gaudi-villa-quijano-dosde-publishing.jpg\"><img loading=\"lazy\" decoding=\"async\" class=\"alignnone wp-image-997 size-full\" src=\"https:\/\/qa-dosde.qamoon.es\/wp-content\/uploads\/2017\/02\/el-capricho-antoni-gaudi-villa-quijano-dosde-publishing.jpg\" alt=\"oeuvre d'Antoni Gaudi Dosde \u00c9ditorial\" width=\"900\" height=\"600\" \/><\/a><\/p>\n<p>&nbsp;<\/p>\n<p>En 1878 Gaud\u00ed obtint son dipl\u00f4me d\u2019architecte et installa son atelier dans la rue Calle del Call, <strong>l\u2019ancien quartier juif de Barcelone. L\u00e0, il commen\u00e7a \u00e0 travailler \u00e0 ses premi\u00e8res commandes<\/strong> : un ensemble d\u2019\u00e9quipements pour une coop\u00e9rative appel\u00e9e La Obrera Mataronense, des r\u00e9verb\u00e8res pour la Pla\u00e7a Reial de Barcelone et une vitrine pour la prestigieuse ganterie Comella. Cette derni\u00e8re \u0153uvre suscita l\u2019int\u00e9r\u00eat du puissant industriel barcelonais Eusebi G\u00fcell i Bacigalupi, qui dans les ann\u00e9es \u00e0 venir deviendrait le principal m\u00e9c\u00e8ne de l\u2019architecte.<\/p>\n<p>&nbsp;<\/p>\n<p><strong>Gr\u00e2ce \u00e0 sa relation avec G\u00fcell<\/strong> et \u00e0 son immersion dans les cercles intellectuels les plus r\u00e9put\u00e9s de Barcelone, durant sa vie Gaud\u00ed put \u00e9tablir de nouveaux contacts professionnels et <strong>participer \u00e0 des projets architectoniques de plus en plus ambitieux<\/strong> qui lui permirent d\u2019oublier les p\u00e9riodes de p\u00e9nurie de ses ann\u00e9es d\u2019\u00e9tudiant et de mener une vie sociale tr\u00e8s active.<\/p>\n<p>&nbsp;<\/p>\n<p>En 1883, l\u2019architecte pr\u00e9senta les plans de sa premi\u00e8re grande \u0153uvre, la Casa Vicens, et commen\u00e7a Le Caprice dans la localit\u00e9 de Comillas, en Cantabrie, o\u00f9 il avait d\u00e9j\u00e0 acquis une certaine renomm\u00e9e gr\u00e2ce \u00e0 ses travaux pour le beau-p\u00e8re de G\u00fcell, Antonio L\u00f3pez, premier marquis de Comillas. En 1883, <strong>Gaud\u00ed accepta \u00e9galement de remplacer Francisco de Paula del Villar au poste de responsable des travaux du <a href=\"https:\/\/www.dosde.com\/fr\/livres\/sagrada-familia.html\">temple expiatoire de la Sagrada Familia<\/a><\/strong>, une initiative encourag\u00e9e par le libraire barcelonais Josep Maria Bocabella qui terminerait par devenir le grand projet vital de l\u2019architecte.<\/p>\n<p>&nbsp;<\/p>\n<h2>La consolidation de Gaud\u00ed comme architecte<\/h2>\n<p><a href=\"https:\/\/qa-dosde.qamoon.es\/wp-content\/uploads\/2017\/02\/colegio-teresiano-antoni-gaudi-barcelona-dosde-publishing.jpg\"><img loading=\"lazy\" decoding=\"async\" class=\"alignnone wp-image-996 size-full\" src=\"https:\/\/qa-dosde.qamoon.es\/wp-content\/uploads\/2017\/02\/colegio-teresiano-antoni-gaudi-barcelona-dosde-publishing.jpg\" alt=\"Oeuvre d'Antoni Gaudi Dosde \u00c9ditorial\" width=\"900\" height=\"600\" \/><\/a><\/p>\n<p>&nbsp;<\/p>\n<p>Gaud\u00ed maintint une trajectoire professionnelle ascendante <strong>durant tout le dernier quart du XIX<sup>e<\/sup> si\u00e8cle, alors que ses \u0153uvres \u00e0 Barcelone et dans d\u2019autres villes en firent un architecte consolid\u00e9<\/strong>. Son amiti\u00e9 avec Eusebi G\u00fcell se renfor\u00e7a au fil du temps et fut \u00e0 l\u2019origine de projets de plus en plus stimulants comme le palais G\u00fcell (1886-1888), tandis que son rapprochement croissant avec les membres notables de l\u2019\u00c9glise catholique lui permit de recevoir de nouvelles commandes de type religieux, comme le coll\u00e8ge des Th\u00e9r\u00e9siennes (1889-1890) et le palais \u00e9piscopal d\u2019Astorga (1887-1893), un projet que Gaud\u00ed r\u00e9alisa parall\u00e8lement \u00e0 la construction de la Casa Botines de Le\u00f3n (1892).<\/p>\n<p>&nbsp;<\/p>\n<p>De la m\u00eame mani\u00e8re, \u00e0 cette \u00e9poque, l\u2019architecte catalan<strong> envisagea sa premi\u00e8re \u0153uvre dans l\u2019Eixample de Barcelone, la Casa Calvet<\/strong>, qui fut r\u00e9compens\u00e9e du prix au plus bel \u00e9difice de 1900 par la mairie.<\/p>\n<p>&nbsp;<\/p>\n<p>Mais le succ\u00e8s professionnel de Gaud\u00ed contrastait avec ses d\u00e9ceptions sentimentales. En d\u00e9pit de sa bonne situation \u00e9conomique et de ses capacit\u00e9s intellectuelles, l\u2019architecte semblait incapable de conqu\u00e9rir son grand amour, Pepeta Moreu. Cette d\u00e9ception amoureuse supposa probablement un point d\u2019inflexion dans la vie de Gaud\u00ed, qui devint plus introverti et religieux. Sa pr\u00e9occupation pour la morale chr\u00e9tienne l\u2019incita m\u00eame \u00e0 mettre sa vie en danger, tel qu\u2019il le d\u00e9montra en 1894, lorsqu\u2019il resta alit\u00e9 durant des jours apr\u00e8s avoir pratiqu\u00e9 un je\u00fbne tr\u00e8s strict.<\/p>\n<p>&nbsp;<\/p>\n<h2>La splendeur cr\u00e9ative des \u0153uvres de Gaud\u00ed<\/h2>\n<p>[metaslider id=1321]<\/p>\n<p><strong>Entre 1900 et 1910, l\u2019architecte connut son \u00e9tape de splendeur<\/strong>. \u00c0 travers <a href=\"https:\/\/www.dosde.com\/fr\/gaudi-ensemble-oeuvres-avant-garde-deluxe.html\">les \u0153uvres que Gaud\u00ed r\u00e9alisa \u00e0 Barcelone<\/a>, comme le Park G\u00fcell (1900-1914), la r\u00e9sidence Bellesguard (1900-1909), la Casa Batll\u00f3 (1904-1906), La Pedrera (1906-1912) et la crypte de la Colonie G\u00fcell (1908-1914), l\u2019architecte fit preuve d\u2019une immense capacit\u00e9 cr\u00e9ative qui le situa \u00e0 l\u2019avant-garde artistique \u2013y compris devant le modernisme, la tendance en vigueur dans les grandes villes europ\u00e9ennes,\u2013 et en fit le centre d\u2019int\u00e9r\u00eat de l\u2019opinion publique.<\/p>\n<p>&nbsp;<\/p>\n<p>De par ses id\u00e9es singuli\u00e8res et son fort caract\u00e8re, Gaud\u00ed faisait l\u2019objet de controverses incessantes. Ses d\u00e9fenseurs consid\u00e9raient que son g\u00e9nie \u00e9tait ind\u00e9niable, alors que <strong>ses d\u00e9tracteurs critiquaient son go\u00fbt extravagant et son ambition d\u00e9mesur\u00e9e<\/strong>. L\u2019architecte resta en marge de toute pol\u00e9mique, fid\u00e8le \u00e0 ses id\u00e9es, ne faisant aucune concession pour gagner des adeptes. De fait, il ne c\u00e9dait pas non plus \u00e0 la pression de ses clients, qui d\u00e9ploraient parfois son audace formelle excessive et les co\u00fbts on\u00e9reux des travaux.<\/p>\n<p>&nbsp;<\/p>\n<p>Le d\u00e9vouement extr\u00eame au travail \u00e9loigna progressivement Gaud\u00ed de la vie sociale. Cet isolement devint plus manifeste \u00e0 partir de 1906, lorsque l\u2019architecte perdit son p\u00e8re. Le d\u00e9c\u00e8s, qui se produisit quelques mois apr\u00e8s avoir tous les deux d\u00e9m\u00e9nag\u00e9 au Park G\u00fcell, fut un coup dur pour Gaud\u00ed, qui tomba dans la d\u00e9pression.<\/p>\n<p>&nbsp;<\/p>\n<h2>Les derni\u00e8res ann\u00e9es de Gaud\u00ed<\/h2>\n<p><a href=\"https:\/\/qa-dosde.qamoon.es\/wp-content\/uploads\/2017\/02\/sagrada-familia-antoni-gaudi-barcelona-dosde-publishing.jpg\"><img loading=\"lazy\" decoding=\"async\" class=\"alignnone wp-image-990 size-full\" src=\"https:\/\/qa-dosde.qamoon.es\/wp-content\/uploads\/2017\/02\/sagrada-familia-antoni-gaudi-barcelona-dosde-publishing.jpg\" alt=\"Sagrada Familia Antoni Gaudi Dosde \u00c9ditorial\" width=\"900\" height=\"600\" \/><\/a><\/p>\n<p>&nbsp;<\/p>\n<p>Exclu par les nouvelles \u00e9lites intellectuelles, \u00e0 partir de 1914, <strong>Gaud\u00ed rejeta toute commande pour se consacrer uniquement \u00e0 la construction de la Sagrada Familia<\/strong>, conscient qu\u2019il s\u2019agissait de son legs majeur. La lenteur des travaux d\u00e9riv\u00e9e du manque de fonds permit \u00e0 Gaud\u00ed de se d\u00e9lecter dans l&rsquo;\u00e9tude des diff\u00e9rents aspects du temple. L&rsquo;architecte voulait que chaque \u00e9l\u00e9ment s&rsquo;adapte parfaitement au programme symbolique qu&rsquo;il avait con\u00e7u. Pour lui, la Sagrada Familia \u00e9tait comme une grande bible en pierre qui devait aborder tous les aspects de l&rsquo;histoire et des myst\u00e8res de la foi chr\u00e9tienne, et aucun d\u00e9tail ne pouvait \u00eatre choisi au hasard.<\/p>\n<p>&nbsp;<\/p>\n<p>Le 7 juin 1926, Antoni Gaud\u00ed, apr\u00e8s avoir termin\u00e9 sa journ\u00e9e de travail \u00e0 <a href=\"https:\/\/qa-dosde.qamoon.es\/fr\/la-sagrada-familia\/\">la Sagrada Familia<\/a>, il se dirigea vers l&rsquo;\u00e9glise de Sant Felip Neri. QuandGaud\u00ed arriva au croisement des rues Bail\u00e9n et Gran V\u00eda, <strong>il fut renvers\u00e9 par un tramway. <\/strong>Apr\u00e8s des heures d&rsquo;agonie, le jeudi 10 juin, \u00e0 dix-sept heures, il d\u00e9c\u00e9da.<\/p>\n<p>Antoni Gaud\u00ed fut enterr\u00e9le 12 juin dans la chapelle du Carmen de la Sagrada Familia. C&rsquo;est ainsi que se consuma son union avec son projet le plus transcendantal.<\/p>\n<p>&nbsp;<\/p>\n<h2>Le livre pour tout conna\u00eetre sur Gaud\u00ed<\/h2>\n<p>Derri\u00e8re la monumentalit\u00e9 des \u0153uvres de Gaud\u00ed se cache <strong>un homme que peu de gens connaissent<\/strong>. Quelles furent ses influences ? Quelles difficult\u00e9s rencontra t-il au moment de d\u00e9velopper ses projets ? Qui fut son grand amour ?<\/p>\n<p>&nbsp;<\/p>\n<p>\u00c0 travers <a href=\"https:\/\/www.dosde.com\/fr\/biographie-illustree-gaudi-visual.html\"><strong>cette Biographie illustr\u00e9e d\u2019Antoni Gaud\u00ed<\/strong><\/a>, vous d\u00e9couvrirez en d\u00e9tail la vie passionnante du g\u00e9nial architecte mais surtout de l\u2019homme peu connu qui consacra toute sa vie \u00e0 l\u2019incessante recherche de la perfection.<\/p>\n<p><a href=\"https:\/\/www.dosde.com\/fr\/biographie-illustree-gaudi-visual.html\"><img loading=\"lazy\" decoding=\"async\" class=\"alignleft wp-image-1898 size-full\" src=\"https:\/\/qa-dosde.qamoon.es\/wp-content\/uploads\/2017\/02\/couverture-antoni-gaudi-biographie-livre-francais-dosde-publishing_978-84-9103-066-9_40-001-02_B12.jpg\" alt=\"Livre Biographie d'Antoni Gaudi Dosde \u00c9ditorial\" width=\"700\" height=\"441\" \/><\/a><\/p>\n","protected":false},"excerpt":{"rendered":"Qui est Antoni Gaud\u00ed\u00a0? &nbsp; Consid\u00e9r\u00e9 comme le repr\u00e9sentant majeur du modernisme catalan, Antoni Gaud\u00ed est l\u2019un des architectes les plus importants de l\u2019histoire. Ses \u0153uvres se caract\u00e9risent par l\u2019incorporation de technologies de construction inspir\u00e9es de la nature et par la pr\u00e9sence d\u2019un profond symbolisme religieux. De fait, le catholicisme eut une grande influence dans &#8230; <a title=\"Antoni Gaud\u00ed Biographie\" class=\"read-more\" href=\"https:\/\/pre.dosde.com\/fr\/antoni-gaudi-biographie\/\" aria-label=\"En savoir plus sur Antoni Gaud\u00ed Biographie\">Lire la suite<\/a>","protected":false},"author":1,"featured_media":924,"comment_status":"open","ping_status":"open","sticky":false,"template":"","format":"standard","meta":{"_acf_changed":false,"footnotes":""},"categories":[68],"tags":[],"class_list":["post-158","post","type-post","status-publish","format-standard","has-post-thumbnail","hentry","category-gaudi"],"acf":[],"yoast_head":"<!-- This site is optimized with the Yoast SEO plugin v28.3 - https:\/\/yoast.com\/product\/yoast-seo-wordpress\/ -->\n<title>Antoni Gaud\u00ed Biographie - Dosde<\/title>\n<meta name=\"robots\" content=\"noindex, follow, max-snippet:-1, max-image-preview:large, max-video-preview:-1\" \/>\n<meta property=\"og:locale\" content=\"fr_FR\" \/>\n<meta property=\"og:type\" content=\"article\" \/>\n<meta property=\"og:title\" content=\"Antoni Gaud\u00ed Biographie - Dosde\" \/>\n<meta property=\"og:description\" content=\"Qui est Antoni Gaud\u00ed\u00a0? &nbsp; Consid\u00e9r\u00e9 comme le repr\u00e9sentant majeur du modernisme catalan, Antoni Gaud\u00ed est l\u2019un des architectes les plus importants de l\u2019histoire. Ses \u0153uvres se caract\u00e9risent par l\u2019incorporation de technologies de construction inspir\u00e9es de la nature et par la pr\u00e9sence d\u2019un profond symbolisme religieux. De fait, le catholicisme eut une grande influence dans ... Lire la suite\" \/>\n<meta property=\"og:url\" content=\"https:\/\/pre.dosde.com\/fr\/antoni-gaudi-biographie\/\" \/>\n<meta property=\"og:site_name\" content=\"Dosde\" \/>\n<meta property=\"article:published_time\" content=\"2017-02-17T11:01:19+00:00\" \/>\n<meta property=\"article:modified_time\" content=\"2026-08-11T08:03:56+00:00\" \/>\n<meta name=\"author\" content=\"seocom\" \/>\n<meta name=\"twitter:card\" content=\"summary_large_image\" \/>\n<meta name=\"twitter:label1\" content=\"\u00c9crit par\" \/>\n\t<meta name=\"twitter:data1\" content=\"seocom\" \/>\n\t<meta name=\"twitter:label2\" content=\"Dur\u00e9e de lecture estim\u00e9e\" \/>\n\t<meta name=\"twitter:data2\" content=\"8 minutes\" \/>\n<script type=\"application\/ld+json\" class=\"yoast-schema-graph\">{\"@context\":\"https:\\\/\\\/schema.org\",\"@graph\":[{\"@type\":\"Article\",\"@id\":\"https:\\\/\\\/pre.dosde.com\\\/fr\\\/antoni-gaudi-biographie\\\/#article\",\"isPartOf\":{\"@id\":\"https:\\\/\\\/pre.dosde.com\\\/fr\\\/antoni-gaudi-biographie\\\/\"},\"author\":{\"name\":\"seocom\",\"@id\":\"https:\\\/\\\/pre.dosde.com\\\/fr\\\/#\\\/schema\\\/person\\\/9d33726ab714fecb297e38b515472088\"},\"headline\":\"Antoni Gaud\u00ed Biographie\",\"datePublished\":\"2017-02-17T11:01:19+00:00\",\"dateModified\":\"2026-08-11T08:03:56+00:00\",\"mainEntityOfPage\":{\"@id\":\"https:\\\/\\\/pre.dosde.com\\\/fr\\\/antoni-gaudi-biographie\\\/\"},\"wordCount\":1669,\"commentCount\":1,\"publisher\":{\"@id\":\"https:\\\/\\\/pre.dosde.com\\\/fr\\\/#organization\"},\"image\":{\"@id\":\"https:\\\/\\\/pre.dosde.com\\\/fr\\\/antoni-gaudi-biographie\\\/#primaryimage\"},\"thumbnailUrl\":\"\",\"articleSection\":[\"Gaud\u00ed\"],\"inLanguage\":\"fr-FR\",\"potentialAction\":[{\"@type\":\"CommentAction\",\"name\":\"Comment\",\"target\":[\"https:\\\/\\\/pre.dosde.com\\\/fr\\\/antoni-gaudi-biographie\\\/#respond\"]}]},{\"@type\":\"WebPage\",\"@id\":\"https:\\\/\\\/pre.dosde.com\\\/fr\\\/antoni-gaudi-biographie\\\/\",\"url\":\"https:\\\/\\\/pre.dosde.com\\\/fr\\\/antoni-gaudi-biographie\\\/\",\"name\":\"Antoni Gaud\u00ed Biographie - Dosde\",\"isPartOf\":{\"@id\":\"https:\\\/\\\/pre.dosde.com\\\/fr\\\/#website\"},\"primaryImageOfPage\":{\"@id\":\"https:\\\/\\\/pre.dosde.com\\\/fr\\\/antoni-gaudi-biographie\\\/#primaryimage\"},\"image\":{\"@id\":\"https:\\\/\\\/pre.dosde.com\\\/fr\\\/antoni-gaudi-biographie\\\/#primaryimage\"},\"thumbnailUrl\":\"\",\"datePublished\":\"2017-02-17T11:01:19+00:00\",\"dateModified\":\"2026-08-11T08:03:56+00:00\",\"breadcrumb\":{\"@id\":\"https:\\\/\\\/pre.dosde.com\\\/fr\\\/antoni-gaudi-biographie\\\/#breadcrumb\"},\"inLanguage\":\"fr-FR\",\"potentialAction\":[{\"@type\":\"ReadAction\",\"target\":[\"https:\\\/\\\/pre.dosde.com\\\/fr\\\/antoni-gaudi-biographie\\\/\"]}]},{\"@type\":\"ImageObject\",\"inLanguage\":\"fr-FR\",\"@id\":\"https:\\\/\\\/pre.dosde.com\\\/fr\\\/antoni-gaudi-biographie\\\/#primaryimage\",\"url\":\"\",\"contentUrl\":\"\"},{\"@type\":\"BreadcrumbList\",\"@id\":\"https:\\\/\\\/pre.dosde.com\\\/fr\\\/antoni-gaudi-biographie\\\/#breadcrumb\",\"itemListElement\":[{\"@type\":\"ListItem\",\"position\":1,\"name\":\"Home\",\"item\":\"https:\\\/\\\/pre.dosde.com\\\/fr\\\/\"},{\"@type\":\"ListItem\",\"position\":2,\"name\":\"Antoni Gaud\u00ed Biographie\"}]},{\"@type\":\"WebSite\",\"@id\":\"https:\\\/\\\/pre.dosde.com\\\/fr\\\/#website\",\"url\":\"https:\\\/\\\/pre.dosde.com\\\/fr\\\/\",\"name\":\"Dosde\",\"description\":\"\",\"publisher\":{\"@id\":\"https:\\\/\\\/pre.dosde.com\\\/fr\\\/#organization\"},\"potentialAction\":[{\"@type\":\"SearchAction\",\"target\":{\"@type\":\"EntryPoint\",\"urlTemplate\":\"https:\\\/\\\/pre.dosde.com\\\/fr\\\/?s={search_term_string}\"},\"query-input\":{\"@type\":\"PropertyValueSpecification\",\"valueRequired\":true,\"valueName\":\"search_term_string\"}}],\"inLanguage\":\"fr-FR\"},{\"@type\":\"Organization\",\"@id\":\"https:\\\/\\\/pre.dosde.com\\\/fr\\\/#organization\",\"name\":\"Dosde\",\"url\":\"https:\\\/\\\/pre.dosde.com\\\/fr\\\/\",\"logo\":{\"@type\":\"ImageObject\",\"inLanguage\":\"fr-FR\",\"@id\":\"https:\\\/\\\/pre.dosde.com\\\/fr\\\/#\\\/schema\\\/logo\\\/image\\\/\",\"url\":\"https:\\\/\\\/pre.dosde.com\\\/wp-content\\\/uploads\\\/2026\\\/06\\\/Logo.webp\",\"contentUrl\":\"https:\\\/\\\/pre.dosde.com\\\/wp-content\\\/uploads\\\/2026\\\/06\\\/Logo.webp\",\"width\":248,\"height\":80,\"caption\":\"Dosde\"},\"image\":{\"@id\":\"https:\\\/\\\/pre.dosde.com\\\/fr\\\/#\\\/schema\\\/logo\\\/image\\\/\"}},{\"@type\":\"Person\",\"@id\":\"https:\\\/\\\/pre.dosde.com\\\/fr\\\/#\\\/schema\\\/person\\\/9d33726ab714fecb297e38b515472088\",\"name\":\"seocom\",\"image\":{\"@type\":\"ImageObject\",\"inLanguage\":\"fr-FR\",\"@id\":\"https:\\\/\\\/secure.gravatar.com\\\/avatar\\\/741433ce07ba5c431e994c0ec0272d414a5d1a9dafeb02666111e6f2eb1c0ed2?s=96&d=mm&r=g\",\"url\":\"https:\\\/\\\/secure.gravatar.com\\\/avatar\\\/741433ce07ba5c431e994c0ec0272d414a5d1a9dafeb02666111e6f2eb1c0ed2?s=96&d=mm&r=g\",\"contentUrl\":\"https:\\\/\\\/secure.gravatar.com\\\/avatar\\\/741433ce07ba5c431e994c0ec0272d414a5d1a9dafeb02666111e6f2eb1c0ed2?s=96&d=mm&r=g\",\"caption\":\"seocom\"},\"sameAs\":[\"http:\\\/\\\/qa-dosde.qamoon.es\"],\"url\":\"https:\\\/\\\/pre.dosde.com\\\/fr\\\/author\\\/seocom\\\/\"}]}<\/script>\n<!-- \/ Yoast SEO plugin. -->","yoast_head_json":{"title":"Antoni Gaud\u00ed Biographie - Dosde","robots":{"index":"noindex","follow":"follow","max-snippet":"max-snippet:-1","max-image-preview":"max-image-preview:large","max-video-preview":"max-video-preview:-1"},"og_locale":"fr_FR","og_type":"article","og_title":"Antoni Gaud\u00ed Biographie - Dosde","og_description":"Qui est Antoni Gaud\u00ed\u00a0? &nbsp; Consid\u00e9r\u00e9 comme le repr\u00e9sentant majeur du modernisme catalan, Antoni Gaud\u00ed est l\u2019un des architectes les plus importants de l\u2019histoire. Ses \u0153uvres se caract\u00e9risent par l\u2019incorporation de technologies de construction inspir\u00e9es de la nature et par la pr\u00e9sence d\u2019un profond symbolisme religieux. De fait, le catholicisme eut une grande influence dans ... Lire la suite","og_url":"https:\/\/pre.dosde.com\/fr\/antoni-gaudi-biographie\/","og_site_name":"Dosde","article_published_time":"2017-02-17T11:01:19+00:00","article_modified_time":"2026-08-11T08:03:56+00:00","author":"seocom","twitter_card":"summary_large_image","twitter_misc":{"\u00c9crit par":"seocom","Dur\u00e9e de lecture estim\u00e9e":"8 minutes"},"schema":{"@context":"https:\/\/schema.org","@graph":[{"@type":"Article","@id":"https:\/\/pre.dosde.com\/fr\/antoni-gaudi-biographie\/#article","isPartOf":{"@id":"https:\/\/pre.dosde.com\/fr\/antoni-gaudi-biographie\/"},"author":{"name":"seocom","@id":"https:\/\/pre.dosde.com\/fr\/#\/schema\/person\/9d33726ab714fecb297e38b515472088"},"headline":"Antoni Gaud\u00ed Biographie","datePublished":"2017-02-17T11:01:19+00:00","dateModified":"2026-08-11T08:03:56+00:00","mainEntityOfPage":{"@id":"https:\/\/pre.dosde.com\/fr\/antoni-gaudi-biographie\/"},"wordCount":1669,"commentCount":1,"publisher":{"@id":"https:\/\/pre.dosde.com\/fr\/#organization"},"image":{"@id":"https:\/\/pre.dosde.com\/fr\/antoni-gaudi-biographie\/#primaryimage"},"thumbnailUrl":"","articleSection":["Gaud\u00ed"],"inLanguage":"fr-FR","potentialAction":[{"@type":"CommentAction","name":"Comment","target":["https:\/\/pre.dosde.com\/fr\/antoni-gaudi-biographie\/#respond"]}]},{"@type":"WebPage","@id":"https:\/\/pre.dosde.com\/fr\/antoni-gaudi-biographie\/","url":"https:\/\/pre.dosde.com\/fr\/antoni-gaudi-biographie\/","name":"Antoni Gaud\u00ed Biographie - Dosde","isPartOf":{"@id":"https:\/\/pre.dosde.com\/fr\/#website"},"primaryImageOfPage":{"@id":"https:\/\/pre.dosde.com\/fr\/antoni-gaudi-biographie\/#primaryimage"},"image":{"@id":"https:\/\/pre.dosde.com\/fr\/antoni-gaudi-biographie\/#primaryimage"},"thumbnailUrl":"","datePublished":"2017-02-17T11:01:19+00:00","dateModified":"2026-08-11T08:03:56+00:00","breadcrumb":{"@id":"https:\/\/pre.dosde.com\/fr\/antoni-gaudi-biographie\/#breadcrumb"},"inLanguage":"fr-FR","potentialAction":[{"@type":"ReadAction","target":["https:\/\/pre.dosde.com\/fr\/antoni-gaudi-biographie\/"]}]},{"@type":"ImageObject","inLanguage":"fr-FR","@id":"https:\/\/pre.dosde.com\/fr\/antoni-gaudi-biographie\/#primaryimage","url":"","contentUrl":""},{"@type":"BreadcrumbList","@id":"https:\/\/pre.dosde.com\/fr\/antoni-gaudi-biographie\/#breadcrumb","itemListElement":[{"@type":"ListItem","position":1,"name":"Home","item":"https:\/\/pre.dosde.com\/fr\/"},{"@type":"ListItem","position":2,"name":"Antoni Gaud\u00ed Biographie"}]},{"@type":"WebSite","@id":"https:\/\/pre.dosde.com\/fr\/#website","url":"https:\/\/pre.dosde.com\/fr\/","name":"Dosde","description":"","publisher":{"@id":"https:\/\/pre.dosde.com\/fr\/#organization"},"potentialAction":[{"@type":"SearchAction","target":{"@type":"EntryPoint","urlTemplate":"https:\/\/pre.dosde.com\/fr\/?s={search_term_string}"},"query-input":{"@type":"PropertyValueSpecification","valueRequired":true,"valueName":"search_term_string"}}],"inLanguage":"fr-FR"},{"@type":"Organization","@id":"https:\/\/pre.dosde.com\/fr\/#organization","name":"Dosde","url":"https:\/\/pre.dosde.com\/fr\/","logo":{"@type":"ImageObject","inLanguage":"fr-FR","@id":"https:\/\/pre.dosde.com\/fr\/#\/schema\/logo\/image\/","url":"https:\/\/pre.dosde.com\/wp-content\/uploads\/2026\/06\/Logo.webp","contentUrl":"https:\/\/pre.dosde.com\/wp-content\/uploads\/2026\/06\/Logo.webp","width":248,"height":80,"caption":"Dosde"},"image":{"@id":"https:\/\/pre.dosde.com\/fr\/#\/schema\/logo\/image\/"}},{"@type":"Person","@id":"https:\/\/pre.dosde.com\/fr\/#\/schema\/person\/9d33726ab714fecb297e38b515472088","name":"seocom","image":{"@type":"ImageObject","inLanguage":"fr-FR","@id":"https:\/\/secure.gravatar.com\/avatar\/741433ce07ba5c431e994c0ec0272d414a5d1a9dafeb02666111e6f2eb1c0ed2?s=96&d=mm&r=g","url":"https:\/\/secure.gravatar.com\/avatar\/741433ce07ba5c431e994c0ec0272d414a5d1a9dafeb02666111e6f2eb1c0ed2?s=96&d=mm&r=g","contentUrl":"https:\/\/secure.gravatar.com\/avatar\/741433ce07ba5c431e994c0ec0272d414a5d1a9dafeb02666111e6f2eb1c0ed2?s=96&d=mm&r=g","caption":"seocom"},"sameAs":["http:\/\/qa-dosde.qamoon.es"],"url":"https:\/\/pre.dosde.com\/fr\/author\/seocom\/"}]}},"_links":{"self":[{"href":"https:\/\/pre.dosde.com\/fr\/wp-json\/wp\/v2\/posts\/158","targetHints":{"allow":["GET"]}}],"collection":[{"href":"https:\/\/pre.dosde.com\/fr\/wp-json\/wp\/v2\/posts"}],"about":[{"href":"https:\/\/pre.dosde.com\/fr\/wp-json\/wp\/v2\/types\/post"}],"author":[{"embeddable":true,"href":"https:\/\/pre.dosde.com\/fr\/wp-json\/wp\/v2\/users\/1"}],"replies":[{"embeddable":true,"href":"https:\/\/pre.dosde.com\/fr\/wp-json\/wp\/v2\/comments?post=158"}],"version-history":[{"count":1,"href":"https:\/\/pre.dosde.com\/fr\/wp-json\/wp\/v2\/posts\/158\/revisions"}],"predecessor-version":[{"id":3694,"href":"https:\/\/pre.dosde.com\/fr\/wp-json\/wp\/v2\/posts\/158\/revisions\/3694"}],"wp:attachment":[{"href":"https:\/\/pre.dosde.com\/fr\/wp-json\/wp\/v2\/media?parent=158"}],"wp:term":[{"taxonomy":"category","embeddable":true,"href":"https:\/\/pre.dosde.com\/fr\/wp-json\/wp\/v2\/categories?post=158"},{"taxonomy":"post_tag","embeddable":true,"href":"https:\/\/pre.dosde.com\/fr\/wp-json\/wp\/v2\/tags?post=158"}],"curies":[{"name":"wp","href":"https:\/\/api.w.org\/{rel}","templated":true}]}}