{"id":1863,"date":"2017-02-17T10:05:59","date_gmt":"2017-02-17T10:05:59","guid":{"rendered":"https:\/\/www.dosde.com\/blog\/?p=146\/"},"modified":"2026-08-11T08:04:08","modified_gmt":"2026-08-11T08:04:08","slug":"lalhambra-de-grenade","status":"publish","type":"post","link":"https:\/\/pre.dosde.com\/fr\/lalhambra-de-grenade\/","title":{"rendered":"L\u2019Alhambra de Grenade"},"content":{"rendered":"<h2>Qu\u2019est-ce que l\u2019Alhambra de Grenade\u00a0?<\/h2>\n<p>Consid\u00e9r\u00e9 comme l\u2019un des monuments majeurs de l\u2019architecture hispano-mauresque, <strong>l\u2019Alhambra de Grenade est l\u2019unique ville palatine islamique qui a \u00e9t\u00e9 conserv\u00e9e pratiquement intacte<\/strong> jusqu\u2019\u00e0 nos jours. Du XIIIe au XVe si\u00e8cle, l\u2019Alhambra fut la r\u00e9sidence officielle des sultans nasrides qui encourag\u00e8rent la construction de nombreux palais et jardins pour y d\u00e9velopper leurs activit\u00e9s.<\/p>\n<p>&nbsp;<\/p>\n<p>Parmi les plus embl\u00e9matiques figurent le Mexuar, le palais de Comares et le palais des Lions, des espaces qui abritent certaines des plus belles repr\u00e9sentations de l\u2019art islamique. \u00c9tant donn\u00e9 sa valeur historique et culturelle, <a href=\"https:\/\/www.dosde.com\/fr\/livres\/alhambra-grenade.html\">l\u2019Alhambra de Grenade<\/a> est class\u00e9 au r\u00e9pertoire du patrimoine mondial de l\u2019Unesco depuis 1984.<\/p>\n<p>&nbsp;<\/p>\n<h2>L&rsquo;histoire de l&rsquo;Alhambra de Grenade<\/h2>\n<p><a href=\"https:\/\/qa-dosde.qamoon.es\/wp-content\/uploads\/2017\/02\/alhambra-de-granada-dosde-publishing.jpg\"><img loading=\"lazy\" decoding=\"async\" class=\"alignnone wp-image-723 size-full\" src=\"https:\/\/qa-dosde.qamoon.es\/wp-content\/uploads\/2017\/02\/alhambra-de-granada-dosde-publishing.jpg\" alt=\"L'Alhambra de Grenade\" width=\"900\" height=\"600\" \/><\/a><\/p>\n<p>&nbsp;<\/p>\n<p>Durant le XIIIe si\u00e8cle, la pr\u00e9sence musulmane en p\u00e9ninsule Ib\u00e9rique connut un fort recul en raison des rivalit\u00e9s entre les diff\u00e9rentes familles qui aspiraient \u00e0 la domination du territoire et de l\u2019efficacit\u00e9 de la politique expansionniste entreprise par les monarques chr\u00e9tiens.<\/p>\n<p>&nbsp;<\/p>\n<p><strong>Le dernier bastion de pouvoir islamique fut la dynastie des Nasrides<\/strong>, fond\u00e9e en 1232 par Mohammed Ben Nazar \u2013\u00e9galement surnomm\u00e9 Al-Ahmar (Le rouge) \u2013, qui put conserver son ind\u00e9pendance gr\u00e2ce \u00e0 une intelligente politique d\u2019alliances ponctuelles avec la couronne de Castille et les dirigeants nord-africains. En 1238, <strong>le sultan d\u00e9cida d\u2019\u00e9tablir le si\u00e8ge de sa cour \u00e0 Grenade<\/strong> dans de vieilles fortifications qui se trouvaient sur la colline de la Sabika, un contrefort de la Sierra Nevada.<\/p>\n<p>&nbsp;<\/p>\n<p>C\u2019est \u00e0 ce moment-l\u00e0 que fut construit l\u2019<strong>Alhambra, une grande enceinte fortifi\u00e9e<\/strong><strong>.<\/strong>\u00a0Gr\u00e2ce aux r\u00e9formes entreprises par les sultans nasrides qui se succ\u00e9d\u00e8rent, cette grande enceinte fortifi\u00e9e \u00e9volua en une trame urbaine complexe devenant l\u2019une des villes royales les plus imposantes de l\u2019\u00e9poque avec ses somptueux palais nasrides, ses d\u00e9pendances administratives, ses mosqu\u00e9es, ses \u00e9coles, ses casernes, ses jardins, ses bains et ses ateliers.<\/p>\n<p>&nbsp;<\/p>\n<h2>L\u2019Alcazaba de l&rsquo;Alhambra<\/h2>\n<p><a href=\"https:\/\/qa-dosde.qamoon.es\/wp-content\/uploads\/2017\/02\/alcazaba-alhambra-de-granada-dosde-publishing.jpg\"><img loading=\"lazy\" decoding=\"async\" class=\"alignnone wp-image-499 size-full\" src=\"https:\/\/qa-dosde.qamoon.es\/wp-content\/uploads\/2017\/02\/alcazaba-alhambra-de-granada-dosde-publishing.jpg\" alt=\"L'Alcazaba de l'Alhambra de Grenade\" width=\"900\" height=\"600\" \/><\/a><\/p>\n<p>&nbsp;<\/p>\n<p>D\u00e8s son origine, <strong>l&rsquo;Alcazaba fut le principal centre de surveillance de l&rsquo;Alhambra de Grenade<\/strong>. Cette fonction se refl\u00e9ta non seulement dans la localisation strat\u00e9gique de ses tours \u2013qui, reli\u00e9es par la muraille, offraient une vue privil\u00e9gi\u00e9e du territoire environnant\u2013, mais \u00e9galement dans la pr\u00e9sence du quartier destin\u00e9 au contingent militaire charg\u00e9 de la d\u00e9fense du sultan et de sa cour.<\/p>\n<p>&nbsp;<\/p>\n<p>Cette trame urbaine articul\u00e9e le long d&rsquo;une rue longitudinale et form\u00e9e, entre autres, de logements, de magasins et d&rsquo;entrep\u00f4ts garantissait l&rsquo;autosuffisance de l&rsquo;Alhambra de Grenade ainsi que la capacit\u00e9 de r\u00e9action face \u00e0 des attaques externes.<\/p>\n<p>&nbsp;<\/p>\n<h2>Les palais nasrides de l&rsquo;Alhambra de Grenade<\/h2>\n<p>Le royaume de Grenade connut au XIVe si\u00e8cle une p\u00e9riode d&rsquo;\u00e9panouissement sans pr\u00e9c\u00e9dent dans tous les domaines. \u00c0 l&rsquo;Alhambra, cette effervescence socioculturelle se mat\u00e9rialisa par la construction des trois espaces qui composent l&rsquo;ensemble <strong>des palais nasrides : le Mexuar, Comares et le palais des Lions.<\/strong><\/p>\n<p>&nbsp;<\/p>\n<p>Symboles de l\u2019art islamique, ces d\u00e9pendances, envisag\u00e9es \u00e0 diff\u00e9rentes \u00e9poques dans le nord de la ville palatine \u2013secteur bien prot\u00e9g\u00e9 par la muraille et les d\u00e9nivel\u00e9es du terrain de la berge gauche du fleuve Darro\u2013,<strong> furent le th\u00e9\u00e2tre de la vie familiale et officielle des sultans<\/strong> de l&rsquo;Alhambra de Grenade.<\/p>\n<p>&nbsp;<\/p>\n<p>Les artisans les plus remarquables du moment particip\u00e8rent \u00e0 leur conception en peaufinant les ressources d\u00e9velopp\u00e9es par leurs pr\u00e9d\u00e9cesseurs pour porter l&rsquo;architecture nasride \u00e0 son comble, ce qui donna lieu \u00e0 des \u0153uvres d&rsquo;une beaut\u00e9 in\u00e9galable, qui all\u00e8rent jusqu\u2019\u00e0 susciter l&rsquo;admiration des monarques chr\u00e9tiens.<\/p>\n<p>&nbsp;<\/p>\n<p><a href=\"https:\/\/www.dosde.com\/fr\/livres\/alhambra-grenade.html\"><img loading=\"lazy\" decoding=\"async\" class=\"aligncenter wp-image-3641 size-full\" src=\"https:\/\/qa-dosde.qamoon.es\/wp-content\/uploads\/2017\/02\/Boton-descubrir-mas-FR.png\" alt=\"\" width=\"250\" height=\"56\" \/><\/a><\/p>\n<p>&nbsp;<\/p>\n<h2>Le Mexuar, un palais dans l\u2019Alhambra de Grenade<\/h2>\n<p><a href=\"https:\/\/qa-dosde.qamoon.es\/wp-content\/uploads\/2017\/02\/palacio-mexuar-alhambra-de-granada-dosde-publishing.jpg\"><img loading=\"lazy\" decoding=\"async\" class=\"alignnone wp-image-493 size-full\" src=\"https:\/\/qa-dosde.qamoon.es\/wp-content\/uploads\/2017\/02\/palacio-mexuar-alhambra-de-granada-dosde-publishing.jpg\" alt=\"Mosaique dans le Mexuar de l'Alhambra de Grenade\" width=\"900\" height=\"600\" \/><\/a><\/p>\n<p>&nbsp;<\/p>\n<p>Issu d&rsquo;une famille nasride install\u00e9e dans la ville de M\u00e1laga, le sultan Isma\u00efl Ier dirigea le royaume de Grenade entre 1314 et 1325, p\u00e9riode de stabilit\u00e9 interne et de prosp\u00e9rit\u00e9. Ce contexte favorable favorisa <strong>la construction d&rsquo;un palais \u00e0 l&rsquo;angle nord-ouest de l&rsquo;Alhambra de Grenade<\/strong>, sur des terrains tr\u00e8s proches de l&rsquo;Alcazaba.<\/p>\n<p>&nbsp;<\/p>\n<p>La structure architectonique qui a \u00e9t\u00e9 conserv\u00e9e est form\u00e9e de deux grandes cours et de la salle du Mexuar, qui donne son nom \u00e0 l&rsquo;ensemble et qui fait allusion au conseil de vizirs qui assistait le sultan dans les t\u00e2ches l\u00e9gislatives. <strong>Avec la construction des palais de Comares et des Lions, l&rsquo;enceinte du Mexuar perdit probablement sa fonction r\u00e9sidentielle originale<\/strong> et se centra sur des activit\u00e9s d&rsquo;ordre bureaucratique et judiciaire, tout en restant un espace vital au bon fonctionnement quotidien de l&rsquo;Alhambra, si l&rsquo;on en juge par son \u00e9volution architectonique continue.<\/p>\n<p>&nbsp;<\/p>\n<h2>Palais de Comares<\/h2>\n<p><a href=\"https:\/\/qa-dosde.qamoon.es\/wp-content\/uploads\/2017\/02\/palacio-de-comares-alhambra-de-granada-dosde-publishing.jpg\"><img loading=\"lazy\" decoding=\"async\" class=\"alignnone wp-image-851 size-full\" src=\"https:\/\/qa-dosde.qamoon.es\/wp-content\/uploads\/2017\/02\/palacio-de-comares-alhambra-de-granada-dosde-publishing.jpg\" alt=\"Palais de Comares Alhambra de Grenade\" width=\"900\" height=\"600\" \/><\/a><\/p>\n<p>&nbsp;<\/p>\n<p><strong>Le royaume de Grenade v\u00e9cut l\u2019une de ses \u00e9tapes les plus prosp\u00e8res sous le r\u00e8gne de Y\u00fbsuf Ier<\/strong>, qui succ\u00e9da \u00e0 son fr\u00e8re Mohammed IV assassin\u00e9 en 1333. D\u00e9crit par les historiens arabes comme un gouverneur m\u00e9ditatif et calme, le septi\u00e8me \u00e9mir de la dynastie nasride sut contenir les assauts des troupes chr\u00e9tiennes ainsi que l\u2019influence des \u00e9mirs nord-africains, garantissant une longue p\u00e9riode de paix qui servit \u00e0 doter la ville de divers \u00e9quipements publics et \u00e0 encourager le d\u00e9veloppement culturel.<\/p>\n<p>&nbsp;<\/p>\n<p>\u00c0 l&rsquo;Alhambra, le monarque <strong>envisagea un ambitieux programme de construction qui se concr\u00e9tisa par la cr\u00e9ation d&rsquo;un nouveau palais nasride<\/strong> sur les terrains annexes au Mexuar. Organis\u00e9 autour d&rsquo;une cour rectangulaire et occup\u00e9 par une tour qui abritait la salle des Ambassadeurs \u2013la plus grande pi\u00e8ce de la ville palatine\u2013, l&rsquo;espace connu comme palais de Comares int\u00e9gra les \u00e9l\u00e9ments les plus caract\u00e9ristiques des r\u00e9sidences hispano-mauresques.<\/p>\n<p>&nbsp;<\/p>\n<p>De la m\u00eame mani\u00e8re, il devint l&rsquo;un des principaux t\u00e9moignages du pouvoir royal \u00e0 travers sa d\u00e9coration all\u00e9gorique, termin\u00e9e par le fils et successeur de Y\u00fbsuf Ier, Mohammed V.<\/p>\n<p>&nbsp;<\/p>\n<h2>Palais des Lions<\/h2>\n<p>[metaslider id=1294]<\/p>\n<p>D\u00e9sireux d&rsquo;exhiber la grandeur de son gouvernement, <strong>Mohammed V r\u00e9nova l&rsquo;enceinte du Mexuar et termina la d\u00e9coration du palais de Comares<\/strong>, alors que son projet le plus ambitieux \u00e9tait l&rsquo;\u00e9dification du palais des Lions, o\u00f9 l&rsquo;\u00e9mir avait ses appartements, ainsi que d&rsquo;autres pi\u00e8ces publiques qui permettaient d&rsquo;organiser des actes festifs et protocolaires en tout genre.<\/p>\n<p>&nbsp;<\/p>\n<p>Dans l&rsquo;id\u00e9e de cr\u00e9er un cadre appropri\u00e9 \u00e0 ces fonctions, <strong>un programme ornemental<\/strong> extr\u00eamement raffin\u00e9 fut adopt\u00e9 <strong>transformant le palais en un concentr\u00e9 de tous les chefs-d&rsquo;\u0153uvre de l&rsquo;art nasride<\/strong>. Agenc\u00e9e autour de la cour des Lions, l&rsquo;enceinte envisag\u00e9e par Mohammed V re\u00e7ut le nom de palais du Jardin Heureux, probablement parce qu&rsquo;elle fut \u00e9difi\u00e9e sur d&rsquo;anciens jardins. Cette d\u00e9nomination soulignait \u00e9galement le caract\u00e8re \u00e9d\u00e9nique d&rsquo;un espace qui fut souvent compar\u00e9 \u00e0 une oasis en pierre.<\/p>\n<p>&nbsp;<\/p>\n<p>De fait, divers \u00e9l\u00e9ments architectoniques renvoient \u00e0 cette id\u00e9e, des colonnes qui d\u00e9limitent la cour des Lions, similaires \u00e0 des palmiers, jusqu&rsquo;aux petits canaux, qui rappellent les ruisseaux d&rsquo;un verger, en passant par les kiosques de la galerie, semblables \u00e0 des tentes.<\/p>\n<p>&nbsp;<\/p>\n<h2>Le G\u00e9n\u00e9ralife<\/h2>\n<p><a href=\"https:\/\/qa-dosde.qamoon.es\/wp-content\/uploads\/2017\/02\/generalife-pabellon-norte-alhambra-de-granada-dosde-publishing.jpg\"><img loading=\"lazy\" decoding=\"async\" class=\"alignnone wp-image-486 size-full\" src=\"https:\/\/qa-dosde.qamoon.es\/wp-content\/uploads\/2017\/02\/generalife-pabellon-norte-alhambra-de-granada-dosde-publishing.jpg\" alt=\"Le g\u00e9n\u00e9ralife de l'Alhambra de Grenade\" width=\"900\" height=\"600\" \/><\/a><\/p>\n<p>&nbsp;<\/p>\n<p><strong>La construction de l&rsquo;enceinte du G\u00e9n\u00e9ralife commen\u00e7a probablement durant le dernier tiers du XIIIe si\u00e8cle sur l&rsquo;initiative de Mohammed II<\/strong>, fils du fondateur de la dynastie nasride. La propri\u00e9t\u00e9, agrandie \u00e0 plusieurs reprises \u00e0 l&rsquo;\u00e9poque musulmane, fut \u00e9tablie \u00e0 une distance raisonnable de l&rsquo;Alhambra, de telle sorte que le sultan pouvait b\u00e9n\u00e9ficier d&rsquo;une grande intimit\u00e9 mais \u00e9galement se d\u00e9placer rapidement jusqu&rsquo;\u00e0 la ville palatine au cas o\u00f9 sa pr\u00e9sence \u00e0 la cour \u00e9tait jug\u00e9e utile.<\/p>\n<p>&nbsp;<\/p>\n<p>\u00c9tant donn\u00e9 sa localisation g\u00e9ographique \u2013sur le versant d&rsquo;un mont\u2013 le G\u00e9n\u00e9ralife se structura en diverses terrasses, configuration qui permit de profiter davantage du paysage et des jeux de perspective.<\/p>\n<p>&nbsp;<\/p>\n<h2>Chambres chr\u00e9tiennes de l&rsquo;Alhambra<\/h2>\n<p>[metaslider id=1293]<\/p>\n<p>Apr\u00e8s dix ans de guerre, <strong>les Rois Catholiques conquirent en 1492 la ville de Grenade<\/strong>, mettant fin \u00e0 leur projet de mainmise sur tous les territoires de la p\u00e9ninsule Ib\u00e9rique autrefois sous l\u2019emprise des musulmans. Pour montrer leur estime envers le legs architectonique nasride, et dans l\u2019intention de laisser une trace ind\u00e9l\u00e9bile de leur victoire militaire, les monarques de Castille et d\u2019Aragon <strong>financ\u00e8rent une s\u00e9rie de r\u00e9novations architectoniques destin\u00e9es \u00e0 garantir la pr\u00e9servation de l\u2019Alhambra de Grenade<\/strong> qui avait subi de lourds dommages durant le si\u00e8ge auquel il avait \u00e9t\u00e9 soumis.<\/p>\n<p>&nbsp;<\/p>\n<p>Le petit-fils des Rois Catholiques, l\u2019empereur Charles Quint, fid\u00e8le \u00e0 son id\u00e9e de pr\u00e9server la ville palatine comme un symbole du pouvoir royal, fut plus ambitieux que ses pr\u00e9d\u00e9cesseurs et envisagea la construction d\u2019un nouveau palais destin\u00e9 \u00e0 devenir le si\u00e8ge de sa cour. Afin d\u2019accueillir le monarque pendant les travaux de sa future r\u00e9sidence, diverses d\u00e9pendances furent \u00e9difi\u00e9es entre 1528 et 1537 autour du palais de Comares et du palais des Lions, desservies par un couloir et donnant dans une cour de plan irr\u00e9gulier.<\/p>\n<p>&nbsp;<\/p>\n<h2>Palais de Charles Quint<\/h2>\n<p><a href=\"https:\/\/qa-dosde.qamoon.es\/wp-content\/uploads\/2017\/02\/fachada-palacio-carlos-v-alhambra-de-granada-dosde-publishing.jpg\"><img loading=\"lazy\" decoding=\"async\" class=\"alignnone wp-image-485 size-full\" src=\"https:\/\/qa-dosde.qamoon.es\/wp-content\/uploads\/2017\/02\/fachada-palacio-carlos-v-alhambra-de-granada-dosde-publishing.jpg\" alt=\"Palais de Charles Quint Alhambra de Grenade\" width=\"900\" height=\"600\" \/><\/a><\/p>\n<p>&nbsp;<\/p>\n<p>Initiateur de la Maison d\u2019Autriche en Espagne et artisan du plus grand empire de son \u00e9poque, Charles Quint eut un premier contact avec Grenade en 1526, alors qu\u2019il \u00e9tait en lune de miel dans la ville apr\u00e8s avoir \u00e9pous\u00e9 Isabelle de Portugal \u00e0 S\u00e9ville.<\/p>\n<p>&nbsp;<\/p>\n<p>Malgr\u00e9 le fait d\u2019avoir grandi aux Pays-Bas, <strong>le petit-fils des Rois Catholiques<\/strong> sut appr\u00e9cier rapidement l\u2019importance symbolique que l\u2019ancienne capitale du royaume nasride avait repr\u00e9sent\u00e9e aux yeux de la couronne espagnole et, \u00e9merveill\u00e9 par la beaut\u00e9 de l\u2019Alhambra, il <strong>d\u00e9cida de construire sa r\u00e9sidence dans la ville palatine<\/strong>, symbole de l\u2019unit\u00e9 religieuse \u00e0 une \u00e9poque marqu\u00e9e par les conflits avec les Ottomans et les divisions provoqu\u00e9es par la r\u00e9forme protestante.<\/p>\n<p>&nbsp;<\/p>\n<p><strong>La conception du palais de Charles Quint<\/strong> \u2013identifi\u00e9 sous le nom de Casa Real Nueva (nouvelle maison royale), par opposition \u00e0 la Casa Real Vieja (vieille maison royale), qui faisait r\u00e9f\u00e9rence aux constructions d\u2019origine musulmane, comme les palais nasrides\u2013 <strong>fut confi\u00e9e \u00e0 Pedro Machuca<\/strong>. Form\u00e9 en Italie aupr\u00e8s d\u2019artistes comme Michel-Ange, l\u2019architecte con\u00e7ut un \u00e9difice de style Renaissance d\u2019aspect monumental avec une cour circulaire int\u00e9gr\u00e9e dans un plan carr\u00e9.<\/p>\n<p>&nbsp;<\/p>\n<p>Financ\u00e9s gr\u00e2ce aux tributs des Maures, les travaux d\u00e9but\u00e8rent en 1527 mais furent interrompus par le d\u00e9c\u00e8s de Machuca alors que seule une partie de l\u2019ext\u00e9rieur avait \u00e9t\u00e9 construite. Charles Quint eut \u00e0 peine le temps de se soucier de l\u2019avancement des travaux en raison des conflits politiques et \u00e9conomiques auxquels il devait faire face. Les successeurs de l\u2019empereur laiss\u00e8rent languir le projet. Ce n\u2019est qu\u2019au XXe si\u00e8cle que les travaux en cours furent achev\u00e9s conf\u00e9rant au palais de Charles Quint sa nouvelle fonction de mus\u00e9e.<\/p>\n<p>&nbsp;<\/p>\n<h2>Le plus beau livre pour d\u00e9couvrir l\u2019Alhambra de Grenade<\/h2>\n<p>L\u2019Alhambra de Grenade constitue le t\u00e9moignage le plus pr\u00e9cieux de la pr\u00e9sence musulmane en p\u00e9ninsule Ib\u00e9rique. Les stucs, les plafonds \u00e0 caissons et les c\u00e9ramiques sont quelques-unes <strong>des caract\u00e9ristiques de l\u2019Alhambra<\/strong> qui t\u00e9moignent de la perfection de l\u2019architecture islamique.<\/p>\n<p>&nbsp;<\/p>\n<p>D\u00e9couvrez l\u2019Alhambra de Grenade avec <a href=\"https:\/\/www.dosde.com\/fr\/alhambra-grenade-ville-palatine-deluxe.html\">ce livre Deluxe<\/a> propose un circuit complet dans l\u2019Alhambra de Grenade <strong>avec plus de 500 photographies, illustrations et infographies en 3D<\/strong> qui permettront au lecteur de d\u00e9couvrir en d\u00e9tail tous les espaces de cet ensemble monumental.\u00a0\u00c9dit\u00e9 par <a href=\"https:\/\/www.dosde.com\/fr\/\">Dosde<\/a>, l\u2019ouvrage est un t\u00e9moignage visuel qui permet de d\u00e9couvrir en d\u00e9tail ce fascinant ensemble architectonique.<\/p>\n<p><a href=\"https:\/\/www.dosde.com\/fr\/alhambra-grenade-ville-palatine-deluxe.html\"><img loading=\"lazy\" decoding=\"async\" class=\"alignnone wp-image-1910 size-full\" src=\"https:\/\/qa-dosde.qamoon.es\/wp-content\/uploads\/2017\/02\/couverture-l-alhambra-de-grenade-livre-francais-edition-deluxe-dosde-publishing_978-84-9103-052-2_25-011-02_B12.jpg\" alt=\"Livre de l'Alhambra de Grenade Dosde \u00c9ditorial\" width=\"700\" height=\"345\" \/><\/a><\/p>\n","protected":false},"excerpt":{"rendered":"Qu\u2019est-ce que l\u2019Alhambra de Grenade\u00a0? Consid\u00e9r\u00e9 comme l\u2019un des monuments majeurs de l\u2019architecture hispano-mauresque, l\u2019Alhambra de Grenade est l\u2019unique ville palatine islamique qui a \u00e9t\u00e9 conserv\u00e9e pratiquement intacte jusqu\u2019\u00e0 nos jours. Du XIIIe au XVe si\u00e8cle, l\u2019Alhambra fut la r\u00e9sidence officielle des sultans nasrides qui encourag\u00e8rent la construction de nombreux palais et jardins pour y &#8230; <a title=\"L\u2019Alhambra de Grenade\" class=\"read-more\" href=\"https:\/\/pre.dosde.com\/fr\/lalhambra-de-grenade\/\" aria-label=\"En savoir plus sur L\u2019Alhambra de Grenade\">Lire la suite<\/a>","protected":false},"author":1,"featured_media":482,"comment_status":"open","ping_status":"open","sticky":false,"template":"","format":"standard","meta":{"_acf_changed":false,"footnotes":""},"categories":[86],"tags":[],"class_list":["post-1863","post","type-post","status-publish","format-standard","has-post-thumbnail","hentry","category-grenade"],"acf":[],"yoast_head":"<!-- This site is optimized with the Yoast SEO plugin v28.3 - https:\/\/yoast.com\/product\/yoast-seo-wordpress\/ -->\n<title>L\u2019Alhambra de Grenade - Dosde<\/title>\n<meta name=\"robots\" content=\"noindex, follow, max-snippet:-1, max-image-preview:large, max-video-preview:-1\" \/>\n<meta property=\"og:locale\" content=\"fr_FR\" \/>\n<meta property=\"og:type\" content=\"article\" \/>\n<meta property=\"og:title\" content=\"L\u2019Alhambra de Grenade - Dosde\" \/>\n<meta property=\"og:description\" content=\"Qu\u2019est-ce que l\u2019Alhambra de Grenade\u00a0? Consid\u00e9r\u00e9 comme l\u2019un des monuments majeurs de l\u2019architecture hispano-mauresque, l\u2019Alhambra de Grenade est l\u2019unique ville palatine islamique qui a \u00e9t\u00e9 conserv\u00e9e pratiquement intacte jusqu\u2019\u00e0 nos jours. Du XIIIe au XVe si\u00e8cle, l\u2019Alhambra fut la r\u00e9sidence officielle des sultans nasrides qui encourag\u00e8rent la construction de nombreux palais et jardins pour y ... Lire la suite\" \/>\n<meta property=\"og:url\" content=\"https:\/\/pre.dosde.com\/fr\/lalhambra-de-grenade\/\" \/>\n<meta property=\"og:site_name\" content=\"Dosde\" \/>\n<meta property=\"article:published_time\" content=\"2017-02-17T10:05:59+00:00\" \/>\n<meta property=\"article:modified_time\" content=\"2026-08-11T08:04:08+00:00\" \/>\n<meta name=\"author\" content=\"seocom\" \/>\n<meta name=\"twitter:card\" content=\"summary_large_image\" \/>\n<meta name=\"twitter:label1\" content=\"\u00c9crit par\" \/>\n\t<meta name=\"twitter:data1\" content=\"seocom\" \/>\n\t<meta name=\"twitter:label2\" content=\"Dur\u00e9e de lecture estim\u00e9e\" \/>\n\t<meta name=\"twitter:data2\" content=\"10 minutes\" \/>\n<script type=\"application\/ld+json\" class=\"yoast-schema-graph\">{\"@context\":\"https:\\\/\\\/schema.org\",\"@graph\":[{\"@type\":\"Article\",\"@id\":\"https:\\\/\\\/pre.dosde.com\\\/fr\\\/lalhambra-de-grenade\\\/#article\",\"isPartOf\":{\"@id\":\"https:\\\/\\\/pre.dosde.com\\\/fr\\\/lalhambra-de-grenade\\\/\"},\"author\":{\"name\":\"seocom\",\"@id\":\"https:\\\/\\\/pre.dosde.com\\\/fr\\\/#\\\/schema\\\/person\\\/9d33726ab714fecb297e38b515472088\"},\"headline\":\"L\u2019Alhambra de Grenade\",\"datePublished\":\"2017-02-17T10:05:59+00:00\",\"dateModified\":\"2026-08-11T08:04:08+00:00\",\"mainEntityOfPage\":{\"@id\":\"https:\\\/\\\/pre.dosde.com\\\/fr\\\/lalhambra-de-grenade\\\/\"},\"wordCount\":2007,\"commentCount\":0,\"publisher\":{\"@id\":\"https:\\\/\\\/pre.dosde.com\\\/fr\\\/#organization\"},\"image\":{\"@id\":\"https:\\\/\\\/pre.dosde.com\\\/fr\\\/lalhambra-de-grenade\\\/#primaryimage\"},\"thumbnailUrl\":\"\",\"articleSection\":[\"Grenade\"],\"inLanguage\":\"fr-FR\",\"potentialAction\":[{\"@type\":\"CommentAction\",\"name\":\"Comment\",\"target\":[\"https:\\\/\\\/pre.dosde.com\\\/fr\\\/lalhambra-de-grenade\\\/#respond\"]}]},{\"@type\":\"WebPage\",\"@id\":\"https:\\\/\\\/pre.dosde.com\\\/fr\\\/lalhambra-de-grenade\\\/\",\"url\":\"https:\\\/\\\/pre.dosde.com\\\/fr\\\/lalhambra-de-grenade\\\/\",\"name\":\"L\u2019Alhambra de Grenade - Dosde\",\"isPartOf\":{\"@id\":\"https:\\\/\\\/pre.dosde.com\\\/fr\\\/#website\"},\"primaryImageOfPage\":{\"@id\":\"https:\\\/\\\/pre.dosde.com\\\/fr\\\/lalhambra-de-grenade\\\/#primaryimage\"},\"image\":{\"@id\":\"https:\\\/\\\/pre.dosde.com\\\/fr\\\/lalhambra-de-grenade\\\/#primaryimage\"},\"thumbnailUrl\":\"\",\"datePublished\":\"2017-02-17T10:05:59+00:00\",\"dateModified\":\"2026-08-11T08:04:08+00:00\",\"breadcrumb\":{\"@id\":\"https:\\\/\\\/pre.dosde.com\\\/fr\\\/lalhambra-de-grenade\\\/#breadcrumb\"},\"inLanguage\":\"fr-FR\",\"potentialAction\":[{\"@type\":\"ReadAction\",\"target\":[\"https:\\\/\\\/pre.dosde.com\\\/fr\\\/lalhambra-de-grenade\\\/\"]}]},{\"@type\":\"ImageObject\",\"inLanguage\":\"fr-FR\",\"@id\":\"https:\\\/\\\/pre.dosde.com\\\/fr\\\/lalhambra-de-grenade\\\/#primaryimage\",\"url\":\"\",\"contentUrl\":\"\"},{\"@type\":\"BreadcrumbList\",\"@id\":\"https:\\\/\\\/pre.dosde.com\\\/fr\\\/lalhambra-de-grenade\\\/#breadcrumb\",\"itemListElement\":[{\"@type\":\"ListItem\",\"position\":1,\"name\":\"Home\",\"item\":\"https:\\\/\\\/pre.dosde.com\\\/fr\\\/\"},{\"@type\":\"ListItem\",\"position\":2,\"name\":\"L\u2019Alhambra de Grenade\"}]},{\"@type\":\"WebSite\",\"@id\":\"https:\\\/\\\/pre.dosde.com\\\/fr\\\/#website\",\"url\":\"https:\\\/\\\/pre.dosde.com\\\/fr\\\/\",\"name\":\"Dosde\",\"description\":\"\",\"publisher\":{\"@id\":\"https:\\\/\\\/pre.dosde.com\\\/fr\\\/#organization\"},\"potentialAction\":[{\"@type\":\"SearchAction\",\"target\":{\"@type\":\"EntryPoint\",\"urlTemplate\":\"https:\\\/\\\/pre.dosde.com\\\/fr\\\/?s={search_term_string}\"},\"query-input\":{\"@type\":\"PropertyValueSpecification\",\"valueRequired\":true,\"valueName\":\"search_term_string\"}}],\"inLanguage\":\"fr-FR\"},{\"@type\":\"Organization\",\"@id\":\"https:\\\/\\\/pre.dosde.com\\\/fr\\\/#organization\",\"name\":\"Dosde\",\"url\":\"https:\\\/\\\/pre.dosde.com\\\/fr\\\/\",\"logo\":{\"@type\":\"ImageObject\",\"inLanguage\":\"fr-FR\",\"@id\":\"https:\\\/\\\/pre.dosde.com\\\/fr\\\/#\\\/schema\\\/logo\\\/image\\\/\",\"url\":\"https:\\\/\\\/pre.dosde.com\\\/wp-content\\\/uploads\\\/2026\\\/06\\\/Logo.webp\",\"contentUrl\":\"https:\\\/\\\/pre.dosde.com\\\/wp-content\\\/uploads\\\/2026\\\/06\\\/Logo.webp\",\"width\":248,\"height\":80,\"caption\":\"Dosde\"},\"image\":{\"@id\":\"https:\\\/\\\/pre.dosde.com\\\/fr\\\/#\\\/schema\\\/logo\\\/image\\\/\"}},{\"@type\":\"Person\",\"@id\":\"https:\\\/\\\/pre.dosde.com\\\/fr\\\/#\\\/schema\\\/person\\\/9d33726ab714fecb297e38b515472088\",\"name\":\"seocom\",\"image\":{\"@type\":\"ImageObject\",\"inLanguage\":\"fr-FR\",\"@id\":\"https:\\\/\\\/secure.gravatar.com\\\/avatar\\\/741433ce07ba5c431e994c0ec0272d414a5d1a9dafeb02666111e6f2eb1c0ed2?s=96&d=mm&r=g\",\"url\":\"https:\\\/\\\/secure.gravatar.com\\\/avatar\\\/741433ce07ba5c431e994c0ec0272d414a5d1a9dafeb02666111e6f2eb1c0ed2?s=96&d=mm&r=g\",\"contentUrl\":\"https:\\\/\\\/secure.gravatar.com\\\/avatar\\\/741433ce07ba5c431e994c0ec0272d414a5d1a9dafeb02666111e6f2eb1c0ed2?s=96&d=mm&r=g\",\"caption\":\"seocom\"},\"sameAs\":[\"http:\\\/\\\/qa-dosde.qamoon.es\"],\"url\":\"https:\\\/\\\/pre.dosde.com\\\/fr\\\/author\\\/seocom\\\/\"}]}<\/script>\n<!-- \/ Yoast SEO plugin. -->","yoast_head_json":{"title":"L\u2019Alhambra de Grenade - Dosde","robots":{"index":"noindex","follow":"follow","max-snippet":"max-snippet:-1","max-image-preview":"max-image-preview:large","max-video-preview":"max-video-preview:-1"},"og_locale":"fr_FR","og_type":"article","og_title":"L\u2019Alhambra de Grenade - Dosde","og_description":"Qu\u2019est-ce que l\u2019Alhambra de Grenade\u00a0? Consid\u00e9r\u00e9 comme l\u2019un des monuments majeurs de l\u2019architecture hispano-mauresque, l\u2019Alhambra de Grenade est l\u2019unique ville palatine islamique qui a \u00e9t\u00e9 conserv\u00e9e pratiquement intacte jusqu\u2019\u00e0 nos jours. Du XIIIe au XVe si\u00e8cle, l\u2019Alhambra fut la r\u00e9sidence officielle des sultans nasrides qui encourag\u00e8rent la construction de nombreux palais et jardins pour y ... Lire la suite","og_url":"https:\/\/pre.dosde.com\/fr\/lalhambra-de-grenade\/","og_site_name":"Dosde","article_published_time":"2017-02-17T10:05:59+00:00","article_modified_time":"2026-08-11T08:04:08+00:00","author":"seocom","twitter_card":"summary_large_image","twitter_misc":{"\u00c9crit par":"seocom","Dur\u00e9e de lecture estim\u00e9e":"10 minutes"},"schema":{"@context":"https:\/\/schema.org","@graph":[{"@type":"Article","@id":"https:\/\/pre.dosde.com\/fr\/lalhambra-de-grenade\/#article","isPartOf":{"@id":"https:\/\/pre.dosde.com\/fr\/lalhambra-de-grenade\/"},"author":{"name":"seocom","@id":"https:\/\/pre.dosde.com\/fr\/#\/schema\/person\/9d33726ab714fecb297e38b515472088"},"headline":"L\u2019Alhambra de Grenade","datePublished":"2017-02-17T10:05:59+00:00","dateModified":"2026-08-11T08:04:08+00:00","mainEntityOfPage":{"@id":"https:\/\/pre.dosde.com\/fr\/lalhambra-de-grenade\/"},"wordCount":2007,"commentCount":0,"publisher":{"@id":"https:\/\/pre.dosde.com\/fr\/#organization"},"image":{"@id":"https:\/\/pre.dosde.com\/fr\/lalhambra-de-grenade\/#primaryimage"},"thumbnailUrl":"","articleSection":["Grenade"],"inLanguage":"fr-FR","potentialAction":[{"@type":"CommentAction","name":"Comment","target":["https:\/\/pre.dosde.com\/fr\/lalhambra-de-grenade\/#respond"]}]},{"@type":"WebPage","@id":"https:\/\/pre.dosde.com\/fr\/lalhambra-de-grenade\/","url":"https:\/\/pre.dosde.com\/fr\/lalhambra-de-grenade\/","name":"L\u2019Alhambra de Grenade - Dosde","isPartOf":{"@id":"https:\/\/pre.dosde.com\/fr\/#website"},"primaryImageOfPage":{"@id":"https:\/\/pre.dosde.com\/fr\/lalhambra-de-grenade\/#primaryimage"},"image":{"@id":"https:\/\/pre.dosde.com\/fr\/lalhambra-de-grenade\/#primaryimage"},"thumbnailUrl":"","datePublished":"2017-02-17T10:05:59+00:00","dateModified":"2026-08-11T08:04:08+00:00","breadcrumb":{"@id":"https:\/\/pre.dosde.com\/fr\/lalhambra-de-grenade\/#breadcrumb"},"inLanguage":"fr-FR","potentialAction":[{"@type":"ReadAction","target":["https:\/\/pre.dosde.com\/fr\/lalhambra-de-grenade\/"]}]},{"@type":"ImageObject","inLanguage":"fr-FR","@id":"https:\/\/pre.dosde.com\/fr\/lalhambra-de-grenade\/#primaryimage","url":"","contentUrl":""},{"@type":"BreadcrumbList","@id":"https:\/\/pre.dosde.com\/fr\/lalhambra-de-grenade\/#breadcrumb","itemListElement":[{"@type":"ListItem","position":1,"name":"Home","item":"https:\/\/pre.dosde.com\/fr\/"},{"@type":"ListItem","position":2,"name":"L\u2019Alhambra de Grenade"}]},{"@type":"WebSite","@id":"https:\/\/pre.dosde.com\/fr\/#website","url":"https:\/\/pre.dosde.com\/fr\/","name":"Dosde","description":"","publisher":{"@id":"https:\/\/pre.dosde.com\/fr\/#organization"},"potentialAction":[{"@type":"SearchAction","target":{"@type":"EntryPoint","urlTemplate":"https:\/\/pre.dosde.com\/fr\/?s={search_term_string}"},"query-input":{"@type":"PropertyValueSpecification","valueRequired":true,"valueName":"search_term_string"}}],"inLanguage":"fr-FR"},{"@type":"Organization","@id":"https:\/\/pre.dosde.com\/fr\/#organization","name":"Dosde","url":"https:\/\/pre.dosde.com\/fr\/","logo":{"@type":"ImageObject","inLanguage":"fr-FR","@id":"https:\/\/pre.dosde.com\/fr\/#\/schema\/logo\/image\/","url":"https:\/\/pre.dosde.com\/wp-content\/uploads\/2026\/06\/Logo.webp","contentUrl":"https:\/\/pre.dosde.com\/wp-content\/uploads\/2026\/06\/Logo.webp","width":248,"height":80,"caption":"Dosde"},"image":{"@id":"https:\/\/pre.dosde.com\/fr\/#\/schema\/logo\/image\/"}},{"@type":"Person","@id":"https:\/\/pre.dosde.com\/fr\/#\/schema\/person\/9d33726ab714fecb297e38b515472088","name":"seocom","image":{"@type":"ImageObject","inLanguage":"fr-FR","@id":"https:\/\/secure.gravatar.com\/avatar\/741433ce07ba5c431e994c0ec0272d414a5d1a9dafeb02666111e6f2eb1c0ed2?s=96&d=mm&r=g","url":"https:\/\/secure.gravatar.com\/avatar\/741433ce07ba5c431e994c0ec0272d414a5d1a9dafeb02666111e6f2eb1c0ed2?s=96&d=mm&r=g","contentUrl":"https:\/\/secure.gravatar.com\/avatar\/741433ce07ba5c431e994c0ec0272d414a5d1a9dafeb02666111e6f2eb1c0ed2?s=96&d=mm&r=g","caption":"seocom"},"sameAs":["http:\/\/qa-dosde.qamoon.es"],"url":"https:\/\/pre.dosde.com\/fr\/author\/seocom\/"}]}},"_links":{"self":[{"href":"https:\/\/pre.dosde.com\/fr\/wp-json\/wp\/v2\/posts\/1863","targetHints":{"allow":["GET"]}}],"collection":[{"href":"https:\/\/pre.dosde.com\/fr\/wp-json\/wp\/v2\/posts"}],"about":[{"href":"https:\/\/pre.dosde.com\/fr\/wp-json\/wp\/v2\/types\/post"}],"author":[{"embeddable":true,"href":"https:\/\/pre.dosde.com\/fr\/wp-json\/wp\/v2\/users\/1"}],"replies":[{"embeddable":true,"href":"https:\/\/pre.dosde.com\/fr\/wp-json\/wp\/v2\/comments?post=1863"}],"version-history":[{"count":1,"href":"https:\/\/pre.dosde.com\/fr\/wp-json\/wp\/v2\/posts\/1863\/revisions"}],"predecessor-version":[{"id":3695,"href":"https:\/\/pre.dosde.com\/fr\/wp-json\/wp\/v2\/posts\/1863\/revisions\/3695"}],"wp:attachment":[{"href":"https:\/\/pre.dosde.com\/fr\/wp-json\/wp\/v2\/media?parent=1863"}],"wp:term":[{"taxonomy":"category","embeddable":true,"href":"https:\/\/pre.dosde.com\/fr\/wp-json\/wp\/v2\/categories?post=1863"},{"taxonomy":"post_tag","embeddable":true,"href":"https:\/\/pre.dosde.com\/fr\/wp-json\/wp\/v2\/tags?post=1863"}],"curies":[{"name":"wp","href":"https:\/\/api.w.org\/{rel}","templated":true}]}}