{"id":1866,"date":"2017-02-17T11:10:26","date_gmt":"2017-02-17T11:10:26","guid":{"rendered":"https:\/\/www.dosde.com\/blog\/?p=166\/"},"modified":"2026-08-11T08:03:55","modified_gmt":"2026-08-11T08:03:55","slug":"les-oeuvres-dantoni-gaudi","status":"publish","type":"post","link":"https:\/\/pre.dosde.com\/fr\/les-oeuvres-dantoni-gaudi\/","title":{"rendered":"Les \u0153uvres d\u2019Antoni Gaud\u00ed"},"content":{"rendered":"<h2>Antoni Gaud\u00ed, un architecte en constante \u00e9volution<\/h2>\n<p>N\u00e9 en 1852 \u00e0 Reus (Tarragone), <strong>Antoni Gaud\u00ed<\/strong> i Cornet est consid\u00e9r\u00e9 comme<strong> le repr\u00e9sentant majeur du modernisme catalan<\/strong> et l\u2019un des pionniers du mouvement Art Nouveau en Europe, malgr\u00e9 son architecture \u00e9volutive marqu\u00e9e par un style tr\u00e8s personnel qu\u2019il est bien difficile de classer.<\/p>\n<p>&nbsp;<\/p>\n<p>Il a utilis\u00e9 pour <a href=\"https:\/\/www.dosde.com\/fr\/livres\/antoni-gaudi.html\">chacune de ses \u0153uvres<\/a> des ressources r\u00e9volutionnaires qui sont \u00e0 l\u2019origine des innovations formelles et structurelles mondialement utilis\u00e9es dans l\u2019architecture du XX<sup>e<\/sup> si\u00e8cle.<\/p>\n<p>&nbsp;<\/p>\n<h2>Les \u0153uvres de Gaud\u00ed de style \u00e9clectique<\/h2>\n<p>[metaslider id=1318]<\/p>\n<p>Au d\u00e9but de sa trajectoire professionnelle, <strong>Antoni Gaud\u00ed fut tr\u00e8s influenc\u00e9 par le style \u00e9clectique<\/strong>, comme le prouvent ses premi\u00e8res commandes d\u2019envergure. Dans la Casa Vicens, l\u2019architecte incorpore de fa\u00e7on imaginative de nombreux d\u00e9tails relevant de l\u2019art oriental comme la c\u00e9ramique verniss\u00e9e et les motifs d\u00e9coratifs naturalistes et g\u00e9om\u00e9triques.<\/p>\n<p>&nbsp;<\/p>\n<p>Contemporaine de la Casa Vicens, la maison de campagne <strong>Le Caprice est une nouvelle exhibition d\u2019orientalisme<\/strong> de la part de Gaud\u00ed qui utilise des azulejos polychromes pour colorer l\u2019\u00e9difice et s\u2019inspire des minarets des mosqu\u00e9es pour la svelte tour-mirador. Le dernier grand projet \u00e9clectique fut les pavillons de la propri\u00e9t\u00e9 G\u00fcell, dont la d\u00e9licate d\u00e9coration ext\u00e9rieure renvoie \u00e0 l\u2019artisanat mud\u00e9jar. \u00c0 l\u2019int\u00e9rieur, l&#8217;emploi des arcs cat\u00e9naires et des coupoles hyperbolo\u00efdes constitue un indice de<strong> l\u2019\u00e9volution stylistique de l\u2019architecte qui commence \u00e0 d\u00e9finir un langage personnel<\/strong> de plus en plus \u00e9loign\u00e9 de l\u2019orthodoxie.<\/p>\n<p>&nbsp;<\/p>\n<h2>La r\u00e9surgence de la splendeur m\u00e9di\u00e9vale<\/h2>\n<p>[metaslider id=1319]<\/p>\n<p><strong>Les ann\u00e9es de formation<\/strong> d\u2019Antoni Gaud\u00ed furent <strong>marqu\u00e9es \u00e9galement par l\u2019essor de l\u2019architecture n\u00e9ogothique<\/strong>, une tendance qui permit d\u2019\u00e9voquer l\u2019\u00e9tape la plus prosp\u00e8re de l\u2019histoire de la Catalogne. Des institutions comme l\u2019\u00c9cole provinciale d\u2019architecture de Barcelone revendiqu\u00e8rent l\u2019\u00e9tude des formes et structures m\u00e9di\u00e9vales et les projets relevant de l\u2019historicisme imitant l\u2019aspect des grandes cath\u00e9drales et des ch\u00e2teaux commenc\u00e8rent \u00e0 prolif\u00e9rer sur tout le territoire.<\/p>\n<p>&nbsp;<\/p>\n<p>De cette fa\u00e7on, Gaud\u00ed \u2013qui parvint \u00e0 travailler comme dessinateur pour le grand repr\u00e9sentant du n\u00e9ogothique catalan, Joan Martorell\u2013 <strong>assuma tout naturellement ce langage de construction et l\u2019incorpora aux commandes les plus remarquables<\/strong> qu\u2019il re\u00e7ut \u00e0 la fin du XIX<sup>e<\/sup> si\u00e8cle, du palais G\u00fcell \u2013o\u00f9 il utilisa encore une grande vari\u00e9t\u00e9 de d\u00e9tails d\u2019inspiration orientale\u2013 \u00e0 la r\u00e9sidence Bellesguard, en passant par le palais \u00e9piscopal d\u2019Astorga, le coll\u00e8ge des Th\u00e9r\u00e9siennes, la Casa Botines et les caves G\u00fcell.<\/p>\n<p>&nbsp;<\/p>\n<p>\u00c0 travers une exp\u00e9rimentation constante, Gaud\u00ed peaufina son style n\u00e9ogothique, laissant de c\u00f4t\u00e9 les aspects formalistes pour \u00e9voluer vers une architecture int\u00e9grale o\u00f9 chaque \u00e9l\u00e9ment s\u2019adapte \u00e0 sa fonction et o\u00f9 les structures sont pens\u00e9es pour atteindre l\u2019\u00e9quilibre \u00e0 un co\u00fbt et \u00e0 un effort moindres. Cette vision originale lui permit de se d\u00e9marquer des autres architectes et de jeter les bases des ressources techniques qu\u2019il d\u00e9velopperait des ann\u00e9es plus tard.<\/p>\n<p>&nbsp;<\/p>\n<p><a href=\"https:\/\/www.dosde.com\/fr\/livres\/antoni-gaudi.html\"><img loading=\"lazy\" decoding=\"async\" class=\"aligncenter wp-image-3641 size-full\" src=\"https:\/\/qa-dosde.qamoon.es\/wp-content\/uploads\/2017\/02\/Boton-descubrir-mas-FR.png\" alt=\"\" width=\"250\" height=\"56\" \/><\/a><\/p>\n<p>&nbsp;<\/p>\n<h2>Style naturaliste dans les \u0153uvres de Gaud\u00ed<\/h2>\n<p>[metaslider id=1320]<\/p>\n<p><strong>Durant ses ann\u00e9es de maturit\u00e9<\/strong> professionnelle et personnelle, Antoni Gaud\u00ed se d\u00e9tacha progressivement des influences historicistes pour <strong>chercher l\u2019inspiration dans la nature<\/strong>, qu\u2019il d\u00e9finit comme \u00ab\u00a0un grand livre, toujours ouvert, qu\u2019il faut s\u2019efforcer de lire\u00a0\u00bb. En cons\u00e9quence de quoi, l\u2019architecte \u00e9tudia consciencieusement l\u2019environnement naturel dans le but de d\u00e9couvrir des solutions mieux adapt\u00e9es \u00e0 ses nouveaux projets.<\/p>\n<p>&nbsp;<\/p>\n<p>Il en d\u00e9duisit principalement que les formes existantes dans l<strong>a nature se structurent g\u00e9n\u00e9ralement \u00e0 partir de courbes<\/strong> et pr\u00e9sentent rarement les lignes droites qui pr\u00e9dominent dans les constructions d\u2019origine humaine. En m\u00eame temps, l\u2019analyse des animaux et des plantes lui permit de conclure que la beaut\u00e9 est toujours le r\u00e9sultat de la recherche de la fonctionnalit\u00e9, c\u2019est-\u00e0-dire que l\u2019architecture doit \u00e9galement suivre cette voie pour ne pas devenir un simple travail d\u2019esth\u00e9tique.<\/p>\n<p>&nbsp;<\/p>\n<p>La <strong>Casa Calvet<\/strong>, termin\u00e9e en 1899, fut l\u2019une <strong>des premi\u00e8res \u0153uvres \u00e0 refl\u00e9ter cette transition de Gaud\u00ed vers un style naturaliste<\/strong> qui atteignit son apog\u00e9e peu de temps apr\u00e8s dans des projets comme la crypte de la colonie G\u00fcell, la Casa Batll\u00f3, le Park G\u00fcell et La Pedrera, o\u00f9 la pr\u00e9\u00e9minence des lignes courbes et la fusion d\u2019\u00e9l\u00e9ments structuraux et d\u00e9coratifs donn\u00e8rent lieu \u00e0 une architecture \u00e0 l\u2019aspect pleinement organique qui d\u00e9passait toutes les conventions de l\u2019\u00e9poque.<\/p>\n<p>&nbsp;<\/p>\n<h2>Style d\u00e9finitif de Gaud\u00ed<\/h2>\n<p><a href=\"https:\/\/qa-dosde.qamoon.es\/wp-content\/uploads\/2017\/02\/sagrada-familia-antoni-gaudi-arquitectura-dosde-publishing.jpg\"><img loading=\"lazy\" decoding=\"async\" class=\"alignnone wp-image-964 size-full\" src=\"https:\/\/qa-dosde.qamoon.es\/wp-content\/uploads\/2017\/02\/sagrada-familia-antoni-gaudi-arquitectura-dosde-publishing.jpg\" alt=\"Fa\u00e7ade de la Nativit\u00e9 de la Sagrada Familia Antoni Gaud\u00ed\" width=\"900\" height=\"600\" \/><\/a><\/p>\n<p>&nbsp;<\/p>\n<p><strong>L&rsquo;\u00e9volution artistique<\/strong> d&rsquo;Antoni Gaud\u00ed se manifeste compl\u00e8tement dans <strong>la Sagrada Familia, l&rsquo;\u0153uvre \u00e0 laquelle il consacra 43 ans de sa carri\u00e8re<\/strong> \u2013dont 12 de fa\u00e7on exclusive\u2013 et \u00e0 travers laquelle il put perfectionner toutes les techniques d\u00e9velopp\u00e9es tout au long de sa trajectoire professionnelle. La construction du temple d\u00e9buta en 1882 dans le quartier de l&rsquo;Eixample de Barcelone, sur l&rsquo;initiative du libraire et philanthrope Josep Maria Bocabella et sous la direction de l&rsquo;architecte Francisco de Paula del Villar ; ce dernier d\u00e9missionna \u00e0 peine un an plus tard en raison de diff\u00e9rends.<\/p>\n<p>&nbsp;<\/p>\n<p>Gaud\u00ed, qui \u00e0 cette \u00e9poque commen\u00e7ait la Casa Vicens, fut alors choisi pour diriger les travaux, une t\u00e2che qu\u2019il assuma en toute confiance. Apr\u00e8s avoir introduit de subtiles modifications dans la crypte \u2013commenc\u00e9e avant son arriv\u00e9e\u2013, <strong>l\u2019architecte modifia radicalement le projet original pour concevoir un temple monumental<\/strong> \u00e0 cinq nefs compos\u00e9 d\u2019une crois\u00e9e, d\u2019une abside, d\u2019un d\u00e9ambulatoire ext\u00e9rieur en guise de clo\u00eetre, de trois fa\u00e7ades et de 18 tours.<\/p>\n<p>&nbsp;<\/p>\n<p>Dans cet immense ensemble de construction, Gaud\u00ed pensa inclure tous les \u00e9l\u00e9ments symboliques du christianisme afin d\u2019adapter compl\u00e8tement la Sagrada Familia \u00e0 la c\u00e9l\u00e9bration de rites liturgiques. <strong>La construction du temple parfait devint le grand projet de l\u2019architecte<\/strong>, qui consacra sa vie \u00e0 la recherche de solutions qui lui permettraient de d\u00e9passer les limites du style gothique et de concr\u00e9tiser ses id\u00e9es r\u00e9volutionnaires.<\/p>\n<p>&nbsp;<\/p>\n<h2>Toutes les \u0153uvres de Gaud\u00ed r\u00e9unies dans un livre<\/h2>\n<p>Avec plus de 750 photos,\u00a0<a href=\"https:\/\/www.dosde.com\/fr\/gaudi-ensemble-oeuvres-architecte-visuelle.html\">ce libre visuel<\/a>\u00a0vous fera d\u00e9couvrir toute l\u2019\u0152uvre d\u2019Antoni Gaud\u00ed. Il aborde toutes les \u0153uvres de l\u2019architecte,\u00a0de ses projets les plus embl\u00e9matiques \u00e0 ceux moins connus, et les analyse une \u00e0 une.\u00a0<strong>Indispensable pour tout savoir sur Gaud\u00ed.<\/strong><\/p>\n<p><a href=\"https:\/\/www.dosde.com\/fr\/gaudi-ensemble-oeuvres-architecte-visuelle.html\"><img loading=\"lazy\" decoding=\"async\" class=\"alignnone wp-image-1845 size-full\" src=\"https:\/\/qa-dosde.qamoon.es\/wp-content\/uploads\/2017\/02\/couverture-antoni-gaudi-livre-francais-dosde-publishing_978-84-96783-86-7_20-011-02_B14.jpg\" alt=\"LIvre l'ensemble des oeuvres de la Sagrada Familia Dosde \u00c9ditorial\" width=\"700\" height=\"388\" \/><\/a><\/p>\n","protected":false},"excerpt":{"rendered":"Antoni Gaud\u00ed, un architecte en constante \u00e9volution N\u00e9 en 1852 \u00e0 Reus (Tarragone), Antoni Gaud\u00ed i Cornet est consid\u00e9r\u00e9 comme le repr\u00e9sentant majeur du modernisme catalan et l\u2019un des pionniers du mouvement Art Nouveau en Europe, malgr\u00e9 son architecture \u00e9volutive marqu\u00e9e par un style tr\u00e8s personnel qu\u2019il est bien difficile de classer. &nbsp; Il a &#8230; <a title=\"Les \u0153uvres d\u2019Antoni Gaud\u00ed\" class=\"read-more\" href=\"https:\/\/pre.dosde.com\/fr\/les-oeuvres-dantoni-gaudi\/\" aria-label=\"En savoir plus sur Les \u0153uvres d\u2019Antoni Gaud\u00ed\">Lire la suite<\/a>","protected":false},"author":1,"featured_media":921,"comment_status":"open","ping_status":"open","sticky":false,"template":"","format":"standard","meta":{"_acf_changed":false,"footnotes":""},"categories":[68],"tags":[],"class_list":["post-1866","post","type-post","status-publish","format-standard","has-post-thumbnail","hentry","category-gaudi"],"acf":[],"yoast_head":"<!-- This site is optimized with the Yoast SEO plugin v28.3 - https:\/\/yoast.com\/product\/yoast-seo-wordpress\/ -->\n<title>Les \u0153uvres d\u2019Antoni Gaud\u00ed - Dosde<\/title>\n<meta name=\"robots\" content=\"noindex, follow, max-snippet:-1, max-image-preview:large, max-video-preview:-1\" \/>\n<meta property=\"og:locale\" content=\"fr_FR\" \/>\n<meta property=\"og:type\" content=\"article\" \/>\n<meta property=\"og:title\" content=\"Les \u0153uvres d\u2019Antoni Gaud\u00ed - Dosde\" \/>\n<meta property=\"og:description\" content=\"Antoni Gaud\u00ed, un architecte en constante \u00e9volution N\u00e9 en 1852 \u00e0 Reus (Tarragone), Antoni Gaud\u00ed i Cornet est consid\u00e9r\u00e9 comme le repr\u00e9sentant majeur du modernisme catalan et l\u2019un des pionniers du mouvement Art Nouveau en Europe, malgr\u00e9 son architecture \u00e9volutive marqu\u00e9e par un style tr\u00e8s personnel qu\u2019il est bien difficile de classer. &nbsp; Il a ... Lire la suite\" \/>\n<meta property=\"og:url\" content=\"https:\/\/pre.dosde.com\/fr\/les-oeuvres-dantoni-gaudi\/\" \/>\n<meta property=\"og:site_name\" content=\"Dosde\" \/>\n<meta property=\"article:published_time\" content=\"2017-02-17T11:10:26+00:00\" \/>\n<meta property=\"article:modified_time\" content=\"2026-08-11T08:03:55+00:00\" \/>\n<meta name=\"author\" content=\"seocom\" \/>\n<meta name=\"twitter:card\" content=\"summary_large_image\" \/>\n<meta name=\"twitter:label1\" content=\"\u00c9crit par\" \/>\n\t<meta name=\"twitter:data1\" content=\"seocom\" \/>\n\t<meta name=\"twitter:label2\" content=\"Dur\u00e9e de lecture estim\u00e9e\" \/>\n\t<meta name=\"twitter:data2\" content=\"6 minutes\" \/>\n<script type=\"application\/ld+json\" class=\"yoast-schema-graph\">{\"@context\":\"https:\\\/\\\/schema.org\",\"@graph\":[{\"@type\":\"Article\",\"@id\":\"https:\\\/\\\/pre.dosde.com\\\/fr\\\/les-oeuvres-dantoni-gaudi\\\/#article\",\"isPartOf\":{\"@id\":\"https:\\\/\\\/pre.dosde.com\\\/fr\\\/les-oeuvres-dantoni-gaudi\\\/\"},\"author\":{\"name\":\"seocom\",\"@id\":\"https:\\\/\\\/pre.dosde.com\\\/fr\\\/#\\\/schema\\\/person\\\/9d33726ab714fecb297e38b515472088\"},\"headline\":\"Les \u0153uvres d\u2019Antoni Gaud\u00ed\",\"datePublished\":\"2017-02-17T11:10:26+00:00\",\"dateModified\":\"2026-08-11T08:03:55+00:00\",\"mainEntityOfPage\":{\"@id\":\"https:\\\/\\\/pre.dosde.com\\\/fr\\\/les-oeuvres-dantoni-gaudi\\\/\"},\"wordCount\":1118,\"commentCount\":0,\"publisher\":{\"@id\":\"https:\\\/\\\/pre.dosde.com\\\/fr\\\/#organization\"},\"image\":{\"@id\":\"https:\\\/\\\/pre.dosde.com\\\/fr\\\/les-oeuvres-dantoni-gaudi\\\/#primaryimage\"},\"thumbnailUrl\":\"\",\"articleSection\":[\"Gaud\u00ed\"],\"inLanguage\":\"fr-FR\",\"potentialAction\":[{\"@type\":\"CommentAction\",\"name\":\"Comment\",\"target\":[\"https:\\\/\\\/pre.dosde.com\\\/fr\\\/les-oeuvres-dantoni-gaudi\\\/#respond\"]}]},{\"@type\":\"WebPage\",\"@id\":\"https:\\\/\\\/pre.dosde.com\\\/fr\\\/les-oeuvres-dantoni-gaudi\\\/\",\"url\":\"https:\\\/\\\/pre.dosde.com\\\/fr\\\/les-oeuvres-dantoni-gaudi\\\/\",\"name\":\"Les \u0153uvres d\u2019Antoni Gaud\u00ed - Dosde\",\"isPartOf\":{\"@id\":\"https:\\\/\\\/pre.dosde.com\\\/fr\\\/#website\"},\"primaryImageOfPage\":{\"@id\":\"https:\\\/\\\/pre.dosde.com\\\/fr\\\/les-oeuvres-dantoni-gaudi\\\/#primaryimage\"},\"image\":{\"@id\":\"https:\\\/\\\/pre.dosde.com\\\/fr\\\/les-oeuvres-dantoni-gaudi\\\/#primaryimage\"},\"thumbnailUrl\":\"\",\"datePublished\":\"2017-02-17T11:10:26+00:00\",\"dateModified\":\"2026-08-11T08:03:55+00:00\",\"breadcrumb\":{\"@id\":\"https:\\\/\\\/pre.dosde.com\\\/fr\\\/les-oeuvres-dantoni-gaudi\\\/#breadcrumb\"},\"inLanguage\":\"fr-FR\",\"potentialAction\":[{\"@type\":\"ReadAction\",\"target\":[\"https:\\\/\\\/pre.dosde.com\\\/fr\\\/les-oeuvres-dantoni-gaudi\\\/\"]}]},{\"@type\":\"ImageObject\",\"inLanguage\":\"fr-FR\",\"@id\":\"https:\\\/\\\/pre.dosde.com\\\/fr\\\/les-oeuvres-dantoni-gaudi\\\/#primaryimage\",\"url\":\"\",\"contentUrl\":\"\"},{\"@type\":\"BreadcrumbList\",\"@id\":\"https:\\\/\\\/pre.dosde.com\\\/fr\\\/les-oeuvres-dantoni-gaudi\\\/#breadcrumb\",\"itemListElement\":[{\"@type\":\"ListItem\",\"position\":1,\"name\":\"Home\",\"item\":\"https:\\\/\\\/pre.dosde.com\\\/fr\\\/\"},{\"@type\":\"ListItem\",\"position\":2,\"name\":\"Les \u0153uvres d\u2019Antoni Gaud\u00ed\"}]},{\"@type\":\"WebSite\",\"@id\":\"https:\\\/\\\/pre.dosde.com\\\/fr\\\/#website\",\"url\":\"https:\\\/\\\/pre.dosde.com\\\/fr\\\/\",\"name\":\"Dosde\",\"description\":\"\",\"publisher\":{\"@id\":\"https:\\\/\\\/pre.dosde.com\\\/fr\\\/#organization\"},\"potentialAction\":[{\"@type\":\"SearchAction\",\"target\":{\"@type\":\"EntryPoint\",\"urlTemplate\":\"https:\\\/\\\/pre.dosde.com\\\/fr\\\/?s={search_term_string}\"},\"query-input\":{\"@type\":\"PropertyValueSpecification\",\"valueRequired\":true,\"valueName\":\"search_term_string\"}}],\"inLanguage\":\"fr-FR\"},{\"@type\":\"Organization\",\"@id\":\"https:\\\/\\\/pre.dosde.com\\\/fr\\\/#organization\",\"name\":\"Dosde\",\"url\":\"https:\\\/\\\/pre.dosde.com\\\/fr\\\/\",\"logo\":{\"@type\":\"ImageObject\",\"inLanguage\":\"fr-FR\",\"@id\":\"https:\\\/\\\/pre.dosde.com\\\/fr\\\/#\\\/schema\\\/logo\\\/image\\\/\",\"url\":\"https:\\\/\\\/pre.dosde.com\\\/wp-content\\\/uploads\\\/2026\\\/06\\\/Logo.webp\",\"contentUrl\":\"https:\\\/\\\/pre.dosde.com\\\/wp-content\\\/uploads\\\/2026\\\/06\\\/Logo.webp\",\"width\":248,\"height\":80,\"caption\":\"Dosde\"},\"image\":{\"@id\":\"https:\\\/\\\/pre.dosde.com\\\/fr\\\/#\\\/schema\\\/logo\\\/image\\\/\"}},{\"@type\":\"Person\",\"@id\":\"https:\\\/\\\/pre.dosde.com\\\/fr\\\/#\\\/schema\\\/person\\\/9d33726ab714fecb297e38b515472088\",\"name\":\"seocom\",\"image\":{\"@type\":\"ImageObject\",\"inLanguage\":\"fr-FR\",\"@id\":\"https:\\\/\\\/secure.gravatar.com\\\/avatar\\\/741433ce07ba5c431e994c0ec0272d414a5d1a9dafeb02666111e6f2eb1c0ed2?s=96&d=mm&r=g\",\"url\":\"https:\\\/\\\/secure.gravatar.com\\\/avatar\\\/741433ce07ba5c431e994c0ec0272d414a5d1a9dafeb02666111e6f2eb1c0ed2?s=96&d=mm&r=g\",\"contentUrl\":\"https:\\\/\\\/secure.gravatar.com\\\/avatar\\\/741433ce07ba5c431e994c0ec0272d414a5d1a9dafeb02666111e6f2eb1c0ed2?s=96&d=mm&r=g\",\"caption\":\"seocom\"},\"sameAs\":[\"http:\\\/\\\/qa-dosde.qamoon.es\"],\"url\":\"https:\\\/\\\/pre.dosde.com\\\/fr\\\/author\\\/seocom\\\/\"}]}<\/script>\n<!-- \/ Yoast SEO plugin. -->","yoast_head_json":{"title":"Les \u0153uvres d\u2019Antoni Gaud\u00ed - Dosde","robots":{"index":"noindex","follow":"follow","max-snippet":"max-snippet:-1","max-image-preview":"max-image-preview:large","max-video-preview":"max-video-preview:-1"},"og_locale":"fr_FR","og_type":"article","og_title":"Les \u0153uvres d\u2019Antoni Gaud\u00ed - Dosde","og_description":"Antoni Gaud\u00ed, un architecte en constante \u00e9volution N\u00e9 en 1852 \u00e0 Reus (Tarragone), Antoni Gaud\u00ed i Cornet est consid\u00e9r\u00e9 comme le repr\u00e9sentant majeur du modernisme catalan et l\u2019un des pionniers du mouvement Art Nouveau en Europe, malgr\u00e9 son architecture \u00e9volutive marqu\u00e9e par un style tr\u00e8s personnel qu\u2019il est bien difficile de classer. &nbsp; Il a ... Lire la suite","og_url":"https:\/\/pre.dosde.com\/fr\/les-oeuvres-dantoni-gaudi\/","og_site_name":"Dosde","article_published_time":"2017-02-17T11:10:26+00:00","article_modified_time":"2026-08-11T08:03:55+00:00","author":"seocom","twitter_card":"summary_large_image","twitter_misc":{"\u00c9crit par":"seocom","Dur\u00e9e de lecture estim\u00e9e":"6 minutes"},"schema":{"@context":"https:\/\/schema.org","@graph":[{"@type":"Article","@id":"https:\/\/pre.dosde.com\/fr\/les-oeuvres-dantoni-gaudi\/#article","isPartOf":{"@id":"https:\/\/pre.dosde.com\/fr\/les-oeuvres-dantoni-gaudi\/"},"author":{"name":"seocom","@id":"https:\/\/pre.dosde.com\/fr\/#\/schema\/person\/9d33726ab714fecb297e38b515472088"},"headline":"Les \u0153uvres d\u2019Antoni Gaud\u00ed","datePublished":"2017-02-17T11:10:26+00:00","dateModified":"2026-08-11T08:03:55+00:00","mainEntityOfPage":{"@id":"https:\/\/pre.dosde.com\/fr\/les-oeuvres-dantoni-gaudi\/"},"wordCount":1118,"commentCount":0,"publisher":{"@id":"https:\/\/pre.dosde.com\/fr\/#organization"},"image":{"@id":"https:\/\/pre.dosde.com\/fr\/les-oeuvres-dantoni-gaudi\/#primaryimage"},"thumbnailUrl":"","articleSection":["Gaud\u00ed"],"inLanguage":"fr-FR","potentialAction":[{"@type":"CommentAction","name":"Comment","target":["https:\/\/pre.dosde.com\/fr\/les-oeuvres-dantoni-gaudi\/#respond"]}]},{"@type":"WebPage","@id":"https:\/\/pre.dosde.com\/fr\/les-oeuvres-dantoni-gaudi\/","url":"https:\/\/pre.dosde.com\/fr\/les-oeuvres-dantoni-gaudi\/","name":"Les \u0153uvres d\u2019Antoni Gaud\u00ed - Dosde","isPartOf":{"@id":"https:\/\/pre.dosde.com\/fr\/#website"},"primaryImageOfPage":{"@id":"https:\/\/pre.dosde.com\/fr\/les-oeuvres-dantoni-gaudi\/#primaryimage"},"image":{"@id":"https:\/\/pre.dosde.com\/fr\/les-oeuvres-dantoni-gaudi\/#primaryimage"},"thumbnailUrl":"","datePublished":"2017-02-17T11:10:26+00:00","dateModified":"2026-08-11T08:03:55+00:00","breadcrumb":{"@id":"https:\/\/pre.dosde.com\/fr\/les-oeuvres-dantoni-gaudi\/#breadcrumb"},"inLanguage":"fr-FR","potentialAction":[{"@type":"ReadAction","target":["https:\/\/pre.dosde.com\/fr\/les-oeuvres-dantoni-gaudi\/"]}]},{"@type":"ImageObject","inLanguage":"fr-FR","@id":"https:\/\/pre.dosde.com\/fr\/les-oeuvres-dantoni-gaudi\/#primaryimage","url":"","contentUrl":""},{"@type":"BreadcrumbList","@id":"https:\/\/pre.dosde.com\/fr\/les-oeuvres-dantoni-gaudi\/#breadcrumb","itemListElement":[{"@type":"ListItem","position":1,"name":"Home","item":"https:\/\/pre.dosde.com\/fr\/"},{"@type":"ListItem","position":2,"name":"Les \u0153uvres d\u2019Antoni Gaud\u00ed"}]},{"@type":"WebSite","@id":"https:\/\/pre.dosde.com\/fr\/#website","url":"https:\/\/pre.dosde.com\/fr\/","name":"Dosde","description":"","publisher":{"@id":"https:\/\/pre.dosde.com\/fr\/#organization"},"potentialAction":[{"@type":"SearchAction","target":{"@type":"EntryPoint","urlTemplate":"https:\/\/pre.dosde.com\/fr\/?s={search_term_string}"},"query-input":{"@type":"PropertyValueSpecification","valueRequired":true,"valueName":"search_term_string"}}],"inLanguage":"fr-FR"},{"@type":"Organization","@id":"https:\/\/pre.dosde.com\/fr\/#organization","name":"Dosde","url":"https:\/\/pre.dosde.com\/fr\/","logo":{"@type":"ImageObject","inLanguage":"fr-FR","@id":"https:\/\/pre.dosde.com\/fr\/#\/schema\/logo\/image\/","url":"https:\/\/pre.dosde.com\/wp-content\/uploads\/2026\/06\/Logo.webp","contentUrl":"https:\/\/pre.dosde.com\/wp-content\/uploads\/2026\/06\/Logo.webp","width":248,"height":80,"caption":"Dosde"},"image":{"@id":"https:\/\/pre.dosde.com\/fr\/#\/schema\/logo\/image\/"}},{"@type":"Person","@id":"https:\/\/pre.dosde.com\/fr\/#\/schema\/person\/9d33726ab714fecb297e38b515472088","name":"seocom","image":{"@type":"ImageObject","inLanguage":"fr-FR","@id":"https:\/\/secure.gravatar.com\/avatar\/741433ce07ba5c431e994c0ec0272d414a5d1a9dafeb02666111e6f2eb1c0ed2?s=96&d=mm&r=g","url":"https:\/\/secure.gravatar.com\/avatar\/741433ce07ba5c431e994c0ec0272d414a5d1a9dafeb02666111e6f2eb1c0ed2?s=96&d=mm&r=g","contentUrl":"https:\/\/secure.gravatar.com\/avatar\/741433ce07ba5c431e994c0ec0272d414a5d1a9dafeb02666111e6f2eb1c0ed2?s=96&d=mm&r=g","caption":"seocom"},"sameAs":["http:\/\/qa-dosde.qamoon.es"],"url":"https:\/\/pre.dosde.com\/fr\/author\/seocom\/"}]}},"_links":{"self":[{"href":"https:\/\/pre.dosde.com\/fr\/wp-json\/wp\/v2\/posts\/1866","targetHints":{"allow":["GET"]}}],"collection":[{"href":"https:\/\/pre.dosde.com\/fr\/wp-json\/wp\/v2\/posts"}],"about":[{"href":"https:\/\/pre.dosde.com\/fr\/wp-json\/wp\/v2\/types\/post"}],"author":[{"embeddable":true,"href":"https:\/\/pre.dosde.com\/fr\/wp-json\/wp\/v2\/users\/1"}],"replies":[{"embeddable":true,"href":"https:\/\/pre.dosde.com\/fr\/wp-json\/wp\/v2\/comments?post=1866"}],"version-history":[{"count":1,"href":"https:\/\/pre.dosde.com\/fr\/wp-json\/wp\/v2\/posts\/1866\/revisions"}],"predecessor-version":[{"id":3693,"href":"https:\/\/pre.dosde.com\/fr\/wp-json\/wp\/v2\/posts\/1866\/revisions\/3693"}],"wp:attachment":[{"href":"https:\/\/pre.dosde.com\/fr\/wp-json\/wp\/v2\/media?parent=1866"}],"wp:term":[{"taxonomy":"category","embeddable":true,"href":"https:\/\/pre.dosde.com\/fr\/wp-json\/wp\/v2\/categories?post=1866"},{"taxonomy":"post_tag","embeddable":true,"href":"https:\/\/pre.dosde.com\/fr\/wp-json\/wp\/v2\/tags?post=1866"}],"curies":[{"name":"wp","href":"https:\/\/api.w.org\/{rel}","templated":true}]}}