{"id":1869,"date":"2017-02-17T11:22:36","date_gmt":"2017-02-17T11:22:36","guid":{"rendered":"https:\/\/www.dosde.com\/blog\/?p=174\/"},"modified":"2026-08-11T08:03:55","modified_gmt":"2026-08-11T08:03:55","slug":"antoni-gaudi-autres-oeuvres","status":"publish","type":"post","link":"https:\/\/pre.dosde.com\/fr\/antoni-gaudi-autres-oeuvres\/","title":{"rendered":"Antoni Gaud\u00ed \u2013 Autres \u0153uvres"},"content":{"rendered":"<h2>Les \u0153uvres moins connues de Gaud\u00ed<\/h2>\n<p>Artiste d\u2019une consternante versatilit\u00e9, <strong>Antoni Gaud\u00ed participa tout au long de sa vie \u00e0 plus de 90\u00a0projets<\/strong>. Parmi cet h\u00e9ritage figurent des \u0153uvres comme la Sagrada Familia, la Casa Batll\u00f3, le Park G\u00fcell et La Pedrera, toutes devenues des ic\u00f4nes universelles, mais \u00e9galement des commandes plus modestes qui sont \u00e0 peine connues du grand public.<\/p>\n<p>&nbsp;<\/p>\n<p>Malgr\u00e9 une faible r\u00e9percussion, ces projets-ci, \u2013allant de <a href=\"https:\/\/www.dosde.com\/fr\/biographie-illustree-gaudi-visual.html\">la p\u00e9riode \u00e9tudiante de Gaud\u00ed<\/a> jusqu\u2019\u00e0 sa maturit\u00e9\u2013, refl\u00e8tent \u00e9galement la personnalit\u00e9 du g\u00e9nial architecte, l\u2019un des plus grands repr\u00e9sentants du modernisme catalan.<\/p>\n<p>&nbsp;<\/p>\n<h2>Parc de la Ciutadella<\/h2>\n<p><a href=\"https:\/\/qa-dosde.qamoon.es\/wp-content\/uploads\/2017\/02\/parque-ciutadella-gaudi-barcelona-arquitectura-dosde-publishing.jpg\"><img loading=\"lazy\" decoding=\"async\" class=\"alignnone wp-image-988 size-full\" src=\"https:\/\/qa-dosde.qamoon.es\/wp-content\/uploads\/2017\/02\/parque-ciutadella-gaudi-barcelona-arquitectura-dosde-publishing.jpg\" alt=\"Parc de la ciutadella Antoni Gaud\u00ed\" width=\"900\" height=\"600\" \/><\/a><\/p>\n<p>&nbsp;<\/p>\n<p>En 1876, alors qu\u2019il \u00e9tudiait encore \u00e0 l\u2019\u00e9cole d\u2019Architecture, Gaud\u00ed collabora avec Josep Fontser\u00e8 \u00e0 la construction du parc de la Ciutadella de Barcelone, un grand jardin public <strong>situ\u00e9 sur les terrains d\u2019une ancienne forteresse militaire<\/strong>. Il participa \u00e0 la conception de la grille et des r\u00e9verb\u00e8res de l\u2019enceinte, d\u00e9cor\u00e9s de d\u00e9tails all\u00e9goriques d\u2019inspiration m\u00e9di\u00e9vale, et il d\u00e9veloppa le projet hydraulique de la cascade monumentale, l\u2019une des principales attractions du parc.<\/p>\n<h2>R\u00e9verb\u00e8res de la Pla\u00e7a Reial et du Pla de Palau<\/h2>\n<p><a href=\"https:\/\/qa-dosde.qamoon.es\/wp-content\/uploads\/2017\/02\/farola-plaza-real-gaudi-barcelona-arquitectura-dosde-publishing.jpg\"><img loading=\"lazy\" decoding=\"async\" class=\"alignnone wp-image-1036 size-full\" src=\"https:\/\/qa-dosde.qamoon.es\/wp-content\/uploads\/2017\/02\/farola-plaza-real-gaudi-barcelona-arquitectura-dosde-publishing.jpg\" alt=\"R\u00e9verb\u00e8res de la Pla\u00e7a Reial Antoni Gaud\u00ed\" width=\"900\" height=\"600\" \/><\/a><\/p>\n<p>&nbsp;<\/p>\n<p>En 1878, la mairie de Barcelone chargea Gaud\u00ed de la r\u00e9alisation des deux r\u00e9verb\u00e8res \u00e0 gaz destin\u00e9s \u00e0 embellir la Pla\u00e7a Reial, <strong>l\u2019un des espaces publics les plus r\u00e9put\u00e9s de la ville<\/strong> \u00e0 cette \u00e9poque. En 1889, la mairie fit installer deux autres r\u00e9verb\u00e8res r\u00e9alis\u00e9s par l\u2019architecte sur la place Pla de Palau, \u00e0 proximit\u00e9 du front de mer.<\/p>\n<p>&nbsp;<\/p>\n<h2>Salle de blanchissage de La Obrera Mataronense<\/h2>\n<p><a href=\"https:\/\/qa-dosde.qamoon.es\/wp-content\/uploads\/2017\/02\/cooperativa-obrera-mataronense-gaudi-barcelona-arquitectura-dosde-publishing.jpg\"><img loading=\"lazy\" decoding=\"async\" class=\"alignnone wp-image-982 size-full\" src=\"https:\/\/qa-dosde.qamoon.es\/wp-content\/uploads\/2017\/02\/cooperativa-obrera-mataronense-gaudi-barcelona-arquitectura-dosde-publishing.jpg\" alt=\"Salle de blanchissage de La Obrera Mataronense Antoni Gaud\u00ed\" width=\"900\" height=\"600\" \/><\/a><\/p>\n<p>&nbsp;<\/p>\n<p>Appartenant \u00e0 une soci\u00e9t\u00e9 coop\u00e9rative consacr\u00e9e \u00e0 la fabrication textile, cet entrep\u00f4t situ\u00e9 dans la ville de Matar\u00f3 fut \u00e9difi\u00e9 en 1883 par Gaud\u00ed, qui envisagea \u00e9galement divers logements et \u00e9quipements pour les ouvriers\u00a0; cependant, ils ne furent jamais construits.<\/p>\n<p>&nbsp;<\/p>\n<p><a href=\"https:\/\/www.dosde.com\/fr\/livres\/antoni-gaudi.html\"><img loading=\"lazy\" decoding=\"async\" class=\"aligncenter wp-image-3641 size-full\" src=\"https:\/\/qa-dosde.qamoon.es\/wp-content\/uploads\/2017\/02\/Boton-descubrir-mas-FR.png\" alt=\"\" width=\"250\" height=\"56\" \/><\/a><\/p>\n<h2>Finca Miralles<\/h2>\n<p><a href=\"https:\/\/qa-dosde.qamoon.es\/wp-content\/uploads\/2017\/02\/portal-finca-miralles-gaudi-barcelona-arquitectura-dosde-publishing.jpg\"><img loading=\"lazy\" decoding=\"async\" class=\"alignnone wp-image-984 size-full\" src=\"https:\/\/qa-dosde.qamoon.es\/wp-content\/uploads\/2017\/02\/portal-finca-miralles-gaudi-barcelona-arquitectura-dosde-publishing.jpg\" alt=\"Finca Miralles Antoni Gaud\u00ed\" width=\"900\" height=\"600\" \/><\/a><\/p>\n<p>&nbsp;<\/p>\n<p>Entre 1902 et 1903, Gaud\u00ed con\u00e7ut le mur et la porte d\u2019acc\u00e8s de la propri\u00e9t\u00e9 que l\u2019imprimeur Hermenegild Miralles poss\u00e9dait sur l\u2019ancienne commune de Sarri\u00e1. La porte aux lignes courbes est couronn\u00e9e d\u2019une croix \u00e0 quatre branches, l\u2019un des symboles r\u00e9current de l\u2019architecture de Gaud\u00ed.<\/p>\n<p>&nbsp;<\/p>\n<h2>Bar Torino<\/h2>\n<p><a href=\"https:\/\/qa-dosde.qamoon.es\/wp-content\/uploads\/2017\/02\/bar-torino-gaudi-barcelona-arquitectura-dosde-publishing.jpg\"><img loading=\"lazy\" decoding=\"async\" class=\"alignnone wp-image-983 size-full\" src=\"https:\/\/qa-dosde.qamoon.es\/wp-content\/uploads\/2017\/02\/bar-torino-gaudi-barcelona-arquitectura-dosde-publishing.jpg\" alt=\"Bar Torino Antoni Gaud\u00ed\" width=\"900\" height=\"600\" \/><\/a><\/p>\n<p>&nbsp;<\/p>\n<p>L\u2019entrepreneur italien Flaminio Mezzalama engagea Gaud\u00ed en 1902 pour la conception de l\u2019un des salons du Bar Torino, <strong>un <a href=\"https:\/\/www.dosde.com\/fr\/livres\/modernisme.html\">\u00e9tablissement moderniste<\/a><\/strong> situ\u00e9 \u00e0 l\u2019angle de la Gran Via et du Passeig de Gr\u00e0cia. La pi\u00e8ce de style arabe envisag\u00e9e par Gaud\u00ed disparut en 1911, avec la fermeture du Torino.<\/p>\n<p>&nbsp;<\/p>\n<h2>La Miranda<\/h2>\n<p><a href=\"https:\/\/qa-dosde.qamoon.es\/wp-content\/uploads\/2017\/02\/la-miranda-gaudi-torre-mateu-arquitectura-dosde-publishing.jpg\"><img loading=\"lazy\" decoding=\"async\" class=\"alignnone wp-image-985 size-full\" src=\"https:\/\/qa-dosde.qamoon.es\/wp-content\/uploads\/2017\/02\/la-miranda-gaudi-torre-mateu-arquitectura-dosde-publishing.jpg\" alt=\"La Miranda Antoni Gaud\u00ed\" width=\"900\" height=\"600\" \/><\/a><\/p>\n<p>&nbsp;<\/p>\n<p>En 1906, le puissant entrepreneur Dami\u00e0 Mateu commanda \u00e0 Gaud\u00ed la construction d\u2019une maison de campagne pour son \u00e9pouse dans la propri\u00e9t\u00e9 qu\u2019il poss\u00e9dait \u00e0 Llinars del Vall\u00e8s, pr\u00e8s de Barcelone. L\u2019architecte int\u00e9gra<strong> une tour-mirador cylindrique<\/strong> surmont\u00e9e d\u2019une coupole <strong>rev\u00eatue de <em>trencadis<\/em><\/strong>. Endommag\u00e9 durant la guerre civile espagnole, l\u2019\u00e9difice fut d\u00e9moli en 1962.<\/p>\n<p>&nbsp;<\/p>\n<h2>Chalet de Catllar\u00e0s<\/h2>\n<p><a href=\"https:\/\/qa-dosde.qamoon.es\/wp-content\/uploads\/2017\/02\/xalet-de-catllaras-gaudi-pobla-lillet-arquitectura-dosde-publishing.jpg\"><img loading=\"lazy\" decoding=\"async\" class=\"alignnone wp-image-986 size-full\" src=\"https:\/\/qa-dosde.qamoon.es\/wp-content\/uploads\/2017\/02\/xalet-de-catllaras-gaudi-pobla-lillet-arquitectura-dosde-publishing.jpg\" alt=\"Chalet de Catllar\u00e0s Antoni Gaud\u00ed\" width=\"900\" height=\"600\" \/><\/a><\/p>\n<p>&nbsp;<\/p>\n<p>Command\u00e9 par Eusebi G\u00fcell, le grand m\u00e9c\u00e8ne de Gaud\u00ed, cet \u00e9difice fonctionnel fut construit par l\u2019architecte en 1904 pour h\u00e9berger les techniciens et dirigeants qui travaillaient dans des mines de la Serra de Catllar\u00e0s, \u00e0 quelques kilom\u00e8tres des Pyr\u00e9n\u00e9es. R\u00e9alis\u00e9e \u00e0 partir d\u2019arcs cat\u00e9naires, la structure du logement con\u00e7u par Gaud\u00ed garantissait la protection en cas de fortes chutes de neige.<\/p>\n<p>&nbsp;<\/p>\n<h2>Toutes les \u0153uvres de Gaud\u00ed r\u00e9unies dans un livre illustr\u00e9<\/h2>\n<p>Dou\u00e9 d&rsquo;une imagination d\u00e9bordante, les \u0153uvres de Gaud\u00ed se caract\u00e9risent par une identit\u00e9 propre. Antoni Gaud\u00ed est consid\u00e9r\u00e9 comme l&rsquo;un des architectes les plus influents de tous les temps.<\/p>\n<p>&nbsp;<\/p>\n<p>Avec plus de 750 photos, <a href=\"https:\/\/www.dosde.com\/fr\/gaudi-ensemble-oeuvres-architecte-visuelle.html\">ce guide visuel<\/a> vous fera d\u00e9couvrir toute l\u2019\u0152uvre d\u2019Antoni Gaud\u00ed, de ses projets les plus embl\u00e9matiques \u00e0 ceux moins connus. Il aborde toutes les \u0153uvres de l\u2019architecte et les analyse une \u00e0 une. <strong>Indispensable pour tout savoir sur Gaud\u00ed.<\/strong><\/p>\n<p><a href=\"https:\/\/www.dosde.com\/fr\/gaudi-ensemble-oeuvres-architecte-visuelle.html\"><img loading=\"lazy\" decoding=\"async\" class=\"alignnone wp-image-1845 size-full\" src=\"https:\/\/qa-dosde.qamoon.es\/wp-content\/uploads\/2017\/02\/couverture-antoni-gaudi-livre-francais-dosde-publishing_978-84-96783-86-7_20-011-02_B14.jpg\" alt=\"livre ensemble des oeuvres d'Antoni Gaud\u00ed\" width=\"700\" height=\"388\" \/><\/a><\/p>\n","protected":false},"excerpt":{"rendered":"Les \u0153uvres moins connues de Gaud\u00ed Artiste d\u2019une consternante versatilit\u00e9, Antoni Gaud\u00ed participa tout au long de sa vie \u00e0 plus de 90\u00a0projets. Parmi cet h\u00e9ritage figurent des \u0153uvres comme la Sagrada Familia, la Casa Batll\u00f3, le Park G\u00fcell et La Pedrera, toutes devenues des ic\u00f4nes universelles, mais \u00e9galement des commandes plus modestes qui sont &#8230; <a title=\"Antoni Gaud\u00ed \u2013 Autres \u0153uvres\" class=\"read-more\" href=\"https:\/\/pre.dosde.com\/fr\/antoni-gaudi-autres-oeuvres\/\" aria-label=\"En savoir plus sur Antoni Gaud\u00ed \u2013 Autres \u0153uvres\">Lire la suite<\/a>","protected":false},"author":1,"featured_media":919,"comment_status":"open","ping_status":"open","sticky":false,"template":"","format":"standard","meta":{"_acf_changed":false,"footnotes":""},"categories":[68],"tags":[],"class_list":["post-1869","post","type-post","status-publish","format-standard","has-post-thumbnail","hentry","category-gaudi"],"acf":[],"yoast_head":"<!-- This site is optimized with the Yoast SEO plugin v28.3 - https:\/\/yoast.com\/product\/yoast-seo-wordpress\/ -->\n<title>Antoni Gaud\u00ed \u2013 Autres \u0153uvres - Dosde<\/title>\n<meta name=\"robots\" content=\"noindex, follow, max-snippet:-1, max-image-preview:large, max-video-preview:-1\" \/>\n<meta property=\"og:locale\" content=\"fr_FR\" \/>\n<meta property=\"og:type\" content=\"article\" \/>\n<meta property=\"og:title\" content=\"Antoni Gaud\u00ed \u2013 Autres \u0153uvres - Dosde\" \/>\n<meta property=\"og:description\" content=\"Les \u0153uvres moins connues de Gaud\u00ed Artiste d\u2019une consternante versatilit\u00e9, Antoni Gaud\u00ed participa tout au long de sa vie \u00e0 plus de 90\u00a0projets. Parmi cet h\u00e9ritage figurent des \u0153uvres comme la Sagrada Familia, la Casa Batll\u00f3, le Park G\u00fcell et La Pedrera, toutes devenues des ic\u00f4nes universelles, mais \u00e9galement des commandes plus modestes qui sont ... Lire la suite\" \/>\n<meta property=\"og:url\" content=\"https:\/\/pre.dosde.com\/fr\/antoni-gaudi-autres-oeuvres\/\" \/>\n<meta property=\"og:site_name\" content=\"Dosde\" \/>\n<meta property=\"article:published_time\" content=\"2017-02-17T11:22:36+00:00\" \/>\n<meta property=\"article:modified_time\" content=\"2026-08-11T08:03:55+00:00\" \/>\n<meta name=\"author\" content=\"seocom\" \/>\n<meta name=\"twitter:card\" content=\"summary_large_image\" \/>\n<meta name=\"twitter:label1\" content=\"\u00c9crit par\" \/>\n\t<meta name=\"twitter:data1\" content=\"seocom\" \/>\n\t<meta name=\"twitter:label2\" content=\"Dur\u00e9e de lecture estim\u00e9e\" \/>\n\t<meta name=\"twitter:data2\" content=\"3 minutes\" \/>\n<script type=\"application\/ld+json\" class=\"yoast-schema-graph\">{\"@context\":\"https:\\\/\\\/schema.org\",\"@graph\":[{\"@type\":\"Article\",\"@id\":\"https:\\\/\\\/pre.dosde.com\\\/fr\\\/antoni-gaudi-autres-oeuvres\\\/#article\",\"isPartOf\":{\"@id\":\"https:\\\/\\\/pre.dosde.com\\\/fr\\\/antoni-gaudi-autres-oeuvres\\\/\"},\"author\":{\"name\":\"seocom\",\"@id\":\"https:\\\/\\\/pre.dosde.com\\\/fr\\\/#\\\/schema\\\/person\\\/9d33726ab714fecb297e38b515472088\"},\"headline\":\"Antoni Gaud\u00ed \u2013 Autres \u0153uvres\",\"datePublished\":\"2017-02-17T11:22:36+00:00\",\"dateModified\":\"2026-08-11T08:03:55+00:00\",\"mainEntityOfPage\":{\"@id\":\"https:\\\/\\\/pre.dosde.com\\\/fr\\\/antoni-gaudi-autres-oeuvres\\\/\"},\"wordCount\":675,\"commentCount\":0,\"publisher\":{\"@id\":\"https:\\\/\\\/pre.dosde.com\\\/fr\\\/#organization\"},\"image\":{\"@id\":\"https:\\\/\\\/pre.dosde.com\\\/fr\\\/antoni-gaudi-autres-oeuvres\\\/#primaryimage\"},\"thumbnailUrl\":\"\",\"articleSection\":[\"Gaud\u00ed\"],\"inLanguage\":\"fr-FR\",\"potentialAction\":[{\"@type\":\"CommentAction\",\"name\":\"Comment\",\"target\":[\"https:\\\/\\\/pre.dosde.com\\\/fr\\\/antoni-gaudi-autres-oeuvres\\\/#respond\"]}]},{\"@type\":\"WebPage\",\"@id\":\"https:\\\/\\\/pre.dosde.com\\\/fr\\\/antoni-gaudi-autres-oeuvres\\\/\",\"url\":\"https:\\\/\\\/pre.dosde.com\\\/fr\\\/antoni-gaudi-autres-oeuvres\\\/\",\"name\":\"Antoni Gaud\u00ed \u2013 Autres \u0153uvres - Dosde\",\"isPartOf\":{\"@id\":\"https:\\\/\\\/pre.dosde.com\\\/fr\\\/#website\"},\"primaryImageOfPage\":{\"@id\":\"https:\\\/\\\/pre.dosde.com\\\/fr\\\/antoni-gaudi-autres-oeuvres\\\/#primaryimage\"},\"image\":{\"@id\":\"https:\\\/\\\/pre.dosde.com\\\/fr\\\/antoni-gaudi-autres-oeuvres\\\/#primaryimage\"},\"thumbnailUrl\":\"\",\"datePublished\":\"2017-02-17T11:22:36+00:00\",\"dateModified\":\"2026-08-11T08:03:55+00:00\",\"breadcrumb\":{\"@id\":\"https:\\\/\\\/pre.dosde.com\\\/fr\\\/antoni-gaudi-autres-oeuvres\\\/#breadcrumb\"},\"inLanguage\":\"fr-FR\",\"potentialAction\":[{\"@type\":\"ReadAction\",\"target\":[\"https:\\\/\\\/pre.dosde.com\\\/fr\\\/antoni-gaudi-autres-oeuvres\\\/\"]}]},{\"@type\":\"ImageObject\",\"inLanguage\":\"fr-FR\",\"@id\":\"https:\\\/\\\/pre.dosde.com\\\/fr\\\/antoni-gaudi-autres-oeuvres\\\/#primaryimage\",\"url\":\"\",\"contentUrl\":\"\"},{\"@type\":\"BreadcrumbList\",\"@id\":\"https:\\\/\\\/pre.dosde.com\\\/fr\\\/antoni-gaudi-autres-oeuvres\\\/#breadcrumb\",\"itemListElement\":[{\"@type\":\"ListItem\",\"position\":1,\"name\":\"Home\",\"item\":\"https:\\\/\\\/pre.dosde.com\\\/fr\\\/\"},{\"@type\":\"ListItem\",\"position\":2,\"name\":\"Antoni Gaud\u00ed \u2013 Autres \u0153uvres\"}]},{\"@type\":\"WebSite\",\"@id\":\"https:\\\/\\\/pre.dosde.com\\\/fr\\\/#website\",\"url\":\"https:\\\/\\\/pre.dosde.com\\\/fr\\\/\",\"name\":\"Dosde\",\"description\":\"\",\"publisher\":{\"@id\":\"https:\\\/\\\/pre.dosde.com\\\/fr\\\/#organization\"},\"potentialAction\":[{\"@type\":\"SearchAction\",\"target\":{\"@type\":\"EntryPoint\",\"urlTemplate\":\"https:\\\/\\\/pre.dosde.com\\\/fr\\\/?s={search_term_string}\"},\"query-input\":{\"@type\":\"PropertyValueSpecification\",\"valueRequired\":true,\"valueName\":\"search_term_string\"}}],\"inLanguage\":\"fr-FR\"},{\"@type\":\"Organization\",\"@id\":\"https:\\\/\\\/pre.dosde.com\\\/fr\\\/#organization\",\"name\":\"Dosde\",\"url\":\"https:\\\/\\\/pre.dosde.com\\\/fr\\\/\",\"logo\":{\"@type\":\"ImageObject\",\"inLanguage\":\"fr-FR\",\"@id\":\"https:\\\/\\\/pre.dosde.com\\\/fr\\\/#\\\/schema\\\/logo\\\/image\\\/\",\"url\":\"https:\\\/\\\/pre.dosde.com\\\/wp-content\\\/uploads\\\/2026\\\/06\\\/Logo.webp\",\"contentUrl\":\"https:\\\/\\\/pre.dosde.com\\\/wp-content\\\/uploads\\\/2026\\\/06\\\/Logo.webp\",\"width\":248,\"height\":80,\"caption\":\"Dosde\"},\"image\":{\"@id\":\"https:\\\/\\\/pre.dosde.com\\\/fr\\\/#\\\/schema\\\/logo\\\/image\\\/\"}},{\"@type\":\"Person\",\"@id\":\"https:\\\/\\\/pre.dosde.com\\\/fr\\\/#\\\/schema\\\/person\\\/9d33726ab714fecb297e38b515472088\",\"name\":\"seocom\",\"image\":{\"@type\":\"ImageObject\",\"inLanguage\":\"fr-FR\",\"@id\":\"https:\\\/\\\/secure.gravatar.com\\\/avatar\\\/741433ce07ba5c431e994c0ec0272d414a5d1a9dafeb02666111e6f2eb1c0ed2?s=96&d=mm&r=g\",\"url\":\"https:\\\/\\\/secure.gravatar.com\\\/avatar\\\/741433ce07ba5c431e994c0ec0272d414a5d1a9dafeb02666111e6f2eb1c0ed2?s=96&d=mm&r=g\",\"contentUrl\":\"https:\\\/\\\/secure.gravatar.com\\\/avatar\\\/741433ce07ba5c431e994c0ec0272d414a5d1a9dafeb02666111e6f2eb1c0ed2?s=96&d=mm&r=g\",\"caption\":\"seocom\"},\"sameAs\":[\"http:\\\/\\\/qa-dosde.qamoon.es\"],\"url\":\"https:\\\/\\\/pre.dosde.com\\\/fr\\\/author\\\/seocom\\\/\"}]}<\/script>\n<!-- \/ Yoast SEO plugin. -->","yoast_head_json":{"title":"Antoni Gaud\u00ed \u2013 Autres \u0153uvres - Dosde","robots":{"index":"noindex","follow":"follow","max-snippet":"max-snippet:-1","max-image-preview":"max-image-preview:large","max-video-preview":"max-video-preview:-1"},"og_locale":"fr_FR","og_type":"article","og_title":"Antoni Gaud\u00ed \u2013 Autres \u0153uvres - Dosde","og_description":"Les \u0153uvres moins connues de Gaud\u00ed Artiste d\u2019une consternante versatilit\u00e9, Antoni Gaud\u00ed participa tout au long de sa vie \u00e0 plus de 90\u00a0projets. Parmi cet h\u00e9ritage figurent des \u0153uvres comme la Sagrada Familia, la Casa Batll\u00f3, le Park G\u00fcell et La Pedrera, toutes devenues des ic\u00f4nes universelles, mais \u00e9galement des commandes plus modestes qui sont ... Lire la suite","og_url":"https:\/\/pre.dosde.com\/fr\/antoni-gaudi-autres-oeuvres\/","og_site_name":"Dosde","article_published_time":"2017-02-17T11:22:36+00:00","article_modified_time":"2026-08-11T08:03:55+00:00","author":"seocom","twitter_card":"summary_large_image","twitter_misc":{"\u00c9crit par":"seocom","Dur\u00e9e de lecture estim\u00e9e":"3 minutes"},"schema":{"@context":"https:\/\/schema.org","@graph":[{"@type":"Article","@id":"https:\/\/pre.dosde.com\/fr\/antoni-gaudi-autres-oeuvres\/#article","isPartOf":{"@id":"https:\/\/pre.dosde.com\/fr\/antoni-gaudi-autres-oeuvres\/"},"author":{"name":"seocom","@id":"https:\/\/pre.dosde.com\/fr\/#\/schema\/person\/9d33726ab714fecb297e38b515472088"},"headline":"Antoni Gaud\u00ed \u2013 Autres \u0153uvres","datePublished":"2017-02-17T11:22:36+00:00","dateModified":"2026-08-11T08:03:55+00:00","mainEntityOfPage":{"@id":"https:\/\/pre.dosde.com\/fr\/antoni-gaudi-autres-oeuvres\/"},"wordCount":675,"commentCount":0,"publisher":{"@id":"https:\/\/pre.dosde.com\/fr\/#organization"},"image":{"@id":"https:\/\/pre.dosde.com\/fr\/antoni-gaudi-autres-oeuvres\/#primaryimage"},"thumbnailUrl":"","articleSection":["Gaud\u00ed"],"inLanguage":"fr-FR","potentialAction":[{"@type":"CommentAction","name":"Comment","target":["https:\/\/pre.dosde.com\/fr\/antoni-gaudi-autres-oeuvres\/#respond"]}]},{"@type":"WebPage","@id":"https:\/\/pre.dosde.com\/fr\/antoni-gaudi-autres-oeuvres\/","url":"https:\/\/pre.dosde.com\/fr\/antoni-gaudi-autres-oeuvres\/","name":"Antoni Gaud\u00ed \u2013 Autres \u0153uvres - Dosde","isPartOf":{"@id":"https:\/\/pre.dosde.com\/fr\/#website"},"primaryImageOfPage":{"@id":"https:\/\/pre.dosde.com\/fr\/antoni-gaudi-autres-oeuvres\/#primaryimage"},"image":{"@id":"https:\/\/pre.dosde.com\/fr\/antoni-gaudi-autres-oeuvres\/#primaryimage"},"thumbnailUrl":"","datePublished":"2017-02-17T11:22:36+00:00","dateModified":"2026-08-11T08:03:55+00:00","breadcrumb":{"@id":"https:\/\/pre.dosde.com\/fr\/antoni-gaudi-autres-oeuvres\/#breadcrumb"},"inLanguage":"fr-FR","potentialAction":[{"@type":"ReadAction","target":["https:\/\/pre.dosde.com\/fr\/antoni-gaudi-autres-oeuvres\/"]}]},{"@type":"ImageObject","inLanguage":"fr-FR","@id":"https:\/\/pre.dosde.com\/fr\/antoni-gaudi-autres-oeuvres\/#primaryimage","url":"","contentUrl":""},{"@type":"BreadcrumbList","@id":"https:\/\/pre.dosde.com\/fr\/antoni-gaudi-autres-oeuvres\/#breadcrumb","itemListElement":[{"@type":"ListItem","position":1,"name":"Home","item":"https:\/\/pre.dosde.com\/fr\/"},{"@type":"ListItem","position":2,"name":"Antoni Gaud\u00ed \u2013 Autres \u0153uvres"}]},{"@type":"WebSite","@id":"https:\/\/pre.dosde.com\/fr\/#website","url":"https:\/\/pre.dosde.com\/fr\/","name":"Dosde","description":"","publisher":{"@id":"https:\/\/pre.dosde.com\/fr\/#organization"},"potentialAction":[{"@type":"SearchAction","target":{"@type":"EntryPoint","urlTemplate":"https:\/\/pre.dosde.com\/fr\/?s={search_term_string}"},"query-input":{"@type":"PropertyValueSpecification","valueRequired":true,"valueName":"search_term_string"}}],"inLanguage":"fr-FR"},{"@type":"Organization","@id":"https:\/\/pre.dosde.com\/fr\/#organization","name":"Dosde","url":"https:\/\/pre.dosde.com\/fr\/","logo":{"@type":"ImageObject","inLanguage":"fr-FR","@id":"https:\/\/pre.dosde.com\/fr\/#\/schema\/logo\/image\/","url":"https:\/\/pre.dosde.com\/wp-content\/uploads\/2026\/06\/Logo.webp","contentUrl":"https:\/\/pre.dosde.com\/wp-content\/uploads\/2026\/06\/Logo.webp","width":248,"height":80,"caption":"Dosde"},"image":{"@id":"https:\/\/pre.dosde.com\/fr\/#\/schema\/logo\/image\/"}},{"@type":"Person","@id":"https:\/\/pre.dosde.com\/fr\/#\/schema\/person\/9d33726ab714fecb297e38b515472088","name":"seocom","image":{"@type":"ImageObject","inLanguage":"fr-FR","@id":"https:\/\/secure.gravatar.com\/avatar\/741433ce07ba5c431e994c0ec0272d414a5d1a9dafeb02666111e6f2eb1c0ed2?s=96&d=mm&r=g","url":"https:\/\/secure.gravatar.com\/avatar\/741433ce07ba5c431e994c0ec0272d414a5d1a9dafeb02666111e6f2eb1c0ed2?s=96&d=mm&r=g","contentUrl":"https:\/\/secure.gravatar.com\/avatar\/741433ce07ba5c431e994c0ec0272d414a5d1a9dafeb02666111e6f2eb1c0ed2?s=96&d=mm&r=g","caption":"seocom"},"sameAs":["http:\/\/qa-dosde.qamoon.es"],"url":"https:\/\/pre.dosde.com\/fr\/author\/seocom\/"}]}},"_links":{"self":[{"href":"https:\/\/pre.dosde.com\/fr\/wp-json\/wp\/v2\/posts\/1869","targetHints":{"allow":["GET"]}}],"collection":[{"href":"https:\/\/pre.dosde.com\/fr\/wp-json\/wp\/v2\/posts"}],"about":[{"href":"https:\/\/pre.dosde.com\/fr\/wp-json\/wp\/v2\/types\/post"}],"author":[{"embeddable":true,"href":"https:\/\/pre.dosde.com\/fr\/wp-json\/wp\/v2\/users\/1"}],"replies":[{"embeddable":true,"href":"https:\/\/pre.dosde.com\/fr\/wp-json\/wp\/v2\/comments?post=1869"}],"version-history":[{"count":1,"href":"https:\/\/pre.dosde.com\/fr\/wp-json\/wp\/v2\/posts\/1869\/revisions"}],"predecessor-version":[{"id":3692,"href":"https:\/\/pre.dosde.com\/fr\/wp-json\/wp\/v2\/posts\/1869\/revisions\/3692"}],"wp:attachment":[{"href":"https:\/\/pre.dosde.com\/fr\/wp-json\/wp\/v2\/media?parent=1869"}],"wp:term":[{"taxonomy":"category","embeddable":true,"href":"https:\/\/pre.dosde.com\/fr\/wp-json\/wp\/v2\/categories?post=1869"},{"taxonomy":"post_tag","embeddable":true,"href":"https:\/\/pre.dosde.com\/fr\/wp-json\/wp\/v2\/tags?post=1869"}],"curies":[{"name":"wp","href":"https:\/\/api.w.org\/{rel}","templated":true}]}}