{"id":1874,"date":"2017-02-17T11:34:04","date_gmt":"2017-02-17T11:34:04","guid":{"rendered":"https:\/\/www.dosde.com\/blog\/?p=192\/"},"modified":"2026-08-11T08:02:51","modified_gmt":"2026-08-11T08:02:51","slug":"barcelone","status":"publish","type":"post","link":"https:\/\/pre.dosde.com\/fr\/barcelone\/","title":{"rendered":"Barcelone"},"content":{"rendered":"<h2>Barcelone, ville d\u2019avant-garde<\/h2>\n<p>Depuis son origine, et au fil des si\u00e8cles, <strong>Barcelone a toujours \u00e9t\u00e9 la sc\u00e8ne de grands \u00e9v\u00e9nements artistiques, culturels et sociaux<\/strong> qui ont transform\u00e9 et d\u00e9fini le caract\u00e8re et la personnalit\u00e9 h\u00e9t\u00e9rog\u00e8ne de la ville et de ses habitants.<\/p>\n<p>&nbsp;<\/p>\n<p>Gr\u00e2ce \u00e0 cette nature innovante et cr\u00e9ative \u2013qui a s\u00e9duit bien des artistes, des architectes et autres intellectuels\u2013, Barcelone est devenue l\u2019une des m\u00e9tropoles europ\u00e9ennes les plus dynamiques et cosmopolites et <strong>l\u2019un des principaux centres de diffusion de la culture m\u00e9diterran\u00e9enne.<\/strong><\/p>\n<p>&nbsp;<\/p>\n<p>De nombreux <a href=\"https:\/\/www.dosde.com\/fr\/livres\/barcelone.html\">livres sur Barcelone<\/a> se sont pench\u00e9s sur son histoire, son architecture ainsi que sur le patrimoine culturel qu\u2019elle a acquis au fil de son histoire.<\/p>\n<p>&nbsp;<\/p>\n<h2>Le centre historique de Barcelone<\/h2>\n<p>[metaslider id=1316]<\/p>\n<p><strong>L\u2019origine de Barcelone remonte \u00e0 la cr\u00e9ation de la colonie de Barcino en l\u2019an 10<\/strong> av. J.-C. sous l\u2019empereur romain Auguste sur le Mons Taber, colline situ\u00e9e sur une plaine fertile d\u00e9limit\u00e9e par la mer M\u00e9diterran\u00e9e, la cha\u00eene montagneuse de Collserola et les rivi\u00e8res Llobregat et Bes\u00f2s.<\/p>\n<p>&nbsp;<\/p>\n<p>Malgr\u00e9 sa localisation entre deux villes plus importantes comme Tarraco (Tarragone) et Emporiae (Ampurias), <strong>la colonie devint une enclave strat\u00e9gique<\/strong> en raison de ses bonnes connexions maritimes et terrestres, de telle sorte que ses murailles furent renforc\u00e9es pour consolider sa position et repousser les attaques \u00e9ventuelles.<\/p>\n<p>&nbsp;<\/p>\n<p>Or, une fois l\u2019empire romain d\u00e9mantel\u00e9, cette fortification n\u2019emp\u00eacha pas <strong>l\u2019invasion des Wisigoths, des musulmans et des Francs<\/strong> qui, au IX<sup>e<\/sup> si\u00e8cle, instaur\u00e8rent la dynastie comtale de Barcelone. Gr\u00e2ce \u00e0 une intelligente politique d\u2019alliances, la ville devint au Moyen \u00c2ge la capitale de la couronne d\u2019Aragon et connut une forte croissance \u00e9conomique qui se r\u00e9percuta dans la construction de nombreux \u00e9difices civils et religieux intra-muros.<\/p>\n<p>&nbsp;<\/p>\n<p>\u00c0 l\u2019heure actuelle, ce centre historique est int\u00e9gr\u00e9 au quartier de Ciutat Vella (vieille ville) qui \u2013outre son patrimoine architectonique \u00e9loquent\u2013 abrite une <strong>activit\u00e9 commerciale et culturelle effr\u00e9n\u00e9e qui n\u2019est pas sans rappeler sa vitalit\u00e9 m\u00e9di\u00e9vale<\/strong>.<\/p>\n<p>&nbsp;<\/p>\n<h2>La ville maritime<\/h2>\n<p><a href=\"https:\/\/qa-dosde.qamoon.es\/wp-content\/uploads\/2017\/02\/puerto-maritimo-barcelona-dosde-publishing.jpg\"><img loading=\"lazy\" decoding=\"async\" class=\"alignnone wp-image-796 size-full\" src=\"https:\/\/qa-dosde.qamoon.es\/wp-content\/uploads\/2017\/02\/puerto-maritimo-barcelona-dosde-publishing.jpg\" alt=\"Port de Barcelone Maremagnum\" width=\"900\" height=\"600\" \/><\/a><\/p>\n<p>&nbsp;<\/p>\n<p>Depuis sa cr\u00e9ation, la ville de Barcelone a toujours \u00e9t\u00e9 intimement li\u00e9e \u00e0 la mer, une caract\u00e9ristique qui a contribu\u00e9 de fa\u00e7on d\u00e9cisive \u00e0 forger son caract\u00e8re cosmopolite et dynamique. Cette vocation maritime a commenc\u00e9 avec l\u2019arriv\u00e9e des Romains, ces derniers ayant rapidement int\u00e9gr\u00e9 la colonie de Barcino \u00e0 leur vaste r\u00e9seau commercial m\u00e9diterran\u00e9en, m\u00eame si <strong>ce n\u2019est qu\u2019avec la constitution de la couronne d\u2019Aragon que la ville s\u2019est v\u00e9ritablement consolid\u00e9e en tant que grande puissance d\u2019outre-mer<\/strong>, capable de concurrencer des capitales comme G\u00eanes ou Venise.<\/p>\n<p>&nbsp;<\/p>\n<p>Cependant, malgr\u00e9 l\u2019activit\u00e9 nautique effr\u00e9n\u00e9e, la pr\u00e9sence des murailles m\u00e9di\u00e9vales et des installations portuaires emp\u00eacha durant des si\u00e8cles d\u2019\u00e9tablir toute relation avec le littoral. Il faudra attendre <strong>la c\u00e9l\u00e9bration des Jeux olympiques de 1992<\/strong> pour qu\u2019une <strong>r\u00e9forme profonde int\u00e8gre enfin le littoral \u00e0 la trame urbaine<\/strong>, formant un tout indissociable.<\/p>\n<p>&nbsp;<\/p>\n<p>Avec la r\u00e9habilitation des plages et la construction de nouvelles infrastructures comme le Port olympique et le centre commercial Maremagnum, Barcelone s\u2019est ouverte sur la mer plus que jamais, faisant de son littoral un espace public tr\u00e8s appr\u00e9ci\u00e9 qui <strong>constitue en m\u00eame temps la porte d\u2019entr\u00e9e de millions de personnes qui viennent visiter Barcelone s\u00e9duits par son esprit m\u00e9diterran\u00e9en.<\/strong><\/p>\n<p>&nbsp;<\/p>\n<h2>L\u2019architecture moderniste de Barcelone<\/h2>\n<p><a href=\"https:\/\/qa-dosde.qamoon.es\/wp-content\/uploads\/2017\/02\/arquitectura-modernista-palacio-montaner-barcelona-dosde-publishing.jpg.jpg\"><img loading=\"lazy\" decoding=\"async\" class=\"alignnone wp-image-853 size-full\" src=\"https:\/\/qa-dosde.qamoon.es\/wp-content\/uploads\/2017\/02\/arquitectura-modernista-palacio-montaner-barcelona-dosde-publishing.jpg.jpg\" alt=\"Scaliers du Palais Montaner de Barcelone\" width=\"900\" height=\"600\" \/><\/a><\/p>\n<p>&nbsp;<\/p>\n<p>Entre la fin du XIX<sup>e <\/sup>et le d\u00e9but du XX<sup>e<\/sup> si\u00e8cle, <strong>un nouveau courant artistique se d\u00e9veloppa simultan\u00e9ment dans divers pays d\u2019Europe<\/strong>, caract\u00e9ris\u00e9 par la richesse ornementale, le dynamisme, la pr\u00e9dominance des lignes courbes, le go\u00fbt pour l\u2019asym\u00e9trie et l\u2019admiration pour le monde naturel.<\/p>\n<p>En Catalogne, cette tendance re\u00e7ut le nom de modernisme et fut tr\u00e8s bien accueillie \u00e0 Barcelone, ville immerg\u00e9e dans une phase de croissance \u00e9conomique, culturelle et urbanistique qui tire ses origines de la r\u00e9volution industrielle et culmine avec la c\u00e9l\u00e9bration de la premi\u00e8re exposition universelle d\u2019Espagne en 1888.<\/p>\n<p>&nbsp;<\/p>\n<p>F\u00e9d\u00e9ratrice de tous les arts, <strong>l\u2019architecture moderniste de Barcelone devint l\u2019un des principaux signes de distinction de la bourgeoisie<\/strong> qui encouragea la construction de grands projets \u2013la plupart concentr\u00e9s dans le quartier de l\u2019Eixample\u2013 dans l\u2019objectif de d\u00e9montrer sa richesse et ses d\u00e9sirs de modernit\u00e9.<\/p>\n<p>&nbsp;<\/p>\n<p>Avec le soutien des classes ais\u00e9es, <strong>des architectes comme Antoni Gaud\u00ed, Josep Puig i Cadafalch, Llu\u00eds Dom\u00e8nech i Montaner et Enric Sagnier<\/strong>, entre autres, laiss\u00e8rent libre cours \u00e0 leur imagination pour concevoir des infrastructures et des \u00e9difices de logements qui, outre le fait d\u2019alt\u00e9rer radicalement l\u2019aspect de la trame urbaine, allaient devenir des ic\u00f4nes du modernisme de la Barcelone la plus cr\u00e9ative.<\/p>\n<p>&nbsp;<\/p>\n<p><a href=\"https:\/\/www.dosde.com\/fr\/livres\/barcelone.html\"><img loading=\"lazy\" decoding=\"async\" class=\"aligncenter wp-image-3641 size-full\" src=\"https:\/\/qa-dosde.qamoon.es\/wp-content\/uploads\/2017\/02\/Boton-descubrir-mas-FR.png\" alt=\"\" width=\"250\" height=\"56\" \/><\/a><\/p>\n<p>&nbsp;<\/p>\n<h2>Barcelone, la ville de Gaud\u00ed<\/h2>\n<p><a href=\"https:\/\/qa-dosde.qamoon.es\/wp-content\/uploads\/2017\/02\/arquitectura-modernista-la-pedrera-gaudi-barcelona-dosde-publishing.jpg\"><img loading=\"lazy\" decoding=\"async\" class=\"alignnone wp-image-854 size-full\" src=\"https:\/\/qa-dosde.qamoon.es\/wp-content\/uploads\/2017\/02\/arquitectura-modernista-la-pedrera-gaudi-barcelona-dosde-publishing.jpg\" alt=\"Fa\u00e7ade principale de La Pedrera de Antoni Gaud\u00ed\" width=\"900\" height=\"600\" \/><\/a><\/p>\n<p>&nbsp;<\/p>\n<p>N\u00e9 en 1852 \u00e0 Reus (Tarragone), <strong>Antoni Gaud\u00ed i Cornet est indissociable de Barcelone, ville dans laquelle il a d\u00e9velopp\u00e9 une grande partie de sa trajectoire professionnelle<\/strong>. Contemporain de grands noms du modernisme catalan comme Llu\u00eds Dom\u00e8nech i Montaner, l\u2019architecte part de l\u2019historicisme pr\u00e9dominant de l\u2019\u00e9poque pour \u00e9voluer vers un style propre, inspir\u00e9 des formes de la nature et profond\u00e9ment symbolique.<\/p>\n<p>&nbsp;<\/p>\n<p>Parmi les premi\u00e8res \u0153uvres de Gaud\u00ed \u00e0 Barcelone figurent la Casa Vicens, la propri\u00e9t\u00e9 G\u00fcell, le palais G\u00fcell, le coll\u00e8ge des Th\u00e9r\u00e9siennes, la Casa Calvet et la r\u00e9sidence Bellesguard, des \u00e9difices dans lesquels il a r\u00e9uni des \u00e9l\u00e9ments de l\u2019architecture m\u00e9di\u00e9vale et orientale et des traits modernistes. <strong>De sa seconde \u00e9tape, l\u2019\u00e9tape de maturit\u00e9, \u00e9manent le Parc G\u00fcell, la Casa Batll\u00f3 et La Pedrera<\/strong> (\u00e9galement appel\u00e9e Casa Mil\u00e1), des projets tr\u00e8s personnels qui se distinguent par leurs techniques de construction r\u00e9volutionnaires et leur forme organique.<\/p>\n<p>&nbsp;<\/p>\n<p>Or, l\u2019\u0153uvre qui r\u00e9sume \u00e0 elle seule l\u2019univers symbolique et artistique de Gaud\u00ed n\u2019est autre que <strong>la Sagrada Familia, \u00e0 laquelle il a consacr\u00e9 43 ans de sa vie<\/strong>, de 1883 \u00e0 1926, ann\u00e9e o\u00f9 il trouve la mort renvers\u00e9 par un tramway. D\u00e9nigr\u00e9 apr\u00e8s sa disparition par les nouveaux courants culturels, l\u2019architecte a obtenu avec le temps une reconnaissance internationale, devenant \u00e0 la fois l\u2019embl\u00e8me de Barcelone.<a href=\"https:\/\/www.dosde.com\/fr\/gaudi-ensemble-oeuvres-avant-garde-deluxe.html\"><br \/>\n<\/a><\/p>\n<p>&nbsp;<\/p>\n<h2>Montagne de Montju\u00efc<\/h2>\n<p><a href=\"https:\/\/qa-dosde.qamoon.es\/wp-content\/uploads\/2017\/02\/montan%CC%83a-montjuic-barcelona-dosde-publishing.jpg\"><img loading=\"lazy\" decoding=\"async\" class=\"alignnone wp-image-797 size-full\" src=\"https:\/\/qa-dosde.qamoon.es\/wp-content\/uploads\/2017\/02\/montan%CC%83a-montjuic-barcelona-dosde-publishing.jpg\" alt=\"Montagne de Montju\u00efc Barcelone\" width=\"900\" height=\"600\" \/><\/a><\/p>\n<p>&nbsp;<\/p>\n<p>Barcelone a maintenu tout au long de son histoire une relation complexe avec Montju\u00efc, passant de la d\u00e9pendance au rejet en fonction des diff\u00e9rents usages qu\u2019elle en faisait. Avant l\u2019arriv\u00e9e des Romains, <strong>la montagne abritait une importante colonie ib\u00e8re<\/strong> qui entretenait probablement des relations commerciales avec les Grecs et les Ph\u00e9niciens.<\/p>\n<p>&nbsp;<\/p>\n<p>Avec la fondation de Barcino, Montju\u00efc se d\u00e9peupla peu \u00e0 peu, fournissant en m\u00eame temps la pierre avec laquelle seraient construites les murailles et les maisons de la colonie romaine.<\/p>\n<p>&nbsp;<\/p>\n<p><strong>Durant le Moyen \u00c2ge, la montagne, outre sa fonction de carri\u00e8re, fit \u00e9galement office d\u2019espace agricole et de n\u00e9cropole juive<\/strong> \u2013probable origine de son nom\u2013, alors qu\u2019au XVII<sup>e<\/sup> si\u00e8cle elle se militarisa avec la construction d\u2019un ch\u00e2teau qui durant diverses \u00e9tapes d\u2019agitation sociale fut utilis\u00e9 pour bombarder la ville et emprisonner les dissidents.<\/p>\n<p>&nbsp;<\/p>\n<p>Au vu de cet usage oppressif, les Barcelonais s\u2019\u00e9loign\u00e8rent progressivement de Montju\u00efc. <strong>Ce n\u2019est qu\u2019en 1929 que la montagne fit volte-face pour devenir un lieu de participation citoyenne<\/strong>, alors qu\u2019elle accueillait l\u2019exposition internationale. La c\u00e9l\u00e9bration des Jeux olympiques marqua d\u00e9finitivement la transformation de la montagne, devenue une zone d\u2019espaces verts, d\u2019\u00e9quipements culturels et d\u2019installations sportives.<\/p>\n<p>&nbsp;<\/p>\n<h2>Tibidabo et la ville haute de Barcelone<\/h2>\n<p><a href=\"https:\/\/qa-dosde.qamoon.es\/wp-content\/uploads\/2017\/02\/monte-tibidabo-barcelona-dosde-publishing.jpg.jpg\"><img loading=\"lazy\" decoding=\"async\" class=\"alignnone wp-image-855 size-full\" src=\"https:\/\/qa-dosde.qamoon.es\/wp-content\/uploads\/2017\/02\/monte-tibidabo-barcelona-dosde-publishing.jpg.jpg\" alt=\"Tibidabo montagne Barcelone\" width=\"900\" height=\"600\" \/><\/a><\/p>\n<p>&nbsp;<\/p>\n<p><strong>La cordill\u00e8re de Collserola<\/strong>, situ\u00e9e entre les fleuves Bes\u00f2s et Llobregat, <strong>fait office de grande fronti\u00e8re naturelle entre Barcelone et une partie de son agglom\u00e9ration<\/strong> et permet de limiter la croissance urbaine. C\u2019est le poumon vert de la ville qui culmine avec la montagne du Tibidabo.<\/p>\n<p>&nbsp;<\/p>\n<p>Le secteur le plus proche de cette cordill\u00e8re est connu par les Barcelonais comme la ville haute, une d\u00e9nomination qui englobe un ensemble h\u00e9t\u00e9rog\u00e8ne de quartiers, la plupart ayant \u00e9t\u00e9 des communes ind\u00e9pendantes jusqu\u2019au d\u00e9but du XX<sup>e<\/sup> si\u00e8cle.<\/p>\n<p>&nbsp;<\/p>\n<p>Apr\u00e8s avoir \u00e9t\u00e9 absorb\u00e9s par Barcelone, certains districts comme<strong> Les Corts et Sarri\u00e0-Sant Gervasi ont conserv\u00e9 une partie de leur personnalit\u00e9 avec un profil urbain propre qui t\u00e9moigne autant de leur pass\u00e9 rural<\/strong> que de leur condition de quartier bourgeois, la bourgeoisie y ayant encourag\u00e9 de nombreuses constructions de style moderniste, comme dans l\u2019Eixample des XIX<sup>e<\/sup> et XX<sup>e<\/sup> si\u00e8cles.<\/p>\n<p>&nbsp;<\/p>\n<p>\u00c0 son caract\u00e8re \u00e9minemment r\u00e9sidentiel, la ville haute cumule \u00e9galement d\u2019importantes fonctions \u00e9conomiques et sociales, puisque c\u2019est <strong>autour de l\u2019avenue Diagonal que se concentrent le pouvoir financier de la ville<\/strong> et les infrastructures universitaires, alors que les abondants espaces verts sont r\u00e9serv\u00e9s aux activit\u00e9s ludiques en tout genre.<\/p>\n<p>&nbsp;<\/p>\n<h2>La nouvelle Barcelone<\/h2>\n<p><a href=\"https:\/\/qa-dosde.qamoon.es\/wp-content\/uploads\/2017\/02\/torre-agbar-museo-disen%CC%83o-barcelona-dosde-publishing.jpg.jpg\"><img loading=\"lazy\" decoding=\"async\" class=\"alignnone wp-image-899 size-full\" src=\"https:\/\/qa-dosde.qamoon.es\/wp-content\/uploads\/2017\/02\/torre-agbar-museo-disen%CC%83o-barcelona-dosde-publishing.jpg.jpg\" alt=\"Tour Agbar et Mus\u00e9e du Design Barcelone\" width=\"900\" height=\"600\" \/><\/a><\/p>\n<p>&nbsp;<\/p>\n<p><strong>Gr\u00e2ce aux Jeux olympiques de 1992<\/strong>, Barcelone se lance dans son plus grand projet de r\u00e9novation urbanistique depuis la d\u00e9molition des murailles m\u00e9di\u00e9vales et la cr\u00e9ation de l\u2019Eixample, avec des interventions transcendantes comme la remise \u00e0 neuf du front de mer et la construction d\u2019infrastructures m\u00e9tropolitaines.<\/p>\n<p>&nbsp;<\/p>\n<p>Apr\u00e8s ce processus de modernisation, <strong>Barcelone se positionne de nouveau sur la sc\u00e8ne internationale<\/strong> et se consolide comme <strong>une m\u00e9tropole dynamique et attractive<\/strong>, capable de conjuguer tradition et cr\u00e9ation contemporaine.<\/p>\n<p>&nbsp;<\/p>\n<p>Dans l\u2019objectif de maintenir le positionnement de sa marque, la ville n\u2019a cess\u00e9 de se transformer depuis le rendez-vous olympique, qu\u2019il s\u2019agisse de c\u00e9l\u00e9brer de grands \u00e9v\u00e9nements de port\u00e9e internationale \u2013comme le Forum universel des Cultures en 2004 qui a permis une renaissance du littoral\u2013 ou <strong>d\u2019encourager des projets urbanistiques comme le 22@<\/strong>, qui a transform\u00e9 un quartier industriel obsol\u00e8te en un district technologique.<\/p>\n<p>&nbsp;<\/p>\n<p>Ces r\u00e9novations n\u2019ont pas seulement rafra\u00eechi l\u2019image de la ville mais ont \u00e9galement permis \u00e0 Barcelone de tisser des liens avec l\u2019avant-garde artistique, comme ce fut le cas durant l\u2019essor du modernisme, \u00e0 travers des projets innovants sign\u00e9s par les architectes les plus prestigieux du moment. La tour Agbar est l\u2019un des symboles de l\u2019architecture moderne de Barcelone qui a permis de d\u00e9finir un nouveau profil urbanistique dans la ville.<\/p>\n<p>&nbsp;<\/p>\n<h2>Le plus beau livre pour d\u00e9couvrir Barcelone<\/h2>\n<p>Berceau d\u2019artistes, d\u2019\u00e9crivains, d\u2019intellectuels et d\u2019architectes de renom, Barcelone est une ville moderne et cosmopolite qui attire des millions de touristes chaque ann\u00e9e. <strong><a href=\"https:\/\/www.dosde.com\/fr\/barcelone-villa-avant-garde-deluxe.html\">Ce livre sur Barcelone<\/a> nous pr\u00e9sente la ville de pr\u00e8s par le biais de magnifiques photos et d\u2019un grand volume d\u2019informations<\/strong> sur ses lieux les plus embl\u00e9matiques. Tout ce que vous devez savoir sur cette ville incroyable est ici rassembl\u00e9.<\/p>\n<p>&nbsp;<\/p>\n<p>Un livre grand format, \u00e9dit\u00e9 par <a href=\"https:\/\/www.dosde.com\/fr\/\">Dosde<\/a>, qui parcourt toute la ville, son histoire, son architecture et les lieux les plus embl\u00e9matiques.<\/p>\n<p><a href=\"https:\/\/www.dosde.com\/fr\/barcelone-villa-avant-garde-deluxe.html\"><img loading=\"lazy\" decoding=\"async\" class=\"alignnone wp-image-1929 size-full\" src=\"https:\/\/qa-dosde.qamoon.es\/wp-content\/uploads\/2017\/02\/couverture-livre-barcelona-ville-francais-edition-deluxe-dosde-publishing_978-84-15818-97-7_25-008-02_B09.jpg\" alt=\"Livre sur Barcelone Dosde \u00c9ditorial\" width=\"700\" height=\"345\" \/><\/a><\/p>\n","protected":false},"excerpt":{"rendered":"Barcelone, ville d\u2019avant-garde Depuis son origine, et au fil des si\u00e8cles, Barcelone a toujours \u00e9t\u00e9 la sc\u00e8ne de grands \u00e9v\u00e9nements artistiques, culturels et sociaux qui ont transform\u00e9 et d\u00e9fini le caract\u00e8re et la personnalit\u00e9 h\u00e9t\u00e9rog\u00e8ne de la ville et de ses habitants. &nbsp; Gr\u00e2ce \u00e0 cette nature innovante et cr\u00e9ative \u2013qui a s\u00e9duit bien des &#8230; <a title=\"Barcelone\" class=\"read-more\" href=\"https:\/\/pre.dosde.com\/fr\/barcelone\/\" aria-label=\"En savoir plus sur Barcelone\">Lire la suite<\/a>","protected":false},"author":1,"featured_media":502,"comment_status":"open","ping_status":"open","sticky":false,"template":"","format":"standard","meta":{"_acf_changed":false,"footnotes":""},"categories":[53],"tags":[],"class_list":["post-1874","post","type-post","status-publish","format-standard","has-post-thumbnail","hentry","category-barcelone"],"acf":[],"yoast_head":"<!-- This site is optimized with the Yoast SEO plugin v28.3 - https:\/\/yoast.com\/product\/yoast-seo-wordpress\/ -->\n<title>Barcelone - Dosde<\/title>\n<meta name=\"robots\" content=\"noindex, follow, max-snippet:-1, max-image-preview:large, max-video-preview:-1\" \/>\n<meta property=\"og:locale\" content=\"fr_FR\" \/>\n<meta property=\"og:type\" content=\"article\" \/>\n<meta property=\"og:title\" content=\"Barcelone - Dosde\" \/>\n<meta property=\"og:description\" content=\"Barcelone, ville d\u2019avant-garde Depuis son origine, et au fil des si\u00e8cles, Barcelone a toujours \u00e9t\u00e9 la sc\u00e8ne de grands \u00e9v\u00e9nements artistiques, culturels et sociaux qui ont transform\u00e9 et d\u00e9fini le caract\u00e8re et la personnalit\u00e9 h\u00e9t\u00e9rog\u00e8ne de la ville et de ses habitants. &nbsp; Gr\u00e2ce \u00e0 cette nature innovante et cr\u00e9ative \u2013qui a s\u00e9duit bien des ... Lire la suite\" \/>\n<meta property=\"og:url\" content=\"https:\/\/pre.dosde.com\/fr\/barcelone\/\" \/>\n<meta property=\"og:site_name\" content=\"Dosde\" \/>\n<meta property=\"article:published_time\" content=\"2017-02-17T11:34:04+00:00\" \/>\n<meta property=\"article:modified_time\" content=\"2026-08-11T08:02:51+00:00\" \/>\n<meta name=\"author\" content=\"seocom\" \/>\n<meta name=\"twitter:card\" content=\"summary_large_image\" \/>\n<meta name=\"twitter:label1\" content=\"\u00c9crit par\" \/>\n\t<meta name=\"twitter:data1\" content=\"seocom\" \/>\n\t<meta name=\"twitter:label2\" content=\"Dur\u00e9e de lecture estim\u00e9e\" \/>\n\t<meta name=\"twitter:data2\" content=\"10 minutes\" \/>\n<script type=\"application\/ld+json\" class=\"yoast-schema-graph\">{\"@context\":\"https:\\\/\\\/schema.org\",\"@graph\":[{\"@type\":\"Article\",\"@id\":\"https:\\\/\\\/pre.dosde.com\\\/fr\\\/barcelone\\\/#article\",\"isPartOf\":{\"@id\":\"https:\\\/\\\/pre.dosde.com\\\/fr\\\/barcelone\\\/\"},\"author\":{\"name\":\"seocom\",\"@id\":\"https:\\\/\\\/pre.dosde.com\\\/fr\\\/#\\\/schema\\\/person\\\/9d33726ab714fecb297e38b515472088\"},\"headline\":\"Barcelone\",\"datePublished\":\"2017-02-17T11:34:04+00:00\",\"dateModified\":\"2026-08-11T08:02:51+00:00\",\"mainEntityOfPage\":{\"@id\":\"https:\\\/\\\/pre.dosde.com\\\/fr\\\/barcelone\\\/\"},\"wordCount\":1910,\"commentCount\":0,\"publisher\":{\"@id\":\"https:\\\/\\\/pre.dosde.com\\\/fr\\\/#organization\"},\"image\":{\"@id\":\"https:\\\/\\\/pre.dosde.com\\\/fr\\\/barcelone\\\/#primaryimage\"},\"thumbnailUrl\":\"\",\"articleSection\":[\"Barcelone\"],\"inLanguage\":\"fr-FR\",\"potentialAction\":[{\"@type\":\"CommentAction\",\"name\":\"Comment\",\"target\":[\"https:\\\/\\\/pre.dosde.com\\\/fr\\\/barcelone\\\/#respond\"]}]},{\"@type\":\"WebPage\",\"@id\":\"https:\\\/\\\/pre.dosde.com\\\/fr\\\/barcelone\\\/\",\"url\":\"https:\\\/\\\/pre.dosde.com\\\/fr\\\/barcelone\\\/\",\"name\":\"Barcelone - Dosde\",\"isPartOf\":{\"@id\":\"https:\\\/\\\/pre.dosde.com\\\/fr\\\/#website\"},\"primaryImageOfPage\":{\"@id\":\"https:\\\/\\\/pre.dosde.com\\\/fr\\\/barcelone\\\/#primaryimage\"},\"image\":{\"@id\":\"https:\\\/\\\/pre.dosde.com\\\/fr\\\/barcelone\\\/#primaryimage\"},\"thumbnailUrl\":\"\",\"datePublished\":\"2017-02-17T11:34:04+00:00\",\"dateModified\":\"2026-08-11T08:02:51+00:00\",\"breadcrumb\":{\"@id\":\"https:\\\/\\\/pre.dosde.com\\\/fr\\\/barcelone\\\/#breadcrumb\"},\"inLanguage\":\"fr-FR\",\"potentialAction\":[{\"@type\":\"ReadAction\",\"target\":[\"https:\\\/\\\/pre.dosde.com\\\/fr\\\/barcelone\\\/\"]}]},{\"@type\":\"ImageObject\",\"inLanguage\":\"fr-FR\",\"@id\":\"https:\\\/\\\/pre.dosde.com\\\/fr\\\/barcelone\\\/#primaryimage\",\"url\":\"\",\"contentUrl\":\"\"},{\"@type\":\"BreadcrumbList\",\"@id\":\"https:\\\/\\\/pre.dosde.com\\\/fr\\\/barcelone\\\/#breadcrumb\",\"itemListElement\":[{\"@type\":\"ListItem\",\"position\":1,\"name\":\"Home\",\"item\":\"https:\\\/\\\/pre.dosde.com\\\/fr\\\/\"},{\"@type\":\"ListItem\",\"position\":2,\"name\":\"Barcelone\"}]},{\"@type\":\"WebSite\",\"@id\":\"https:\\\/\\\/pre.dosde.com\\\/fr\\\/#website\",\"url\":\"https:\\\/\\\/pre.dosde.com\\\/fr\\\/\",\"name\":\"Dosde\",\"description\":\"\",\"publisher\":{\"@id\":\"https:\\\/\\\/pre.dosde.com\\\/fr\\\/#organization\"},\"potentialAction\":[{\"@type\":\"SearchAction\",\"target\":{\"@type\":\"EntryPoint\",\"urlTemplate\":\"https:\\\/\\\/pre.dosde.com\\\/fr\\\/?s={search_term_string}\"},\"query-input\":{\"@type\":\"PropertyValueSpecification\",\"valueRequired\":true,\"valueName\":\"search_term_string\"}}],\"inLanguage\":\"fr-FR\"},{\"@type\":\"Organization\",\"@id\":\"https:\\\/\\\/pre.dosde.com\\\/fr\\\/#organization\",\"name\":\"Dosde\",\"url\":\"https:\\\/\\\/pre.dosde.com\\\/fr\\\/\",\"logo\":{\"@type\":\"ImageObject\",\"inLanguage\":\"fr-FR\",\"@id\":\"https:\\\/\\\/pre.dosde.com\\\/fr\\\/#\\\/schema\\\/logo\\\/image\\\/\",\"url\":\"https:\\\/\\\/pre.dosde.com\\\/wp-content\\\/uploads\\\/2026\\\/06\\\/Logo.webp\",\"contentUrl\":\"https:\\\/\\\/pre.dosde.com\\\/wp-content\\\/uploads\\\/2026\\\/06\\\/Logo.webp\",\"width\":248,\"height\":80,\"caption\":\"Dosde\"},\"image\":{\"@id\":\"https:\\\/\\\/pre.dosde.com\\\/fr\\\/#\\\/schema\\\/logo\\\/image\\\/\"}},{\"@type\":\"Person\",\"@id\":\"https:\\\/\\\/pre.dosde.com\\\/fr\\\/#\\\/schema\\\/person\\\/9d33726ab714fecb297e38b515472088\",\"name\":\"seocom\",\"image\":{\"@type\":\"ImageObject\",\"inLanguage\":\"fr-FR\",\"@id\":\"https:\\\/\\\/secure.gravatar.com\\\/avatar\\\/741433ce07ba5c431e994c0ec0272d414a5d1a9dafeb02666111e6f2eb1c0ed2?s=96&d=mm&r=g\",\"url\":\"https:\\\/\\\/secure.gravatar.com\\\/avatar\\\/741433ce07ba5c431e994c0ec0272d414a5d1a9dafeb02666111e6f2eb1c0ed2?s=96&d=mm&r=g\",\"contentUrl\":\"https:\\\/\\\/secure.gravatar.com\\\/avatar\\\/741433ce07ba5c431e994c0ec0272d414a5d1a9dafeb02666111e6f2eb1c0ed2?s=96&d=mm&r=g\",\"caption\":\"seocom\"},\"sameAs\":[\"http:\\\/\\\/qa-dosde.qamoon.es\"],\"url\":\"https:\\\/\\\/pre.dosde.com\\\/fr\\\/author\\\/seocom\\\/\"}]}<\/script>\n<!-- \/ Yoast SEO plugin. -->","yoast_head_json":{"title":"Barcelone - Dosde","robots":{"index":"noindex","follow":"follow","max-snippet":"max-snippet:-1","max-image-preview":"max-image-preview:large","max-video-preview":"max-video-preview:-1"},"og_locale":"fr_FR","og_type":"article","og_title":"Barcelone - Dosde","og_description":"Barcelone, ville d\u2019avant-garde Depuis son origine, et au fil des si\u00e8cles, Barcelone a toujours \u00e9t\u00e9 la sc\u00e8ne de grands \u00e9v\u00e9nements artistiques, culturels et sociaux qui ont transform\u00e9 et d\u00e9fini le caract\u00e8re et la personnalit\u00e9 h\u00e9t\u00e9rog\u00e8ne de la ville et de ses habitants. &nbsp; Gr\u00e2ce \u00e0 cette nature innovante et cr\u00e9ative \u2013qui a s\u00e9duit bien des ... Lire la suite","og_url":"https:\/\/pre.dosde.com\/fr\/barcelone\/","og_site_name":"Dosde","article_published_time":"2017-02-17T11:34:04+00:00","article_modified_time":"2026-08-11T08:02:51+00:00","author":"seocom","twitter_card":"summary_large_image","twitter_misc":{"\u00c9crit par":"seocom","Dur\u00e9e de lecture estim\u00e9e":"10 minutes"},"schema":{"@context":"https:\/\/schema.org","@graph":[{"@type":"Article","@id":"https:\/\/pre.dosde.com\/fr\/barcelone\/#article","isPartOf":{"@id":"https:\/\/pre.dosde.com\/fr\/barcelone\/"},"author":{"name":"seocom","@id":"https:\/\/pre.dosde.com\/fr\/#\/schema\/person\/9d33726ab714fecb297e38b515472088"},"headline":"Barcelone","datePublished":"2017-02-17T11:34:04+00:00","dateModified":"2026-08-11T08:02:51+00:00","mainEntityOfPage":{"@id":"https:\/\/pre.dosde.com\/fr\/barcelone\/"},"wordCount":1910,"commentCount":0,"publisher":{"@id":"https:\/\/pre.dosde.com\/fr\/#organization"},"image":{"@id":"https:\/\/pre.dosde.com\/fr\/barcelone\/#primaryimage"},"thumbnailUrl":"","articleSection":["Barcelone"],"inLanguage":"fr-FR","potentialAction":[{"@type":"CommentAction","name":"Comment","target":["https:\/\/pre.dosde.com\/fr\/barcelone\/#respond"]}]},{"@type":"WebPage","@id":"https:\/\/pre.dosde.com\/fr\/barcelone\/","url":"https:\/\/pre.dosde.com\/fr\/barcelone\/","name":"Barcelone - Dosde","isPartOf":{"@id":"https:\/\/pre.dosde.com\/fr\/#website"},"primaryImageOfPage":{"@id":"https:\/\/pre.dosde.com\/fr\/barcelone\/#primaryimage"},"image":{"@id":"https:\/\/pre.dosde.com\/fr\/barcelone\/#primaryimage"},"thumbnailUrl":"","datePublished":"2017-02-17T11:34:04+00:00","dateModified":"2026-08-11T08:02:51+00:00","breadcrumb":{"@id":"https:\/\/pre.dosde.com\/fr\/barcelone\/#breadcrumb"},"inLanguage":"fr-FR","potentialAction":[{"@type":"ReadAction","target":["https:\/\/pre.dosde.com\/fr\/barcelone\/"]}]},{"@type":"ImageObject","inLanguage":"fr-FR","@id":"https:\/\/pre.dosde.com\/fr\/barcelone\/#primaryimage","url":"","contentUrl":""},{"@type":"BreadcrumbList","@id":"https:\/\/pre.dosde.com\/fr\/barcelone\/#breadcrumb","itemListElement":[{"@type":"ListItem","position":1,"name":"Home","item":"https:\/\/pre.dosde.com\/fr\/"},{"@type":"ListItem","position":2,"name":"Barcelone"}]},{"@type":"WebSite","@id":"https:\/\/pre.dosde.com\/fr\/#website","url":"https:\/\/pre.dosde.com\/fr\/","name":"Dosde","description":"","publisher":{"@id":"https:\/\/pre.dosde.com\/fr\/#organization"},"potentialAction":[{"@type":"SearchAction","target":{"@type":"EntryPoint","urlTemplate":"https:\/\/pre.dosde.com\/fr\/?s={search_term_string}"},"query-input":{"@type":"PropertyValueSpecification","valueRequired":true,"valueName":"search_term_string"}}],"inLanguage":"fr-FR"},{"@type":"Organization","@id":"https:\/\/pre.dosde.com\/fr\/#organization","name":"Dosde","url":"https:\/\/pre.dosde.com\/fr\/","logo":{"@type":"ImageObject","inLanguage":"fr-FR","@id":"https:\/\/pre.dosde.com\/fr\/#\/schema\/logo\/image\/","url":"https:\/\/pre.dosde.com\/wp-content\/uploads\/2026\/06\/Logo.webp","contentUrl":"https:\/\/pre.dosde.com\/wp-content\/uploads\/2026\/06\/Logo.webp","width":248,"height":80,"caption":"Dosde"},"image":{"@id":"https:\/\/pre.dosde.com\/fr\/#\/schema\/logo\/image\/"}},{"@type":"Person","@id":"https:\/\/pre.dosde.com\/fr\/#\/schema\/person\/9d33726ab714fecb297e38b515472088","name":"seocom","image":{"@type":"ImageObject","inLanguage":"fr-FR","@id":"https:\/\/secure.gravatar.com\/avatar\/741433ce07ba5c431e994c0ec0272d414a5d1a9dafeb02666111e6f2eb1c0ed2?s=96&d=mm&r=g","url":"https:\/\/secure.gravatar.com\/avatar\/741433ce07ba5c431e994c0ec0272d414a5d1a9dafeb02666111e6f2eb1c0ed2?s=96&d=mm&r=g","contentUrl":"https:\/\/secure.gravatar.com\/avatar\/741433ce07ba5c431e994c0ec0272d414a5d1a9dafeb02666111e6f2eb1c0ed2?s=96&d=mm&r=g","caption":"seocom"},"sameAs":["http:\/\/qa-dosde.qamoon.es"],"url":"https:\/\/pre.dosde.com\/fr\/author\/seocom\/"}]}},"_links":{"self":[{"href":"https:\/\/pre.dosde.com\/fr\/wp-json\/wp\/v2\/posts\/1874","targetHints":{"allow":["GET"]}}],"collection":[{"href":"https:\/\/pre.dosde.com\/fr\/wp-json\/wp\/v2\/posts"}],"about":[{"href":"https:\/\/pre.dosde.com\/fr\/wp-json\/wp\/v2\/types\/post"}],"author":[{"embeddable":true,"href":"https:\/\/pre.dosde.com\/fr\/wp-json\/wp\/v2\/users\/1"}],"replies":[{"embeddable":true,"href":"https:\/\/pre.dosde.com\/fr\/wp-json\/wp\/v2\/comments?post=1874"}],"version-history":[{"count":1,"href":"https:\/\/pre.dosde.com\/fr\/wp-json\/wp\/v2\/posts\/1874\/revisions"}],"predecessor-version":[{"id":3688,"href":"https:\/\/pre.dosde.com\/fr\/wp-json\/wp\/v2\/posts\/1874\/revisions\/3688"}],"wp:attachment":[{"href":"https:\/\/pre.dosde.com\/fr\/wp-json\/wp\/v2\/media?parent=1874"}],"wp:term":[{"taxonomy":"category","embeddable":true,"href":"https:\/\/pre.dosde.com\/fr\/wp-json\/wp\/v2\/categories?post=1874"},{"taxonomy":"post_tag","embeddable":true,"href":"https:\/\/pre.dosde.com\/fr\/wp-json\/wp\/v2\/tags?post=1874"}],"curies":[{"name":"wp","href":"https:\/\/api.w.org\/{rel}","templated":true}]}}