{"id":1876,"date":"2017-02-17T11:54:21","date_gmt":"2017-02-17T11:54:21","guid":{"rendered":"https:\/\/www.dosde.com\/blog\/?p=200\/"},"modified":"2026-08-11T08:02:51","modified_gmt":"2026-08-11T08:02:51","slug":"les-caves-guell","status":"publish","type":"post","link":"https:\/\/pre.dosde.com\/fr\/les-caves-guell\/","title":{"rendered":"Les bodegas G\u00fcell"},"content":{"rendered":"<h2>Histoire du\u00a0Cellier G\u00fcell<\/h2>\n<p>En 1874, l\u2019industriel Eusebi G\u00fcell fit l\u2019acquisition d\u2019un grand domaine de 825 hectares au sud de Barcelone, sur une c\u00f4te tr\u00e8s accident\u00e9e entre Sitges et Castelldefels, dans l\u2019intention de canaliser vers la capitale une source souterraine et d\u2019exploiter d\u2019anciens vignobles ainsi qu\u2019une carri\u00e8re de pierre calcaire. En 1882, G\u00fcell chargea Antoni Gaud\u00ed de la r\u00e9alisation d\u2019un pavillon de chasse pour inviter ses amis dans la propri\u00e9t\u00e9.<\/p>\n<p>&nbsp;<\/p>\n<p>Cependant, l\u2019id\u00e9e de faire un projet similaire \u00e0 celui de la Casa Vicens, de la propri\u00e9t\u00e9 G\u00fcell et du Caprice, ne parvint jamais \u00e0 se concr\u00e9tiser. Treize ans plus tard, en 1895, <strong>G\u00fcell confia \u00e0 Gaud\u00ed le projet des caves<\/strong> \u00e0 ce m\u00eame endroit, une enclave isol\u00e9e entre la mer et le massif du Garraf. Avec son collaborateur Francesc Berenguer, l\u2019artiste con\u00e7ut un \u00e9difice tr\u00e8s original, en forme de prisme triangulaire avec une toiture \u00e0 deux pentes tr\u00e8s inclin\u00e9e, semblable \u00e0 une tente.<\/p>\n<p>&nbsp;<\/p>\n<p>Cet aspect anguleux et <strong>l\u2019usage de la pierre<\/strong> de la carri\u00e8re limitrophe <strong>permit \u00e0 l\u2019\u00e9difice de se fondre dans le paysage rocheux et de s\u2019int\u00e9grer parfaitement \u00e0 l\u2019environnement aride<\/strong>, \u00e0 200\u00a0m\u00e8tres \u00e0 peine de la plage et au pied des contreforts du massif. En 1916, la cr\u00e9ation de la cimenterie Asland vint alt\u00e9rer la beaut\u00e9 du site et l\u2019\u00e9pid\u00e9mie de phyllox\u00e9ra de 1936 ravagea les vignobles et mit fin \u00e0 l\u2019activit\u00e9 des caves. Cependant, l\u2019\u0153uvre architecturale conserve encore aujourd\u2019hui sa beaut\u00e9 originale.<\/p>\n<p>&nbsp;<\/p>\n<h2>Des caves avec logement et chapelle<\/h2>\n<p><a href=\"https:\/\/qa-dosde.qamoon.es\/wp-content\/uploads\/2017\/02\/bodegas-guell-gaudi-dosde-publishing.jpg\"><img loading=\"lazy\" decoding=\"async\" class=\"alignnone wp-image-793 size-full\" src=\"https:\/\/qa-dosde.qamoon.es\/wp-content\/uploads\/2017\/02\/bodegas-guell-gaudi-dosde-publishing.jpg\" alt=\"Caves Guell Antoni Gaudi \" width=\"900\" height=\"600\" \/><\/a><\/p>\n<p>&nbsp;<\/p>\n<p><strong>G\u00fcell chargea Gaud\u00ed de la conception d\u2019un \u00e9difice multifonctionnel<\/strong> servant \u00e0 la fois de logement familial et de pavillon de chasse et comprenant une chapelle et des caves pour l\u2019\u00e9levage du vin produit par le promoteur.\u00a0L\u2019industriel ne cessera d\u2019entretenir une relation privil\u00e9gi\u00e9e avec Gaud\u00ed, \u00e0 qui il commandera de nombreux projets qui portent son nom comme le palais G\u00fcell ou le Park G\u00fcell.<\/p>\n<p>&nbsp;<\/p>\n<p>L\u2019architecte imagina <strong>une surprenante distribution sur cinq niveaux<\/strong> : les deux sous-sols faisaient office de caves et l\u2019unique contact avec l\u2019ext\u00e9rieur \u00e9tait la porte d\u2019acc\u00e8s pr\u00e9vue pour le transport et deux soupiraux, de cette fa\u00e7on la lumi\u00e8re ext\u00e9rieure ne venait pas alt\u00e9rer l\u2019\u00e9levage du vin et les murs \u00e9pais permettaient de le conserver.<\/p>\n<p>&nbsp;<\/p>\n<p>Le rez-de-chauss\u00e9e abritait les garages et les pi\u00e8ces du personnel de service avec deux escaliers, l\u2019un int\u00e9rieur l\u2019autre ext\u00e9rieur, qui menaient au premier \u00e9tage, habilit\u00e9 comme logement pour la famille ou les invit\u00e9s aux parties de chasse. <strong>Au deuxi\u00e8me \u00e9tage, tr\u00e8s \u00e9troit en raison de la forme de l\u2019\u00e9difice, se trouvait la chapelle<\/strong>, dont l\u2019une des extr\u00e9mit\u00e9s donnait sur la mer en guise de mirador.<\/p>\n<p>&nbsp;<\/p>\n<p><a href=\"https:\/\/www.dosde.com\/fr\/livres\/antoni-gaudi.html\"><img loading=\"lazy\" decoding=\"async\" class=\"aligncenter wp-image-3641 size-full\" src=\"https:\/\/qa-dosde.qamoon.es\/wp-content\/uploads\/2017\/02\/Boton-descubrir-mas-FR.png\" alt=\"\" width=\"250\" height=\"56\" \/><\/a><\/p>\n<h2>L\u2019ext\u00e9rieur des caves G\u00fcell<\/h2>\n<p><a href=\"https:\/\/qa-dosde.qamoon.es\/wp-content\/uploads\/2017\/02\/exterior-bodegas-guell-gaudi-dosde-publishing.jpg\"><img loading=\"lazy\" decoding=\"async\" class=\"alignnone wp-image-859 size-full\" src=\"https:\/\/qa-dosde.qamoon.es\/wp-content\/uploads\/2017\/02\/exterior-bodegas-guell-gaudi-dosde-publishing.jpg\" alt=\"L\u2019ext\u00e9rieur des caves G\u00fcell Antoni Gaudi\" width=\"900\" height=\"600\" \/><\/a><\/p>\n<p>&nbsp;<\/p>\n<p>L\u2019\u00e9difice occupe un espace rectangulaire dont la surface diminue avec les \u00e9tages. <strong>La toiture en pierre est \u00e9galement le mur de l\u2019\u00e9difice et le recouvre totalement jusqu\u2019au ras du sol<\/strong>. Comme Le Caprice ou la Casa Vicens, pour les caves G\u00fcell Gaud\u00ed misa sur un seul mat\u00e9riau de rev\u00eatement pour tout l\u2019\u00e9difice : la pierre calcaire grise du Garraf qui recouvre \u00e9galement la toiture.<\/p>\n<p>&nbsp;<\/p>\n<p>En faisant ce choix, l\u2019architecte r\u00e9ussit \u00e0 int\u00e9grer totalement l\u2019ensemble au paysage, mim\u00e9tisme qui s\u2019accentue avec les formes de l\u2019\u00e9difice, qu\u2019il s\u2019agisse du prisme triangulaire ou des adjonctions (clocher, chemin\u00e9es, m\u00e2chicoulis et terrasses).<\/p>\n<p>&nbsp;<\/p>\n<h2>Le livre le plus complet sur l\u2019\u0153uvre de Gaud\u00ed<\/h2>\n<p>Antoni Gaud\u00ed est consid\u00e9r\u00e9 comme l&rsquo;un des architectes les plus importants de l&rsquo;histoire. Gaud\u00ed a anticip\u00e9 son \u00e9poque en cr\u00e9ant un langage artistique aussi surprenant qu&rsquo;inimitable. Les \u0153uvres de l\u2019architecte se caract\u00e9risent par une identit\u00e9 propre.<\/p>\n<p>&nbsp;<\/p>\n<p>Avec plus de 180 photographies, le \u201c<a href=\"https:\/\/www.dosde.com\/fr\/gaudi-ensemble-oeuvres-avant-garde-deluxe.html\">L\u2019ensemble des \u0153uvres d\u2019Antoni Gaud\u00ed<\/a>\u201d\u00a0permet d\u2019appr\u00e9cier les \u0153uvres de Gaud\u00ed gr\u00e2ce aux magnifiques\u00a0<strong>photographies, aux illustrations en 3D<\/strong>\u00a0et aux dessins qu\u2019il comprend.<\/p>\n<p>&nbsp;<\/p>\n<p>\u00c9dit\u00e9 par <a href=\"https:\/\/www.dosde.com\/fr\/\">Dosde<\/a>, le livre inclut les projets de jeunesse de Gaud\u00ed les moins connus ainsi que les \u0153uvres qu\u2019il r\u00e9alisa en tant qu\u2019architecte confirm\u00e9 et qui sont devenues des r\u00e9f\u00e9rences mondiales dans le monde de l\u2019architecture.<\/p>\n<p><a href=\"https:\/\/www.dosde.com\/fr\/gaudi-ensemble-oeuvres-avant-garde-deluxe.html\"><img loading=\"lazy\" decoding=\"async\" class=\"alignnone wp-image-1960 size-full\" src=\"https:\/\/qa-dosde.qamoon.es\/wp-content\/uploads\/2017\/02\/couverture-livre-antoni-gaudi-ensemble-de-oeuvre-deluxe-edition-francais-dosde-publishing_978-84-9103-011-9_25-010-02_B09.jpg\" alt=\"Livre oeuvre Antoni Gaudi Dosde \u00c9ditorial\" width=\"700\" height=\"345\" \/><\/a><\/p>\n","protected":false},"excerpt":{"rendered":"Histoire du\u00a0Cellier G\u00fcell En 1874, l\u2019industriel Eusebi G\u00fcell fit l\u2019acquisition d\u2019un grand domaine de 825 hectares au sud de Barcelone, sur une c\u00f4te tr\u00e8s accident\u00e9e entre Sitges et Castelldefels, dans l\u2019intention de canaliser vers la capitale une source souterraine et d\u2019exploiter d\u2019anciens vignobles ainsi qu\u2019une carri\u00e8re de pierre calcaire. En 1882, G\u00fcell chargea Antoni Gaud\u00ed &#8230; <a title=\"Les bodegas G\u00fcell\" class=\"read-more\" href=\"https:\/\/pre.dosde.com\/fr\/les-caves-guell\/\" aria-label=\"En savoir plus sur Les bodegas G\u00fcell\">Lire la suite<\/a>","protected":false},"author":1,"featured_media":503,"comment_status":"open","ping_status":"open","sticky":false,"template":"","format":"standard","meta":{"_acf_changed":false,"footnotes":""},"categories":[53],"tags":[],"class_list":["post-1876","post","type-post","status-publish","format-standard","has-post-thumbnail","hentry","category-barcelone"],"acf":[],"yoast_head":"<!-- This site is optimized with the Yoast SEO plugin v28.3 - https:\/\/yoast.com\/product\/yoast-seo-wordpress\/ -->\n<title>Les bodegas G\u00fcell - Dosde<\/title>\n<meta name=\"robots\" content=\"noindex, follow, max-snippet:-1, max-image-preview:large, max-video-preview:-1\" \/>\n<meta property=\"og:locale\" content=\"fr_FR\" \/>\n<meta property=\"og:type\" content=\"article\" \/>\n<meta property=\"og:title\" content=\"Les bodegas G\u00fcell - Dosde\" \/>\n<meta property=\"og:description\" content=\"Histoire du\u00a0Cellier G\u00fcell En 1874, l\u2019industriel Eusebi G\u00fcell fit l\u2019acquisition d\u2019un grand domaine de 825 hectares au sud de Barcelone, sur une c\u00f4te tr\u00e8s accident\u00e9e entre Sitges et Castelldefels, dans l\u2019intention de canaliser vers la capitale une source souterraine et d\u2019exploiter d\u2019anciens vignobles ainsi qu\u2019une carri\u00e8re de pierre calcaire. En 1882, G\u00fcell chargea Antoni Gaud\u00ed ... Lire la suite\" \/>\n<meta property=\"og:url\" content=\"https:\/\/pre.dosde.com\/fr\/les-caves-guell\/\" \/>\n<meta property=\"og:site_name\" content=\"Dosde\" \/>\n<meta property=\"article:published_time\" content=\"2017-02-17T11:54:21+00:00\" \/>\n<meta property=\"article:modified_time\" content=\"2026-08-11T08:02:51+00:00\" \/>\n<meta name=\"author\" content=\"seocom\" \/>\n<meta name=\"twitter:card\" content=\"summary_large_image\" \/>\n<meta name=\"twitter:label1\" content=\"\u00c9crit par\" \/>\n\t<meta name=\"twitter:data1\" content=\"seocom\" \/>\n\t<meta name=\"twitter:label2\" content=\"Dur\u00e9e de lecture estim\u00e9e\" \/>\n\t<meta name=\"twitter:data2\" content=\"4 minutes\" \/>\n<script type=\"application\/ld+json\" class=\"yoast-schema-graph\">{\"@context\":\"https:\\\/\\\/schema.org\",\"@graph\":[{\"@type\":\"Article\",\"@id\":\"https:\\\/\\\/pre.dosde.com\\\/fr\\\/les-caves-guell\\\/#article\",\"isPartOf\":{\"@id\":\"https:\\\/\\\/pre.dosde.com\\\/fr\\\/les-caves-guell\\\/\"},\"author\":{\"name\":\"seocom\",\"@id\":\"https:\\\/\\\/pre.dosde.com\\\/fr\\\/#\\\/schema\\\/person\\\/9d33726ab714fecb297e38b515472088\"},\"headline\":\"Les bodegas G\u00fcell\",\"datePublished\":\"2017-02-17T11:54:21+00:00\",\"dateModified\":\"2026-08-11T08:02:51+00:00\",\"mainEntityOfPage\":{\"@id\":\"https:\\\/\\\/pre.dosde.com\\\/fr\\\/les-caves-guell\\\/\"},\"wordCount\":749,\"commentCount\":0,\"publisher\":{\"@id\":\"https:\\\/\\\/pre.dosde.com\\\/fr\\\/#organization\"},\"image\":{\"@id\":\"https:\\\/\\\/pre.dosde.com\\\/fr\\\/les-caves-guell\\\/#primaryimage\"},\"thumbnailUrl\":\"\",\"articleSection\":[\"Barcelone\"],\"inLanguage\":\"fr-FR\",\"potentialAction\":[{\"@type\":\"CommentAction\",\"name\":\"Comment\",\"target\":[\"https:\\\/\\\/pre.dosde.com\\\/fr\\\/les-caves-guell\\\/#respond\"]}]},{\"@type\":\"WebPage\",\"@id\":\"https:\\\/\\\/pre.dosde.com\\\/fr\\\/les-caves-guell\\\/\",\"url\":\"https:\\\/\\\/pre.dosde.com\\\/fr\\\/les-caves-guell\\\/\",\"name\":\"Les bodegas G\u00fcell - Dosde\",\"isPartOf\":{\"@id\":\"https:\\\/\\\/pre.dosde.com\\\/fr\\\/#website\"},\"primaryImageOfPage\":{\"@id\":\"https:\\\/\\\/pre.dosde.com\\\/fr\\\/les-caves-guell\\\/#primaryimage\"},\"image\":{\"@id\":\"https:\\\/\\\/pre.dosde.com\\\/fr\\\/les-caves-guell\\\/#primaryimage\"},\"thumbnailUrl\":\"\",\"datePublished\":\"2017-02-17T11:54:21+00:00\",\"dateModified\":\"2026-08-11T08:02:51+00:00\",\"breadcrumb\":{\"@id\":\"https:\\\/\\\/pre.dosde.com\\\/fr\\\/les-caves-guell\\\/#breadcrumb\"},\"inLanguage\":\"fr-FR\",\"potentialAction\":[{\"@type\":\"ReadAction\",\"target\":[\"https:\\\/\\\/pre.dosde.com\\\/fr\\\/les-caves-guell\\\/\"]}]},{\"@type\":\"ImageObject\",\"inLanguage\":\"fr-FR\",\"@id\":\"https:\\\/\\\/pre.dosde.com\\\/fr\\\/les-caves-guell\\\/#primaryimage\",\"url\":\"\",\"contentUrl\":\"\"},{\"@type\":\"BreadcrumbList\",\"@id\":\"https:\\\/\\\/pre.dosde.com\\\/fr\\\/les-caves-guell\\\/#breadcrumb\",\"itemListElement\":[{\"@type\":\"ListItem\",\"position\":1,\"name\":\"Home\",\"item\":\"https:\\\/\\\/pre.dosde.com\\\/fr\\\/\"},{\"@type\":\"ListItem\",\"position\":2,\"name\":\"Les bodegas G\u00fcell\"}]},{\"@type\":\"WebSite\",\"@id\":\"https:\\\/\\\/pre.dosde.com\\\/fr\\\/#website\",\"url\":\"https:\\\/\\\/pre.dosde.com\\\/fr\\\/\",\"name\":\"Dosde\",\"description\":\"\",\"publisher\":{\"@id\":\"https:\\\/\\\/pre.dosde.com\\\/fr\\\/#organization\"},\"potentialAction\":[{\"@type\":\"SearchAction\",\"target\":{\"@type\":\"EntryPoint\",\"urlTemplate\":\"https:\\\/\\\/pre.dosde.com\\\/fr\\\/?s={search_term_string}\"},\"query-input\":{\"@type\":\"PropertyValueSpecification\",\"valueRequired\":true,\"valueName\":\"search_term_string\"}}],\"inLanguage\":\"fr-FR\"},{\"@type\":\"Organization\",\"@id\":\"https:\\\/\\\/pre.dosde.com\\\/fr\\\/#organization\",\"name\":\"Dosde\",\"url\":\"https:\\\/\\\/pre.dosde.com\\\/fr\\\/\",\"logo\":{\"@type\":\"ImageObject\",\"inLanguage\":\"fr-FR\",\"@id\":\"https:\\\/\\\/pre.dosde.com\\\/fr\\\/#\\\/schema\\\/logo\\\/image\\\/\",\"url\":\"https:\\\/\\\/pre.dosde.com\\\/wp-content\\\/uploads\\\/2026\\\/06\\\/Logo.webp\",\"contentUrl\":\"https:\\\/\\\/pre.dosde.com\\\/wp-content\\\/uploads\\\/2026\\\/06\\\/Logo.webp\",\"width\":248,\"height\":80,\"caption\":\"Dosde\"},\"image\":{\"@id\":\"https:\\\/\\\/pre.dosde.com\\\/fr\\\/#\\\/schema\\\/logo\\\/image\\\/\"}},{\"@type\":\"Person\",\"@id\":\"https:\\\/\\\/pre.dosde.com\\\/fr\\\/#\\\/schema\\\/person\\\/9d33726ab714fecb297e38b515472088\",\"name\":\"seocom\",\"image\":{\"@type\":\"ImageObject\",\"inLanguage\":\"fr-FR\",\"@id\":\"https:\\\/\\\/secure.gravatar.com\\\/avatar\\\/741433ce07ba5c431e994c0ec0272d414a5d1a9dafeb02666111e6f2eb1c0ed2?s=96&d=mm&r=g\",\"url\":\"https:\\\/\\\/secure.gravatar.com\\\/avatar\\\/741433ce07ba5c431e994c0ec0272d414a5d1a9dafeb02666111e6f2eb1c0ed2?s=96&d=mm&r=g\",\"contentUrl\":\"https:\\\/\\\/secure.gravatar.com\\\/avatar\\\/741433ce07ba5c431e994c0ec0272d414a5d1a9dafeb02666111e6f2eb1c0ed2?s=96&d=mm&r=g\",\"caption\":\"seocom\"},\"sameAs\":[\"http:\\\/\\\/qa-dosde.qamoon.es\"],\"url\":\"https:\\\/\\\/pre.dosde.com\\\/fr\\\/author\\\/seocom\\\/\"}]}<\/script>\n<!-- \/ Yoast SEO plugin. -->","yoast_head_json":{"title":"Les bodegas G\u00fcell - Dosde","robots":{"index":"noindex","follow":"follow","max-snippet":"max-snippet:-1","max-image-preview":"max-image-preview:large","max-video-preview":"max-video-preview:-1"},"og_locale":"fr_FR","og_type":"article","og_title":"Les bodegas G\u00fcell - Dosde","og_description":"Histoire du\u00a0Cellier G\u00fcell En 1874, l\u2019industriel Eusebi G\u00fcell fit l\u2019acquisition d\u2019un grand domaine de 825 hectares au sud de Barcelone, sur une c\u00f4te tr\u00e8s accident\u00e9e entre Sitges et Castelldefels, dans l\u2019intention de canaliser vers la capitale une source souterraine et d\u2019exploiter d\u2019anciens vignobles ainsi qu\u2019une carri\u00e8re de pierre calcaire. En 1882, G\u00fcell chargea Antoni Gaud\u00ed ... Lire la suite","og_url":"https:\/\/pre.dosde.com\/fr\/les-caves-guell\/","og_site_name":"Dosde","article_published_time":"2017-02-17T11:54:21+00:00","article_modified_time":"2026-08-11T08:02:51+00:00","author":"seocom","twitter_card":"summary_large_image","twitter_misc":{"\u00c9crit par":"seocom","Dur\u00e9e de lecture estim\u00e9e":"4 minutes"},"schema":{"@context":"https:\/\/schema.org","@graph":[{"@type":"Article","@id":"https:\/\/pre.dosde.com\/fr\/les-caves-guell\/#article","isPartOf":{"@id":"https:\/\/pre.dosde.com\/fr\/les-caves-guell\/"},"author":{"name":"seocom","@id":"https:\/\/pre.dosde.com\/fr\/#\/schema\/person\/9d33726ab714fecb297e38b515472088"},"headline":"Les bodegas G\u00fcell","datePublished":"2017-02-17T11:54:21+00:00","dateModified":"2026-08-11T08:02:51+00:00","mainEntityOfPage":{"@id":"https:\/\/pre.dosde.com\/fr\/les-caves-guell\/"},"wordCount":749,"commentCount":0,"publisher":{"@id":"https:\/\/pre.dosde.com\/fr\/#organization"},"image":{"@id":"https:\/\/pre.dosde.com\/fr\/les-caves-guell\/#primaryimage"},"thumbnailUrl":"","articleSection":["Barcelone"],"inLanguage":"fr-FR","potentialAction":[{"@type":"CommentAction","name":"Comment","target":["https:\/\/pre.dosde.com\/fr\/les-caves-guell\/#respond"]}]},{"@type":"WebPage","@id":"https:\/\/pre.dosde.com\/fr\/les-caves-guell\/","url":"https:\/\/pre.dosde.com\/fr\/les-caves-guell\/","name":"Les bodegas G\u00fcell - Dosde","isPartOf":{"@id":"https:\/\/pre.dosde.com\/fr\/#website"},"primaryImageOfPage":{"@id":"https:\/\/pre.dosde.com\/fr\/les-caves-guell\/#primaryimage"},"image":{"@id":"https:\/\/pre.dosde.com\/fr\/les-caves-guell\/#primaryimage"},"thumbnailUrl":"","datePublished":"2017-02-17T11:54:21+00:00","dateModified":"2026-08-11T08:02:51+00:00","breadcrumb":{"@id":"https:\/\/pre.dosde.com\/fr\/les-caves-guell\/#breadcrumb"},"inLanguage":"fr-FR","potentialAction":[{"@type":"ReadAction","target":["https:\/\/pre.dosde.com\/fr\/les-caves-guell\/"]}]},{"@type":"ImageObject","inLanguage":"fr-FR","@id":"https:\/\/pre.dosde.com\/fr\/les-caves-guell\/#primaryimage","url":"","contentUrl":""},{"@type":"BreadcrumbList","@id":"https:\/\/pre.dosde.com\/fr\/les-caves-guell\/#breadcrumb","itemListElement":[{"@type":"ListItem","position":1,"name":"Home","item":"https:\/\/pre.dosde.com\/fr\/"},{"@type":"ListItem","position":2,"name":"Les bodegas G\u00fcell"}]},{"@type":"WebSite","@id":"https:\/\/pre.dosde.com\/fr\/#website","url":"https:\/\/pre.dosde.com\/fr\/","name":"Dosde","description":"","publisher":{"@id":"https:\/\/pre.dosde.com\/fr\/#organization"},"potentialAction":[{"@type":"SearchAction","target":{"@type":"EntryPoint","urlTemplate":"https:\/\/pre.dosde.com\/fr\/?s={search_term_string}"},"query-input":{"@type":"PropertyValueSpecification","valueRequired":true,"valueName":"search_term_string"}}],"inLanguage":"fr-FR"},{"@type":"Organization","@id":"https:\/\/pre.dosde.com\/fr\/#organization","name":"Dosde","url":"https:\/\/pre.dosde.com\/fr\/","logo":{"@type":"ImageObject","inLanguage":"fr-FR","@id":"https:\/\/pre.dosde.com\/fr\/#\/schema\/logo\/image\/","url":"https:\/\/pre.dosde.com\/wp-content\/uploads\/2026\/06\/Logo.webp","contentUrl":"https:\/\/pre.dosde.com\/wp-content\/uploads\/2026\/06\/Logo.webp","width":248,"height":80,"caption":"Dosde"},"image":{"@id":"https:\/\/pre.dosde.com\/fr\/#\/schema\/logo\/image\/"}},{"@type":"Person","@id":"https:\/\/pre.dosde.com\/fr\/#\/schema\/person\/9d33726ab714fecb297e38b515472088","name":"seocom","image":{"@type":"ImageObject","inLanguage":"fr-FR","@id":"https:\/\/secure.gravatar.com\/avatar\/741433ce07ba5c431e994c0ec0272d414a5d1a9dafeb02666111e6f2eb1c0ed2?s=96&d=mm&r=g","url":"https:\/\/secure.gravatar.com\/avatar\/741433ce07ba5c431e994c0ec0272d414a5d1a9dafeb02666111e6f2eb1c0ed2?s=96&d=mm&r=g","contentUrl":"https:\/\/secure.gravatar.com\/avatar\/741433ce07ba5c431e994c0ec0272d414a5d1a9dafeb02666111e6f2eb1c0ed2?s=96&d=mm&r=g","caption":"seocom"},"sameAs":["http:\/\/qa-dosde.qamoon.es"],"url":"https:\/\/pre.dosde.com\/fr\/author\/seocom\/"}]}},"_links":{"self":[{"href":"https:\/\/pre.dosde.com\/fr\/wp-json\/wp\/v2\/posts\/1876","targetHints":{"allow":["GET"]}}],"collection":[{"href":"https:\/\/pre.dosde.com\/fr\/wp-json\/wp\/v2\/posts"}],"about":[{"href":"https:\/\/pre.dosde.com\/fr\/wp-json\/wp\/v2\/types\/post"}],"author":[{"embeddable":true,"href":"https:\/\/pre.dosde.com\/fr\/wp-json\/wp\/v2\/users\/1"}],"replies":[{"embeddable":true,"href":"https:\/\/pre.dosde.com\/fr\/wp-json\/wp\/v2\/comments?post=1876"}],"version-history":[{"count":1,"href":"https:\/\/pre.dosde.com\/fr\/wp-json\/wp\/v2\/posts\/1876\/revisions"}],"predecessor-version":[{"id":3687,"href":"https:\/\/pre.dosde.com\/fr\/wp-json\/wp\/v2\/posts\/1876\/revisions\/3687"}],"wp:attachment":[{"href":"https:\/\/pre.dosde.com\/fr\/wp-json\/wp\/v2\/media?parent=1876"}],"wp:term":[{"taxonomy":"category","embeddable":true,"href":"https:\/\/pre.dosde.com\/fr\/wp-json\/wp\/v2\/categories?post=1876"},{"taxonomy":"post_tag","embeddable":true,"href":"https:\/\/pre.dosde.com\/fr\/wp-json\/wp\/v2\/tags?post=1876"}],"curies":[{"name":"wp","href":"https:\/\/api.w.org\/{rel}","templated":true}]}}