{"id":1887,"date":"2017-02-17T13:00:03","date_gmt":"2017-02-17T13:00:03","guid":{"rendered":"https:\/\/www.dosde.com\/blog\/?p=246\/"},"modified":"2026-08-11T08:02:51","modified_gmt":"2026-08-11T08:02:51","slug":"casa-vicens","status":"publish","type":"post","link":"https:\/\/pre.dosde.com\/fr\/casa-vicens\/","title":{"rendered":"Casa Vicens"},"content":{"rendered":"<h2>Histoire de la Casa Vicens<\/h2>\n<p>En 1878, <strong>Manuel Vicens i Montaner<\/strong>, agent de change, <strong>chargea Gaud\u00ed du projet d\u2019une maison de vacances<\/strong> sur un terrain limitrophe \u00e0 l&rsquo;ouest avec la ville de Gr\u00e0cia, autrefois commune ind\u00e9pendante qui se trouvait \u00e0 un kilom\u00e8tre et demi de Barcelone. \u00c0 cette \u00e9poque, de nombreuses familles bourgeoises s\u2019installaient \u00e0 Gr\u00e0cia pour sa localisation id\u00e9ale qui offrait la tranquillit\u00e9 m\u00eame d\u2019un village \u00e0 proximit\u00e9 imm\u00e9diate de la capitale.<\/p>\n<p>&nbsp;<\/p>\n<p>Gaud\u00ed, qui venait d\u2019obtenir son dipl\u00f4me d&rsquo;architecte cette m\u00eame ann\u00e9e, <strong>envisagea une structure simple<\/strong>. Mais, tr\u00e8s vite, <strong>le volume complexe et la d\u00e9coration bigarr\u00e9e de la construction<\/strong>, avec notamment la pr\u00e9sence pr\u00e9dominante de carreaux de fa\u00efence \u00e9maill\u00e9e, devanc\u00e8rent intuitivement les th\u00e9ories structurelles et ornementales du modernisme catalan.<\/p>\n<p>&nbsp;<\/p>\n<p>Gaud\u00ed acheva son projet en 1880 mais les travaux ne se concr\u00e9tis\u00e8rent que trois ans plus tard pour se terminer en 1888. En 1925, Antoni Jover Puig, propri\u00e9taire de la maison depuis 1899, proposa \u00e0 Gaud\u00ed <strong>d\u2019agrandir l\u2019\u00e9difice pour en faire la premi\u00e8re r\u00e9sidence de la famille Jover<\/strong>. L\u2019artiste, absorb\u00e9 par l\u2019\u0153uvre de la Sagrada Familia, refusa l\u2019offre et recommanda son confr\u00e8re Joan Baptista Serra de Mart\u00ednez qui r\u00e9alisa les travaux d\u2019agrandissement dans le plus grand respect de l\u2019\u0153uvre originale de Gaud\u00ed.<\/p>\n<p>&nbsp;<\/p>\n<h2>Un projet \u00e9clectique et polychrome<\/h2>\n<p><img decoding=\"async\" class=\"size-full wp-image-3975 alignnone\" src=\"https:\/\/qa-dosde.qamoon.es\/wp-content\/uploads\/2017\/02\/Casa_Vicens_ok_2022.jpg\" alt=\"\" \/><\/p>\n<p>&nbsp;<\/p>\n<p>Dans la Casa Vicens, <strong>la simplicit\u00e9 de construction contraste avec l\u2019exub\u00e9rance de la d\u00e9coration<\/strong>. Structurellement, Gaud\u00ed r\u00e9partit les charges sur trois murs parall\u00e8les et respecte les lignes droites pour les divisions internes.<\/p>\n<p>&nbsp;<\/p>\n<p>Sur le plan formel, l\u2019artiste surprend par <strong>l\u2019\u00e9clectisme des ressources issues de diverses \u00e9poques<\/strong> et provenances et par <strong>l\u2019association des mat\u00e9riaux traditionnels et des arts d\u00e9coratifs<\/strong>, caract\u00e9ristique du modernisme qui appara\u00eet d\u00e9j\u00e0 dans cette \u0153uvre. Le choix des fa\u00efences polychromes et les g\u00e9om\u00e9tries \u00e9voquent le style mauresque et la profusion de motifs naturalistes provient de l\u2019art oriental.<\/p>\n<p>&nbsp;<\/p>\n<p><a href=\"https:\/\/www.dosde.com\/fr\/livres\/antoni-gaudi.html\"><img decoding=\"async\" class=\"aligncenter size-full wp-image-3641\" src=\"https:\/\/qa-dosde.qamoon.es\/wp-content\/uploads\/2017\/02\/Boton-descubrir-mas-FR.png\" alt=\"\" \/><\/a><\/p>\n<h2>Contraste de mat\u00e9riaux<\/h2>\n<p><a href=\"https:\/\/qa-dosde.qamoon.es\/wp-content\/uploads\/2017\/03\/balcon-casa-vicens-gaudi-barcelona-dosde-publishing.jpg\"><img loading=\"lazy\" decoding=\"async\" class=\"alignnone wp-image-767 size-full\" src=\"https:\/\/qa-dosde.qamoon.es\/wp-content\/uploads\/2017\/03\/balcon-casa-vicens-gaudi-barcelona-dosde-publishing.jpg\" alt=\"Balcon de la Casa Vicens, par Antoni Gaud\u00ed\" width=\"900\" height=\"600\" \/><\/a><\/p>\n<p>&nbsp;<\/p>\n<p><strong>Gaud\u00ed envisagea la Casa Vicens \u00e0 partir d\u2019un m\u00e9lange de styles et de mat\u00e9riaux<\/strong>, conform\u00e9ment \u00e0 l\u2019une des tendances dominantes des derni\u00e8res d\u00e9cennies du XIX<sup>e<\/sup> si\u00e8cle, plus connue sous le nom d\u2019\u00e9clectisme, concept qui pr\u00e9conisait la rupture avec l\u2019acad\u00e9misme en vigueur et la r\u00e9cup\u00e9ration des styles m\u00e9di\u00e9vaux europ\u00e9ens ainsi que d\u2019autres formes artistiques plus exotiques, comme <strong>l\u2019art oriental et mud\u00e9jar<\/strong>.<\/p>\n<p>&nbsp;<\/p>\n<p>Pour le projet de la Casa Vicens de Barcelone, <strong>Gaud\u00ed puisa dans les influences mauresques et mud\u00e9jares<\/strong> \u2013deux styles tr\u00e8s enracin\u00e9s dans la culture espagnole m\u00e9di\u00e9vale\u2013 et les reporta sur la fa\u00e7ade principale \u00e0 travers l\u2019association de quatre mat\u00e9riaux tr\u00e8s diff\u00e9rents : la pierre pour les murs, les azulejos comme \u00e9l\u00e9ment chromatique, le bois.<\/p>\n<p>&nbsp;<\/p>\n<h2>Le livre pour d\u00e9couvrir l\u2019\u0153uvre de Gaud\u00ed<\/h2>\n<p>Les \u0153uvres de Gaud\u00ed se caract\u00e9risent par une identit\u00e9 propre. Plongez dans son univers de couleurs, de formes et de textures. L\u2019architecte a anticip\u00e9 son \u00e9poque en cr\u00e9ant un langage artistique inspir\u00e9 des formes pr\u00e9sentes dans la nature.<\/p>\n<p>&nbsp;<\/p>\n<p><strong>Avec plus de 180 photographies<\/strong>, le livre \u201c<a href=\"https:\/\/www.dosde.com\/fr\/gaudi-ensemble-oeuvres-avant-garde-deluxe.html\">L&rsquo;ensemble des \u0153uvres d&rsquo;Antoni Gaud\u00ed<\/a>\u201d, a \u00e9t\u00e9 \u00e9dit\u00e9 en \u00c9dition Deluxe,\u00a0un format qui met en avant des photographies de grande qualit\u00e9 afin d\u2019appr\u00e9cier tous les d\u00e9tails. Il\u00a0<strong>vous fera d\u00e9couvrir toute l\u2019\u0152uvre d\u2019Antoni Gaud\u00ed<\/strong>, de ses projets les plus embl\u00e9matiques \u00e0 ceux moins connus.<\/p>\n<p>&nbsp;<\/p>\n<p>\u00c9dit\u00e9 par <a href=\"https:\/\/www.dosde.com\/fr\/\">Dosde<\/a>, le livre rassemble un grand volume d\u2019informations et de curiosit\u00e9s afin de savourer toutes les \u0153uvres du g\u00e9nial architecte et d\u2019appr\u00e9hender leur symbolique.<\/p>\n<p><a href=\"https:\/\/www.dosde.com\/fr\/gaudi-ensemble-oeuvres-avant-garde-deluxe.html\"><img loading=\"lazy\" decoding=\"async\" class=\"alignnone wp-image-1960 size-full\" src=\"https:\/\/qa-dosde.qamoon.es\/wp-content\/uploads\/2017\/02\/couverture-livre-antoni-gaudi-ensemble-de-oeuvre-deluxe-edition-francais-dosde-publishing_978-84-9103-011-9_25-010-02_B09.jpg\" alt=\"Livre Ensemble des oeuvres d'Antoni Gaud\u00ed, Dosde \u00c9ditorial\" width=\"700\" height=\"345\" \/><\/a><\/p>\n<p>&nbsp;<\/p>\n","protected":false},"excerpt":{"rendered":"Histoire de la Casa Vicens En 1878, Manuel Vicens i Montaner, agent de change, chargea Gaud\u00ed du projet d\u2019une maison de vacances sur un terrain limitrophe \u00e0 l&rsquo;ouest avec la ville de Gr\u00e0cia, autrefois commune ind\u00e9pendante qui se trouvait \u00e0 un kilom\u00e8tre et demi de Barcelone. \u00c0 cette \u00e9poque, de nombreuses familles bourgeoises s\u2019installaient \u00e0 &#8230; <a title=\"Casa Vicens\" class=\"read-more\" href=\"https:\/\/pre.dosde.com\/fr\/casa-vicens\/\" aria-label=\"En savoir plus sur Casa Vicens\">Lire la suite<\/a>","protected":false},"author":1,"featured_media":690,"comment_status":"open","ping_status":"open","sticky":false,"template":"","format":"standard","meta":{"_acf_changed":false,"footnotes":""},"categories":[53],"tags":[],"class_list":["post-1887","post","type-post","status-publish","format-standard","has-post-thumbnail","hentry","category-barcelone"],"acf":[],"yoast_head":"<!-- This site is optimized with the Yoast SEO plugin v28.3 - https:\/\/yoast.com\/product\/yoast-seo-wordpress\/ -->\n<title>Casa Vicens - Dosde<\/title>\n<meta name=\"robots\" content=\"noindex, follow, max-snippet:-1, max-image-preview:large, max-video-preview:-1\" \/>\n<meta property=\"og:locale\" content=\"fr_FR\" \/>\n<meta property=\"og:type\" content=\"article\" \/>\n<meta property=\"og:title\" content=\"Casa Vicens - Dosde\" \/>\n<meta property=\"og:description\" content=\"Histoire de la Casa Vicens En 1878, Manuel Vicens i Montaner, agent de change, chargea Gaud\u00ed du projet d\u2019une maison de vacances sur un terrain limitrophe \u00e0 l&rsquo;ouest avec la ville de Gr\u00e0cia, autrefois commune ind\u00e9pendante qui se trouvait \u00e0 un kilom\u00e8tre et demi de Barcelone. \u00c0 cette \u00e9poque, de nombreuses familles bourgeoises s\u2019installaient \u00e0 ... Lire la suite\" \/>\n<meta property=\"og:url\" content=\"https:\/\/pre.dosde.com\/fr\/casa-vicens\/\" \/>\n<meta property=\"og:site_name\" content=\"Dosde\" \/>\n<meta property=\"article:published_time\" content=\"2017-02-17T13:00:03+00:00\" \/>\n<meta property=\"article:modified_time\" content=\"2026-08-11T08:02:51+00:00\" \/>\n<meta name=\"author\" content=\"seocom\" \/>\n<meta name=\"twitter:card\" content=\"summary_large_image\" \/>\n<meta name=\"twitter:label1\" content=\"\u00c9crit par\" \/>\n\t<meta name=\"twitter:data1\" content=\"seocom\" \/>\n\t<meta name=\"twitter:label2\" content=\"Dur\u00e9e de lecture estim\u00e9e\" \/>\n\t<meta name=\"twitter:data2\" content=\"4 minutes\" \/>\n<script type=\"application\/ld+json\" class=\"yoast-schema-graph\">{\"@context\":\"https:\\\/\\\/schema.org\",\"@graph\":[{\"@type\":\"Article\",\"@id\":\"https:\\\/\\\/pre.dosde.com\\\/fr\\\/casa-vicens\\\/#article\",\"isPartOf\":{\"@id\":\"https:\\\/\\\/pre.dosde.com\\\/fr\\\/casa-vicens\\\/\"},\"author\":{\"name\":\"seocom\",\"@id\":\"https:\\\/\\\/pre.dosde.com\\\/fr\\\/#\\\/schema\\\/person\\\/9d33726ab714fecb297e38b515472088\"},\"headline\":\"Casa Vicens\",\"datePublished\":\"2017-02-17T13:00:03+00:00\",\"dateModified\":\"2026-08-11T08:02:51+00:00\",\"mainEntityOfPage\":{\"@id\":\"https:\\\/\\\/pre.dosde.com\\\/fr\\\/casa-vicens\\\/\"},\"wordCount\":642,\"commentCount\":0,\"publisher\":{\"@id\":\"https:\\\/\\\/pre.dosde.com\\\/fr\\\/#organization\"},\"image\":{\"@id\":\"https:\\\/\\\/pre.dosde.com\\\/fr\\\/casa-vicens\\\/#primaryimage\"},\"thumbnailUrl\":\"\",\"articleSection\":[\"Barcelone\"],\"inLanguage\":\"fr-FR\",\"potentialAction\":[{\"@type\":\"CommentAction\",\"name\":\"Comment\",\"target\":[\"https:\\\/\\\/pre.dosde.com\\\/fr\\\/casa-vicens\\\/#respond\"]}]},{\"@type\":\"WebPage\",\"@id\":\"https:\\\/\\\/pre.dosde.com\\\/fr\\\/casa-vicens\\\/\",\"url\":\"https:\\\/\\\/pre.dosde.com\\\/fr\\\/casa-vicens\\\/\",\"name\":\"Casa Vicens - Dosde\",\"isPartOf\":{\"@id\":\"https:\\\/\\\/pre.dosde.com\\\/fr\\\/#website\"},\"primaryImageOfPage\":{\"@id\":\"https:\\\/\\\/pre.dosde.com\\\/fr\\\/casa-vicens\\\/#primaryimage\"},\"image\":{\"@id\":\"https:\\\/\\\/pre.dosde.com\\\/fr\\\/casa-vicens\\\/#primaryimage\"},\"thumbnailUrl\":\"\",\"datePublished\":\"2017-02-17T13:00:03+00:00\",\"dateModified\":\"2026-08-11T08:02:51+00:00\",\"breadcrumb\":{\"@id\":\"https:\\\/\\\/pre.dosde.com\\\/fr\\\/casa-vicens\\\/#breadcrumb\"},\"inLanguage\":\"fr-FR\",\"potentialAction\":[{\"@type\":\"ReadAction\",\"target\":[\"https:\\\/\\\/pre.dosde.com\\\/fr\\\/casa-vicens\\\/\"]}]},{\"@type\":\"ImageObject\",\"inLanguage\":\"fr-FR\",\"@id\":\"https:\\\/\\\/pre.dosde.com\\\/fr\\\/casa-vicens\\\/#primaryimage\",\"url\":\"\",\"contentUrl\":\"\"},{\"@type\":\"BreadcrumbList\",\"@id\":\"https:\\\/\\\/pre.dosde.com\\\/fr\\\/casa-vicens\\\/#breadcrumb\",\"itemListElement\":[{\"@type\":\"ListItem\",\"position\":1,\"name\":\"Home\",\"item\":\"https:\\\/\\\/pre.dosde.com\\\/fr\\\/\"},{\"@type\":\"ListItem\",\"position\":2,\"name\":\"Casa Vicens\"}]},{\"@type\":\"WebSite\",\"@id\":\"https:\\\/\\\/pre.dosde.com\\\/fr\\\/#website\",\"url\":\"https:\\\/\\\/pre.dosde.com\\\/fr\\\/\",\"name\":\"Dosde\",\"description\":\"\",\"publisher\":{\"@id\":\"https:\\\/\\\/pre.dosde.com\\\/fr\\\/#organization\"},\"potentialAction\":[{\"@type\":\"SearchAction\",\"target\":{\"@type\":\"EntryPoint\",\"urlTemplate\":\"https:\\\/\\\/pre.dosde.com\\\/fr\\\/?s={search_term_string}\"},\"query-input\":{\"@type\":\"PropertyValueSpecification\",\"valueRequired\":true,\"valueName\":\"search_term_string\"}}],\"inLanguage\":\"fr-FR\"},{\"@type\":\"Organization\",\"@id\":\"https:\\\/\\\/pre.dosde.com\\\/fr\\\/#organization\",\"name\":\"Dosde\",\"url\":\"https:\\\/\\\/pre.dosde.com\\\/fr\\\/\",\"logo\":{\"@type\":\"ImageObject\",\"inLanguage\":\"fr-FR\",\"@id\":\"https:\\\/\\\/pre.dosde.com\\\/fr\\\/#\\\/schema\\\/logo\\\/image\\\/\",\"url\":\"https:\\\/\\\/pre.dosde.com\\\/wp-content\\\/uploads\\\/2026\\\/06\\\/Logo.webp\",\"contentUrl\":\"https:\\\/\\\/pre.dosde.com\\\/wp-content\\\/uploads\\\/2026\\\/06\\\/Logo.webp\",\"width\":248,\"height\":80,\"caption\":\"Dosde\"},\"image\":{\"@id\":\"https:\\\/\\\/pre.dosde.com\\\/fr\\\/#\\\/schema\\\/logo\\\/image\\\/\"}},{\"@type\":\"Person\",\"@id\":\"https:\\\/\\\/pre.dosde.com\\\/fr\\\/#\\\/schema\\\/person\\\/9d33726ab714fecb297e38b515472088\",\"name\":\"seocom\",\"image\":{\"@type\":\"ImageObject\",\"inLanguage\":\"fr-FR\",\"@id\":\"https:\\\/\\\/secure.gravatar.com\\\/avatar\\\/741433ce07ba5c431e994c0ec0272d414a5d1a9dafeb02666111e6f2eb1c0ed2?s=96&d=mm&r=g\",\"url\":\"https:\\\/\\\/secure.gravatar.com\\\/avatar\\\/741433ce07ba5c431e994c0ec0272d414a5d1a9dafeb02666111e6f2eb1c0ed2?s=96&d=mm&r=g\",\"contentUrl\":\"https:\\\/\\\/secure.gravatar.com\\\/avatar\\\/741433ce07ba5c431e994c0ec0272d414a5d1a9dafeb02666111e6f2eb1c0ed2?s=96&d=mm&r=g\",\"caption\":\"seocom\"},\"sameAs\":[\"http:\\\/\\\/qa-dosde.qamoon.es\"],\"url\":\"https:\\\/\\\/pre.dosde.com\\\/fr\\\/author\\\/seocom\\\/\"}]}<\/script>\n<!-- \/ Yoast SEO plugin. -->","yoast_head_json":{"title":"Casa Vicens - Dosde","robots":{"index":"noindex","follow":"follow","max-snippet":"max-snippet:-1","max-image-preview":"max-image-preview:large","max-video-preview":"max-video-preview:-1"},"og_locale":"fr_FR","og_type":"article","og_title":"Casa Vicens - Dosde","og_description":"Histoire de la Casa Vicens En 1878, Manuel Vicens i Montaner, agent de change, chargea Gaud\u00ed du projet d\u2019une maison de vacances sur un terrain limitrophe \u00e0 l&rsquo;ouest avec la ville de Gr\u00e0cia, autrefois commune ind\u00e9pendante qui se trouvait \u00e0 un kilom\u00e8tre et demi de Barcelone. \u00c0 cette \u00e9poque, de nombreuses familles bourgeoises s\u2019installaient \u00e0 ... Lire la suite","og_url":"https:\/\/pre.dosde.com\/fr\/casa-vicens\/","og_site_name":"Dosde","article_published_time":"2017-02-17T13:00:03+00:00","article_modified_time":"2026-08-11T08:02:51+00:00","author":"seocom","twitter_card":"summary_large_image","twitter_misc":{"\u00c9crit par":"seocom","Dur\u00e9e de lecture estim\u00e9e":"4 minutes"},"schema":{"@context":"https:\/\/schema.org","@graph":[{"@type":"Article","@id":"https:\/\/pre.dosde.com\/fr\/casa-vicens\/#article","isPartOf":{"@id":"https:\/\/pre.dosde.com\/fr\/casa-vicens\/"},"author":{"name":"seocom","@id":"https:\/\/pre.dosde.com\/fr\/#\/schema\/person\/9d33726ab714fecb297e38b515472088"},"headline":"Casa Vicens","datePublished":"2017-02-17T13:00:03+00:00","dateModified":"2026-08-11T08:02:51+00:00","mainEntityOfPage":{"@id":"https:\/\/pre.dosde.com\/fr\/casa-vicens\/"},"wordCount":642,"commentCount":0,"publisher":{"@id":"https:\/\/pre.dosde.com\/fr\/#organization"},"image":{"@id":"https:\/\/pre.dosde.com\/fr\/casa-vicens\/#primaryimage"},"thumbnailUrl":"","articleSection":["Barcelone"],"inLanguage":"fr-FR","potentialAction":[{"@type":"CommentAction","name":"Comment","target":["https:\/\/pre.dosde.com\/fr\/casa-vicens\/#respond"]}]},{"@type":"WebPage","@id":"https:\/\/pre.dosde.com\/fr\/casa-vicens\/","url":"https:\/\/pre.dosde.com\/fr\/casa-vicens\/","name":"Casa Vicens - Dosde","isPartOf":{"@id":"https:\/\/pre.dosde.com\/fr\/#website"},"primaryImageOfPage":{"@id":"https:\/\/pre.dosde.com\/fr\/casa-vicens\/#primaryimage"},"image":{"@id":"https:\/\/pre.dosde.com\/fr\/casa-vicens\/#primaryimage"},"thumbnailUrl":"","datePublished":"2017-02-17T13:00:03+00:00","dateModified":"2026-08-11T08:02:51+00:00","breadcrumb":{"@id":"https:\/\/pre.dosde.com\/fr\/casa-vicens\/#breadcrumb"},"inLanguage":"fr-FR","potentialAction":[{"@type":"ReadAction","target":["https:\/\/pre.dosde.com\/fr\/casa-vicens\/"]}]},{"@type":"ImageObject","inLanguage":"fr-FR","@id":"https:\/\/pre.dosde.com\/fr\/casa-vicens\/#primaryimage","url":"","contentUrl":""},{"@type":"BreadcrumbList","@id":"https:\/\/pre.dosde.com\/fr\/casa-vicens\/#breadcrumb","itemListElement":[{"@type":"ListItem","position":1,"name":"Home","item":"https:\/\/pre.dosde.com\/fr\/"},{"@type":"ListItem","position":2,"name":"Casa Vicens"}]},{"@type":"WebSite","@id":"https:\/\/pre.dosde.com\/fr\/#website","url":"https:\/\/pre.dosde.com\/fr\/","name":"Dosde","description":"","publisher":{"@id":"https:\/\/pre.dosde.com\/fr\/#organization"},"potentialAction":[{"@type":"SearchAction","target":{"@type":"EntryPoint","urlTemplate":"https:\/\/pre.dosde.com\/fr\/?s={search_term_string}"},"query-input":{"@type":"PropertyValueSpecification","valueRequired":true,"valueName":"search_term_string"}}],"inLanguage":"fr-FR"},{"@type":"Organization","@id":"https:\/\/pre.dosde.com\/fr\/#organization","name":"Dosde","url":"https:\/\/pre.dosde.com\/fr\/","logo":{"@type":"ImageObject","inLanguage":"fr-FR","@id":"https:\/\/pre.dosde.com\/fr\/#\/schema\/logo\/image\/","url":"https:\/\/pre.dosde.com\/wp-content\/uploads\/2026\/06\/Logo.webp","contentUrl":"https:\/\/pre.dosde.com\/wp-content\/uploads\/2026\/06\/Logo.webp","width":248,"height":80,"caption":"Dosde"},"image":{"@id":"https:\/\/pre.dosde.com\/fr\/#\/schema\/logo\/image\/"}},{"@type":"Person","@id":"https:\/\/pre.dosde.com\/fr\/#\/schema\/person\/9d33726ab714fecb297e38b515472088","name":"seocom","image":{"@type":"ImageObject","inLanguage":"fr-FR","@id":"https:\/\/secure.gravatar.com\/avatar\/741433ce07ba5c431e994c0ec0272d414a5d1a9dafeb02666111e6f2eb1c0ed2?s=96&d=mm&r=g","url":"https:\/\/secure.gravatar.com\/avatar\/741433ce07ba5c431e994c0ec0272d414a5d1a9dafeb02666111e6f2eb1c0ed2?s=96&d=mm&r=g","contentUrl":"https:\/\/secure.gravatar.com\/avatar\/741433ce07ba5c431e994c0ec0272d414a5d1a9dafeb02666111e6f2eb1c0ed2?s=96&d=mm&r=g","caption":"seocom"},"sameAs":["http:\/\/qa-dosde.qamoon.es"],"url":"https:\/\/pre.dosde.com\/fr\/author\/seocom\/"}]}},"_links":{"self":[{"href":"https:\/\/pre.dosde.com\/fr\/wp-json\/wp\/v2\/posts\/1887","targetHints":{"allow":["GET"]}}],"collection":[{"href":"https:\/\/pre.dosde.com\/fr\/wp-json\/wp\/v2\/posts"}],"about":[{"href":"https:\/\/pre.dosde.com\/fr\/wp-json\/wp\/v2\/types\/post"}],"author":[{"embeddable":true,"href":"https:\/\/pre.dosde.com\/fr\/wp-json\/wp\/v2\/users\/1"}],"replies":[{"embeddable":true,"href":"https:\/\/pre.dosde.com\/fr\/wp-json\/wp\/v2\/comments?post=1887"}],"version-history":[{"count":1,"href":"https:\/\/pre.dosde.com\/fr\/wp-json\/wp\/v2\/posts\/1887\/revisions"}],"predecessor-version":[{"id":3587,"href":"https:\/\/pre.dosde.com\/fr\/wp-json\/wp\/v2\/posts\/1887\/revisions\/3587"}],"wp:attachment":[{"href":"https:\/\/pre.dosde.com\/fr\/wp-json\/wp\/v2\/media?parent=1887"}],"wp:term":[{"taxonomy":"category","embeddable":true,"href":"https:\/\/pre.dosde.com\/fr\/wp-json\/wp\/v2\/categories?post=1887"},{"taxonomy":"post_tag","embeddable":true,"href":"https:\/\/pre.dosde.com\/fr\/wp-json\/wp\/v2\/tags?post=1887"}],"curies":[{"name":"wp","href":"https:\/\/api.w.org\/{rel}","templated":true}]}}