{"id":1889,"date":"2017-02-17T13:09:08","date_gmt":"2017-02-17T13:09:08","guid":{"rendered":"https:\/\/www.dosde.com\/blog\/?p=253\/"},"modified":"2026-08-11T08:03:20","modified_gmt":"2026-08-11T08:03:20","slug":"cathedrale-de-majorque","status":"publish","type":"post","link":"https:\/\/pre.dosde.com\/fr\/cathedrale-de-majorque\/","title":{"rendered":"C\u00e1thedrale de Majorque"},"content":{"rendered":"<h2>Histoire de la cath\u00e9drale de Majorque<\/h2>\n<p>\u00c0 la fin du XIX<sup>e<\/sup> si\u00e8cle, l\u2019\u00e9v\u00eaque Pere Campins encouragea la<strong> r\u00e9novation de la distribution interne et de la d\u00e9coration de la cath\u00e9drale de Palma de Majorque<\/strong>, b\u00e2tie entre les XIII<sup>e<\/sup> et XIV<sup>e<\/sup> si\u00e8cles. D\u00e9\u00e7u par les propositions des architectes dioc\u00e9sains, Campins se rendit \u00e0 Barcelone en 1899 pour demander conseil \u00e0 Gaud\u00ed.<\/p>\n<p>&nbsp;<\/p>\n<p>Les id\u00e9es de <a href=\"https:\/\/www.dosde.com\/fr\/livres\/sagrada-familia.html\">l\u2019artisan de la Sagrada Familia<\/a> \u2013qui \u00e0 cette \u00e9poque entretenait une bonne relation avec divers eccl\u00e9siastiques au fort potentiel intellectuel\u2013 enthousiasm\u00e8rent l\u2019\u00e9v\u00eaque qui<strong> proposa aussit\u00f4t \u00e0 Gaud\u00ed de s\u2019occuper personnellement de la r\u00e9novation<\/strong>. Excit\u00e9 \u00e0 l\u2019id\u00e9e de laisser son empreinte dans la cath\u00e9drale m\u00e9di\u00e9vale, Antoni Gaud\u00ed accepta l\u2019offre. La r\u00e9novation, bien qu\u2019inachev\u00e9e, refl\u00e8te la forte personnalit\u00e9 de son auteur, tout en s\u2019int\u00e9grant parfaitement au substrat gothique.<\/p>\n<p>&nbsp;<\/p>\n<h2>Une nouvelle distribution<\/h2>\n<p>[metaslider id=1308]<\/p>\n<p>En 1903, <strong>Gaud\u00ed pr\u00e9senta \u00e0 l\u2019\u00e9v\u00eaque Campins un vaste projet de restauration de la cath\u00e9drale de Palma<\/strong>. Parmi les travaux entrepris, ceux qui eurent le plus d\u2019impact dans la configuration de la cath\u00e9drale furent l<strong>e d\u00e9montage des deux retables qui emp\u00eachaient les fid\u00e8les de voir la chaire \u00e9piscopale<\/strong> \u2013le tr\u00f4ne de l\u2019\u00e9v\u00eaque\u2013, la situation du ma\u00eetre-autel en face de la chaire, l\u2019emplacement d\u2019un baldaquin sur l\u2019autel, le transfert du c\u0153ur de la nef centrale au presbyt\u00e8re, la restauration de deux chaires \u2013l\u2019une d\u2019entre elles est conserv\u00e9e\u2013, la r\u00e9cup\u00e9ration de baies vitr\u00e9es mur\u00e9es, la conception de neuf vitraux, de divers mobilier liturgique divers et d\u2019\u00e9l\u00e9ments ornementaux en fer forg\u00e9, c\u00e9ramique et peinture et un nouvel \u00e9clairage.<\/p>\n<p>&nbsp;<\/p>\n<p>En 1914, <strong>l\u2019architecte abandonna les travaux de la cath\u00e9drale de Majorque<\/strong> en raison de diff\u00e9rends avec l\u2019entrepreneur et suite \u00e0 la mort de l\u2019\u00e9v\u00eaque, son grand protecteur.<\/p>\n<p>&nbsp;<\/p>\n<h2>Un espace consacr\u00e9 \u00e0 la pri\u00e8re<\/h2>\n<p><a href=\"https:\/\/qa-dosde.qamoon.es\/wp-content\/uploads\/2017\/02\/altar-mayor-catedral-de-mallorca-gaudi-1.jpg\"><img loading=\"lazy\" decoding=\"async\" class=\"alignnone wp-image-681 size-full\" src=\"https:\/\/qa-dosde.qamoon.es\/wp-content\/uploads\/2017\/02\/altar-mayor-catedral-de-mallorca-gaudi-1.jpg\" alt=\"Ma\u00eetre-autel de la Cath\u00e9drale de Majorque Dosde \u00c9ditorial\" width=\"900\" height=\"600\" \/><\/a><\/p>\n<p>&nbsp;<\/p>\n<p>Fid\u00e8le \u00e0 sa mani\u00e8re d\u2019appr\u00e9hender l\u2019art,<strong> Gaud\u00ed imagina une cath\u00e9drale pleine de lumi\u00e8re, de couleurs et d\u2019\u00e9l\u00e9ments d\u00e9coratifs<\/strong> permettant de cr\u00e9er une atmosph\u00e8re propice au recueillement. Afin d\u2019accentuer l\u2019\u00e9clairage naturel, l\u2019architecte fit rouvrir les baies vitr\u00e9es qui avaient \u00e9t\u00e9 condamn\u00e9es car inachev\u00e9es et con\u00e7ut neuf vitraux comportant les inscriptions des litanies de la Vierge.<\/p>\n<p>&nbsp;<\/p>\n<p>Pour l\u2019\u00e9clairage artificiel, il con\u00e7ut des dizaines de cand\u00e9labres et de lampes en fer forg\u00e9 comme celles qui encadrent le f\u00fbt de toutes les colonnes du temple. <strong>Les forgerons majorquins<\/strong> confectionn\u00e8rent la grille du presbyt\u00e8re et ils <strong>incrust\u00e8rent des locutions rituelles dor\u00e9es sur le mur de la chaire<\/strong> alors que Josep Maria Jujol, collaborateur de Gaud\u00ed, peignit certaines stalles du ch\u0153ur de couleurs vives mais le r\u00e9sultat ne fut pas bien per\u00e7u par les pr\u00eatres qui frein\u00e8rent la restauration.<\/p>\n<p>&nbsp;<\/p>\n<p><a href=\"https:\/\/www.dosde.com\/fr\/livres\/antoni-gaudi.html\"><img decoding=\"async\" class=\"aligncenter size-full wp-image-3641\" src=\"https:\/\/qa-dosde.qamoon.es\/wp-content\/uploads\/2017\/02\/Boton-descubrir-mas-FR.png\" alt=\"\" \/><\/a><\/p>\n<h2>Le baldaquin et le ma\u00eetre-autel de la cath\u00e9drale de Majorque<\/h2>\n<p>[metaslider id=1309]<\/p>\n<p><strong>Gaud\u00ed entreprit l\u2019ornementation de l\u2019autel de la cath\u00e9drale de Majorque avec la pose du baldaquin<\/strong>, \u00e9norme couronne heptagonale au sommet de laquelle il pla\u00e7a un ensemble sculptural repr\u00e9sentant J\u00e9sus-Christ sur la croix, la Vierge et saint Jean \u00e0 ses pieds.<\/p>\n<p>&nbsp;<\/p>\n<p>Sur cette couronne sont suspendues 35\u00a0lampes en laiton qui \u00e9clairent l\u2019autel et, au-dessus, un brocart repr\u00e9sentant le th\u00e8me de l\u2019eucharistie, orient\u00e9 de fa\u00e7on oblique vers les fid\u00e8les. <strong>Le baldaquin actuel est en r\u00e9alit\u00e9 une maquette provisoire grandeur nature<\/strong>, \u00e9labor\u00e9e \u00e0 partir de carton, papier, fil de fer et bois. La structure d\u00e9finitive ne fut jamais r\u00e9alis\u00e9e.<\/p>\n<p>&nbsp;<\/p>\n<h2>Le livre le plus complet sur l\u2019\u0153uvre de Gaud\u00ed<\/h2>\n<p>Antoni Gaud\u00ed est consid\u00e9r\u00e9 comme l&rsquo;un des architectes les plus importants de l&rsquo;histoire. Gaud\u00ed a anticip\u00e9 son \u00e9poque en cr\u00e9ant un langage artistique aussi surprenant qu&rsquo;inimitable. Les \u0153uvres de l\u2019architecte se caract\u00e9risent par une identit\u00e9 propre.<\/p>\n<p>&nbsp;<\/p>\n<p>Avec plus de 180 photographies, le livre \u201c<a href=\"https:\/\/www.dosde.com\/fr\/gaudi-ensemble-oeuvres-avant-garde-deluxe.html\">L\u2019ensemble des \u0153uvres d\u2019Antoni Gaud\u00ed<\/a>\u201d permet d\u2019appr\u00e9cier ses \u0153uvres gr\u00e2ce aux magnifiques photographies, aux illustrations en 3D et aux dessins qu\u2019il comprend.<\/p>\n<p>&nbsp;<\/p>\n<p>\u00c9dit\u00e9 par <a href=\"https:\/\/www.dosde.com\/fr\/\">Dosde<\/a>, le livre rassemble des informations pr\u00e9cises et des curiosit\u00e9s sur les \u0153uvres du g\u00e9nial architecte. Le lecteur pourra d\u00e9couvrir leur symbolique mais aussi leurs influences et \u00e9l\u00e9ments d\u2019inspiration.<\/p>\n<p><a href=\"https:\/\/www.dosde.com\/fr\/gaudi-ensemble-oeuvres-avant-garde-deluxe.html\"><img loading=\"lazy\" decoding=\"async\" class=\"alignnone wp-image-1960 size-full\" src=\"https:\/\/qa-dosde.qamoon.es\/wp-content\/uploads\/2017\/02\/couverture-livre-antoni-gaudi-ensemble-de-oeuvre-deluxe-edition-francais-dosde-publishing_978-84-9103-011-9_25-010-02_B09.jpg\" alt=\"Livre Oeuvre Complete de Antoni Gaud\u00ed Dosde \u00c9ditorial\" width=\"700\" height=\"345\" \/><\/a><\/p>\n","protected":false},"excerpt":{"rendered":"Histoire de la cath\u00e9drale de Majorque \u00c0 la fin du XIXe si\u00e8cle, l\u2019\u00e9v\u00eaque Pere Campins encouragea la r\u00e9novation de la distribution interne et de la d\u00e9coration de la cath\u00e9drale de Palma de Majorque, b\u00e2tie entre les XIIIe et XIVe si\u00e8cles. D\u00e9\u00e7u par les propositions des architectes dioc\u00e9sains, Campins se rendit \u00e0 Barcelone en 1899 pour &#8230; <a title=\"C\u00e1thedrale de Majorque\" class=\"read-more\" href=\"https:\/\/pre.dosde.com\/fr\/cathedrale-de-majorque\/\" aria-label=\"En savoir plus sur C\u00e1thedrale de Majorque\">Lire la suite<\/a>","protected":false},"author":1,"featured_media":1025,"comment_status":"open","ping_status":"open","sticky":false,"template":"","format":"standard","meta":{"_acf_changed":false,"footnotes":""},"categories":[80],"tags":[],"class_list":["post-1889","post","type-post","status-publish","format-standard","has-post-thumbnail","hentry","category-majorque"],"acf":[],"yoast_head":"<!-- This site is optimized with the Yoast SEO plugin v28.3 - https:\/\/yoast.com\/product\/yoast-seo-wordpress\/ -->\n<title>C\u00e1thedrale de Majorque - Dosde<\/title>\n<meta name=\"robots\" content=\"noindex, follow, max-snippet:-1, max-image-preview:large, max-video-preview:-1\" \/>\n<meta property=\"og:locale\" content=\"fr_FR\" \/>\n<meta property=\"og:type\" content=\"article\" \/>\n<meta property=\"og:title\" content=\"C\u00e1thedrale de Majorque - Dosde\" \/>\n<meta property=\"og:description\" content=\"Histoire de la cath\u00e9drale de Majorque \u00c0 la fin du XIXe si\u00e8cle, l\u2019\u00e9v\u00eaque Pere Campins encouragea la r\u00e9novation de la distribution interne et de la d\u00e9coration de la cath\u00e9drale de Palma de Majorque, b\u00e2tie entre les XIIIe et XIVe si\u00e8cles. D\u00e9\u00e7u par les propositions des architectes dioc\u00e9sains, Campins se rendit \u00e0 Barcelone en 1899 pour ... Lire la suite\" \/>\n<meta property=\"og:url\" content=\"https:\/\/pre.dosde.com\/fr\/cathedrale-de-majorque\/\" \/>\n<meta property=\"og:site_name\" content=\"Dosde\" \/>\n<meta property=\"article:published_time\" content=\"2017-02-17T13:09:08+00:00\" \/>\n<meta property=\"article:modified_time\" content=\"2026-08-11T08:03:20+00:00\" \/>\n<meta property=\"og:image\" content=\"https:\/\/pre.dosde.com\/wp-content\/uploads\/2026\/06\/dosde-picasso-Museo-Bacelona_45-009-03_B06.webp\" \/>\n\t<meta property=\"og:image:width\" content=\"1487\" \/>\n\t<meta property=\"og:image:height\" content=\"826\" \/>\n\t<meta property=\"og:image:type\" content=\"image\/webp\" \/>\n<meta name=\"author\" content=\"seocom\" \/>\n<meta name=\"twitter:card\" content=\"summary_large_image\" \/>\n<meta name=\"twitter:label1\" content=\"\u00c9crit par\" \/>\n\t<meta name=\"twitter:data1\" content=\"seocom\" \/>\n\t<meta name=\"twitter:label2\" content=\"Dur\u00e9e de lecture estim\u00e9e\" \/>\n\t<meta name=\"twitter:data2\" content=\"4 minutes\" \/>\n<script type=\"application\/ld+json\" class=\"yoast-schema-graph\">{\"@context\":\"https:\\\/\\\/schema.org\",\"@graph\":[{\"@type\":\"Article\",\"@id\":\"https:\\\/\\\/pre.dosde.com\\\/fr\\\/cathedrale-de-majorque\\\/#article\",\"isPartOf\":{\"@id\":\"https:\\\/\\\/pre.dosde.com\\\/fr\\\/cathedrale-de-majorque\\\/\"},\"author\":{\"name\":\"seocom\",\"@id\":\"https:\\\/\\\/pre.dosde.com\\\/fr\\\/#\\\/schema\\\/person\\\/9d33726ab714fecb297e38b515472088\"},\"headline\":\"C\u00e1thedrale de Majorque\",\"datePublished\":\"2017-02-17T13:09:08+00:00\",\"dateModified\":\"2026-08-11T08:03:20+00:00\",\"mainEntityOfPage\":{\"@id\":\"https:\\\/\\\/pre.dosde.com\\\/fr\\\/cathedrale-de-majorque\\\/\"},\"wordCount\":764,\"commentCount\":0,\"publisher\":{\"@id\":\"https:\\\/\\\/pre.dosde.com\\\/fr\\\/#organization\"},\"image\":{\"@id\":\"https:\\\/\\\/pre.dosde.com\\\/fr\\\/cathedrale-de-majorque\\\/#primaryimage\"},\"thumbnailUrl\":\"https:\\\/\\\/pre.dosde.com\\\/wp-content\\\/uploads\\\/2026\\\/06\\\/dosde-picasso-Museo-Bacelona_45-009-03_B06.webp\",\"articleSection\":[\"Majorque\"],\"inLanguage\":\"fr-FR\",\"potentialAction\":[{\"@type\":\"CommentAction\",\"name\":\"Comment\",\"target\":[\"https:\\\/\\\/pre.dosde.com\\\/fr\\\/cathedrale-de-majorque\\\/#respond\"]}]},{\"@type\":\"WebPage\",\"@id\":\"https:\\\/\\\/pre.dosde.com\\\/fr\\\/cathedrale-de-majorque\\\/\",\"url\":\"https:\\\/\\\/pre.dosde.com\\\/fr\\\/cathedrale-de-majorque\\\/\",\"name\":\"C\u00e1thedrale de Majorque - Dosde\",\"isPartOf\":{\"@id\":\"https:\\\/\\\/pre.dosde.com\\\/fr\\\/#website\"},\"primaryImageOfPage\":{\"@id\":\"https:\\\/\\\/pre.dosde.com\\\/fr\\\/cathedrale-de-majorque\\\/#primaryimage\"},\"image\":{\"@id\":\"https:\\\/\\\/pre.dosde.com\\\/fr\\\/cathedrale-de-majorque\\\/#primaryimage\"},\"thumbnailUrl\":\"https:\\\/\\\/pre.dosde.com\\\/wp-content\\\/uploads\\\/2026\\\/06\\\/dosde-picasso-Museo-Bacelona_45-009-03_B06.webp\",\"datePublished\":\"2017-02-17T13:09:08+00:00\",\"dateModified\":\"2026-08-11T08:03:20+00:00\",\"breadcrumb\":{\"@id\":\"https:\\\/\\\/pre.dosde.com\\\/fr\\\/cathedrale-de-majorque\\\/#breadcrumb\"},\"inLanguage\":\"fr-FR\",\"potentialAction\":[{\"@type\":\"ReadAction\",\"target\":[\"https:\\\/\\\/pre.dosde.com\\\/fr\\\/cathedrale-de-majorque\\\/\"]}]},{\"@type\":\"ImageObject\",\"inLanguage\":\"fr-FR\",\"@id\":\"https:\\\/\\\/pre.dosde.com\\\/fr\\\/cathedrale-de-majorque\\\/#primaryimage\",\"url\":\"https:\\\/\\\/pre.dosde.com\\\/wp-content\\\/uploads\\\/2026\\\/06\\\/dosde-picasso-Museo-Bacelona_45-009-03_B06.webp\",\"contentUrl\":\"https:\\\/\\\/pre.dosde.com\\\/wp-content\\\/uploads\\\/2026\\\/06\\\/dosde-picasso-Museo-Bacelona_45-009-03_B06.webp\",\"width\":1487,\"height\":826},{\"@type\":\"BreadcrumbList\",\"@id\":\"https:\\\/\\\/pre.dosde.com\\\/fr\\\/cathedrale-de-majorque\\\/#breadcrumb\",\"itemListElement\":[{\"@type\":\"ListItem\",\"position\":1,\"name\":\"Home\",\"item\":\"https:\\\/\\\/pre.dosde.com\\\/fr\\\/\"},{\"@type\":\"ListItem\",\"position\":2,\"name\":\"C\u00e1thedrale de Majorque\"}]},{\"@type\":\"WebSite\",\"@id\":\"https:\\\/\\\/pre.dosde.com\\\/fr\\\/#website\",\"url\":\"https:\\\/\\\/pre.dosde.com\\\/fr\\\/\",\"name\":\"Dosde\",\"description\":\"\",\"publisher\":{\"@id\":\"https:\\\/\\\/pre.dosde.com\\\/fr\\\/#organization\"},\"potentialAction\":[{\"@type\":\"SearchAction\",\"target\":{\"@type\":\"EntryPoint\",\"urlTemplate\":\"https:\\\/\\\/pre.dosde.com\\\/fr\\\/?s={search_term_string}\"},\"query-input\":{\"@type\":\"PropertyValueSpecification\",\"valueRequired\":true,\"valueName\":\"search_term_string\"}}],\"inLanguage\":\"fr-FR\"},{\"@type\":\"Organization\",\"@id\":\"https:\\\/\\\/pre.dosde.com\\\/fr\\\/#organization\",\"name\":\"Dosde\",\"url\":\"https:\\\/\\\/pre.dosde.com\\\/fr\\\/\",\"logo\":{\"@type\":\"ImageObject\",\"inLanguage\":\"fr-FR\",\"@id\":\"https:\\\/\\\/pre.dosde.com\\\/fr\\\/#\\\/schema\\\/logo\\\/image\\\/\",\"url\":\"https:\\\/\\\/pre.dosde.com\\\/wp-content\\\/uploads\\\/2026\\\/06\\\/Logo.webp\",\"contentUrl\":\"https:\\\/\\\/pre.dosde.com\\\/wp-content\\\/uploads\\\/2026\\\/06\\\/Logo.webp\",\"width\":248,\"height\":80,\"caption\":\"Dosde\"},\"image\":{\"@id\":\"https:\\\/\\\/pre.dosde.com\\\/fr\\\/#\\\/schema\\\/logo\\\/image\\\/\"}},{\"@type\":\"Person\",\"@id\":\"https:\\\/\\\/pre.dosde.com\\\/fr\\\/#\\\/schema\\\/person\\\/9d33726ab714fecb297e38b515472088\",\"name\":\"seocom\",\"image\":{\"@type\":\"ImageObject\",\"inLanguage\":\"fr-FR\",\"@id\":\"https:\\\/\\\/secure.gravatar.com\\\/avatar\\\/741433ce07ba5c431e994c0ec0272d414a5d1a9dafeb02666111e6f2eb1c0ed2?s=96&d=mm&r=g\",\"url\":\"https:\\\/\\\/secure.gravatar.com\\\/avatar\\\/741433ce07ba5c431e994c0ec0272d414a5d1a9dafeb02666111e6f2eb1c0ed2?s=96&d=mm&r=g\",\"contentUrl\":\"https:\\\/\\\/secure.gravatar.com\\\/avatar\\\/741433ce07ba5c431e994c0ec0272d414a5d1a9dafeb02666111e6f2eb1c0ed2?s=96&d=mm&r=g\",\"caption\":\"seocom\"},\"sameAs\":[\"http:\\\/\\\/qa-dosde.qamoon.es\"],\"url\":\"https:\\\/\\\/pre.dosde.com\\\/fr\\\/author\\\/seocom\\\/\"}]}<\/script>\n<!-- \/ Yoast SEO plugin. -->","yoast_head_json":{"title":"C\u00e1thedrale de Majorque - Dosde","robots":{"index":"noindex","follow":"follow","max-snippet":"max-snippet:-1","max-image-preview":"max-image-preview:large","max-video-preview":"max-video-preview:-1"},"og_locale":"fr_FR","og_type":"article","og_title":"C\u00e1thedrale de Majorque - Dosde","og_description":"Histoire de la cath\u00e9drale de Majorque \u00c0 la fin du XIXe si\u00e8cle, l\u2019\u00e9v\u00eaque Pere Campins encouragea la r\u00e9novation de la distribution interne et de la d\u00e9coration de la cath\u00e9drale de Palma de Majorque, b\u00e2tie entre les XIIIe et XIVe si\u00e8cles. D\u00e9\u00e7u par les propositions des architectes dioc\u00e9sains, Campins se rendit \u00e0 Barcelone en 1899 pour ... Lire la suite","og_url":"https:\/\/pre.dosde.com\/fr\/cathedrale-de-majorque\/","og_site_name":"Dosde","article_published_time":"2017-02-17T13:09:08+00:00","article_modified_time":"2026-08-11T08:03:20+00:00","og_image":[{"width":1487,"height":826,"url":"https:\/\/pre.dosde.com\/wp-content\/uploads\/2026\/06\/dosde-picasso-Museo-Bacelona_45-009-03_B06.webp","type":"image\/webp"}],"author":"seocom","twitter_card":"summary_large_image","twitter_misc":{"\u00c9crit par":"seocom","Dur\u00e9e de lecture estim\u00e9e":"4 minutes"},"schema":{"@context":"https:\/\/schema.org","@graph":[{"@type":"Article","@id":"https:\/\/pre.dosde.com\/fr\/cathedrale-de-majorque\/#article","isPartOf":{"@id":"https:\/\/pre.dosde.com\/fr\/cathedrale-de-majorque\/"},"author":{"name":"seocom","@id":"https:\/\/pre.dosde.com\/fr\/#\/schema\/person\/9d33726ab714fecb297e38b515472088"},"headline":"C\u00e1thedrale de Majorque","datePublished":"2017-02-17T13:09:08+00:00","dateModified":"2026-08-11T08:03:20+00:00","mainEntityOfPage":{"@id":"https:\/\/pre.dosde.com\/fr\/cathedrale-de-majorque\/"},"wordCount":764,"commentCount":0,"publisher":{"@id":"https:\/\/pre.dosde.com\/fr\/#organization"},"image":{"@id":"https:\/\/pre.dosde.com\/fr\/cathedrale-de-majorque\/#primaryimage"},"thumbnailUrl":"https:\/\/pre.dosde.com\/wp-content\/uploads\/2026\/06\/dosde-picasso-Museo-Bacelona_45-009-03_B06.webp","articleSection":["Majorque"],"inLanguage":"fr-FR","potentialAction":[{"@type":"CommentAction","name":"Comment","target":["https:\/\/pre.dosde.com\/fr\/cathedrale-de-majorque\/#respond"]}]},{"@type":"WebPage","@id":"https:\/\/pre.dosde.com\/fr\/cathedrale-de-majorque\/","url":"https:\/\/pre.dosde.com\/fr\/cathedrale-de-majorque\/","name":"C\u00e1thedrale de Majorque - Dosde","isPartOf":{"@id":"https:\/\/pre.dosde.com\/fr\/#website"},"primaryImageOfPage":{"@id":"https:\/\/pre.dosde.com\/fr\/cathedrale-de-majorque\/#primaryimage"},"image":{"@id":"https:\/\/pre.dosde.com\/fr\/cathedrale-de-majorque\/#primaryimage"},"thumbnailUrl":"https:\/\/pre.dosde.com\/wp-content\/uploads\/2026\/06\/dosde-picasso-Museo-Bacelona_45-009-03_B06.webp","datePublished":"2017-02-17T13:09:08+00:00","dateModified":"2026-08-11T08:03:20+00:00","breadcrumb":{"@id":"https:\/\/pre.dosde.com\/fr\/cathedrale-de-majorque\/#breadcrumb"},"inLanguage":"fr-FR","potentialAction":[{"@type":"ReadAction","target":["https:\/\/pre.dosde.com\/fr\/cathedrale-de-majorque\/"]}]},{"@type":"ImageObject","inLanguage":"fr-FR","@id":"https:\/\/pre.dosde.com\/fr\/cathedrale-de-majorque\/#primaryimage","url":"https:\/\/pre.dosde.com\/wp-content\/uploads\/2026\/06\/dosde-picasso-Museo-Bacelona_45-009-03_B06.webp","contentUrl":"https:\/\/pre.dosde.com\/wp-content\/uploads\/2026\/06\/dosde-picasso-Museo-Bacelona_45-009-03_B06.webp","width":1487,"height":826},{"@type":"BreadcrumbList","@id":"https:\/\/pre.dosde.com\/fr\/cathedrale-de-majorque\/#breadcrumb","itemListElement":[{"@type":"ListItem","position":1,"name":"Home","item":"https:\/\/pre.dosde.com\/fr\/"},{"@type":"ListItem","position":2,"name":"C\u00e1thedrale de Majorque"}]},{"@type":"WebSite","@id":"https:\/\/pre.dosde.com\/fr\/#website","url":"https:\/\/pre.dosde.com\/fr\/","name":"Dosde","description":"","publisher":{"@id":"https:\/\/pre.dosde.com\/fr\/#organization"},"potentialAction":[{"@type":"SearchAction","target":{"@type":"EntryPoint","urlTemplate":"https:\/\/pre.dosde.com\/fr\/?s={search_term_string}"},"query-input":{"@type":"PropertyValueSpecification","valueRequired":true,"valueName":"search_term_string"}}],"inLanguage":"fr-FR"},{"@type":"Organization","@id":"https:\/\/pre.dosde.com\/fr\/#organization","name":"Dosde","url":"https:\/\/pre.dosde.com\/fr\/","logo":{"@type":"ImageObject","inLanguage":"fr-FR","@id":"https:\/\/pre.dosde.com\/fr\/#\/schema\/logo\/image\/","url":"https:\/\/pre.dosde.com\/wp-content\/uploads\/2026\/06\/Logo.webp","contentUrl":"https:\/\/pre.dosde.com\/wp-content\/uploads\/2026\/06\/Logo.webp","width":248,"height":80,"caption":"Dosde"},"image":{"@id":"https:\/\/pre.dosde.com\/fr\/#\/schema\/logo\/image\/"}},{"@type":"Person","@id":"https:\/\/pre.dosde.com\/fr\/#\/schema\/person\/9d33726ab714fecb297e38b515472088","name":"seocom","image":{"@type":"ImageObject","inLanguage":"fr-FR","@id":"https:\/\/secure.gravatar.com\/avatar\/741433ce07ba5c431e994c0ec0272d414a5d1a9dafeb02666111e6f2eb1c0ed2?s=96&d=mm&r=g","url":"https:\/\/secure.gravatar.com\/avatar\/741433ce07ba5c431e994c0ec0272d414a5d1a9dafeb02666111e6f2eb1c0ed2?s=96&d=mm&r=g","contentUrl":"https:\/\/secure.gravatar.com\/avatar\/741433ce07ba5c431e994c0ec0272d414a5d1a9dafeb02666111e6f2eb1c0ed2?s=96&d=mm&r=g","caption":"seocom"},"sameAs":["http:\/\/qa-dosde.qamoon.es"],"url":"https:\/\/pre.dosde.com\/fr\/author\/seocom\/"}]}},"_links":{"self":[{"href":"https:\/\/pre.dosde.com\/fr\/wp-json\/wp\/v2\/posts\/1889","targetHints":{"allow":["GET"]}}],"collection":[{"href":"https:\/\/pre.dosde.com\/fr\/wp-json\/wp\/v2\/posts"}],"about":[{"href":"https:\/\/pre.dosde.com\/fr\/wp-json\/wp\/v2\/types\/post"}],"author":[{"embeddable":true,"href":"https:\/\/pre.dosde.com\/fr\/wp-json\/wp\/v2\/users\/1"}],"replies":[{"embeddable":true,"href":"https:\/\/pre.dosde.com\/fr\/wp-json\/wp\/v2\/comments?post=1889"}],"version-history":[{"count":1,"href":"https:\/\/pre.dosde.com\/fr\/wp-json\/wp\/v2\/posts\/1889\/revisions"}],"predecessor-version":[{"id":3690,"href":"https:\/\/pre.dosde.com\/fr\/wp-json\/wp\/v2\/posts\/1889\/revisions\/3690"}],"wp:featuredmedia":[{"embeddable":true,"href":"https:\/\/pre.dosde.com\/fr\/wp-json\/wp\/v2\/media\/1025"}],"wp:attachment":[{"href":"https:\/\/pre.dosde.com\/fr\/wp-json\/wp\/v2\/media?parent=1889"}],"wp:term":[{"taxonomy":"category","embeddable":true,"href":"https:\/\/pre.dosde.com\/fr\/wp-json\/wp\/v2\/categories?post=1889"},{"taxonomy":"post_tag","embeddable":true,"href":"https:\/\/pre.dosde.com\/fr\/wp-json\/wp\/v2\/tags?post=1889"}],"curies":[{"name":"wp","href":"https:\/\/api.w.org\/{rel}","templated":true}]}}