{"id":1892,"date":"2017-02-17T13:18:57","date_gmt":"2017-02-17T13:18:57","guid":{"rendered":"https:\/\/www.dosde.com\/blog\/?p=282\/"},"modified":"2026-08-11T08:03:15","modified_gmt":"2026-08-11T08:03:15","slug":"cathedrale-de-saint-jacques-de-compostelle","status":"publish","type":"post","link":"https:\/\/pre.dosde.com\/fr\/cathedrale-de-saint-jacques-de-compostelle\/","title":{"rendered":"Cath\u00e9drale de Saint-Jacques-de-Compostelle"},"content":{"rendered":"<h2><strong>Qu\u2019est-ce que la cath\u00e9drale de Saint-Jacques-de-Compostelle ?<\/strong><\/h2>\n<p>Situ\u00e9e dans la ville galicienne de Saint-Jacques-de-Compostelle, dans le nord-est de l\u2019Espagne, <strong>la cath\u00e9drale de Saint-Jacques-de-Compostelle<\/strong> est un temple catholique r\u00e9alis\u00e9 au Moyen \u00c2ge pour <strong>abriter les reliques de l\u2019ap\u00f4tre Jacques<\/strong>, l\u2019un des disciples de pr\u00e9dilection de J\u00e9sus-Christ.<\/p>\n<p>&nbsp;<\/p>\n<p>De par sa longue histoire, <strong>la cath\u00e9drale, l\u2019un des hauts lieux de p\u00e8lerinage au monde<\/strong>, associe des \u00e9l\u00e9ments de l\u2019art roman, comme le porche de la Gloire, ainsi que des d\u00e9tails de style Renaissance et baroque, parmi lesquels la fa\u00e7ade de l\u2019Obradoiro et l\u2019encensoir, l\u2019un des symboles les plus populaires de la cath\u00e9drale de Saint-Jacques-de-Compostelle.<\/p>\n<p>&nbsp;<\/p>\n<h2><strong>L\u2019histoire de la cath\u00e9drale de Saint-Jacques-de-Compostelle<\/strong><\/h2>\n<p><a href=\"https:\/\/qa-dosde.qamoon.es\/wp-content\/uploads\/2017\/02\/interior-nave-central-catedral-de-santiago-dosde-publishing.jpg\"><img loading=\"lazy\" decoding=\"async\" class=\"alignnone wp-image-755 size-full\" src=\"https:\/\/qa-dosde.qamoon.es\/wp-content\/uploads\/2017\/02\/interior-nave-central-catedral-de-santiago-dosde-publishing.jpg\" alt=\"Int\u00e9rieur de la cath\u00e9drale de Saint Jacques de Compostelle\" width=\"900\" height=\"600\" \/><\/a><\/p>\n<p>&nbsp;<\/p>\n<p>Au VIII<sup>e<\/sup> si\u00e8cle, la majeure partie de la p\u00e9ninsule Ib\u00e9rique \u00e9tait sous la domination des musulmans qui, par les armes et \u00e0 travers les pactes pass\u00e9s avec les Wisigoths au pouvoir, avaient tiss\u00e9 un r\u00e9seau d\u2019influence au-del\u00e0 des Pyr\u00e9n\u00e9es. <strong>Les noyaux chr\u00e9tiens de r\u00e9sistance \u00e0 l\u2019envahisseur \u00e9taient concentr\u00e9s au nord de la p\u00e9ninsule<\/strong>, l\u00e0 o\u00f9 le royaume des Asturies avait commenc\u00e9 un processus d\u2019annexion des terres qui lui permit d\u2019\u00e9tendre ses fronti\u00e8res \u00e0 l\u2019est et \u00e0 l\u2019ouest.<\/p>\n<p>&nbsp;<\/p>\n<p>La religion apporta un sens symbolique \u00e0 cette politique de reconqu\u00eate des monarques asturiens et ces derniers contribu\u00e8rent au d\u00e9veloppement d\u2019un r\u00e9seau \u00e9piscopal. C\u2019est pr\u00e9cis\u00e9ment depuis l\u2019\u00e9v\u00each\u00e9 d\u2019Iria Flavia \u2013proche de Saint-Jacques-de-Compostelle\u2013 que fut d\u00e9couvert au IX<sup>e<\/sup> si\u00e8cle un mausol\u00e9e abritant la d\u00e9pouille de saint Jacques, ap\u00f4tre de J\u00e9sus-Christ. <strong>Une \u00e9glise fut \u00e9difi\u00e9e pour prot\u00e9ger les reliques, rapidement remplac\u00e9e par une autre plus grande qui permit de r\u00e9pondre aux premiers p\u00e8lerinages<\/strong> et d\u2019\u00e9tayer la coh\u00e9sion du territoire.<\/p>\n<p>&nbsp;<\/p>\n<p>Or, l<strong>\u2019engouement pour le culte \u00e0 saint Jacques obligea \u00e0 envisager un temple analogue \u00e0 l\u2019importance des reliques<\/strong>. C\u2019est alors que d\u00e9but\u00e8rent en 1075 <a href=\"https:\/\/www.dosde.com\/fr\/cathedrale-saint-jacques-compostelle-monument-religieux-deluxe.html\">les travaux de la cath\u00e9drale de Saint-Jacques-de-Compostelle<\/a>, construction indissociable de la trame urbaine environnante et des infrastructures qui reliaient la p\u00e9ninsule Ib\u00e9rique au reste de l\u2019Europe.<\/p>\n<p>&nbsp;<\/p>\n<h2><strong>La fa\u00e7ade de l\u2019Obradoiro<\/strong><\/h2>\n<p><a href=\"https:\/\/qa-dosde.qamoon.es\/wp-content\/uploads\/2017\/02\/fachada-obradoiro-catedral-de-santiago-dosde-publishing.jpg\"><img loading=\"lazy\" decoding=\"async\" class=\"alignnone wp-image-754 size-full\" src=\"https:\/\/qa-dosde.qamoon.es\/wp-content\/uploads\/2017\/02\/fachada-obradoiro-catedral-de-santiago-dosde-publishing.jpg\" alt=\"Fa\u00e7ade de l\u2019Obradoiro de la cath\u00e9drale de Saint Jacques de Compostelle\" width=\"900\" height=\"600\" \/><\/a><\/p>\n<p>&nbsp;<\/p>\n<p><strong>La fa\u00e7ade occidentale de la cath\u00e9drale de Saint-Jacques-de-Compostelle est un chef-d\u2019\u0153uvre de style baroque<\/strong> qui re\u00e7ut le nom de la grande place contigu\u00eb o\u00f9 se trouvaient les ateliers des tailleurs de pierre du temple. Son auteur, l\u2019architecte Fernando de Casas Novoa, commen\u00e7a en 1738 la construction d\u2019une nouvelle fa\u00e7ade devant le d\u00e9labrement du porche de la Gloire.<\/p>\n<p>&nbsp;<\/p>\n<p>L\u2019intervention sur la fa\u00e7ade de la cath\u00e9drale de Saint-Jacques-de-Compostelle se mat\u00e9rialisa par l&rsquo;ajout <strong>d&rsquo;un \u00e9l\u00e9ment central de forme pyramidale rattach\u00e9 aux deux tours d\u00e9j\u00e0 existantes afin de former un ensemble sym\u00e9trique<\/strong>. \u00c0 travers la profusion ornementale, Casas Novoa insista sur le caract\u00e8re ascensionnel de son \u0153uvre, renforc\u00e9 \u00e0 la fois par les colonnes d\u2019ordre corinthien et le r\u00e9tr\u00e9cissement progressif du corps central et des tours de la cath\u00e9drale de Compostelle.<\/p>\n<p>&nbsp;<\/p>\n<p><a href=\"https:\/\/www.dosde.com\/fr\/livres\/cathedrale-saint-jacques-de-compostelle.html\"><img decoding=\"async\" class=\"aligncenter size-full wp-image-3641\" src=\"https:\/\/qa-dosde.qamoon.es\/wp-content\/uploads\/2017\/02\/Boton-descubrir-mas-FR.png\" alt=\"\" \/><\/a><\/p>\n<h2><strong>La fa\u00e7ade sud ou de Plater\u00edas<\/strong><\/h2>\n<p><a href=\"https:\/\/qa-dosde.qamoon.es\/wp-content\/uploads\/2017\/02\/fachada-de-platerias-catedral-de-santiago-dosde-publishing.jpg\"><img loading=\"lazy\" decoding=\"async\" class=\"alignnone wp-image-847 size-full\" src=\"https:\/\/qa-dosde.qamoon.es\/wp-content\/uploads\/2017\/02\/fachada-de-platerias-catedral-de-santiago-dosde-publishing.jpg\" alt=\"Fa\u00e7ade sud ou the Plater\u00edas de la cath\u00e9drale de Saint Jacques de Compostelle\" width=\"900\" height=\"600\" \/><\/a><\/p>\n<p>&nbsp;<\/p>\n<p><strong>La fa\u00e7ade de Plater\u00edas<\/strong> \u2013qui doit son nom aux artisans qui fabriquaient des pi\u00e8ces en argent install\u00e9s sur la place du m\u00eame nom\u2013 <strong>est la seule d\u2019origine m\u00e9di\u00e9vale \u00e0 avoir \u00e9t\u00e9 conserv\u00e9e dans la cath\u00e9drale<\/strong>, m\u00eame si diverses interventions dans son ornementation vinrent alt\u00e9rer son aspect initial. La fa\u00e7ade fut \u00e9difi\u00e9e entre 1103 et 1117 dans le cadre du programme de construction planifi\u00e9 par l\u2019archev\u00eaque Diego Gelm\u00edrez, qui poss\u00e9dait son palais sur le c\u00f4t\u00e9 m\u00e9ridional de la cath\u00e9drale.<\/p>\n<p>&nbsp;<\/p>\n<p>De cette fa\u00e7on, <strong>la fa\u00e7ade faisait le lien avec le pouvoir \u00e9piscopal<\/strong> et c\u2019\u00e9tait l\u2019espace o\u00f9 se tenaient les jugements capitulaires. L\u2019ensemble est structur\u00e9 \u00e0 partir d\u2019une double porte \u00e9bras\u00e9e surmont\u00e9e d&rsquo;arcs plein cintre et d&rsquo;une frise sup\u00e9rieure profus\u00e9ment d\u00e9cor\u00e9e, comme les tympans, alors que deux fen\u00eatres aux arcs lob\u00e9s occupent le second niveau de la fa\u00e7ade.<\/p>\n<p>&nbsp;<\/p>\n<h2><strong>La tour de l\u2019Horloge<\/strong><\/h2>\n<p>Situ\u00e9e \u00e0 l\u2019intersection des places Plater\u00edas et Quintana, <strong>la tour de l\u2019Horloge fut l\u2019un des premiers \u00e9l\u00e9ments \u00e0 alt\u00e9rer l\u2019homog\u00e9n\u00e9it\u00e9 de la cath\u00e9drale<\/strong>. Le d\u00e9veloppement des quartiers annexes vers le c\u00f4t\u00e9 sud de la cath\u00e9drale de Saint-Jacques-de-Compostelle encouragea au XV<sup>e<\/sup> si\u00e8cle la construction d\u2019une tour qui, outre le fait de souligner la pr\u00e9sence du temple dans le cadre urbain, permit d\u2019installer une cloche offerte par le roi Louis XI.<\/p>\n<p>&nbsp;<\/p>\n<p>Entre 1676 et 1680, l\u2019architecte Domingo de Andrade r\u00e9alisa la r\u00e9novation de la tour et relia la structure m\u00e9di\u00e9vale \u00e0 un tron\u00e7on portiqu\u00e9 de base carr\u00e9e profus\u00e9ment d\u00e9cor\u00e9 qui \u00e0 son tour fait le lien avec un prisme octogonal sur lequel repose la coupole avec la lanterne qui s\u2019\u00e9claire durant les ann\u00e9es saintes.<\/p>\n<p>&nbsp;<\/p>\n<h2><strong>La fa\u00e7ade est ou de Quintana<\/strong><\/h2>\n<p><a href=\"https:\/\/qa-dosde.qamoon.es\/wp-content\/uploads\/2017\/02\/fachada-quintana-catedral-de-santiago-dosde-publishing.jpg\"><img loading=\"lazy\" decoding=\"async\" class=\"alignnone wp-image-844 size-full\" src=\"https:\/\/qa-dosde.qamoon.es\/wp-content\/uploads\/2017\/02\/fachada-quintana-catedral-de-santiago-dosde-publishing.jpg\" alt=\"Fa\u00e7ade est ou the Plater\u00edas de la cath\u00e9drale de Saint Jacques de Compostelle\" width=\"900\" height=\"600\" \/><\/a><\/p>\n<p>&nbsp;<\/p>\n<p>Afin de dissimuler les absidioles qui donnaient un aspect irr\u00e9gulier au chevet de la cath\u00e9drale m\u00e9di\u00e9vale, le chanoine Jos\u00e9 Vega y Verdugo envisagea au XVII<sup>e<\/sup> si\u00e8cle la construction d\u2019une fa\u00e7ade uniforme. De ce fait, en 1658, <strong>l\u2019architecte Jos\u00e9 Pe\u00f1a de Toro commen\u00e7a les travaux pour fermer le temple de fa\u00e7on uniforme<\/strong> en construisant les murs en pierre qui forment la fa\u00e7ade et la coupole au-dessus du ciborium.<\/p>\n<p>&nbsp;<\/p>\n<p>Le r\u00e9sultat de cette r\u00e9novation r\u00e9alis\u00e9e par Domingo de Andrade fut un ensemble baroque organis\u00e9 en deux pans diff\u00e9renci\u00e9s, avec notamment <strong>la porte royale et la porte sainte<\/strong>, qui forment <strong>un grand vestibule de bienvenue \u00e0 la cath\u00e9drale de Saint-Jacques-de-Compostelle<\/strong>.<\/p>\n<p>&nbsp;<\/p>\n<h2><strong>La fa\u00e7ade d&rsquo;Azabacher\u00eda<\/strong><\/h2>\n<p>Connue \u00e0 l&rsquo;origine comme la porte du Paradis, <strong>la fa\u00e7ade nord de la cath\u00e9drale fut d\u00e8s le d\u00e9but la plus transit\u00e9e puisque c\u2019est l\u00e0 que d\u00e9bouchait la route du chemin fran\u00e7ais<\/strong>. Or, en 1758, le chapitre d\u00e9cida de d\u00e9molir la fa\u00e7ade romane et chargea l\u2019architecte Lucas Ferro Caaveiro d\u2019en construire une nouvelle. Celui-ci commen\u00e7a les travaux dans un style baroque et fut rapidement destitu\u00e9 par Domingo Lois Monteagudo, choisi par l\u2019acad\u00e9mie des beaux-arts, qui y introduisit des \u00e9l\u00e9ments n\u00e9oclassiques.<\/p>\n<p>&nbsp;<\/p>\n<p>Divis\u00e9e en trois niveaux, la fa\u00e7ade cons\u00e9cutive \u2013nomm\u00e9e<strong> Azabacher\u00eda<\/strong>, en raison de la pr\u00e9sence d\u2019artisans du jais sur la place annexe\u2013 <strong>se d\u00e9marqua du reste de la cath\u00e9drale gr\u00e2ce \u00e0 son caract\u00e8re gr\u00e9co-romain<\/strong>, soulign\u00e9 par les colonnes doriques du niveau inf\u00e9rieur et la pr\u00e9sence de frontons et de m\u00e9daillons d\u00e9coratifs.<\/p>\n<p>&nbsp;<\/p>\n<h2><strong>Le porche de la Gloire<\/strong><\/h2>\n<p>[metaslider id=1311]<\/p>\n<p>Le 23 f\u00e9vrier 1168, le roi Ferdinand II de Le\u00f3n fit remarquer par \u00e9crit que <strong>le ma\u00eetre Mathieu<\/strong> \u2013dont on ignore l\u2019origine\u2013 <strong>recevrait une g\u00e9n\u00e9reuse pension \u00e0 vie pour achever le tron\u00e7on occidental de la cath\u00e9drale de Saint-Jacques-de-Compostelle<\/strong>. Le privil\u00e8ge obtenu par l\u2019architecte correspondait \u00e0 la complexit\u00e9 de l\u2019\u0153uvre puisque la pente du terrain obligea \u00e0 \u00e9laborer une solution bas\u00e9e sur trois niveaux bien diff\u00e9renci\u00e9s.<\/p>\n<p>&nbsp;<\/p>\n<p><strong>Dans l\u2019objectif de combler la d\u00e9nivel\u00e9e, une crypte fut envisag\u00e9e<\/strong>, une structure in\u00e9dite dans l\u2019architecture galicienne de l\u2019\u00e9poque, <strong>sur laquelle fut \u00e9difi\u00e9 le porche de la Gloire<\/strong>, form\u00e9 de trois arcs \u00e9bras\u00e9s \u2013un pour chaque nef de la cath\u00e9drale\u2013 orn\u00e9s de sculptures all\u00e9goriques. Enfin, au niveau sup\u00e9rieur, la tribune fut prolong\u00e9e et l\u2019on construisit une vo\u00fbte qui permit de compl\u00e9ter les id\u00e9es contenues dans la crypte et sur la fa\u00e7ade.<\/p>\n<p>&nbsp;<\/p>\n<h2><strong>L\u2019int\u00e9rieur de la cath\u00e9drale <\/strong><strong>de Saint-Jacques-de-Compostelle<\/strong><\/h2>\n<p><a href=\"https:\/\/qa-dosde.qamoon.es\/wp-content\/uploads\/2017\/02\/interior-catedral-de-santiago-dosde-publishing.jpg\"><img loading=\"lazy\" decoding=\"async\" class=\"alignnone wp-image-757 size-full\" src=\"https:\/\/qa-dosde.qamoon.es\/wp-content\/uploads\/2017\/02\/interior-catedral-de-santiago-dosde-publishing.jpg\" alt=\"Escalier du vestiaire de la cath\u00e9drale de Saint Jacques de Compostelle\" width=\"900\" height=\"600\" \/><\/a><\/p>\n<p>&nbsp;<\/p>\n<p><strong>La cath\u00e9drale de Saint-Jacques-de-Compostelle<\/strong>, envisag\u00e9e comme le plus grand temple roman de la p\u00e9ninsule Ib\u00e9rique, <strong>est structur\u00e9e \u00e0 partir du plan en forme de croix latine avec deux bras qui se croisent \u00e0 angle droit<\/strong>. Le bras principal, de 97\u00a0m\u00e8tres de long, s\u2019\u00e9tend d\u2019ouest en est et dirige le regard des fid\u00e8les vers le chevet, allusion au chemin allant du terrestre au divin ; le bras transversal va du nord au sud.<\/p>\n<p>&nbsp;<\/p>\n<p>\u00c0 l\u2019intersection des deux bras \u2013chacun divis\u00e9 en trois nefs\u2013 se trouve le ma\u00eetre autel, cern\u00e9 d\u2019un d\u00e9ambulatoire. <strong>Gr\u00e2ce \u00e0 cette structure, la cath\u00e9drale put r\u00e9pondre au flux de p\u00e8lerins<\/strong> et proposer un espace propice au recueillement.<\/p>\n<p>&nbsp;<\/p>\n<h2><strong>Le clo\u00eetre de la cath\u00e9drale<\/strong><\/h2>\n<p>Commenc\u00e9e en 1521 sur ordre de l\u2019archev\u00eaque Alonso III de Fonseca, la construction du clo\u00eetre de la cath\u00e9drale de Saint-Jacques-de-Compostelle \u2013sur une galerie endommag\u00e9e au XV<sup>e<\/sup> si\u00e8cle par une s\u00e9rie de r\u00e9voltes populaires\u2013 revint d\u2019abord \u00e0 l\u2019architecte Juan de \u00c1lava puis passa aux mains de Rodrigo Gil de Honta\u00f1\u00f3n, de Juan de Herrera et enfin de Gaspar de Arce.<\/p>\n<p>&nbsp;<\/p>\n<p>Malgr\u00e9 cette paternit\u00e9 partag\u00e9e, l\u2019enceinte fait preuve d\u2019une grande unit\u00e9 avec ses quatre ailes structur\u00e9es \u00e0 partir de grandes arcades et couvertes de vo\u00fbtes \u00e9toil\u00e9es, rappelant l\u2019origine m\u00e9di\u00e9vale de l\u2019\u00e9difice.<\/p>\n<p>&nbsp;<\/p>\n<h2>Un livre essentiel pour tout savoir sur la cath\u00e9drale de Saint-Jacques-de-Compostelle<\/h2>\n<p>Construite pour conserver la d\u00e9pouille de l\u2019ap\u00f4tre Jacques, la cath\u00e9drale de Saint-Jacques-de-Compostelle\u00a0est l\u2019un des hauts lieux de p\u00e8lerinage au monde.<\/p>\n<p>&nbsp;<\/p>\n<p><a href=\"https:\/\/www.dosde.com\/fr\/cathedrale-saint-jacques-compostelle-guide-visuelle.html\">\u00c0 travers ce livre<\/a>, avec <strong>plus de 300 images et illustrations 3D<\/strong>, vous\u00a0d\u00e9couvrirez tous les espaces de la cath\u00e9drale\u00a0de Saint-Jacques-de-Compostelle. Une fa\u00e7on unique d\u2019aborder ses origines et son architecture.<\/p>\n<p><a href=\"https:\/\/www.dosde.com\/fr\/cathedrale-saint-jacques-compostelle-guide-visuelle.html\"><img loading=\"lazy\" decoding=\"async\" class=\"alignnone wp-image-1869 size-full\" src=\"https:\/\/qa-dosde.qamoon.es\/wp-content\/uploads\/2017\/02\/couverture-cathedrale-saint-jacques-de-compostelle-livre-francais-dosde-publishing_978-84-15818-44-1_20-016-02_B09.jpg\" alt=\"Livre sur la cath\u00e9drale de Saint-Jacques-de-Compostelle, Dosde \u00c9ditorial\" width=\"700\" height=\"388\" \/><\/a><\/p>\n","protected":false},"excerpt":{"rendered":"Qu\u2019est-ce que la cath\u00e9drale de Saint-Jacques-de-Compostelle ? Situ\u00e9e dans la ville galicienne de Saint-Jacques-de-Compostelle, dans le nord-est de l\u2019Espagne, la cath\u00e9drale de Saint-Jacques-de-Compostelle est un temple catholique r\u00e9alis\u00e9 au Moyen \u00c2ge pour abriter les reliques de l\u2019ap\u00f4tre Jacques, l\u2019un des disciples de pr\u00e9dilection de J\u00e9sus-Christ. &nbsp; De par sa longue histoire, la cath\u00e9drale, l\u2019un des &#8230; <a title=\"Cath\u00e9drale de Saint-Jacques-de-Compostelle\" class=\"read-more\" href=\"https:\/\/pre.dosde.com\/fr\/cathedrale-de-saint-jacques-de-compostelle\/\" aria-label=\"En savoir plus sur Cath\u00e9drale de Saint-Jacques-de-Compostelle\">Lire la suite<\/a>","protected":false},"author":1,"featured_media":688,"comment_status":"open","ping_status":"open","sticky":false,"template":"","format":"standard","meta":{"_acf_changed":false,"footnotes":""},"categories":[72],"tags":[],"class_list":["post-1892","post","type-post","status-publish","format-standard","has-post-thumbnail","hentry","category-saint-jacques-de-compostelle"],"acf":[],"yoast_head":"<!-- This site is optimized with the Yoast SEO plugin v28.3 - https:\/\/yoast.com\/product\/yoast-seo-wordpress\/ -->\n<title>Cath\u00e9drale de Saint-Jacques-de-Compostelle - Dosde<\/title>\n<meta name=\"robots\" content=\"noindex, follow, max-snippet:-1, max-image-preview:large, max-video-preview:-1\" \/>\n<meta property=\"og:locale\" content=\"fr_FR\" \/>\n<meta property=\"og:type\" content=\"article\" \/>\n<meta property=\"og:title\" content=\"Cath\u00e9drale de Saint-Jacques-de-Compostelle - Dosde\" \/>\n<meta property=\"og:description\" content=\"Qu\u2019est-ce que la cath\u00e9drale de Saint-Jacques-de-Compostelle ? Situ\u00e9e dans la ville galicienne de Saint-Jacques-de-Compostelle, dans le nord-est de l\u2019Espagne, la cath\u00e9drale de Saint-Jacques-de-Compostelle est un temple catholique r\u00e9alis\u00e9 au Moyen \u00c2ge pour abriter les reliques de l\u2019ap\u00f4tre Jacques, l\u2019un des disciples de pr\u00e9dilection de J\u00e9sus-Christ. &nbsp; De par sa longue histoire, la cath\u00e9drale, l\u2019un des ... Lire la suite\" \/>\n<meta property=\"og:url\" content=\"https:\/\/pre.dosde.com\/fr\/cathedrale-de-saint-jacques-de-compostelle\/\" \/>\n<meta property=\"og:site_name\" content=\"Dosde\" \/>\n<meta property=\"article:published_time\" content=\"2017-02-17T13:18:57+00:00\" \/>\n<meta property=\"article:modified_time\" content=\"2026-08-11T08:03:15+00:00\" \/>\n<meta name=\"author\" content=\"seocom\" \/>\n<meta name=\"twitter:card\" content=\"summary_large_image\" \/>\n<meta name=\"twitter:label1\" content=\"\u00c9crit par\" \/>\n\t<meta name=\"twitter:data1\" content=\"seocom\" \/>\n\t<meta name=\"twitter:label2\" content=\"Dur\u00e9e de lecture estim\u00e9e\" \/>\n\t<meta name=\"twitter:data2\" content=\"8 minutes\" \/>\n<script type=\"application\/ld+json\" class=\"yoast-schema-graph\">{\"@context\":\"https:\\\/\\\/schema.org\",\"@graph\":[{\"@type\":\"Article\",\"@id\":\"https:\\\/\\\/pre.dosde.com\\\/fr\\\/cathedrale-de-saint-jacques-de-compostelle\\\/#article\",\"isPartOf\":{\"@id\":\"https:\\\/\\\/pre.dosde.com\\\/fr\\\/cathedrale-de-saint-jacques-de-compostelle\\\/\"},\"author\":{\"name\":\"seocom\",\"@id\":\"https:\\\/\\\/pre.dosde.com\\\/fr\\\/#\\\/schema\\\/person\\\/9d33726ab714fecb297e38b515472088\"},\"headline\":\"Cath\u00e9drale de Saint-Jacques-de-Compostelle\",\"datePublished\":\"2017-02-17T13:18:57+00:00\",\"dateModified\":\"2026-08-11T08:03:15+00:00\",\"mainEntityOfPage\":{\"@id\":\"https:\\\/\\\/pre.dosde.com\\\/fr\\\/cathedrale-de-saint-jacques-de-compostelle\\\/\"},\"wordCount\":1670,\"commentCount\":0,\"publisher\":{\"@id\":\"https:\\\/\\\/pre.dosde.com\\\/fr\\\/#organization\"},\"image\":{\"@id\":\"https:\\\/\\\/pre.dosde.com\\\/fr\\\/cathedrale-de-saint-jacques-de-compostelle\\\/#primaryimage\"},\"thumbnailUrl\":\"\",\"articleSection\":[\"Saint Jacques de Compostelle\"],\"inLanguage\":\"fr-FR\",\"potentialAction\":[{\"@type\":\"CommentAction\",\"name\":\"Comment\",\"target\":[\"https:\\\/\\\/pre.dosde.com\\\/fr\\\/cathedrale-de-saint-jacques-de-compostelle\\\/#respond\"]}]},{\"@type\":\"WebPage\",\"@id\":\"https:\\\/\\\/pre.dosde.com\\\/fr\\\/cathedrale-de-saint-jacques-de-compostelle\\\/\",\"url\":\"https:\\\/\\\/pre.dosde.com\\\/fr\\\/cathedrale-de-saint-jacques-de-compostelle\\\/\",\"name\":\"Cath\u00e9drale de Saint-Jacques-de-Compostelle - Dosde\",\"isPartOf\":{\"@id\":\"https:\\\/\\\/pre.dosde.com\\\/fr\\\/#website\"},\"primaryImageOfPage\":{\"@id\":\"https:\\\/\\\/pre.dosde.com\\\/fr\\\/cathedrale-de-saint-jacques-de-compostelle\\\/#primaryimage\"},\"image\":{\"@id\":\"https:\\\/\\\/pre.dosde.com\\\/fr\\\/cathedrale-de-saint-jacques-de-compostelle\\\/#primaryimage\"},\"thumbnailUrl\":\"\",\"datePublished\":\"2017-02-17T13:18:57+00:00\",\"dateModified\":\"2026-08-11T08:03:15+00:00\",\"breadcrumb\":{\"@id\":\"https:\\\/\\\/pre.dosde.com\\\/fr\\\/cathedrale-de-saint-jacques-de-compostelle\\\/#breadcrumb\"},\"inLanguage\":\"fr-FR\",\"potentialAction\":[{\"@type\":\"ReadAction\",\"target\":[\"https:\\\/\\\/pre.dosde.com\\\/fr\\\/cathedrale-de-saint-jacques-de-compostelle\\\/\"]}]},{\"@type\":\"ImageObject\",\"inLanguage\":\"fr-FR\",\"@id\":\"https:\\\/\\\/pre.dosde.com\\\/fr\\\/cathedrale-de-saint-jacques-de-compostelle\\\/#primaryimage\",\"url\":\"\",\"contentUrl\":\"\"},{\"@type\":\"BreadcrumbList\",\"@id\":\"https:\\\/\\\/pre.dosde.com\\\/fr\\\/cathedrale-de-saint-jacques-de-compostelle\\\/#breadcrumb\",\"itemListElement\":[{\"@type\":\"ListItem\",\"position\":1,\"name\":\"Home\",\"item\":\"https:\\\/\\\/pre.dosde.com\\\/fr\\\/\"},{\"@type\":\"ListItem\",\"position\":2,\"name\":\"Cath\u00e9drale de Saint-Jacques-de-Compostelle\"}]},{\"@type\":\"WebSite\",\"@id\":\"https:\\\/\\\/pre.dosde.com\\\/fr\\\/#website\",\"url\":\"https:\\\/\\\/pre.dosde.com\\\/fr\\\/\",\"name\":\"Dosde\",\"description\":\"\",\"publisher\":{\"@id\":\"https:\\\/\\\/pre.dosde.com\\\/fr\\\/#organization\"},\"potentialAction\":[{\"@type\":\"SearchAction\",\"target\":{\"@type\":\"EntryPoint\",\"urlTemplate\":\"https:\\\/\\\/pre.dosde.com\\\/fr\\\/?s={search_term_string}\"},\"query-input\":{\"@type\":\"PropertyValueSpecification\",\"valueRequired\":true,\"valueName\":\"search_term_string\"}}],\"inLanguage\":\"fr-FR\"},{\"@type\":\"Organization\",\"@id\":\"https:\\\/\\\/pre.dosde.com\\\/fr\\\/#organization\",\"name\":\"Dosde\",\"url\":\"https:\\\/\\\/pre.dosde.com\\\/fr\\\/\",\"logo\":{\"@type\":\"ImageObject\",\"inLanguage\":\"fr-FR\",\"@id\":\"https:\\\/\\\/pre.dosde.com\\\/fr\\\/#\\\/schema\\\/logo\\\/image\\\/\",\"url\":\"https:\\\/\\\/pre.dosde.com\\\/wp-content\\\/uploads\\\/2026\\\/06\\\/Logo.webp\",\"contentUrl\":\"https:\\\/\\\/pre.dosde.com\\\/wp-content\\\/uploads\\\/2026\\\/06\\\/Logo.webp\",\"width\":248,\"height\":80,\"caption\":\"Dosde\"},\"image\":{\"@id\":\"https:\\\/\\\/pre.dosde.com\\\/fr\\\/#\\\/schema\\\/logo\\\/image\\\/\"}},{\"@type\":\"Person\",\"@id\":\"https:\\\/\\\/pre.dosde.com\\\/fr\\\/#\\\/schema\\\/person\\\/9d33726ab714fecb297e38b515472088\",\"name\":\"seocom\",\"image\":{\"@type\":\"ImageObject\",\"inLanguage\":\"fr-FR\",\"@id\":\"https:\\\/\\\/secure.gravatar.com\\\/avatar\\\/741433ce07ba5c431e994c0ec0272d414a5d1a9dafeb02666111e6f2eb1c0ed2?s=96&d=mm&r=g\",\"url\":\"https:\\\/\\\/secure.gravatar.com\\\/avatar\\\/741433ce07ba5c431e994c0ec0272d414a5d1a9dafeb02666111e6f2eb1c0ed2?s=96&d=mm&r=g\",\"contentUrl\":\"https:\\\/\\\/secure.gravatar.com\\\/avatar\\\/741433ce07ba5c431e994c0ec0272d414a5d1a9dafeb02666111e6f2eb1c0ed2?s=96&d=mm&r=g\",\"caption\":\"seocom\"},\"sameAs\":[\"http:\\\/\\\/qa-dosde.qamoon.es\"],\"url\":\"https:\\\/\\\/pre.dosde.com\\\/fr\\\/author\\\/seocom\\\/\"}]}<\/script>\n<!-- \/ Yoast SEO plugin. -->","yoast_head_json":{"title":"Cath\u00e9drale de Saint-Jacques-de-Compostelle - Dosde","robots":{"index":"noindex","follow":"follow","max-snippet":"max-snippet:-1","max-image-preview":"max-image-preview:large","max-video-preview":"max-video-preview:-1"},"og_locale":"fr_FR","og_type":"article","og_title":"Cath\u00e9drale de Saint-Jacques-de-Compostelle - Dosde","og_description":"Qu\u2019est-ce que la cath\u00e9drale de Saint-Jacques-de-Compostelle ? Situ\u00e9e dans la ville galicienne de Saint-Jacques-de-Compostelle, dans le nord-est de l\u2019Espagne, la cath\u00e9drale de Saint-Jacques-de-Compostelle est un temple catholique r\u00e9alis\u00e9 au Moyen \u00c2ge pour abriter les reliques de l\u2019ap\u00f4tre Jacques, l\u2019un des disciples de pr\u00e9dilection de J\u00e9sus-Christ. &nbsp; De par sa longue histoire, la cath\u00e9drale, l\u2019un des ... Lire la suite","og_url":"https:\/\/pre.dosde.com\/fr\/cathedrale-de-saint-jacques-de-compostelle\/","og_site_name":"Dosde","article_published_time":"2017-02-17T13:18:57+00:00","article_modified_time":"2026-08-11T08:03:15+00:00","author":"seocom","twitter_card":"summary_large_image","twitter_misc":{"\u00c9crit par":"seocom","Dur\u00e9e de lecture estim\u00e9e":"8 minutes"},"schema":{"@context":"https:\/\/schema.org","@graph":[{"@type":"Article","@id":"https:\/\/pre.dosde.com\/fr\/cathedrale-de-saint-jacques-de-compostelle\/#article","isPartOf":{"@id":"https:\/\/pre.dosde.com\/fr\/cathedrale-de-saint-jacques-de-compostelle\/"},"author":{"name":"seocom","@id":"https:\/\/pre.dosde.com\/fr\/#\/schema\/person\/9d33726ab714fecb297e38b515472088"},"headline":"Cath\u00e9drale de Saint-Jacques-de-Compostelle","datePublished":"2017-02-17T13:18:57+00:00","dateModified":"2026-08-11T08:03:15+00:00","mainEntityOfPage":{"@id":"https:\/\/pre.dosde.com\/fr\/cathedrale-de-saint-jacques-de-compostelle\/"},"wordCount":1670,"commentCount":0,"publisher":{"@id":"https:\/\/pre.dosde.com\/fr\/#organization"},"image":{"@id":"https:\/\/pre.dosde.com\/fr\/cathedrale-de-saint-jacques-de-compostelle\/#primaryimage"},"thumbnailUrl":"","articleSection":["Saint Jacques de Compostelle"],"inLanguage":"fr-FR","potentialAction":[{"@type":"CommentAction","name":"Comment","target":["https:\/\/pre.dosde.com\/fr\/cathedrale-de-saint-jacques-de-compostelle\/#respond"]}]},{"@type":"WebPage","@id":"https:\/\/pre.dosde.com\/fr\/cathedrale-de-saint-jacques-de-compostelle\/","url":"https:\/\/pre.dosde.com\/fr\/cathedrale-de-saint-jacques-de-compostelle\/","name":"Cath\u00e9drale de Saint-Jacques-de-Compostelle - Dosde","isPartOf":{"@id":"https:\/\/pre.dosde.com\/fr\/#website"},"primaryImageOfPage":{"@id":"https:\/\/pre.dosde.com\/fr\/cathedrale-de-saint-jacques-de-compostelle\/#primaryimage"},"image":{"@id":"https:\/\/pre.dosde.com\/fr\/cathedrale-de-saint-jacques-de-compostelle\/#primaryimage"},"thumbnailUrl":"","datePublished":"2017-02-17T13:18:57+00:00","dateModified":"2026-08-11T08:03:15+00:00","breadcrumb":{"@id":"https:\/\/pre.dosde.com\/fr\/cathedrale-de-saint-jacques-de-compostelle\/#breadcrumb"},"inLanguage":"fr-FR","potentialAction":[{"@type":"ReadAction","target":["https:\/\/pre.dosde.com\/fr\/cathedrale-de-saint-jacques-de-compostelle\/"]}]},{"@type":"ImageObject","inLanguage":"fr-FR","@id":"https:\/\/pre.dosde.com\/fr\/cathedrale-de-saint-jacques-de-compostelle\/#primaryimage","url":"","contentUrl":""},{"@type":"BreadcrumbList","@id":"https:\/\/pre.dosde.com\/fr\/cathedrale-de-saint-jacques-de-compostelle\/#breadcrumb","itemListElement":[{"@type":"ListItem","position":1,"name":"Home","item":"https:\/\/pre.dosde.com\/fr\/"},{"@type":"ListItem","position":2,"name":"Cath\u00e9drale de Saint-Jacques-de-Compostelle"}]},{"@type":"WebSite","@id":"https:\/\/pre.dosde.com\/fr\/#website","url":"https:\/\/pre.dosde.com\/fr\/","name":"Dosde","description":"","publisher":{"@id":"https:\/\/pre.dosde.com\/fr\/#organization"},"potentialAction":[{"@type":"SearchAction","target":{"@type":"EntryPoint","urlTemplate":"https:\/\/pre.dosde.com\/fr\/?s={search_term_string}"},"query-input":{"@type":"PropertyValueSpecification","valueRequired":true,"valueName":"search_term_string"}}],"inLanguage":"fr-FR"},{"@type":"Organization","@id":"https:\/\/pre.dosde.com\/fr\/#organization","name":"Dosde","url":"https:\/\/pre.dosde.com\/fr\/","logo":{"@type":"ImageObject","inLanguage":"fr-FR","@id":"https:\/\/pre.dosde.com\/fr\/#\/schema\/logo\/image\/","url":"https:\/\/pre.dosde.com\/wp-content\/uploads\/2026\/06\/Logo.webp","contentUrl":"https:\/\/pre.dosde.com\/wp-content\/uploads\/2026\/06\/Logo.webp","width":248,"height":80,"caption":"Dosde"},"image":{"@id":"https:\/\/pre.dosde.com\/fr\/#\/schema\/logo\/image\/"}},{"@type":"Person","@id":"https:\/\/pre.dosde.com\/fr\/#\/schema\/person\/9d33726ab714fecb297e38b515472088","name":"seocom","image":{"@type":"ImageObject","inLanguage":"fr-FR","@id":"https:\/\/secure.gravatar.com\/avatar\/741433ce07ba5c431e994c0ec0272d414a5d1a9dafeb02666111e6f2eb1c0ed2?s=96&d=mm&r=g","url":"https:\/\/secure.gravatar.com\/avatar\/741433ce07ba5c431e994c0ec0272d414a5d1a9dafeb02666111e6f2eb1c0ed2?s=96&d=mm&r=g","contentUrl":"https:\/\/secure.gravatar.com\/avatar\/741433ce07ba5c431e994c0ec0272d414a5d1a9dafeb02666111e6f2eb1c0ed2?s=96&d=mm&r=g","caption":"seocom"},"sameAs":["http:\/\/qa-dosde.qamoon.es"],"url":"https:\/\/pre.dosde.com\/fr\/author\/seocom\/"}]}},"_links":{"self":[{"href":"https:\/\/pre.dosde.com\/fr\/wp-json\/wp\/v2\/posts\/1892","targetHints":{"allow":["GET"]}}],"collection":[{"href":"https:\/\/pre.dosde.com\/fr\/wp-json\/wp\/v2\/posts"}],"about":[{"href":"https:\/\/pre.dosde.com\/fr\/wp-json\/wp\/v2\/types\/post"}],"author":[{"embeddable":true,"href":"https:\/\/pre.dosde.com\/fr\/wp-json\/wp\/v2\/users\/1"}],"replies":[{"embeddable":true,"href":"https:\/\/pre.dosde.com\/fr\/wp-json\/wp\/v2\/comments?post=1892"}],"version-history":[{"count":1,"href":"https:\/\/pre.dosde.com\/fr\/wp-json\/wp\/v2\/posts\/1892\/revisions"}],"predecessor-version":[{"id":3689,"href":"https:\/\/pre.dosde.com\/fr\/wp-json\/wp\/v2\/posts\/1892\/revisions\/3689"}],"wp:attachment":[{"href":"https:\/\/pre.dosde.com\/fr\/wp-json\/wp\/v2\/media?parent=1892"}],"wp:term":[{"taxonomy":"category","embeddable":true,"href":"https:\/\/pre.dosde.com\/fr\/wp-json\/wp\/v2\/categories?post=1892"},{"taxonomy":"post_tag","embeddable":true,"href":"https:\/\/pre.dosde.com\/fr\/wp-json\/wp\/v2\/tags?post=1892"}],"curies":[{"name":"wp","href":"https:\/\/api.w.org\/{rel}","templated":true}]}}