{"id":1895,"date":"2017-02-20T10:00:52","date_gmt":"2017-02-20T10:00:52","guid":{"rendered":"https:\/\/www.dosde.com\/blog\/?p=290\/"},"modified":"2026-08-11T08:02:51","modified_gmt":"2026-08-11T08:02:51","slug":"le-college-des-theresiennes-de-barcelone","status":"publish","type":"post","link":"https:\/\/pre.dosde.com\/fr\/le-college-des-theresiennes-de-barcelone\/","title":{"rendered":"Le coll\u00e8ge des Th\u00e9r\u00e9siennes de Barcelone"},"content":{"rendered":"<h2>Gaud\u00ed et le coll\u00e8ge des Th\u00e9r\u00e9siennes de Barcelone<\/h2>\n<p>En 1889, Henri de Osso y Cervello, fondateur de la congr\u00e9gation des Th\u00e9r\u00e9siennes, <strong>chargea Gaud\u00ed de la continuation du projet<\/strong> d\u2019un grand \u00e9difice dans le village de Sant Gervasi de Cassoles \u2013int\u00e9gr\u00e9 \u00e0 Barcelone peu de temps apr\u00e8s\u2013 cens\u00e9 abriter <strong>une \u00e9cole de filles avec internat mais aussi le si\u00e8ge de la congr\u00e9gation et un lieu d\u2019\u00e9tude<\/strong> pour les s\u0153urs.<\/p>\n<p>&nbsp;<\/p>\n<p>Du pr\u00e9c\u00e9dent architecte, Gaud\u00ed h\u00e9rita des fondations et d\u2019\u00e0 peine 80 centim\u00e8tres de mur et il accepta les conditions de De Osso : <strong>une rigueur budg\u00e9taire conforme au v\u0153u de pauvret\u00e9 de la congr\u00e9gation<\/strong>, contrairement \u00e0 l\u2019opulence des projets dont le chargeait Eusebi G\u00fcell. Malgr\u00e9 le maigre budget, l\u2019artiste ne renon\u00e7a pas \u00e0 son ing\u00e9nieux esprit de construction et cr\u00e9a une \u0153uvre profond\u00e9ment symbolique.<\/p>\n<p>&nbsp;<\/p>\n<h2>Fa\u00e7ade de style m\u00e9di\u00e9val<\/h2>\n<p><a href=\"https:\/\/qa-dosde.qamoon.es\/wp-content\/uploads\/2017\/02\/fechada-colegio-teresiano-gaudi-barcelona.jpg\"><img loading=\"lazy\" decoding=\"async\" class=\"alignnone wp-image-656 size-full\" title=\"fachada colegio teresiano gaudi barcelona\" src=\"https:\/\/qa-dosde.qamoon.es\/wp-content\/uploads\/2017\/02\/fechada-colegio-teresiano-gaudi-barcelona.jpg\" alt=\"Fa\u00e7ade du coll\u00e8ge des Th\u00e9r\u00e9siennes de Barcelone, Antoni Gaud\u00ed\" width=\"900\" height=\"600\" \/><\/a><\/p>\n<p>&nbsp;<\/p>\n<p><strong>Pour le coll\u00e8ge des Th\u00e9r\u00e9siennes de Barcelone, Gaud\u00ed envisagea un \u00e9difice de plan rectangulaire<\/strong> avec un rez-de-chauss\u00e9e, trois \u00e9tages et un toit praticable. Sur les fa\u00e7ades, il incorpora aux murs en pierre des rang\u00e9es de briques afin de rompre la continuit\u00e9 des baies vitr\u00e9es, r\u00e9sultat d\u2019une r\u00e9p\u00e9tition modulaire d\u00e9lib\u00e9r\u00e9e. Au centre, deux \u00e9l\u00e9ments adoss\u00e9s : le portail de la fa\u00e7ade principale et les d\u00e9pendances des domestiques, sur la fa\u00e7ade arri\u00e8re.<\/p>\n<p>&nbsp;<\/p>\n<p>Les cr\u00e9neaux qui couronnent la fa\u00e7ade et<strong> les pinacles au-dessus des quatre tours d\u2019angle donnent un air m\u00e9di\u00e9val \u00e0 l\u2019\u00e9difice<\/strong>, accentu\u00e9 par la jalousie mud\u00e9jare du portail et la verticalit\u00e9 des fen\u00eatres. Pour compenser la simplicit\u00e9 des mat\u00e9riaux, l\u2019artiste misa sur les changements de niveaux afin d\u2019obtenir des effets d\u2019ombre et de lumi\u00e8re.<\/p>\n<p>&nbsp;<\/p>\n<h2>Hommage \u00e0 sainte Th\u00e9r\u00e8se<\/h2>\n<p><a href=\"https:\/\/qa-dosde.qamoon.es\/wp-content\/uploads\/2017\/02\/portal-colegio-teresiano-gaudi-barcelona.jpg\"><img loading=\"lazy\" decoding=\"async\" class=\"alignnone wp-image-657 size-full\" src=\"https:\/\/qa-dosde.qamoon.es\/wp-content\/uploads\/2017\/02\/portal-colegio-teresiano-gaudi-barcelona.jpg\" alt=\"Porte du coll\u00e8ge des Th\u00e9r\u00e9siennes de Barcelone, Antoni Gaud\u00ed\" width=\"900\" height=\"600\" \/><\/a><\/p>\n<p>&nbsp;<\/p>\n<p>Tr\u00e8s enclin \u00e0 donner un sens \u00e0 la d\u00e9coration de ses projets, Gaud\u00ed y incluait de nombreux symboles la\u00efcs, relatifs au lieu d\u2019\u00e9dification, \u00e0 l\u2019identit\u00e9 du promoteur, \u00e0 l\u2019histoire locale voire aux embl\u00e8mes du catholicisme. Les murs et <strong>les d\u00e9tails de construction du coll\u00e8ge des Th\u00e9r\u00e9siennes<\/strong> sont particuli\u00e8rement symboliques \u00e9tant donn\u00e9<strong> l\u2019influence de l\u2019\u0153uvre de sainte Th\u00e9r\u00e8se sur l\u2019architecte<\/strong>, qui admira sans doute la statue de la sainte que le grand artiste italien de la Renaissance Gian Lorenzo Bernini r\u00e9alisa pour l\u2019\u00e9glise de sainte Marie de la Victoire \u00e0 Rome.<\/p>\n<p>&nbsp;<\/p>\n<p><strong>L\u2019usage massif du T de Th\u00e9r\u00e8se entre les cr\u00e9neaux et sur les poign\u00e9es de porte<\/strong>, l\u2019emploi du monogramme JHS (J\u00e9sus, Sauveur des Hommes) sur la fa\u00e7ade ou l\u2019all\u00e9gorie du mont Carmel sur la grille sont quelques-uns des exemples qui prouvent ce recours aux symboles.<\/p>\n<p>&nbsp;<\/p>\n<p><a href=\"https:\/\/www.dosde.com\/fr\/livres\/antoni-gaudi.html\"><img decoding=\"async\" class=\"aligncenter size-full wp-image-3641\" src=\"https:\/\/qa-dosde.qamoon.es\/wp-content\/uploads\/2017\/02\/Boton-descubrir-mas-FR.png\" alt=\"\" \/><\/a><\/p>\n<h2>L\u2019int\u00e9rieur du coll\u00e8ge des Th\u00e9r\u00e9siennes<\/h2>\n<p>[metaslider id=1307]<\/p>\n<p><strong>Gaud\u00ed voulut profiter des capacit\u00e9s portantes de l\u2019arc cat\u00e9naire dans tous les espaces internes de l\u2019\u00e9difice<\/strong>. Au rez-de-chauss\u00e9e, les formes paraboliques de ces arcs sont alt\u00e9r\u00e9es par le plafond et se transforment en une \u00e9troite succession de consoles en brique d\u2019une extr\u00e9mit\u00e9 \u00e0 l\u2019autre du couloir.<\/p>\n<p>&nbsp;<\/p>\n<p>Au premier \u00e9tage, en revanche, les arcs d\u00e9crivent une trajectoire compl\u00e8te, cr\u00e9ant un impressionnant jeu d\u2019ombres et de lumi\u00e8res qui figure parmi les plus grandes r\u00e9ussites de l\u2019architecte dans le domaine du traitement de la lumi\u00e8re naturelle.<\/p>\n<p>&nbsp;<\/p>\n<h2>Le livre le plus complet sur l\u2019\u0153uvre de Gaud\u00ed<\/h2>\n<p>Antoni Gaud\u00ed est consid\u00e9r\u00e9 comme l&rsquo;un des architectes les plus importants de l&rsquo;histoire. Gaud\u00ed a anticip\u00e9 son \u00e9poque en cr\u00e9ant un langage artistique aussi surprenant qu&rsquo;inimitable. Les \u0153uvres de l\u2019architecte se caract\u00e9risent par une identit\u00e9 propre.<\/p>\n<p>&nbsp;<\/p>\n<p>Ce livre au format Deluxe, \u00e0 l\u2019instar de <strong><a href=\"https:\/\/www.dosde.com\/fr\/gaudi-ensemble-oeuvres-avant-garde-deluxe.html\">l\u2019Ensemble des \u0153uvres de Gaud\u00ed<\/a>, rassemble les projets que l\u2019architecte a r\u00e9alis\u00e9s durant sa vie.\u00a0<\/strong>Chez <a href=\"https:\/\/www.dosde.com\/fr\/\">Dosde<\/a>, nous avons souhait\u00e9 rassembler l\u2019ensemble des \u0153uvres de Gaud\u00ed dans ce livre complet afin d\u2019aborder toutes les facettes de l\u2019architecte, les influences que nous pouvons trouver dans ses \u0153uvres et les \u00e9l\u00e9ments qui lui ont servi de source d\u2019inspiration.<\/p>\n<p><a href=\"https:\/\/www.dosde.com\/fr\/gaudi-ensemble-oeuvres-avant-garde-deluxe.html\"><img loading=\"lazy\" decoding=\"async\" class=\"alignnone wp-image-1960 size-full\" src=\"https:\/\/qa-dosde.qamoon.es\/wp-content\/uploads\/2017\/02\/couverture-livre-antoni-gaudi-ensemble-de-oeuvre-deluxe-edition-francais-dosde-publishing_978-84-9103-011-9_25-010-02_B09.jpg\" alt=\"Livre L'ensemble des oeuvres d'Antoni Gaud\u00ed, Dosde \u00c9ditorial\" width=\"700\" height=\"345\" \/><\/a><\/p>\n","protected":false},"excerpt":{"rendered":"Gaud\u00ed et le coll\u00e8ge des Th\u00e9r\u00e9siennes de Barcelone En 1889, Henri de Osso y Cervello, fondateur de la congr\u00e9gation des Th\u00e9r\u00e9siennes, chargea Gaud\u00ed de la continuation du projet d\u2019un grand \u00e9difice dans le village de Sant Gervasi de Cassoles \u2013int\u00e9gr\u00e9 \u00e0 Barcelone peu de temps apr\u00e8s\u2013 cens\u00e9 abriter une \u00e9cole de filles avec internat mais &#8230; <a title=\"Le coll\u00e8ge des Th\u00e9r\u00e9siennes de Barcelone\" class=\"read-more\" href=\"https:\/\/pre.dosde.com\/fr\/le-college-des-theresiennes-de-barcelone\/\" aria-label=\"En savoir plus sur Le coll\u00e8ge des Th\u00e9r\u00e9siennes de Barcelone\">Lire la suite<\/a>","protected":false},"author":1,"featured_media":558,"comment_status":"open","ping_status":"open","sticky":false,"template":"","format":"standard","meta":{"_acf_changed":false,"footnotes":""},"categories":[53],"tags":[],"class_list":["post-1895","post","type-post","status-publish","format-standard","has-post-thumbnail","hentry","category-barcelone"],"acf":[],"yoast_head":"<!-- This site is optimized with the Yoast SEO plugin v28.3 - https:\/\/yoast.com\/product\/yoast-seo-wordpress\/ -->\n<title>Le coll\u00e8ge des Th\u00e9r\u00e9siennes de Barcelone - Dosde<\/title>\n<meta name=\"robots\" content=\"noindex, follow, max-snippet:-1, max-image-preview:large, max-video-preview:-1\" \/>\n<meta property=\"og:locale\" content=\"fr_FR\" \/>\n<meta property=\"og:type\" content=\"article\" \/>\n<meta property=\"og:title\" content=\"Le coll\u00e8ge des Th\u00e9r\u00e9siennes de Barcelone - Dosde\" \/>\n<meta property=\"og:description\" content=\"Gaud\u00ed et le coll\u00e8ge des Th\u00e9r\u00e9siennes de Barcelone En 1889, Henri de Osso y Cervello, fondateur de la congr\u00e9gation des Th\u00e9r\u00e9siennes, chargea Gaud\u00ed de la continuation du projet d\u2019un grand \u00e9difice dans le village de Sant Gervasi de Cassoles \u2013int\u00e9gr\u00e9 \u00e0 Barcelone peu de temps apr\u00e8s\u2013 cens\u00e9 abriter une \u00e9cole de filles avec internat mais ... Lire la suite\" \/>\n<meta property=\"og:url\" content=\"https:\/\/pre.dosde.com\/fr\/le-college-des-theresiennes-de-barcelone\/\" \/>\n<meta property=\"og:site_name\" content=\"Dosde\" \/>\n<meta property=\"article:published_time\" content=\"2017-02-20T10:00:52+00:00\" \/>\n<meta property=\"article:modified_time\" content=\"2026-08-11T08:02:51+00:00\" \/>\n<meta name=\"author\" content=\"seocom\" \/>\n<meta name=\"twitter:card\" content=\"summary_large_image\" \/>\n<meta name=\"twitter:label1\" content=\"\u00c9crit par\" \/>\n\t<meta name=\"twitter:data1\" content=\"seocom\" \/>\n\t<meta name=\"twitter:label2\" content=\"Dur\u00e9e de lecture estim\u00e9e\" \/>\n\t<meta name=\"twitter:data2\" content=\"4 minutes\" \/>\n<script type=\"application\/ld+json\" class=\"yoast-schema-graph\">{\"@context\":\"https:\\\/\\\/schema.org\",\"@graph\":[{\"@type\":\"Article\",\"@id\":\"https:\\\/\\\/pre.dosde.com\\\/fr\\\/le-college-des-theresiennes-de-barcelone\\\/#article\",\"isPartOf\":{\"@id\":\"https:\\\/\\\/pre.dosde.com\\\/fr\\\/le-college-des-theresiennes-de-barcelone\\\/\"},\"author\":{\"name\":\"seocom\",\"@id\":\"https:\\\/\\\/pre.dosde.com\\\/fr\\\/#\\\/schema\\\/person\\\/9d33726ab714fecb297e38b515472088\"},\"headline\":\"Le coll\u00e8ge des Th\u00e9r\u00e9siennes de Barcelone\",\"datePublished\":\"2017-02-20T10:00:52+00:00\",\"dateModified\":\"2026-08-11T08:02:51+00:00\",\"mainEntityOfPage\":{\"@id\":\"https:\\\/\\\/pre.dosde.com\\\/fr\\\/le-college-des-theresiennes-de-barcelone\\\/\"},\"wordCount\":735,\"commentCount\":0,\"publisher\":{\"@id\":\"https:\\\/\\\/pre.dosde.com\\\/fr\\\/#organization\"},\"image\":{\"@id\":\"https:\\\/\\\/pre.dosde.com\\\/fr\\\/le-college-des-theresiennes-de-barcelone\\\/#primaryimage\"},\"thumbnailUrl\":\"\",\"articleSection\":[\"Barcelone\"],\"inLanguage\":\"fr-FR\",\"potentialAction\":[{\"@type\":\"CommentAction\",\"name\":\"Comment\",\"target\":[\"https:\\\/\\\/pre.dosde.com\\\/fr\\\/le-college-des-theresiennes-de-barcelone\\\/#respond\"]}]},{\"@type\":\"WebPage\",\"@id\":\"https:\\\/\\\/pre.dosde.com\\\/fr\\\/le-college-des-theresiennes-de-barcelone\\\/\",\"url\":\"https:\\\/\\\/pre.dosde.com\\\/fr\\\/le-college-des-theresiennes-de-barcelone\\\/\",\"name\":\"Le coll\u00e8ge des Th\u00e9r\u00e9siennes de Barcelone - Dosde\",\"isPartOf\":{\"@id\":\"https:\\\/\\\/pre.dosde.com\\\/fr\\\/#website\"},\"primaryImageOfPage\":{\"@id\":\"https:\\\/\\\/pre.dosde.com\\\/fr\\\/le-college-des-theresiennes-de-barcelone\\\/#primaryimage\"},\"image\":{\"@id\":\"https:\\\/\\\/pre.dosde.com\\\/fr\\\/le-college-des-theresiennes-de-barcelone\\\/#primaryimage\"},\"thumbnailUrl\":\"\",\"datePublished\":\"2017-02-20T10:00:52+00:00\",\"dateModified\":\"2026-08-11T08:02:51+00:00\",\"breadcrumb\":{\"@id\":\"https:\\\/\\\/pre.dosde.com\\\/fr\\\/le-college-des-theresiennes-de-barcelone\\\/#breadcrumb\"},\"inLanguage\":\"fr-FR\",\"potentialAction\":[{\"@type\":\"ReadAction\",\"target\":[\"https:\\\/\\\/pre.dosde.com\\\/fr\\\/le-college-des-theresiennes-de-barcelone\\\/\"]}]},{\"@type\":\"ImageObject\",\"inLanguage\":\"fr-FR\",\"@id\":\"https:\\\/\\\/pre.dosde.com\\\/fr\\\/le-college-des-theresiennes-de-barcelone\\\/#primaryimage\",\"url\":\"\",\"contentUrl\":\"\"},{\"@type\":\"BreadcrumbList\",\"@id\":\"https:\\\/\\\/pre.dosde.com\\\/fr\\\/le-college-des-theresiennes-de-barcelone\\\/#breadcrumb\",\"itemListElement\":[{\"@type\":\"ListItem\",\"position\":1,\"name\":\"Home\",\"item\":\"https:\\\/\\\/pre.dosde.com\\\/fr\\\/\"},{\"@type\":\"ListItem\",\"position\":2,\"name\":\"Le coll\u00e8ge des Th\u00e9r\u00e9siennes de Barcelone\"}]},{\"@type\":\"WebSite\",\"@id\":\"https:\\\/\\\/pre.dosde.com\\\/fr\\\/#website\",\"url\":\"https:\\\/\\\/pre.dosde.com\\\/fr\\\/\",\"name\":\"Dosde\",\"description\":\"\",\"publisher\":{\"@id\":\"https:\\\/\\\/pre.dosde.com\\\/fr\\\/#organization\"},\"potentialAction\":[{\"@type\":\"SearchAction\",\"target\":{\"@type\":\"EntryPoint\",\"urlTemplate\":\"https:\\\/\\\/pre.dosde.com\\\/fr\\\/?s={search_term_string}\"},\"query-input\":{\"@type\":\"PropertyValueSpecification\",\"valueRequired\":true,\"valueName\":\"search_term_string\"}}],\"inLanguage\":\"fr-FR\"},{\"@type\":\"Organization\",\"@id\":\"https:\\\/\\\/pre.dosde.com\\\/fr\\\/#organization\",\"name\":\"Dosde\",\"url\":\"https:\\\/\\\/pre.dosde.com\\\/fr\\\/\",\"logo\":{\"@type\":\"ImageObject\",\"inLanguage\":\"fr-FR\",\"@id\":\"https:\\\/\\\/pre.dosde.com\\\/fr\\\/#\\\/schema\\\/logo\\\/image\\\/\",\"url\":\"https:\\\/\\\/pre.dosde.com\\\/wp-content\\\/uploads\\\/2026\\\/06\\\/Logo.webp\",\"contentUrl\":\"https:\\\/\\\/pre.dosde.com\\\/wp-content\\\/uploads\\\/2026\\\/06\\\/Logo.webp\",\"width\":248,\"height\":80,\"caption\":\"Dosde\"},\"image\":{\"@id\":\"https:\\\/\\\/pre.dosde.com\\\/fr\\\/#\\\/schema\\\/logo\\\/image\\\/\"}},{\"@type\":\"Person\",\"@id\":\"https:\\\/\\\/pre.dosde.com\\\/fr\\\/#\\\/schema\\\/person\\\/9d33726ab714fecb297e38b515472088\",\"name\":\"seocom\",\"image\":{\"@type\":\"ImageObject\",\"inLanguage\":\"fr-FR\",\"@id\":\"https:\\\/\\\/secure.gravatar.com\\\/avatar\\\/741433ce07ba5c431e994c0ec0272d414a5d1a9dafeb02666111e6f2eb1c0ed2?s=96&d=mm&r=g\",\"url\":\"https:\\\/\\\/secure.gravatar.com\\\/avatar\\\/741433ce07ba5c431e994c0ec0272d414a5d1a9dafeb02666111e6f2eb1c0ed2?s=96&d=mm&r=g\",\"contentUrl\":\"https:\\\/\\\/secure.gravatar.com\\\/avatar\\\/741433ce07ba5c431e994c0ec0272d414a5d1a9dafeb02666111e6f2eb1c0ed2?s=96&d=mm&r=g\",\"caption\":\"seocom\"},\"sameAs\":[\"http:\\\/\\\/qa-dosde.qamoon.es\"],\"url\":\"https:\\\/\\\/pre.dosde.com\\\/fr\\\/author\\\/seocom\\\/\"}]}<\/script>\n<!-- \/ Yoast SEO plugin. -->","yoast_head_json":{"title":"Le coll\u00e8ge des Th\u00e9r\u00e9siennes de Barcelone - Dosde","robots":{"index":"noindex","follow":"follow","max-snippet":"max-snippet:-1","max-image-preview":"max-image-preview:large","max-video-preview":"max-video-preview:-1"},"og_locale":"fr_FR","og_type":"article","og_title":"Le coll\u00e8ge des Th\u00e9r\u00e9siennes de Barcelone - Dosde","og_description":"Gaud\u00ed et le coll\u00e8ge des Th\u00e9r\u00e9siennes de Barcelone En 1889, Henri de Osso y Cervello, fondateur de la congr\u00e9gation des Th\u00e9r\u00e9siennes, chargea Gaud\u00ed de la continuation du projet d\u2019un grand \u00e9difice dans le village de Sant Gervasi de Cassoles \u2013int\u00e9gr\u00e9 \u00e0 Barcelone peu de temps apr\u00e8s\u2013 cens\u00e9 abriter une \u00e9cole de filles avec internat mais ... Lire la suite","og_url":"https:\/\/pre.dosde.com\/fr\/le-college-des-theresiennes-de-barcelone\/","og_site_name":"Dosde","article_published_time":"2017-02-20T10:00:52+00:00","article_modified_time":"2026-08-11T08:02:51+00:00","author":"seocom","twitter_card":"summary_large_image","twitter_misc":{"\u00c9crit par":"seocom","Dur\u00e9e de lecture estim\u00e9e":"4 minutes"},"schema":{"@context":"https:\/\/schema.org","@graph":[{"@type":"Article","@id":"https:\/\/pre.dosde.com\/fr\/le-college-des-theresiennes-de-barcelone\/#article","isPartOf":{"@id":"https:\/\/pre.dosde.com\/fr\/le-college-des-theresiennes-de-barcelone\/"},"author":{"name":"seocom","@id":"https:\/\/pre.dosde.com\/fr\/#\/schema\/person\/9d33726ab714fecb297e38b515472088"},"headline":"Le coll\u00e8ge des Th\u00e9r\u00e9siennes de Barcelone","datePublished":"2017-02-20T10:00:52+00:00","dateModified":"2026-08-11T08:02:51+00:00","mainEntityOfPage":{"@id":"https:\/\/pre.dosde.com\/fr\/le-college-des-theresiennes-de-barcelone\/"},"wordCount":735,"commentCount":0,"publisher":{"@id":"https:\/\/pre.dosde.com\/fr\/#organization"},"image":{"@id":"https:\/\/pre.dosde.com\/fr\/le-college-des-theresiennes-de-barcelone\/#primaryimage"},"thumbnailUrl":"","articleSection":["Barcelone"],"inLanguage":"fr-FR","potentialAction":[{"@type":"CommentAction","name":"Comment","target":["https:\/\/pre.dosde.com\/fr\/le-college-des-theresiennes-de-barcelone\/#respond"]}]},{"@type":"WebPage","@id":"https:\/\/pre.dosde.com\/fr\/le-college-des-theresiennes-de-barcelone\/","url":"https:\/\/pre.dosde.com\/fr\/le-college-des-theresiennes-de-barcelone\/","name":"Le coll\u00e8ge des Th\u00e9r\u00e9siennes de Barcelone - Dosde","isPartOf":{"@id":"https:\/\/pre.dosde.com\/fr\/#website"},"primaryImageOfPage":{"@id":"https:\/\/pre.dosde.com\/fr\/le-college-des-theresiennes-de-barcelone\/#primaryimage"},"image":{"@id":"https:\/\/pre.dosde.com\/fr\/le-college-des-theresiennes-de-barcelone\/#primaryimage"},"thumbnailUrl":"","datePublished":"2017-02-20T10:00:52+00:00","dateModified":"2026-08-11T08:02:51+00:00","breadcrumb":{"@id":"https:\/\/pre.dosde.com\/fr\/le-college-des-theresiennes-de-barcelone\/#breadcrumb"},"inLanguage":"fr-FR","potentialAction":[{"@type":"ReadAction","target":["https:\/\/pre.dosde.com\/fr\/le-college-des-theresiennes-de-barcelone\/"]}]},{"@type":"ImageObject","inLanguage":"fr-FR","@id":"https:\/\/pre.dosde.com\/fr\/le-college-des-theresiennes-de-barcelone\/#primaryimage","url":"","contentUrl":""},{"@type":"BreadcrumbList","@id":"https:\/\/pre.dosde.com\/fr\/le-college-des-theresiennes-de-barcelone\/#breadcrumb","itemListElement":[{"@type":"ListItem","position":1,"name":"Home","item":"https:\/\/pre.dosde.com\/fr\/"},{"@type":"ListItem","position":2,"name":"Le coll\u00e8ge des Th\u00e9r\u00e9siennes de Barcelone"}]},{"@type":"WebSite","@id":"https:\/\/pre.dosde.com\/fr\/#website","url":"https:\/\/pre.dosde.com\/fr\/","name":"Dosde","description":"","publisher":{"@id":"https:\/\/pre.dosde.com\/fr\/#organization"},"potentialAction":[{"@type":"SearchAction","target":{"@type":"EntryPoint","urlTemplate":"https:\/\/pre.dosde.com\/fr\/?s={search_term_string}"},"query-input":{"@type":"PropertyValueSpecification","valueRequired":true,"valueName":"search_term_string"}}],"inLanguage":"fr-FR"},{"@type":"Organization","@id":"https:\/\/pre.dosde.com\/fr\/#organization","name":"Dosde","url":"https:\/\/pre.dosde.com\/fr\/","logo":{"@type":"ImageObject","inLanguage":"fr-FR","@id":"https:\/\/pre.dosde.com\/fr\/#\/schema\/logo\/image\/","url":"https:\/\/pre.dosde.com\/wp-content\/uploads\/2026\/06\/Logo.webp","contentUrl":"https:\/\/pre.dosde.com\/wp-content\/uploads\/2026\/06\/Logo.webp","width":248,"height":80,"caption":"Dosde"},"image":{"@id":"https:\/\/pre.dosde.com\/fr\/#\/schema\/logo\/image\/"}},{"@type":"Person","@id":"https:\/\/pre.dosde.com\/fr\/#\/schema\/person\/9d33726ab714fecb297e38b515472088","name":"seocom","image":{"@type":"ImageObject","inLanguage":"fr-FR","@id":"https:\/\/secure.gravatar.com\/avatar\/741433ce07ba5c431e994c0ec0272d414a5d1a9dafeb02666111e6f2eb1c0ed2?s=96&d=mm&r=g","url":"https:\/\/secure.gravatar.com\/avatar\/741433ce07ba5c431e994c0ec0272d414a5d1a9dafeb02666111e6f2eb1c0ed2?s=96&d=mm&r=g","contentUrl":"https:\/\/secure.gravatar.com\/avatar\/741433ce07ba5c431e994c0ec0272d414a5d1a9dafeb02666111e6f2eb1c0ed2?s=96&d=mm&r=g","caption":"seocom"},"sameAs":["http:\/\/qa-dosde.qamoon.es"],"url":"https:\/\/pre.dosde.com\/fr\/author\/seocom\/"}]}},"_links":{"self":[{"href":"https:\/\/pre.dosde.com\/fr\/wp-json\/wp\/v2\/posts\/1895","targetHints":{"allow":["GET"]}}],"collection":[{"href":"https:\/\/pre.dosde.com\/fr\/wp-json\/wp\/v2\/posts"}],"about":[{"href":"https:\/\/pre.dosde.com\/fr\/wp-json\/wp\/v2\/types\/post"}],"author":[{"embeddable":true,"href":"https:\/\/pre.dosde.com\/fr\/wp-json\/wp\/v2\/users\/1"}],"replies":[{"embeddable":true,"href":"https:\/\/pre.dosde.com\/fr\/wp-json\/wp\/v2\/comments?post=1895"}],"version-history":[{"count":1,"href":"https:\/\/pre.dosde.com\/fr\/wp-json\/wp\/v2\/posts\/1895\/revisions"}],"predecessor-version":[{"id":3686,"href":"https:\/\/pre.dosde.com\/fr\/wp-json\/wp\/v2\/posts\/1895\/revisions\/3686"}],"wp:attachment":[{"href":"https:\/\/pre.dosde.com\/fr\/wp-json\/wp\/v2\/media?parent=1895"}],"wp:term":[{"taxonomy":"category","embeddable":true,"href":"https:\/\/pre.dosde.com\/fr\/wp-json\/wp\/v2\/categories?post=1895"},{"taxonomy":"post_tag","embeddable":true,"href":"https:\/\/pre.dosde.com\/fr\/wp-json\/wp\/v2\/tags?post=1895"}],"curies":[{"name":"wp","href":"https:\/\/api.w.org\/{rel}","templated":true}]}}