{"id":1900,"date":"2017-02-20T10:17:05","date_gmt":"2017-02-20T10:17:05","guid":{"rendered":"https:\/\/www.dosde.com\/blog\/?p=302\/"},"modified":"2026-08-11T08:03:09","modified_gmt":"2026-08-11T08:03:09","slug":"salvador-dali","status":"publish","type":"post","link":"https:\/\/pre.dosde.com\/fr\/salvador-dali\/","title":{"rendered":"Salvador Dal\u00ed"},"content":{"rendered":"<h2>Dal\u00ed, l&rsquo;artiste total<\/h2>\n<p>N\u00e9 \u00e0 Figueres le 11 mai 1904, <strong>Salvador Dal\u00ed<\/strong> fait preuve tr\u00e8s t\u00f4t de dons artistiques incontestables et d\u2019une forte personnalit\u00e9. Cependant, c\u2019est dans le mouvement surr\u00e9aliste qu\u2019il trouvera l\u2019inspiration pour d\u00e9velopper sa <strong>vision transgressive de l\u2019art<\/strong>.<\/p>\n<p>&nbsp;<\/p>\n<p>Dal\u00ed d\u00e9c\u00e8de \u00e0 84 ans \u00e0 Figueres le 23 janvier 1989 laissant derri\u00e8re lui un legs artistique incommensurable.<\/p>\n<p>&nbsp;<\/p>\n<h2>Les ann\u00e9es d\u2019\u00e9tudes<\/h2>\n<p><a href=\"https:\/\/www.dosde.com\/fr\/biographie-ilustree-de-salvador-dali.html\">Dot\u00e9 d\u2019un talent inn\u00e9<\/a>, <strong>Salvador Dal\u00ed montra tr\u00e8s t\u00f4t un int\u00e9r\u00eat particulier pour le dessin et la peinture<\/strong>. Gr\u00e2ce au soutien inconditionnel de ses parents \u2013qui se rendirent compte tr\u00e8s vite de l\u2019\u00e9norme potentiel de leur fils\u2013, le jeune homme suivit un apprentissage r\u00e9gulier, \u00e0 l\u2019\u00e9cole et durant son temps libre, si bien qu\u2019il perfectionna rapidement sa technique.<\/p>\n<p>&nbsp;<\/p>\n<p>De la m\u00eame mani\u00e8re, Dal\u00ed fut <strong>expos\u00e9 d\u00e8s son enfance<\/strong> aux courants culturels d\u00e9velopp\u00e9s en marge de la peinture acad\u00e9mique, comme<strong> les mouvements postimpressionnistes<\/strong>, ce qui lui apporta une vision plus large et d\u00e9complex\u00e9e du milieu artistique.<\/p>\n<p>&nbsp;<\/p>\n<p>Avec cette base solide de connaissances et d\u2019exp\u00e9riences, le jeune Dal\u00ed \u00e9tait on ne peut mieux pr\u00e9par\u00e9 \u00e0 entamer une carri\u00e8re acad\u00e9mique prometteuse \u00e0 Madrid. L\u00e0, il put continuer \u00e0 approfondir ses connaissances et \u00e0 se perfectionner mais surtout il eut l\u2019opportunit\u00e9 d\u2019int\u00e9grer les milieux intellectuels les plus avant-gardistes d\u2019Espagne.<\/p>\n<p>&nbsp;<\/p>\n<h2>Dal\u00ed et l\u2019\u00e9closion du surr\u00e9alisme<\/h2>\n<p>Apr\u00e8s la Premi\u00e8re Guerre mondiale,<strong> le surr\u00e9alisme devint l\u2019un des courants avant-gardistes les plus influents<\/strong> gr\u00e2ce \u00e0 ses approches r\u00e9volutionnaires qui cherchaient \u00e0 transformer l\u2019existence humaine pour cr\u00e9er un monde meilleur.<\/p>\n<p>&nbsp;<\/p>\n<p>Cependant, \u00e0 la fin des ann\u00e9es 1920, le mouvement se trouva dans une impasse. L\u2019\u00e9troite relation avec le communisme du leader du collectif, le po\u00e8te et \u00e9crivain fran\u00e7ais Andr\u00e9 Breton, provoqua l\u2019\u00e9loignement de ces membres qui voulaient limiter leur implication au domaine artistique. Par ailleurs, la capacit\u00e9 de subversion des auteurs semblait s\u2019\u00eatre essouffl\u00e9e \u00e0 cause de l\u2019usage r\u00e9it\u00e9r\u00e9 des m\u00eames formules cr\u00e9atives. Dans ce contexte, <strong>l\u2019irruption de Salvador Dal\u00ed fut fondamentale pour assurer la continuit\u00e9 de la peinture surr\u00e9aliste<\/strong>.<\/p>\n<p>&nbsp;<\/p>\n<p>Dot\u00e9 d\u2019une imagination d\u00e9bordante et d\u2019une ma\u00eetrise technique sup\u00e9rieure \u00e0 celle de la plupart de ses compagnons, le peintre catalan porta le surr\u00e9alisme \u00e0 son comble. Les tableaux de Dal\u00ed constitu\u00e8rent une contribution d\u00e9cisive tant sur le plan th\u00e9orique qu\u2019iconographique.<\/p>\n<p>&nbsp;<\/p>\n<p><a href=\"https:\/\/www.dosde.com\/fr\/livres\/salvador-dali.html\"><img decoding=\"async\" class=\"aligncenter size-full wp-image-3641\" src=\"https:\/\/qa-dosde.qamoon.es\/wp-content\/uploads\/2017\/02\/Boton-descubrir-mas-FR.png\" alt=\"\" \/><\/a><\/p>\n<h2>La m\u00e9thode parano\u00efaque-critique de Dal\u00ed<\/h2>\n<p>Malgr\u00e9 son identification avec le collectif surr\u00e9aliste, durant la premi\u00e8re moiti\u00e9 des ann\u00e9es 1930, Salvador Dal\u00ed se d\u00e9marqua de ses compagnons en d\u00e9veloppant <strong>un syst\u00e8me de travail propre qu\u2019il baptisa \u00ab\u00a0m\u00e9thode parano\u00efaque-critique\u00a0\u00bb<\/strong>. \u00c0 travers cette technique singuli\u00e8re \u2013provenant en partie des \u00e9tudes psychanalytiques r\u00e9alis\u00e9es par Jacques Lacan \u00e0 cette \u00e9poque\u2013, le peintre pr\u00f4na l\u2019interpr\u00e9tation de la r\u00e9alit\u00e9 en fonction des obsessions particuli\u00e8res.<\/p>\n<p>&nbsp;<\/p>\n<p>L\u2019une des cl\u00e9s de ce concept pens\u00e9 par Dal\u00ed consistait en l\u2019\u00e9laboration d\u2019images doubles ou multiples, capables de donner libre cours \u00e0 l\u2019imagination du spectateur et de permettre diverses interpr\u00e9tations. <strong>La nouvelle approche artistique de Dal\u00ed fut salu\u00e9e par Breton<\/strong>, conscient qu\u2019elle pouvait \u00eatre appliqu\u00e9e aussi bien \u00e0 la peinture qu\u2019\u00e0 la po\u00e9sie et au cin\u00e9ma.<\/p>\n<p>&nbsp;<\/p>\n<p>Le syst\u00e8me de cr\u00e9ation qui exigeait un r\u00f4le actif de la part de l\u2019auteur et revendiquait la validit\u00e9 de l\u2019art figuratif pour repr\u00e9senter le monde irrationnel permit de r\u00e9nover la m\u00e9thode employ\u00e9e traditionnellement par les partisans du surr\u00e9alisme qui avaient jusqu\u2019alors employ\u00e9 le dessin automatique pour exprimer de fa\u00e7on passive les id\u00e9es de l\u2019inconscient.<\/p>\n<p>&nbsp;<\/p>\n<h2>La guerre et le subconscient<\/h2>\n<p>Durant la seconde moiti\u00e9 des ann\u00e9es 1930, l\u2019Europe entra dans une p\u00e9riode mouvement\u00e9e aux cons\u00e9quences tragiques. En Espagne, le soul\u00e8vement d\u2019une faction de l\u2019arm\u00e9e contre le gouvernement r\u00e9publicain d\u00e9riva en une guerre civile sanglante qui se termina par l\u2019instauration d\u2019un r\u00e9gime fasciste dirig\u00e9 par le g\u00e9n\u00e9ral Francisco Franco.<\/p>\n<p>&nbsp;<\/p>\n<p>En Allemagne, Adolf Hitler mat\u00e9rialisa ses d\u00e9sirs expansionnistes \u00e0 travers une politique ext\u00e9rieure agressive qui d\u00e9boucha sur le d\u00e9but de la Deuxi\u00e8me Guerre mondiale.<strong> Contraint d\u2019abandonner sa terre natale<\/strong> apr\u00e8s le d\u00e9but des hostilit\u00e9s, Dal\u00ed trouva dans cet environnement mena\u00e7ant une nouvelle source d\u2019inspiration.<\/p>\n<p>&nbsp;<\/p>\n<p>En pleine maturit\u00e9 stylistique, <strong>le peintre transposa sur la toile l\u2019angoisse associ\u00e9e au conflit<\/strong> pour cr\u00e9er des compositions \u00e0 l\u2019aspect aussi perturbateur que suggestif, tout en continuant \u00e0 exp\u00e9rimenter les possibilit\u00e9s plastiques de sa m\u00e9thode parano\u00efaque-critique, enrichissant un univers symbolique de plus en plus populaire.<\/p>\n<p>&nbsp;<\/p>\n<h2>L&rsquo;exil de Dal\u00ed aux \u00c9tats-Unis<\/h2>\n<p>La Deuxi\u00e8me Guerre mondiale entra\u00eena le d\u00e9mant\u00e8lement de la sc\u00e8ne avant-gardiste europ\u00e9enne. L\u2019occupation allemande en France et la pers\u00e9cution nazie de l\u2019art moderne oblig\u00e8rent certains <strong>des personnages les plus influents de l\u2019\u00e9poque \u2013dont Salvador Dal\u00ed\u2013 \u00e0 s\u2019exiler aux \u00c9tats-Unis.<\/strong><\/p>\n<p>&nbsp;<\/p>\n<p>Cet exode d\u2019artistes et d\u2019intellectuels d\u00e9pla\u00e7a l\u2019\u00e9picentre de l\u2019innovation culturelle de Paris \u00e0 New York, ville dans laquelle de nouveaux courants exp\u00e9rimentaux commenc\u00e8rent \u00e0 faire leur apparition. <strong>L\u2019influence qu\u2019exer\u00e7a le surr\u00e9alisme<\/strong> sur des tendances comme l\u2019expressionnisme abstrait <strong>revalorisa la figure de Dal\u00ed<\/strong> qui, durant les ann\u00e9es qui avaient pr\u00e9c\u00e9d\u00e9 la guerre, avait d\u00e9j\u00e0 entrepris une campagne promotionnelle agressive pour gagner la faveur du public am\u00e9ricain.<\/p>\n<p>&nbsp;<\/p>\n<p>Profitant de cette position pr\u00e9\u00e9minente, <strong>durant son exil le peintre se consacra \u00e0 exalter sa l\u00e9gende<\/strong>, \u00e0 participer \u00e0 des expositions dans les galeries les plus remarquables et \u00e0 s\u2019illustrer dans d\u2019autres disciplines comme l\u2019illustration ou la sc\u00e9nographie.<\/p>\n<p>&nbsp;<\/p>\n<h2>La p\u00e9riode mystique nucl\u00e9aire de Dal\u00ed<\/h2>\n<p>Lorsque Dal\u00ed retourna en Espagne <strong>\u00e0 la fin des ann\u00e9es 1940, il trouva un pays ultraconservateur o\u00f9 le surr\u00e9alisme n\u2019avait pas sa place<\/strong>. Le r\u00e9gime franquiste, qui consid\u00e9rait que la psychanalyse \u00e9tait une pratique immorale et antipatriotique, soumettait la culture \u00e0 ses int\u00e9r\u00eats propagandistes, de telle sorte que toute forme d\u2019expression susceptible de bafouer l\u2019id\u00e9ologie officielle \u2013bas\u00e9e sur l\u2019exaltation de la patrie et le catholicisme\u2013 \u00e9tait poursuivie.<\/p>\n<p>&nbsp;<\/p>\n<p>C\u2019est dans cette atmosph\u00e8re d\u2019oppression intellectuelle que <strong>Dal\u00ed l\u2019artiste se r\u00e9inventa, abandonnant l\u2019art et la peinture surr\u00e9alistes<\/strong>. L\u2019exploration de l\u2019inconscient c\u00e9da le pas \u00e0 la revendication de la Renaissance italienne et \u00e0 l\u2019\u00e9tude des mystiques espagnols comme le po\u00e8te Jean de la Croix.<\/p>\n<p>&nbsp;<\/p>\n<p>Le peintre fusionna son go\u00fbt pour le classicisme et la religion avec les derni\u00e8res avanc\u00e9es sur la th\u00e9orie atomique, un monde auquel il s\u2019\u00e9tait int\u00e9ress\u00e9 apr\u00e8s le bombardement d\u2019Hiroshima et de Nagasaki. Cette association entre foi et science d\u00e9boucha sur le mysticisme nucl\u00e9aire, dont Dal\u00ed fut l\u2019unique repr\u00e9sentant.<a href=\"https:\/\/www.dosde.com\/fr\/dali-oeuvres-de-sa-vie.html\"><br \/>\n<\/a><\/p>\n<p>&nbsp;<\/p>\n<h2>Les derni\u00e8res obsessions de Salvador Dal\u00ed<\/h2>\n<p>En fin de carri\u00e8re, Dal\u00ed vit tous ses efforts r\u00e9compens\u00e9s. <strong>Devenu une c\u00e9l\u00e9brit\u00e9 mondiale gr\u00e2ce \u00e0 sa pr\u00e9sence constante dans les m\u00e9dias<\/strong>, l\u2019artiste fit l\u2019objet de nombreuses r\u00e9trospectives dans les plus grands mus\u00e9es.<\/p>\n<p>&nbsp;<\/p>\n<p>Les expositions permirent aux nouvelles g\u00e9n\u00e9rations de d\u00e9couvrir l\u2019\u0153uvre d\u2019un artiste hors du commun et confirm\u00e8rent en m\u00eame temps la reconnaissance d\u2019un legs incommensurable. De fait, durant ses derni\u00e8res ann\u00e9es, le peintre apparut comme un personnage poly\u00e9drique qui cultivait un profond respect pour la religion et se consacrait \u00e0 la fois aux exp\u00e9rimentations destin\u00e9es \u00e0 \u00e9largir les limites de l\u2019art.<\/p>\n<p>&nbsp;<\/p>\n<p>\u00c0 travers les hommages rendus aux ma\u00eetres classiques, <strong>Dal\u00ed se distingua compl\u00e8tement de la plupart de ses contemporains<\/strong>, mettant en \u00e9vidence sa forte personnalit\u00e9 tandis qu\u2019avec l\u2019adoption de nouvelles technologies, comme l\u2019holographie, il r\u00e9nova formellement son \u0153uvre et se pr\u00e9occupa de la relation visuelle \u00e9tablie entre la toile et le spectateur.<\/p>\n<p>&nbsp;<\/p>\n<h2>Le livre sur Salvador Dal\u00ed, le g\u00e9nie du surr\u00e9alisme<\/h2>\n<p>R\u00e9f\u00e9rence du mouvement surr\u00e9aliste, Salvador Dal\u00ed est l\u2019un des plus grands repr\u00e9sentants artistiques du XXe si\u00e8cle. <a href=\"https:\/\/www.dosde.com\/fr\/dali-oeuvres-de-sa-vie.html\">Ce livre qui rassemble<\/a> plus de <strong>80 reproductions de Salvador Dal\u00ed<\/strong> analyse en d\u00e9tail les \u0153uvres de ce g\u00e9nie du surr\u00e9alisme.<\/p>\n<p>&nbsp;<\/p>\n<p>Le lecteur pourra d\u00e9couvrir <strong>la signification de ses tableaux, le contexte historique et leurs influences<\/strong>, ainsi que d\u2019autres particularit\u00e9s concernant la vie et l\u2019\u0153uvre du g\u00e9nial cr\u00e9ateur.<\/p>\n<p><a href=\"https:\/\/www.dosde.com\/fr\/dali-oeuvres-de-sa-vie.html\"><img loading=\"lazy\" decoding=\"async\" class=\"alignnone wp-image-1841 size-full\" src=\"https:\/\/qa-dosde.qamoon.es\/wp-content\/uploads\/2017\/02\/couverture-salvador-dali-les-oeuvres-de-sa-vie-livre-francais-art-dosde-publishing_978-84-9103-034-8_45-002-02_B17.jpg\" alt=\"Livre Salvador Dali les oeuvres de sa vie, Dosde \u00c9ditorial\" width=\"700\" height=\"441\" \/><\/a><\/p>\n","protected":false},"excerpt":{"rendered":"Dal\u00ed, l&rsquo;artiste total N\u00e9 \u00e0 Figueres le 11 mai 1904, Salvador Dal\u00ed fait preuve tr\u00e8s t\u00f4t de dons artistiques incontestables et d\u2019une forte personnalit\u00e9. Cependant, c\u2019est dans le mouvement surr\u00e9aliste qu\u2019il trouvera l\u2019inspiration pour d\u00e9velopper sa vision transgressive de l\u2019art. &nbsp; Dal\u00ed d\u00e9c\u00e8de \u00e0 84 ans \u00e0 Figueres le 23 janvier 1989 laissant derri\u00e8re lui &#8230; <a title=\"Salvador Dal\u00ed\" class=\"read-more\" href=\"https:\/\/pre.dosde.com\/fr\/salvador-dali\/\" aria-label=\"En savoir plus sur Salvador Dal\u00ed\">Lire la suite<\/a>","protected":false},"author":1,"featured_media":0,"comment_status":"open","ping_status":"open","sticky":false,"template":"","format":"standard","meta":{"_acf_changed":false,"footnotes":""},"categories":[66],"tags":[],"class_list":["post-1900","post","type-post","status-publish","format-standard","hentry","category-dali"],"acf":[],"yoast_head":"<!-- This site is optimized with the Yoast SEO plugin v28.3 - https:\/\/yoast.com\/product\/yoast-seo-wordpress\/ -->\n<title>Salvador Dal\u00ed - Dosde<\/title>\n<meta name=\"robots\" content=\"noindex, follow, max-snippet:-1, max-image-preview:large, max-video-preview:-1\" \/>\n<meta property=\"og:locale\" content=\"fr_FR\" \/>\n<meta property=\"og:type\" content=\"article\" \/>\n<meta property=\"og:title\" content=\"Salvador Dal\u00ed - Dosde\" \/>\n<meta property=\"og:description\" content=\"Dal\u00ed, l&rsquo;artiste total N\u00e9 \u00e0 Figueres le 11 mai 1904, Salvador Dal\u00ed fait preuve tr\u00e8s t\u00f4t de dons artistiques incontestables et d\u2019une forte personnalit\u00e9. Cependant, c\u2019est dans le mouvement surr\u00e9aliste qu\u2019il trouvera l\u2019inspiration pour d\u00e9velopper sa vision transgressive de l\u2019art. &nbsp; Dal\u00ed d\u00e9c\u00e8de \u00e0 84 ans \u00e0 Figueres le 23 janvier 1989 laissant derri\u00e8re lui ... Lire la suite\" \/>\n<meta property=\"og:url\" content=\"https:\/\/pre.dosde.com\/fr\/salvador-dali\/\" \/>\n<meta property=\"og:site_name\" content=\"Dosde\" \/>\n<meta property=\"article:published_time\" content=\"2017-02-20T10:17:05+00:00\" \/>\n<meta property=\"article:modified_time\" content=\"2026-08-11T08:03:09+00:00\" \/>\n<meta property=\"og:image\" content=\"https:\/\/qa-dosde.qamoon.es\/wp-content\/uploads\/2017\/02\/Boton-descubrir-mas-FR.png\" \/>\n<meta name=\"author\" content=\"seocom\" \/>\n<meta name=\"twitter:card\" content=\"summary_large_image\" \/>\n<meta name=\"twitter:label1\" content=\"\u00c9crit par\" \/>\n\t<meta name=\"twitter:data1\" content=\"seocom\" \/>\n\t<meta name=\"twitter:label2\" content=\"Dur\u00e9e de lecture estim\u00e9e\" \/>\n\t<meta name=\"twitter:data2\" content=\"6 minutes\" \/>\n<script type=\"application\/ld+json\" class=\"yoast-schema-graph\">{\"@context\":\"https:\\\/\\\/schema.org\",\"@graph\":[{\"@type\":\"Article\",\"@id\":\"https:\\\/\\\/pre.dosde.com\\\/fr\\\/salvador-dali\\\/#article\",\"isPartOf\":{\"@id\":\"https:\\\/\\\/pre.dosde.com\\\/fr\\\/salvador-dali\\\/\"},\"author\":{\"name\":\"seocom\",\"@id\":\"https:\\\/\\\/pre.dosde.com\\\/fr\\\/#\\\/schema\\\/person\\\/9d33726ab714fecb297e38b515472088\"},\"headline\":\"Salvador Dal\u00ed\",\"datePublished\":\"2017-02-20T10:17:05+00:00\",\"dateModified\":\"2026-08-11T08:03:09+00:00\",\"mainEntityOfPage\":{\"@id\":\"https:\\\/\\\/pre.dosde.com\\\/fr\\\/salvador-dali\\\/\"},\"wordCount\":1478,\"commentCount\":0,\"publisher\":{\"@id\":\"https:\\\/\\\/pre.dosde.com\\\/fr\\\/#organization\"},\"image\":{\"@id\":\"https:\\\/\\\/pre.dosde.com\\\/fr\\\/salvador-dali\\\/#primaryimage\"},\"thumbnailUrl\":\"https:\\\/\\\/qa-dosde.qamoon.es\\\/wp-content\\\/uploads\\\/2017\\\/02\\\/Boton-descubrir-mas-FR.png\",\"articleSection\":[\"Dal\u00ed\"],\"inLanguage\":\"fr-FR\",\"potentialAction\":[{\"@type\":\"CommentAction\",\"name\":\"Comment\",\"target\":[\"https:\\\/\\\/pre.dosde.com\\\/fr\\\/salvador-dali\\\/#respond\"]}]},{\"@type\":\"WebPage\",\"@id\":\"https:\\\/\\\/pre.dosde.com\\\/fr\\\/salvador-dali\\\/\",\"url\":\"https:\\\/\\\/pre.dosde.com\\\/fr\\\/salvador-dali\\\/\",\"name\":\"Salvador Dal\u00ed - Dosde\",\"isPartOf\":{\"@id\":\"https:\\\/\\\/pre.dosde.com\\\/fr\\\/#website\"},\"primaryImageOfPage\":{\"@id\":\"https:\\\/\\\/pre.dosde.com\\\/fr\\\/salvador-dali\\\/#primaryimage\"},\"image\":{\"@id\":\"https:\\\/\\\/pre.dosde.com\\\/fr\\\/salvador-dali\\\/#primaryimage\"},\"thumbnailUrl\":\"https:\\\/\\\/qa-dosde.qamoon.es\\\/wp-content\\\/uploads\\\/2017\\\/02\\\/Boton-descubrir-mas-FR.png\",\"datePublished\":\"2017-02-20T10:17:05+00:00\",\"dateModified\":\"2026-08-11T08:03:09+00:00\",\"breadcrumb\":{\"@id\":\"https:\\\/\\\/pre.dosde.com\\\/fr\\\/salvador-dali\\\/#breadcrumb\"},\"inLanguage\":\"fr-FR\",\"potentialAction\":[{\"@type\":\"ReadAction\",\"target\":[\"https:\\\/\\\/pre.dosde.com\\\/fr\\\/salvador-dali\\\/\"]}]},{\"@type\":\"ImageObject\",\"inLanguage\":\"fr-FR\",\"@id\":\"https:\\\/\\\/pre.dosde.com\\\/fr\\\/salvador-dali\\\/#primaryimage\",\"url\":\"https:\\\/\\\/qa-dosde.qamoon.es\\\/wp-content\\\/uploads\\\/2017\\\/02\\\/Boton-descubrir-mas-FR.png\",\"contentUrl\":\"https:\\\/\\\/qa-dosde.qamoon.es\\\/wp-content\\\/uploads\\\/2017\\\/02\\\/Boton-descubrir-mas-FR.png\"},{\"@type\":\"BreadcrumbList\",\"@id\":\"https:\\\/\\\/pre.dosde.com\\\/fr\\\/salvador-dali\\\/#breadcrumb\",\"itemListElement\":[{\"@type\":\"ListItem\",\"position\":1,\"name\":\"Home\",\"item\":\"https:\\\/\\\/pre.dosde.com\\\/fr\\\/\"},{\"@type\":\"ListItem\",\"position\":2,\"name\":\"Salvador Dal\u00ed\"}]},{\"@type\":\"WebSite\",\"@id\":\"https:\\\/\\\/pre.dosde.com\\\/fr\\\/#website\",\"url\":\"https:\\\/\\\/pre.dosde.com\\\/fr\\\/\",\"name\":\"Dosde\",\"description\":\"\",\"publisher\":{\"@id\":\"https:\\\/\\\/pre.dosde.com\\\/fr\\\/#organization\"},\"potentialAction\":[{\"@type\":\"SearchAction\",\"target\":{\"@type\":\"EntryPoint\",\"urlTemplate\":\"https:\\\/\\\/pre.dosde.com\\\/fr\\\/?s={search_term_string}\"},\"query-input\":{\"@type\":\"PropertyValueSpecification\",\"valueRequired\":true,\"valueName\":\"search_term_string\"}}],\"inLanguage\":\"fr-FR\"},{\"@type\":\"Organization\",\"@id\":\"https:\\\/\\\/pre.dosde.com\\\/fr\\\/#organization\",\"name\":\"Dosde\",\"url\":\"https:\\\/\\\/pre.dosde.com\\\/fr\\\/\",\"logo\":{\"@type\":\"ImageObject\",\"inLanguage\":\"fr-FR\",\"@id\":\"https:\\\/\\\/pre.dosde.com\\\/fr\\\/#\\\/schema\\\/logo\\\/image\\\/\",\"url\":\"https:\\\/\\\/pre.dosde.com\\\/wp-content\\\/uploads\\\/2026\\\/06\\\/Logo.webp\",\"contentUrl\":\"https:\\\/\\\/pre.dosde.com\\\/wp-content\\\/uploads\\\/2026\\\/06\\\/Logo.webp\",\"width\":248,\"height\":80,\"caption\":\"Dosde\"},\"image\":{\"@id\":\"https:\\\/\\\/pre.dosde.com\\\/fr\\\/#\\\/schema\\\/logo\\\/image\\\/\"}},{\"@type\":\"Person\",\"@id\":\"https:\\\/\\\/pre.dosde.com\\\/fr\\\/#\\\/schema\\\/person\\\/9d33726ab714fecb297e38b515472088\",\"name\":\"seocom\",\"image\":{\"@type\":\"ImageObject\",\"inLanguage\":\"fr-FR\",\"@id\":\"https:\\\/\\\/secure.gravatar.com\\\/avatar\\\/741433ce07ba5c431e994c0ec0272d414a5d1a9dafeb02666111e6f2eb1c0ed2?s=96&d=mm&r=g\",\"url\":\"https:\\\/\\\/secure.gravatar.com\\\/avatar\\\/741433ce07ba5c431e994c0ec0272d414a5d1a9dafeb02666111e6f2eb1c0ed2?s=96&d=mm&r=g\",\"contentUrl\":\"https:\\\/\\\/secure.gravatar.com\\\/avatar\\\/741433ce07ba5c431e994c0ec0272d414a5d1a9dafeb02666111e6f2eb1c0ed2?s=96&d=mm&r=g\",\"caption\":\"seocom\"},\"sameAs\":[\"http:\\\/\\\/qa-dosde.qamoon.es\"],\"url\":\"https:\\\/\\\/pre.dosde.com\\\/fr\\\/author\\\/seocom\\\/\"}]}<\/script>\n<!-- \/ Yoast SEO plugin. -->","yoast_head_json":{"title":"Salvador Dal\u00ed - Dosde","robots":{"index":"noindex","follow":"follow","max-snippet":"max-snippet:-1","max-image-preview":"max-image-preview:large","max-video-preview":"max-video-preview:-1"},"og_locale":"fr_FR","og_type":"article","og_title":"Salvador Dal\u00ed - Dosde","og_description":"Dal\u00ed, l&rsquo;artiste total N\u00e9 \u00e0 Figueres le 11 mai 1904, Salvador Dal\u00ed fait preuve tr\u00e8s t\u00f4t de dons artistiques incontestables et d\u2019une forte personnalit\u00e9. Cependant, c\u2019est dans le mouvement surr\u00e9aliste qu\u2019il trouvera l\u2019inspiration pour d\u00e9velopper sa vision transgressive de l\u2019art. &nbsp; Dal\u00ed d\u00e9c\u00e8de \u00e0 84 ans \u00e0 Figueres le 23 janvier 1989 laissant derri\u00e8re lui ... Lire la suite","og_url":"https:\/\/pre.dosde.com\/fr\/salvador-dali\/","og_site_name":"Dosde","article_published_time":"2017-02-20T10:17:05+00:00","article_modified_time":"2026-08-11T08:03:09+00:00","og_image":[{"url":"https:\/\/qa-dosde.qamoon.es\/wp-content\/uploads\/2017\/02\/Boton-descubrir-mas-FR.png","type":"","width":"","height":""}],"author":"seocom","twitter_card":"summary_large_image","twitter_misc":{"\u00c9crit par":"seocom","Dur\u00e9e de lecture estim\u00e9e":"6 minutes"},"schema":{"@context":"https:\/\/schema.org","@graph":[{"@type":"Article","@id":"https:\/\/pre.dosde.com\/fr\/salvador-dali\/#article","isPartOf":{"@id":"https:\/\/pre.dosde.com\/fr\/salvador-dali\/"},"author":{"name":"seocom","@id":"https:\/\/pre.dosde.com\/fr\/#\/schema\/person\/9d33726ab714fecb297e38b515472088"},"headline":"Salvador Dal\u00ed","datePublished":"2017-02-20T10:17:05+00:00","dateModified":"2026-08-11T08:03:09+00:00","mainEntityOfPage":{"@id":"https:\/\/pre.dosde.com\/fr\/salvador-dali\/"},"wordCount":1478,"commentCount":0,"publisher":{"@id":"https:\/\/pre.dosde.com\/fr\/#organization"},"image":{"@id":"https:\/\/pre.dosde.com\/fr\/salvador-dali\/#primaryimage"},"thumbnailUrl":"https:\/\/qa-dosde.qamoon.es\/wp-content\/uploads\/2017\/02\/Boton-descubrir-mas-FR.png","articleSection":["Dal\u00ed"],"inLanguage":"fr-FR","potentialAction":[{"@type":"CommentAction","name":"Comment","target":["https:\/\/pre.dosde.com\/fr\/salvador-dali\/#respond"]}]},{"@type":"WebPage","@id":"https:\/\/pre.dosde.com\/fr\/salvador-dali\/","url":"https:\/\/pre.dosde.com\/fr\/salvador-dali\/","name":"Salvador Dal\u00ed - Dosde","isPartOf":{"@id":"https:\/\/pre.dosde.com\/fr\/#website"},"primaryImageOfPage":{"@id":"https:\/\/pre.dosde.com\/fr\/salvador-dali\/#primaryimage"},"image":{"@id":"https:\/\/pre.dosde.com\/fr\/salvador-dali\/#primaryimage"},"thumbnailUrl":"https:\/\/qa-dosde.qamoon.es\/wp-content\/uploads\/2017\/02\/Boton-descubrir-mas-FR.png","datePublished":"2017-02-20T10:17:05+00:00","dateModified":"2026-08-11T08:03:09+00:00","breadcrumb":{"@id":"https:\/\/pre.dosde.com\/fr\/salvador-dali\/#breadcrumb"},"inLanguage":"fr-FR","potentialAction":[{"@type":"ReadAction","target":["https:\/\/pre.dosde.com\/fr\/salvador-dali\/"]}]},{"@type":"ImageObject","inLanguage":"fr-FR","@id":"https:\/\/pre.dosde.com\/fr\/salvador-dali\/#primaryimage","url":"https:\/\/qa-dosde.qamoon.es\/wp-content\/uploads\/2017\/02\/Boton-descubrir-mas-FR.png","contentUrl":"https:\/\/qa-dosde.qamoon.es\/wp-content\/uploads\/2017\/02\/Boton-descubrir-mas-FR.png"},{"@type":"BreadcrumbList","@id":"https:\/\/pre.dosde.com\/fr\/salvador-dali\/#breadcrumb","itemListElement":[{"@type":"ListItem","position":1,"name":"Home","item":"https:\/\/pre.dosde.com\/fr\/"},{"@type":"ListItem","position":2,"name":"Salvador Dal\u00ed"}]},{"@type":"WebSite","@id":"https:\/\/pre.dosde.com\/fr\/#website","url":"https:\/\/pre.dosde.com\/fr\/","name":"Dosde","description":"","publisher":{"@id":"https:\/\/pre.dosde.com\/fr\/#organization"},"potentialAction":[{"@type":"SearchAction","target":{"@type":"EntryPoint","urlTemplate":"https:\/\/pre.dosde.com\/fr\/?s={search_term_string}"},"query-input":{"@type":"PropertyValueSpecification","valueRequired":true,"valueName":"search_term_string"}}],"inLanguage":"fr-FR"},{"@type":"Organization","@id":"https:\/\/pre.dosde.com\/fr\/#organization","name":"Dosde","url":"https:\/\/pre.dosde.com\/fr\/","logo":{"@type":"ImageObject","inLanguage":"fr-FR","@id":"https:\/\/pre.dosde.com\/fr\/#\/schema\/logo\/image\/","url":"https:\/\/pre.dosde.com\/wp-content\/uploads\/2026\/06\/Logo.webp","contentUrl":"https:\/\/pre.dosde.com\/wp-content\/uploads\/2026\/06\/Logo.webp","width":248,"height":80,"caption":"Dosde"},"image":{"@id":"https:\/\/pre.dosde.com\/fr\/#\/schema\/logo\/image\/"}},{"@type":"Person","@id":"https:\/\/pre.dosde.com\/fr\/#\/schema\/person\/9d33726ab714fecb297e38b515472088","name":"seocom","image":{"@type":"ImageObject","inLanguage":"fr-FR","@id":"https:\/\/secure.gravatar.com\/avatar\/741433ce07ba5c431e994c0ec0272d414a5d1a9dafeb02666111e6f2eb1c0ed2?s=96&d=mm&r=g","url":"https:\/\/secure.gravatar.com\/avatar\/741433ce07ba5c431e994c0ec0272d414a5d1a9dafeb02666111e6f2eb1c0ed2?s=96&d=mm&r=g","contentUrl":"https:\/\/secure.gravatar.com\/avatar\/741433ce07ba5c431e994c0ec0272d414a5d1a9dafeb02666111e6f2eb1c0ed2?s=96&d=mm&r=g","caption":"seocom"},"sameAs":["http:\/\/qa-dosde.qamoon.es"],"url":"https:\/\/pre.dosde.com\/fr\/author\/seocom\/"}]}},"_links":{"self":[{"href":"https:\/\/pre.dosde.com\/fr\/wp-json\/wp\/v2\/posts\/1900","targetHints":{"allow":["GET"]}}],"collection":[{"href":"https:\/\/pre.dosde.com\/fr\/wp-json\/wp\/v2\/posts"}],"about":[{"href":"https:\/\/pre.dosde.com\/fr\/wp-json\/wp\/v2\/types\/post"}],"author":[{"embeddable":true,"href":"https:\/\/pre.dosde.com\/fr\/wp-json\/wp\/v2\/users\/1"}],"replies":[{"embeddable":true,"href":"https:\/\/pre.dosde.com\/fr\/wp-json\/wp\/v2\/comments?post=1900"}],"version-history":[{"count":1,"href":"https:\/\/pre.dosde.com\/fr\/wp-json\/wp\/v2\/posts\/1900\/revisions"}],"predecessor-version":[{"id":3590,"href":"https:\/\/pre.dosde.com\/fr\/wp-json\/wp\/v2\/posts\/1900\/revisions\/3590"}],"wp:attachment":[{"href":"https:\/\/pre.dosde.com\/fr\/wp-json\/wp\/v2\/media?parent=1900"}],"wp:term":[{"taxonomy":"category","embeddable":true,"href":"https:\/\/pre.dosde.com\/fr\/wp-json\/wp\/v2\/categories?post=1900"},{"taxonomy":"post_tag","embeddable":true,"href":"https:\/\/pre.dosde.com\/fr\/wp-json\/wp\/v2\/tags?post=1900"}],"curies":[{"name":"wp","href":"https:\/\/api.w.org\/{rel}","templated":true}]}}