{"id":1903,"date":"2017-02-20T10:35:56","date_gmt":"2017-02-20T10:35:56","guid":{"rendered":"https:\/\/www.dosde.com\/blog\/?p=311\/"},"modified":"2026-08-11T08:02:51","modified_gmt":"2026-08-11T08:02:51","slug":"le-caprice","status":"publish","type":"post","link":"https:\/\/pre.dosde.com\/fr\/le-caprice\/","title":{"rendered":"Le Caprice"},"content":{"rendered":"<h2>Qu\u2019est-ce que Le Caprice de Gaud\u00ed ?<\/h2>\n<p>Le Caprice de Comillas est une maison de vacances appel\u00e9e \u00e0 l\u2019origine la Villa Quijano, construite entre 1883 et 1885 par l\u2019architecte Antoni Gaud\u00ed dans la localit\u00e9 de Comillas, au nord de l\u2019Espagne.<\/p>\n<p>&nbsp;<\/p>\n<p><strong>Cette \u0153uvre originale de Gaud\u00ed<\/strong>, command\u00e9e par M\u00e1ximo D\u00edaz de Quijano, avocat ayant fait fortune en Am\u00e9rique, <strong>a puis\u00e9 son inspiration dans l\u2019art oriental et l\u2019architecture arabe<\/strong> et anticipe certaines des techniques de construction et de d\u00e9coration que l\u2019architecte catalan emploierait dans ses futurs travaux.<\/p>\n<p>&nbsp;<\/p>\n<h2>L&rsquo;histoire du Caprice de Gaud\u00ed<\/h2>\n<p><a href=\"https:\/\/qa-dosde.qamoon.es\/wp-content\/uploads\/2017\/02\/el-capricho-gaudi-villa-quijano-comillas-fachada-exterior.jpg\"><img loading=\"lazy\" decoding=\"async\" class=\"alignnone wp-image-642 size-full\" src=\"https:\/\/qa-dosde.qamoon.es\/wp-content\/uploads\/2017\/02\/el-capricho-gaudi-villa-quijano-comillas-fachada-exterior.jpg\" alt=\"Le caprice Antoni Gaudi Comillas\" width=\"900\" height=\"600\" \/><\/a><\/p>\n<p>&nbsp;<\/p>\n<p>Plus commun\u00e9ment appel\u00e9e Le Caprice, <strong>la Villa Quijano est l\u2019un des \u00e9difices les plus embl\u00e9matiques de Comillas<\/strong>, petite ville c\u00f4ti\u00e8re de Cantabrie situ\u00e9e \u00e0 environ 50 km \u00e0 l\u2019ouest de Santander. L\u2019homme le plus illustre de Comillas \u00e9tait alors Antonio L\u00f3pez y L\u00f3pez (1817-1883), entrepreneur qui \u00e9migra \u00e0 Cuba \u00e0 l\u2019\u00e2ge de 14 ans. \u00c0 son retour, il cr\u00e9a une compagnie de navigation, une banque et une compagnie de tabac, des activit\u00e9s qui le situ\u00e8rent parmi les entrepreneurs les plus riches d\u2019Espagne et qui lui valurent le titre de marquis de Comillas, dignit\u00e9 express\u00e9ment conf\u00e9r\u00e9e par le roi Alphonse XII d\u2019Espagne.<\/p>\n<p>&nbsp;<\/p>\n<p>Alors qu\u2019il vivait \u00e0 Barcelone, Antonio L\u00f3pez restait tr\u00e8s attach\u00e9 \u00e0 Comillas, \u00e0 tel point qu\u2019il finan\u00e7a la construction de divers \u00e9difices monumentaux de la localit\u00e9 \u2013l\u2019universit\u00e9 pontificale et le palais de Sobrellano, \u0153uvres de l\u2019architecte catalan et th\u00e9oricien de l\u2019historiscisme Joan Martorell, et le Grand S\u00e9minaire de l\u2019illustre concepteur catalan Llu\u00eds Dom\u00e8nech i Montaner\u2013, faisant de Comillas le lieu de pr\u00e9dilection de l\u2019aristocratie.<\/p>\n<p>&nbsp;<\/p>\n<p>En 1883, <strong>M\u00e1ximo D\u00edaz de Quijano<\/strong>, beau-fr\u00e8re du marquis ayant \u00e9galement fait fortune \u00e0 Cuba, <strong>d\u00e9cida de faire construire sa maison de vacances dans les jardins adjacents au palais de Sobrellano<\/strong>, impr\u00e9gn\u00e9 par l\u2019atmosph\u00e8re de transformation qui r\u00e9gnait \u00e0 Comillas depuis que la famille royale espagnole y passait ses vacances d\u2019\u00e9t\u00e9. Pour la r\u00e9alisation du projet, on lui recommanda <a href=\"https:\/\/www.dosde.com\/fr\/livres\/antoni-gaudi.html\">le jeune Antoni Gaud\u00ed<\/a>, disciple de Martorell et petit prot\u00e9g\u00e9 de l\u2019entrepreneur Eusebi G\u00fcell, gendre d\u2019Antonio L\u00f3pez.<\/p>\n<p>&nbsp;<\/p>\n<p>L\u2019architecte et le promoteur ne se rencontr\u00e8rent jamais puisque <strong>Gaud\u00ed con\u00e7ut la villa depuis Barcelone, rel\u00e9guant la supervision des travaux \u00e0 son coll\u00e8gue Crist\u00f3bal Cascante.<\/strong><\/p>\n<p>&nbsp;<\/p>\n<p><a href=\"https:\/\/www.dosde.com\/fr\/livres\/antoni-gaudi.html\"><img decoding=\"async\" class=\"aligncenter size-full wp-image-3641\" src=\"https:\/\/qa-dosde.qamoon.es\/wp-content\/uploads\/2017\/02\/Boton-descubrir-mas-FR.png\" alt=\"\" \/><\/a><\/p>\n<h2>La face publique de la maison<\/h2>\n<p><a href=\"https:\/\/qa-dosde.qamoon.es\/wp-content\/uploads\/2017\/02\/el-capricho-gaudi-villa-quijano-comillas-lateral-exterior.jpg\"><img loading=\"lazy\" decoding=\"async\" class=\"alignnone wp-image-643 size-full\" src=\"https:\/\/qa-dosde.qamoon.es\/wp-content\/uploads\/2017\/02\/el-capricho-gaudi-villa-quijano-comillas-lateral-exterior.jpg\" alt=\"Face Publique Le Caprice Antoni Gaudi Comillas\" width=\"900\" height=\"600\" \/><\/a><\/p>\n<p>&nbsp;<\/p>\n<p>Les nouvelles vill\u00e9giatures de Comillas \u00e9taient <strong>construites pour exhiber \u00e9galement la richesse de leur propri\u00e9taire<\/strong>. Le Caprice de Gaud\u00ed en est un clair exemple avec son aspect ext\u00e9rieur polychrome et original.<\/p>\n<p>&nbsp;<\/p>\n<p>La fa\u00e7ade nord, qui fut construite parall\u00e8lement \u00e0 la promenade qui rejoint le palais de Sobrellano, abrite l\u2019entr\u00e9e principale \u2013con\u00e7ue \u00e0 partir d\u2019un portique \u00e0 colonnes qui soutient la tour-mirador\u2013 et les espaces publics de la maison : la salle des visites, le salon principal et la salle \u00e0 manger.<\/p>\n<p>&nbsp;<\/p>\n<p>Tandis que D\u00edaz de Quijano affirmait qu\u2019il voulait une maison \u00ab petite mais confortable \u00bb, l\u2019agencement et surtout la d\u00e9coration de la fa\u00e7ade principale de la Villa Quijano ne manqu\u00e8rent pas de surprendre les visiteurs.<\/p>\n<p>&nbsp;<\/p>\n<h2>La face priv\u00e9e de la maison<\/h2>\n<p><a href=\"https:\/\/qa-dosde.qamoon.es\/wp-content\/uploads\/2017\/02\/invernadero-el-capricho-gaudi-villa-quijano-comillas-fachada-interior.jpg\"><img loading=\"lazy\" decoding=\"async\" class=\"alignnone wp-image-644 size-full\" src=\"https:\/\/qa-dosde.qamoon.es\/wp-content\/uploads\/2017\/02\/invernadero-el-capricho-gaudi-villa-quijano-comillas-fachada-interior.jpg\" alt=\"Face Priv\u00e9e Le Caprice Antoni Gaudi Comillas\" width=\"900\" height=\"600\" \/><\/a><\/p>\n<p>&nbsp;<\/p>\n<p>Conform\u00e9ment \u00e0 son plan d\u2019ensemble pour la construction du Caprice,<strong> l\u2019architecte Gaud\u00ed voulut que la fa\u00e7ade orient\u00e9e sud f\u00fbt r\u00e9serv\u00e9e aux activit\u00e9s priv\u00e9es<\/strong> du promoteur et il disposa dans cette aile les pi\u00e8ces intimes telles que la chambre principale, la salle de jeux et chambre auxiliaire et le jardin d\u2019hiver, qui occupait une bonne partie de ladite fa\u00e7ade.<\/p>\n<p>&nbsp;<\/p>\n<p>Aliment\u00e9 par le soleil et prot\u00e9g\u00e9 des vents du nord, froids et humides, gr\u00e2ce \u00e0 la d\u00e9nivel\u00e9e du terrain et \u00e0 la barri\u00e8re naturelle que repr\u00e9sentait la maison m\u00eame, <strong>le jardin d\u2019hiver du Caprice servait de r\u00e9gulateur thermique<\/strong> puisque, d\u00e8s la tomb\u00e9e de la nuit, il propageait vers les autres pi\u00e8ces toute la chaleur qu\u2019il avait emmagasin\u00e9e durant les heures de soleil. Par ailleurs, il \u00e9pousait la forme en \u00ab\u00a0U\u00a0\u00bb de la maison cr\u00e9ant tout autour un grand couloir couvert qui faisait office de vestibule principal.<\/p>\n<p>&nbsp;<\/p>\n<h2>L\u2019agencement des pi\u00e8ces du Caprice<\/h2>\n<p>[metaslider id=1305]<\/p>\n<p>Malgr\u00e9 certaines adaptations qui r\u00e9v\u00e8lent le g\u00e9nie de leur cr\u00e9ateur, telle que la distribution des pi\u00e8ces de la maison autour d\u2019un jardin d\u2019hiver, <strong>la Villa Quijano pr\u00e9sente un agencement traditionnel \u00e0 partir de la juxtaposition de pi\u00e8ces<\/strong> le long d\u2019un couloir ; nous sommes bien loin des solutions innovantes qui caract\u00e9risent les \u0153uvres de la p\u00e9riode de maturit\u00e9 de Gaud\u00ed. Ainsi,<\/p>\n<p>&nbsp;<\/p>\n<p>Le Caprice de Gaud\u00ed est r\u00e9partit sur trois niveaux, chacun avec des fonctions diff\u00e9rentes : le sous-sol et le grenier sont r\u00e9serv\u00e9s aux activit\u00e9s des domestiques alors que l\u2019\u00e9tage noble, celui qui devait \u00eatre occup\u00e9 par le promoteur, se trouve \u00e0 un niveau interm\u00e9diaire, situation qui poussa <strong>Gaud\u00ed \u00e0 concevoir un syst\u00e8me de communication qui r\u00e9duirait la circulation entre \u00e9tages<\/strong>, avec deux cages d\u2019escalier \u00e0 demi cach\u00e9es et \u00e9tonnamment \u00e9troites pour la villa d\u2019un aristocrate.<\/p>\n<p>&nbsp;<\/p>\n<h2>Le livre pour d\u00e9couvrir Le Caprice de Gaud\u00ed<\/h2>\n<p><strong>L\u2019une des premi\u00e8res \u0153uvres de Gaud\u00ed<\/strong>, t\u00e9moignage de son imagination. Situ\u00e9e dans la localit\u00e9 de Comillas (Cantabrie), <strong>Le Caprice est inspir\u00e9 de l&rsquo;art oriental et de l&rsquo;architecture arabe<\/strong>, un \u00e9difice plein de couleurs et de fantaisie.<\/p>\n<p>&nbsp;<\/p>\n<p><strong>Le livre \u00ab\u00a0<a href=\"https:\/\/www.dosde.com\/fr\/le-caprice-villa-quijano-visuelle.html\">Le Caprice de Gaud\u00ed<\/a>\u00ab\u00a0, avec plus de 180 photographies et des illustrations en 3D<\/strong>, pr\u00e9sentent en d\u00e9tail l&rsquo;int\u00e9rieur et l&rsquo;ext\u00e9rieur de cet \u00e9difice singulier, l&rsquo;une des premi\u00e8res \u0153uvres de l&rsquo;architecte Antoni Gaud\u00ed.\u00a0Chez <a href=\"https:\/\/www.dosde.com\/fr\/\">Dosde<\/a>, nous avons voulu analyser en profondeur cet \u00e9difice essentiel dans la trajectoire de Gaud\u00ed puisque plusieurs de ses solutions architectoniques seraient appliqu\u00e9es plus tard \u00e0 d\u2019autres projets.<\/p>\n<p>&nbsp;<\/p>\n<p><a href=\"https:\/\/www.dosde.com\/fr\/le-caprice-villa-quijano-visuelle.html\"><img loading=\"lazy\" decoding=\"async\" class=\"alignnone wp-image-1904 size-full\" src=\"https:\/\/qa-dosde.qamoon.es\/wp-content\/uploads\/2017\/02\/couverture-le-caprice-villa-quijano-livre-francais-dosde-publishing_978-84-96783-77-5_20-010-02_B11.jpg\" alt=\"Livre Le Caprice de Gaudi, Dosde \u00c9ditorial\" width=\"700\" height=\"388\" \/><\/a><\/p>\n","protected":false},"excerpt":{"rendered":"Qu\u2019est-ce que Le Caprice de Gaud\u00ed ? Le Caprice de Comillas est une maison de vacances appel\u00e9e \u00e0 l\u2019origine la Villa Quijano, construite entre 1883 et 1885 par l\u2019architecte Antoni Gaud\u00ed dans la localit\u00e9 de Comillas, au nord de l\u2019Espagne. &nbsp; Cette \u0153uvre originale de Gaud\u00ed, command\u00e9e par M\u00e1ximo D\u00edaz de Quijano, avocat ayant fait &#8230; <a title=\"Le Caprice\" class=\"read-more\" href=\"https:\/\/pre.dosde.com\/fr\/le-caprice\/\" aria-label=\"En savoir plus sur Le Caprice\">Lire la suite<\/a>","protected":false},"author":1,"featured_media":548,"comment_status":"open","ping_status":"open","sticky":false,"template":"","format":"standard","meta":{"_acf_changed":false,"footnotes":""},"categories":[53],"tags":[],"class_list":["post-1903","post","type-post","status-publish","format-standard","has-post-thumbnail","hentry","category-barcelone"],"acf":[],"yoast_head":"<!-- This site is optimized with the Yoast SEO plugin v28.3 - https:\/\/yoast.com\/product\/yoast-seo-wordpress\/ -->\n<title>Le Caprice - Dosde<\/title>\n<meta name=\"robots\" content=\"noindex, follow, max-snippet:-1, max-image-preview:large, max-video-preview:-1\" \/>\n<meta property=\"og:locale\" content=\"fr_FR\" \/>\n<meta property=\"og:type\" content=\"article\" \/>\n<meta property=\"og:title\" content=\"Le Caprice - Dosde\" \/>\n<meta property=\"og:description\" content=\"Qu\u2019est-ce que Le Caprice de Gaud\u00ed ? Le Caprice de Comillas est une maison de vacances appel\u00e9e \u00e0 l\u2019origine la Villa Quijano, construite entre 1883 et 1885 par l\u2019architecte Antoni Gaud\u00ed dans la localit\u00e9 de Comillas, au nord de l\u2019Espagne. &nbsp; Cette \u0153uvre originale de Gaud\u00ed, command\u00e9e par M\u00e1ximo D\u00edaz de Quijano, avocat ayant fait ... Lire la suite\" \/>\n<meta property=\"og:url\" content=\"https:\/\/pre.dosde.com\/fr\/le-caprice\/\" \/>\n<meta property=\"og:site_name\" content=\"Dosde\" \/>\n<meta property=\"article:published_time\" content=\"2017-02-20T10:35:56+00:00\" \/>\n<meta property=\"article:modified_time\" content=\"2026-08-11T08:02:51+00:00\" \/>\n<meta name=\"author\" content=\"seocom\" \/>\n<meta name=\"twitter:card\" content=\"summary_large_image\" \/>\n<meta name=\"twitter:label1\" content=\"\u00c9crit par\" \/>\n\t<meta name=\"twitter:data1\" content=\"seocom\" \/>\n\t<meta name=\"twitter:label2\" content=\"Dur\u00e9e de lecture estim\u00e9e\" \/>\n\t<meta name=\"twitter:data2\" content=\"5 minutes\" \/>\n<script type=\"application\/ld+json\" class=\"yoast-schema-graph\">{\"@context\":\"https:\\\/\\\/schema.org\",\"@graph\":[{\"@type\":\"Article\",\"@id\":\"https:\\\/\\\/pre.dosde.com\\\/fr\\\/le-caprice\\\/#article\",\"isPartOf\":{\"@id\":\"https:\\\/\\\/pre.dosde.com\\\/fr\\\/le-caprice\\\/\"},\"author\":{\"name\":\"seocom\",\"@id\":\"https:\\\/\\\/pre.dosde.com\\\/fr\\\/#\\\/schema\\\/person\\\/9d33726ab714fecb297e38b515472088\"},\"headline\":\"Le Caprice\",\"datePublished\":\"2017-02-20T10:35:56+00:00\",\"dateModified\":\"2026-08-11T08:02:51+00:00\",\"mainEntityOfPage\":{\"@id\":\"https:\\\/\\\/pre.dosde.com\\\/fr\\\/le-caprice\\\/\"},\"wordCount\":1020,\"commentCount\":0,\"publisher\":{\"@id\":\"https:\\\/\\\/pre.dosde.com\\\/fr\\\/#organization\"},\"image\":{\"@id\":\"https:\\\/\\\/pre.dosde.com\\\/fr\\\/le-caprice\\\/#primaryimage\"},\"thumbnailUrl\":\"\",\"articleSection\":[\"Barcelone\"],\"inLanguage\":\"fr-FR\",\"potentialAction\":[{\"@type\":\"CommentAction\",\"name\":\"Comment\",\"target\":[\"https:\\\/\\\/pre.dosde.com\\\/fr\\\/le-caprice\\\/#respond\"]}]},{\"@type\":\"WebPage\",\"@id\":\"https:\\\/\\\/pre.dosde.com\\\/fr\\\/le-caprice\\\/\",\"url\":\"https:\\\/\\\/pre.dosde.com\\\/fr\\\/le-caprice\\\/\",\"name\":\"Le Caprice - Dosde\",\"isPartOf\":{\"@id\":\"https:\\\/\\\/pre.dosde.com\\\/fr\\\/#website\"},\"primaryImageOfPage\":{\"@id\":\"https:\\\/\\\/pre.dosde.com\\\/fr\\\/le-caprice\\\/#primaryimage\"},\"image\":{\"@id\":\"https:\\\/\\\/pre.dosde.com\\\/fr\\\/le-caprice\\\/#primaryimage\"},\"thumbnailUrl\":\"\",\"datePublished\":\"2017-02-20T10:35:56+00:00\",\"dateModified\":\"2026-08-11T08:02:51+00:00\",\"breadcrumb\":{\"@id\":\"https:\\\/\\\/pre.dosde.com\\\/fr\\\/le-caprice\\\/#breadcrumb\"},\"inLanguage\":\"fr-FR\",\"potentialAction\":[{\"@type\":\"ReadAction\",\"target\":[\"https:\\\/\\\/pre.dosde.com\\\/fr\\\/le-caprice\\\/\"]}]},{\"@type\":\"ImageObject\",\"inLanguage\":\"fr-FR\",\"@id\":\"https:\\\/\\\/pre.dosde.com\\\/fr\\\/le-caprice\\\/#primaryimage\",\"url\":\"\",\"contentUrl\":\"\"},{\"@type\":\"BreadcrumbList\",\"@id\":\"https:\\\/\\\/pre.dosde.com\\\/fr\\\/le-caprice\\\/#breadcrumb\",\"itemListElement\":[{\"@type\":\"ListItem\",\"position\":1,\"name\":\"Home\",\"item\":\"https:\\\/\\\/pre.dosde.com\\\/fr\\\/\"},{\"@type\":\"ListItem\",\"position\":2,\"name\":\"Le Caprice\"}]},{\"@type\":\"WebSite\",\"@id\":\"https:\\\/\\\/pre.dosde.com\\\/fr\\\/#website\",\"url\":\"https:\\\/\\\/pre.dosde.com\\\/fr\\\/\",\"name\":\"Dosde\",\"description\":\"\",\"publisher\":{\"@id\":\"https:\\\/\\\/pre.dosde.com\\\/fr\\\/#organization\"},\"potentialAction\":[{\"@type\":\"SearchAction\",\"target\":{\"@type\":\"EntryPoint\",\"urlTemplate\":\"https:\\\/\\\/pre.dosde.com\\\/fr\\\/?s={search_term_string}\"},\"query-input\":{\"@type\":\"PropertyValueSpecification\",\"valueRequired\":true,\"valueName\":\"search_term_string\"}}],\"inLanguage\":\"fr-FR\"},{\"@type\":\"Organization\",\"@id\":\"https:\\\/\\\/pre.dosde.com\\\/fr\\\/#organization\",\"name\":\"Dosde\",\"url\":\"https:\\\/\\\/pre.dosde.com\\\/fr\\\/\",\"logo\":{\"@type\":\"ImageObject\",\"inLanguage\":\"fr-FR\",\"@id\":\"https:\\\/\\\/pre.dosde.com\\\/fr\\\/#\\\/schema\\\/logo\\\/image\\\/\",\"url\":\"https:\\\/\\\/pre.dosde.com\\\/wp-content\\\/uploads\\\/2026\\\/06\\\/Logo.webp\",\"contentUrl\":\"https:\\\/\\\/pre.dosde.com\\\/wp-content\\\/uploads\\\/2026\\\/06\\\/Logo.webp\",\"width\":248,\"height\":80,\"caption\":\"Dosde\"},\"image\":{\"@id\":\"https:\\\/\\\/pre.dosde.com\\\/fr\\\/#\\\/schema\\\/logo\\\/image\\\/\"}},{\"@type\":\"Person\",\"@id\":\"https:\\\/\\\/pre.dosde.com\\\/fr\\\/#\\\/schema\\\/person\\\/9d33726ab714fecb297e38b515472088\",\"name\":\"seocom\",\"image\":{\"@type\":\"ImageObject\",\"inLanguage\":\"fr-FR\",\"@id\":\"https:\\\/\\\/secure.gravatar.com\\\/avatar\\\/741433ce07ba5c431e994c0ec0272d414a5d1a9dafeb02666111e6f2eb1c0ed2?s=96&d=mm&r=g\",\"url\":\"https:\\\/\\\/secure.gravatar.com\\\/avatar\\\/741433ce07ba5c431e994c0ec0272d414a5d1a9dafeb02666111e6f2eb1c0ed2?s=96&d=mm&r=g\",\"contentUrl\":\"https:\\\/\\\/secure.gravatar.com\\\/avatar\\\/741433ce07ba5c431e994c0ec0272d414a5d1a9dafeb02666111e6f2eb1c0ed2?s=96&d=mm&r=g\",\"caption\":\"seocom\"},\"sameAs\":[\"http:\\\/\\\/qa-dosde.qamoon.es\"],\"url\":\"https:\\\/\\\/pre.dosde.com\\\/fr\\\/author\\\/seocom\\\/\"}]}<\/script>\n<!-- \/ Yoast SEO plugin. -->","yoast_head_json":{"title":"Le Caprice - Dosde","robots":{"index":"noindex","follow":"follow","max-snippet":"max-snippet:-1","max-image-preview":"max-image-preview:large","max-video-preview":"max-video-preview:-1"},"og_locale":"fr_FR","og_type":"article","og_title":"Le Caprice - Dosde","og_description":"Qu\u2019est-ce que Le Caprice de Gaud\u00ed ? Le Caprice de Comillas est une maison de vacances appel\u00e9e \u00e0 l\u2019origine la Villa Quijano, construite entre 1883 et 1885 par l\u2019architecte Antoni Gaud\u00ed dans la localit\u00e9 de Comillas, au nord de l\u2019Espagne. &nbsp; Cette \u0153uvre originale de Gaud\u00ed, command\u00e9e par M\u00e1ximo D\u00edaz de Quijano, avocat ayant fait ... Lire la suite","og_url":"https:\/\/pre.dosde.com\/fr\/le-caprice\/","og_site_name":"Dosde","article_published_time":"2017-02-20T10:35:56+00:00","article_modified_time":"2026-08-11T08:02:51+00:00","author":"seocom","twitter_card":"summary_large_image","twitter_misc":{"\u00c9crit par":"seocom","Dur\u00e9e de lecture estim\u00e9e":"5 minutes"},"schema":{"@context":"https:\/\/schema.org","@graph":[{"@type":"Article","@id":"https:\/\/pre.dosde.com\/fr\/le-caprice\/#article","isPartOf":{"@id":"https:\/\/pre.dosde.com\/fr\/le-caprice\/"},"author":{"name":"seocom","@id":"https:\/\/pre.dosde.com\/fr\/#\/schema\/person\/9d33726ab714fecb297e38b515472088"},"headline":"Le Caprice","datePublished":"2017-02-20T10:35:56+00:00","dateModified":"2026-08-11T08:02:51+00:00","mainEntityOfPage":{"@id":"https:\/\/pre.dosde.com\/fr\/le-caprice\/"},"wordCount":1020,"commentCount":0,"publisher":{"@id":"https:\/\/pre.dosde.com\/fr\/#organization"},"image":{"@id":"https:\/\/pre.dosde.com\/fr\/le-caprice\/#primaryimage"},"thumbnailUrl":"","articleSection":["Barcelone"],"inLanguage":"fr-FR","potentialAction":[{"@type":"CommentAction","name":"Comment","target":["https:\/\/pre.dosde.com\/fr\/le-caprice\/#respond"]}]},{"@type":"WebPage","@id":"https:\/\/pre.dosde.com\/fr\/le-caprice\/","url":"https:\/\/pre.dosde.com\/fr\/le-caprice\/","name":"Le Caprice - Dosde","isPartOf":{"@id":"https:\/\/pre.dosde.com\/fr\/#website"},"primaryImageOfPage":{"@id":"https:\/\/pre.dosde.com\/fr\/le-caprice\/#primaryimage"},"image":{"@id":"https:\/\/pre.dosde.com\/fr\/le-caprice\/#primaryimage"},"thumbnailUrl":"","datePublished":"2017-02-20T10:35:56+00:00","dateModified":"2026-08-11T08:02:51+00:00","breadcrumb":{"@id":"https:\/\/pre.dosde.com\/fr\/le-caprice\/#breadcrumb"},"inLanguage":"fr-FR","potentialAction":[{"@type":"ReadAction","target":["https:\/\/pre.dosde.com\/fr\/le-caprice\/"]}]},{"@type":"ImageObject","inLanguage":"fr-FR","@id":"https:\/\/pre.dosde.com\/fr\/le-caprice\/#primaryimage","url":"","contentUrl":""},{"@type":"BreadcrumbList","@id":"https:\/\/pre.dosde.com\/fr\/le-caprice\/#breadcrumb","itemListElement":[{"@type":"ListItem","position":1,"name":"Home","item":"https:\/\/pre.dosde.com\/fr\/"},{"@type":"ListItem","position":2,"name":"Le Caprice"}]},{"@type":"WebSite","@id":"https:\/\/pre.dosde.com\/fr\/#website","url":"https:\/\/pre.dosde.com\/fr\/","name":"Dosde","description":"","publisher":{"@id":"https:\/\/pre.dosde.com\/fr\/#organization"},"potentialAction":[{"@type":"SearchAction","target":{"@type":"EntryPoint","urlTemplate":"https:\/\/pre.dosde.com\/fr\/?s={search_term_string}"},"query-input":{"@type":"PropertyValueSpecification","valueRequired":true,"valueName":"search_term_string"}}],"inLanguage":"fr-FR"},{"@type":"Organization","@id":"https:\/\/pre.dosde.com\/fr\/#organization","name":"Dosde","url":"https:\/\/pre.dosde.com\/fr\/","logo":{"@type":"ImageObject","inLanguage":"fr-FR","@id":"https:\/\/pre.dosde.com\/fr\/#\/schema\/logo\/image\/","url":"https:\/\/pre.dosde.com\/wp-content\/uploads\/2026\/06\/Logo.webp","contentUrl":"https:\/\/pre.dosde.com\/wp-content\/uploads\/2026\/06\/Logo.webp","width":248,"height":80,"caption":"Dosde"},"image":{"@id":"https:\/\/pre.dosde.com\/fr\/#\/schema\/logo\/image\/"}},{"@type":"Person","@id":"https:\/\/pre.dosde.com\/fr\/#\/schema\/person\/9d33726ab714fecb297e38b515472088","name":"seocom","image":{"@type":"ImageObject","inLanguage":"fr-FR","@id":"https:\/\/secure.gravatar.com\/avatar\/741433ce07ba5c431e994c0ec0272d414a5d1a9dafeb02666111e6f2eb1c0ed2?s=96&d=mm&r=g","url":"https:\/\/secure.gravatar.com\/avatar\/741433ce07ba5c431e994c0ec0272d414a5d1a9dafeb02666111e6f2eb1c0ed2?s=96&d=mm&r=g","contentUrl":"https:\/\/secure.gravatar.com\/avatar\/741433ce07ba5c431e994c0ec0272d414a5d1a9dafeb02666111e6f2eb1c0ed2?s=96&d=mm&r=g","caption":"seocom"},"sameAs":["http:\/\/qa-dosde.qamoon.es"],"url":"https:\/\/pre.dosde.com\/fr\/author\/seocom\/"}]}},"_links":{"self":[{"href":"https:\/\/pre.dosde.com\/fr\/wp-json\/wp\/v2\/posts\/1903","targetHints":{"allow":["GET"]}}],"collection":[{"href":"https:\/\/pre.dosde.com\/fr\/wp-json\/wp\/v2\/posts"}],"about":[{"href":"https:\/\/pre.dosde.com\/fr\/wp-json\/wp\/v2\/types\/post"}],"author":[{"embeddable":true,"href":"https:\/\/pre.dosde.com\/fr\/wp-json\/wp\/v2\/users\/1"}],"replies":[{"embeddable":true,"href":"https:\/\/pre.dosde.com\/fr\/wp-json\/wp\/v2\/comments?post=1903"}],"version-history":[{"count":1,"href":"https:\/\/pre.dosde.com\/fr\/wp-json\/wp\/v2\/posts\/1903\/revisions"}],"predecessor-version":[{"id":3684,"href":"https:\/\/pre.dosde.com\/fr\/wp-json\/wp\/v2\/posts\/1903\/revisions\/3684"}],"wp:featuredmedia":[{"embeddable":true,"href":"https:\/\/pre.dosde.com\/fr\/wp-json\/"}],"wp:attachment":[{"href":"https:\/\/pre.dosde.com\/fr\/wp-json\/wp\/v2\/media?parent=1903"}],"wp:term":[{"taxonomy":"category","embeddable":true,"href":"https:\/\/pre.dosde.com\/fr\/wp-json\/wp\/v2\/categories?post=1903"},{"taxonomy":"post_tag","embeddable":true,"href":"https:\/\/pre.dosde.com\/fr\/wp-json\/wp\/v2\/tags?post=1903"}],"curies":[{"name":"wp","href":"https:\/\/api.w.org\/{rel}","templated":true}]}}