{"id":1906,"date":"2017-02-20T10:39:55","date_gmt":"2017-02-20T10:39:55","guid":{"rendered":"https:\/\/www.dosde.com\/blog\/?p=318\/"},"modified":"2026-08-11T08:02:51","modified_gmt":"2026-08-11T08:02:51","slug":"propriete-guell","status":"publish","type":"post","link":"https:\/\/pre.dosde.com\/fr\/propriete-guell\/","title":{"rendered":"Propri\u00e9t\u00e9 G\u00fcell"},"content":{"rendered":"<h2>Histoire de la propri\u00e9t\u00e9 G\u00fcell<\/h2>\n<p>En 1883, Eusebi G\u00fcell fit l\u2019acquisition de plusieurs propri\u00e9t\u00e9s situ\u00e9es dans l\u2019actuel quartier universitaire de Barcelone, le quartier de Pedralbes. Un an apr\u00e8s, <strong>G\u00fcell chargea Gaud\u00ed du premier projet<\/strong> qui allait marquer le d\u00e9but d\u2019une longue relation professionnelle et amicale entre les deux hommes : <strong>la conception du mur et du portail d\u2019acc\u00e8s \u00e0 la propri\u00e9t\u00e9<\/strong>, d\u2019\u00e9curies avec un man\u00e8ge et d\u2019une s\u00e9rie d\u2019ajouts \u00e0 la vill\u00e9giature construite quelques ann\u00e9es auparavant par l\u2019architecte Joan Martorell pour qui Antoni Gaud\u00ed avait travaill\u00e9 en tant que dessinateur.<\/p>\n<p>&nbsp;<\/p>\n<p><strong>Certains \u00e9l\u00e9ments furent d\u00e9molis en 1919.<\/strong> De nos jours, les pavillons d\u2019entr\u00e9e \u00e0 la propri\u00e9t\u00e9 avec la loge du concierge, les \u00e9curies, le man\u00e8ge ainsi que d\u2019autres \u00e9difications secondaires ont \u00e9t\u00e9 conserv\u00e9s, sans oublier la grille en fer forg\u00e9, \u0153uvre monumentale qui est devenue le symbole le plus caract\u00e9ristique de cet espace cr\u00e9\u00e9 par Gaud\u00ed.<\/p>\n<p>&nbsp;<\/p>\n<p>Tout au long de sa vie, Gaud\u00ed r\u00e9aliserait d\u2019autres projets pour l\u2019entrepreneur comme le fameux Park G\u00fcell, la originale Casa Batll\u00f3 et m\u00eame une maison priv\u00e9e dans le centre de Barcelone, <a href=\"https:\/\/www.dosde.com\/fr\/palais-guell-residence-moderne-visuelle.html\">le palais G\u00fcell<\/a>.<\/p>\n<p>&nbsp;<\/p>\n<h2>Le symbolisme de la propri\u00e9t\u00e9 G\u00fcell<\/h2>\n<p><a href=\"https:\/\/qa-dosde.qamoon.es\/wp-content\/uploads\/2017\/02\/Finca_Gu%CC%88ell_150512_000042.jpg\"><img loading=\"lazy\" decoding=\"async\" class=\"alignnone wp-image-545 size-full\" src=\"https:\/\/qa-dosde.qamoon.es\/wp-content\/uploads\/2017\/02\/Finca_Gu%CC%88ell_150512_000042.jpg\" alt=\"Acc\u00e8s principal de la propri\u00e9t\u00e9 G\u00fcell, Antoni Gaud\u00ed\" width=\"900\" height=\"600\" \/><\/a><\/p>\n<p>&nbsp;<\/p>\n<p>G\u00fcell situa l\u2019acc\u00e8s principal de la propri\u00e9t\u00e9 au nord afin de la rapprocher du chemin qui d\u00e9bouchait sur la route Barcelone &#8211; Sarri\u00e0, celle qu\u2019empruntait l\u2019industriel depuis sa maison de la Rambla.<\/p>\n<p><strong>Gaud\u00ed con\u00e7ut un portail pour pi\u00e9tons et un pour les voitures \u00e0 cheval<\/strong>, ferm\u00e9 par la grille du dragon, une grille d\u2019un seul battant soutenu par un pilier surmont\u00e9 d\u2019un oranger en pierre et en m\u00e9tal, <strong>\u00e9voquant le mythe du jardin des Hesp\u00e9rides<\/strong>, cit\u00e9 par le po\u00e8te catalan Jacint Verdaguer dans son po\u00e8me L\u2019Atlantide : Hercule s\u2019affronte au dragon pour s\u2019emparer des oranges en or et conqu\u00e9rir ainsi le c\u0153ur de la reine Hesperis. Pour ne pas avoir su d\u00e9fendre le jardin, Ladon devint la constellation du Dragon.<\/p>\n<p>&nbsp;<\/p>\n<p><a href=\"https:\/\/www.dosde.com\/fr\/livres\/antoni-gaudi.html\"><img decoding=\"async\" class=\"aligncenter size-full wp-image-3641\" src=\"https:\/\/qa-dosde.qamoon.es\/wp-content\/uploads\/2017\/02\/Boton-descubrir-mas-FR.png\" alt=\"\" \/><\/a><\/p>\n<h2>Influence de l\u2019art arabe dans la propri\u00e9t\u00e9 G\u00fcell<\/h2>\n<p>Le th\u00e8me po\u00e9tique et mythologique du jardin des Hesp\u00e9rides permit \u00e0 Gaud\u00ed d\u2019unifier et de donner un sens aux diverses constructions qu\u2019il imagina pour la propri\u00e9t\u00e9 G\u00fcell. Curieusement, cette r\u00e9f\u00e9rence \u00e0 la mythologie grecque ne signifia pas pour Gaud\u00ed l\u2019adoption du classicisme comme style pr\u00e9dominant ; au contraire, il pr\u00e9f\u00e9ra puiser dans <strong>l\u2019art arabe, conform\u00e9ment \u00e0 la mode \u00e9clectique en vigueur \u00e0 l\u2019\u00e9poque<\/strong>, qui influen\u00e7a tant ses premiers travaux, comme la Casa Vicens et Le Caprice.<\/p>\n<p>&nbsp;<\/p>\n<h2>Les arts appliqu\u00e9s dans la propri\u00e9t\u00e9 G\u00fcell<\/h2>\n<p><a href=\"https:\/\/qa-dosde.qamoon.es\/wp-content\/uploads\/2017\/02\/MG_7755-GAUDI-LUJO-6.jpg\"><img loading=\"lazy\" decoding=\"async\" class=\"alignnone wp-image-546 size-full\" src=\"https:\/\/qa-dosde.qamoon.es\/wp-content\/uploads\/2017\/02\/MG_7755-GAUDI-LUJO-6.jpg\" alt=\"D\u00e9coration de la propri\u00e9t\u00e9 G\u00fcell, Antoni Gaud\u00ed\" width=\"900\" height=\"600\" \/><\/a><\/p>\n<p>&nbsp;<\/p>\n<p>D\u00e8s ses premiers projets, <strong>Gaud\u00ed accorda beaucoup d\u2018importance aux arts d\u00e9coratifs<\/strong> et, la propri\u00e9t\u00e9 G\u00fcell, malgr\u00e9 sa fonction singuli\u00e8re, n\u2019\u00e9chappa pas \u00e0 la r\u00e8gle. Pour la d\u00e9coration des \u00e9difices et des \u00e9l\u00e9ments de l\u2019ensemble, l\u2019architecte assembla des mat\u00e9riaux tr\u00e8s divers, certains typiquement structurels \u2013comme la pierre, la brique et le ciment\u2013 et d\u2019autres purement d\u00e9coratifs comme le fer forg\u00e9 et les azulejos, mais tous ayant la m\u00eame finalit\u00e9 esth\u00e9tique.<\/p>\n<p>&nbsp;<\/p>\n<p>Le dragon de la grille est l\u2019exemple le plus repr\u00e9sentatif de cette intention artistique : <strong>un travail artisanal qui recycle un mat\u00e9riau industriel<\/strong> et l\u2019assemble gr\u00e2ce \u00e0 diverses techniques \u2013forgeage, fonderie, estampage \u00e0 froid et \u00e0 chaud\u2013, anticipant l\u2019art d\u2019avant-garde dont l\u2019une des principales caract\u00e9ristiques fut pr\u00e9cis\u00e9ment le recyclage et le m\u00e9lange des mat\u00e9riaux.<\/p>\n<p>&nbsp;<\/p>\n<h2>Le livre visuel le plus complet sur l\u2019\u0153uvre de Gaud\u00ed<\/h2>\n<p>Antoni Gaud\u00ed est consid\u00e9r\u00e9 comme l&rsquo;un des architectes les plus influents de tous les temps. Les \u0153uvres de Gaud\u00ed se caract\u00e9risent par une identit\u00e9 propre.<\/p>\n<p>&nbsp;<\/p>\n<p><strong>Le livre \u201c<a href=\"https:\/\/www.dosde.com\/fr\/gaudi-ensemble-oeuvres-architecte-visuelle.html\">L\u2019ensemble des \u0153uvres d\u2019Antoni Gaudi<\/a>\u201d\u00a0 <\/strong>offre\u00a0<strong>une vision compl\u00e8te des\u00a0<\/strong><strong>\u0153uvres que l\u2019architecte <\/strong><strong>a r\u00e9alis\u00e9es<\/strong>\u00a0au cours de sa vie, de ses projets les plus embl\u00e9matiques \u00e0 ceux moins connus, avec plus de 750 photos. Indispensable pour tout savoir sur Gaud\u00ed.<\/p>\n<p>&nbsp;<\/p>\n<p>\u00c9dit\u00e9 par <a href=\"https:\/\/www.dosde.com\/fr\/\">Dosde<\/a>, le livre aborde les premiers projets du jeune Gaud\u00ed ainsi que ses \u0153uvres matures en tant qu\u2019architecte de prestige. C\u2019est l\u2019un des livres les plus complets pour conna\u00eetre la totalit\u00e9 de ses \u0153uvres.<\/p>\n<p><a href=\"https:\/\/www.dosde.com\/fr\/gaudi-ensemble-oeuvres-architecte-visuelle.html\"><img loading=\"lazy\" decoding=\"async\" class=\"alignnone wp-image-1845 size-full\" src=\"https:\/\/qa-dosde.qamoon.es\/wp-content\/uploads\/2017\/02\/couverture-antoni-gaudi-livre-francais-dosde-publishing_978-84-96783-86-7_20-011-02_B14.jpg\" alt=\"Livre l'ensemble de oeuvres d'Antoni Gaud\u00ed, Dosde \u00c9ditorial\" width=\"700\" height=\"388\" \/><\/a><\/p>\n","protected":false},"excerpt":{"rendered":"Histoire de la propri\u00e9t\u00e9 G\u00fcell En 1883, Eusebi G\u00fcell fit l\u2019acquisition de plusieurs propri\u00e9t\u00e9s situ\u00e9es dans l\u2019actuel quartier universitaire de Barcelone, le quartier de Pedralbes. Un an apr\u00e8s, G\u00fcell chargea Gaud\u00ed du premier projet qui allait marquer le d\u00e9but d\u2019une longue relation professionnelle et amicale entre les deux hommes : la conception du mur et &#8230; <a title=\"Propri\u00e9t\u00e9 G\u00fcell\" class=\"read-more\" href=\"https:\/\/pre.dosde.com\/fr\/propriete-guell\/\" aria-label=\"En savoir plus sur Propri\u00e9t\u00e9 G\u00fcell\">Lire la suite<\/a>","protected":false},"author":1,"featured_media":541,"comment_status":"open","ping_status":"open","sticky":false,"template":"","format":"standard","meta":{"_acf_changed":false,"footnotes":""},"categories":[53],"tags":[],"class_list":["post-1906","post","type-post","status-publish","format-standard","has-post-thumbnail","hentry","category-barcelone"],"acf":[],"yoast_head":"<!-- This site is optimized with the Yoast SEO plugin v28.4 - https:\/\/yoast.com\/product\/yoast-seo-wordpress\/ -->\n<title>Propri\u00e9t\u00e9 G\u00fcell - Dosde<\/title>\n<meta name=\"robots\" content=\"noindex, follow, max-snippet:-1, max-image-preview:large, max-video-preview:-1\" \/>\n<meta property=\"og:locale\" content=\"fr_FR\" \/>\n<meta property=\"og:type\" content=\"article\" \/>\n<meta property=\"og:title\" content=\"Propri\u00e9t\u00e9 G\u00fcell - Dosde\" \/>\n<meta property=\"og:description\" content=\"Histoire de la propri\u00e9t\u00e9 G\u00fcell En 1883, Eusebi G\u00fcell fit l\u2019acquisition de plusieurs propri\u00e9t\u00e9s situ\u00e9es dans l\u2019actuel quartier universitaire de Barcelone, le quartier de Pedralbes. Un an apr\u00e8s, G\u00fcell chargea Gaud\u00ed du premier projet qui allait marquer le d\u00e9but d\u2019une longue relation professionnelle et amicale entre les deux hommes : la conception du mur et ... Lire la suite\" \/>\n<meta property=\"og:url\" content=\"https:\/\/pre.dosde.com\/fr\/propriete-guell\/\" \/>\n<meta property=\"og:site_name\" content=\"Dosde\" \/>\n<meta property=\"article:published_time\" content=\"2017-02-20T10:39:55+00:00\" \/>\n<meta property=\"article:modified_time\" content=\"2026-08-11T08:02:51+00:00\" \/>\n<meta name=\"author\" content=\"seocom\" \/>\n<meta name=\"twitter:card\" content=\"summary_large_image\" \/>\n<meta name=\"twitter:label1\" content=\"\u00c9crit par\" \/>\n\t<meta name=\"twitter:data1\" content=\"seocom\" \/>\n\t<meta name=\"twitter:label2\" content=\"Dur\u00e9e de lecture estim\u00e9e\" \/>\n\t<meta name=\"twitter:data2\" content=\"4 minutes\" \/>\n<script type=\"application\/ld+json\" class=\"yoast-schema-graph\">{\"@context\":\"https:\\\/\\\/schema.org\",\"@graph\":[{\"@type\":\"Article\",\"@id\":\"https:\\\/\\\/pre.dosde.com\\\/fr\\\/propriete-guell\\\/#article\",\"isPartOf\":{\"@id\":\"https:\\\/\\\/pre.dosde.com\\\/fr\\\/propriete-guell\\\/\"},\"author\":{\"name\":\"seocom\",\"@id\":\"https:\\\/\\\/pre.dosde.com\\\/fr\\\/#\\\/schema\\\/person\\\/9d33726ab714fecb297e38b515472088\"},\"headline\":\"Propri\u00e9t\u00e9 G\u00fcell\",\"datePublished\":\"2017-02-20T10:39:55+00:00\",\"dateModified\":\"2026-08-11T08:02:51+00:00\",\"mainEntityOfPage\":{\"@id\":\"https:\\\/\\\/pre.dosde.com\\\/fr\\\/propriete-guell\\\/\"},\"wordCount\":759,\"commentCount\":0,\"publisher\":{\"@id\":\"https:\\\/\\\/pre.dosde.com\\\/fr\\\/#organization\"},\"image\":{\"@id\":\"https:\\\/\\\/pre.dosde.com\\\/fr\\\/propriete-guell\\\/#primaryimage\"},\"thumbnailUrl\":\"\",\"articleSection\":[\"Barcelone\"],\"inLanguage\":\"fr-FR\",\"potentialAction\":[{\"@type\":\"CommentAction\",\"name\":\"Comment\",\"target\":[\"https:\\\/\\\/pre.dosde.com\\\/fr\\\/propriete-guell\\\/#respond\"]}]},{\"@type\":\"WebPage\",\"@id\":\"https:\\\/\\\/pre.dosde.com\\\/fr\\\/propriete-guell\\\/\",\"url\":\"https:\\\/\\\/pre.dosde.com\\\/fr\\\/propriete-guell\\\/\",\"name\":\"Propri\u00e9t\u00e9 G\u00fcell - Dosde\",\"isPartOf\":{\"@id\":\"https:\\\/\\\/pre.dosde.com\\\/fr\\\/#website\"},\"primaryImageOfPage\":{\"@id\":\"https:\\\/\\\/pre.dosde.com\\\/fr\\\/propriete-guell\\\/#primaryimage\"},\"image\":{\"@id\":\"https:\\\/\\\/pre.dosde.com\\\/fr\\\/propriete-guell\\\/#primaryimage\"},\"thumbnailUrl\":\"\",\"datePublished\":\"2017-02-20T10:39:55+00:00\",\"dateModified\":\"2026-08-11T08:02:51+00:00\",\"breadcrumb\":{\"@id\":\"https:\\\/\\\/pre.dosde.com\\\/fr\\\/propriete-guell\\\/#breadcrumb\"},\"inLanguage\":\"fr-FR\",\"potentialAction\":[{\"@type\":\"ReadAction\",\"target\":[\"https:\\\/\\\/pre.dosde.com\\\/fr\\\/propriete-guell\\\/\"]}]},{\"@type\":\"ImageObject\",\"inLanguage\":\"fr-FR\",\"@id\":\"https:\\\/\\\/pre.dosde.com\\\/fr\\\/propriete-guell\\\/#primaryimage\",\"url\":\"\",\"contentUrl\":\"\"},{\"@type\":\"BreadcrumbList\",\"@id\":\"https:\\\/\\\/pre.dosde.com\\\/fr\\\/propriete-guell\\\/#breadcrumb\",\"itemListElement\":[{\"@type\":\"ListItem\",\"position\":1,\"name\":\"Home\",\"item\":\"https:\\\/\\\/pre.dosde.com\\\/fr\\\/\"},{\"@type\":\"ListItem\",\"position\":2,\"name\":\"Propri\u00e9t\u00e9 G\u00fcell\"}]},{\"@type\":\"WebSite\",\"@id\":\"https:\\\/\\\/pre.dosde.com\\\/fr\\\/#website\",\"url\":\"https:\\\/\\\/pre.dosde.com\\\/fr\\\/\",\"name\":\"Dosde\",\"description\":\"\",\"publisher\":{\"@id\":\"https:\\\/\\\/pre.dosde.com\\\/fr\\\/#organization\"},\"potentialAction\":[{\"@type\":\"SearchAction\",\"target\":{\"@type\":\"EntryPoint\",\"urlTemplate\":\"https:\\\/\\\/pre.dosde.com\\\/fr\\\/?s={search_term_string}\"},\"query-input\":{\"@type\":\"PropertyValueSpecification\",\"valueRequired\":true,\"valueName\":\"search_term_string\"}}],\"inLanguage\":\"fr-FR\"},{\"@type\":\"Organization\",\"@id\":\"https:\\\/\\\/pre.dosde.com\\\/fr\\\/#organization\",\"name\":\"Dosde\",\"url\":\"https:\\\/\\\/pre.dosde.com\\\/fr\\\/\",\"logo\":{\"@type\":\"ImageObject\",\"inLanguage\":\"fr-FR\",\"@id\":\"https:\\\/\\\/pre.dosde.com\\\/fr\\\/#\\\/schema\\\/logo\\\/image\\\/\",\"url\":\"https:\\\/\\\/pre.dosde.com\\\/wp-content\\\/uploads\\\/2026\\\/06\\\/Logo.webp\",\"contentUrl\":\"https:\\\/\\\/pre.dosde.com\\\/wp-content\\\/uploads\\\/2026\\\/06\\\/Logo.webp\",\"width\":248,\"height\":80,\"caption\":\"Dosde\"},\"image\":{\"@id\":\"https:\\\/\\\/pre.dosde.com\\\/fr\\\/#\\\/schema\\\/logo\\\/image\\\/\"}},{\"@type\":\"Person\",\"@id\":\"https:\\\/\\\/pre.dosde.com\\\/fr\\\/#\\\/schema\\\/person\\\/9d33726ab714fecb297e38b515472088\",\"name\":\"seocom\",\"image\":{\"@type\":\"ImageObject\",\"inLanguage\":\"fr-FR\",\"@id\":\"https:\\\/\\\/secure.gravatar.com\\\/avatar\\\/741433ce07ba5c431e994c0ec0272d414a5d1a9dafeb02666111e6f2eb1c0ed2?s=96&d=mm&r=g\",\"url\":\"https:\\\/\\\/secure.gravatar.com\\\/avatar\\\/741433ce07ba5c431e994c0ec0272d414a5d1a9dafeb02666111e6f2eb1c0ed2?s=96&d=mm&r=g\",\"contentUrl\":\"https:\\\/\\\/secure.gravatar.com\\\/avatar\\\/741433ce07ba5c431e994c0ec0272d414a5d1a9dafeb02666111e6f2eb1c0ed2?s=96&d=mm&r=g\",\"caption\":\"seocom\"},\"sameAs\":[\"http:\\\/\\\/qa-dosde.qamoon.es\"],\"url\":\"https:\\\/\\\/pre.dosde.com\\\/fr\\\/author\\\/seocom\\\/\"}]}<\/script>\n<!-- \/ Yoast SEO plugin. -->","yoast_head_json":{"title":"Propri\u00e9t\u00e9 G\u00fcell - Dosde","robots":{"index":"noindex","follow":"follow","max-snippet":"max-snippet:-1","max-image-preview":"max-image-preview:large","max-video-preview":"max-video-preview:-1"},"og_locale":"fr_FR","og_type":"article","og_title":"Propri\u00e9t\u00e9 G\u00fcell - Dosde","og_description":"Histoire de la propri\u00e9t\u00e9 G\u00fcell En 1883, Eusebi G\u00fcell fit l\u2019acquisition de plusieurs propri\u00e9t\u00e9s situ\u00e9es dans l\u2019actuel quartier universitaire de Barcelone, le quartier de Pedralbes. Un an apr\u00e8s, G\u00fcell chargea Gaud\u00ed du premier projet qui allait marquer le d\u00e9but d\u2019une longue relation professionnelle et amicale entre les deux hommes : la conception du mur et ... Lire la suite","og_url":"https:\/\/pre.dosde.com\/fr\/propriete-guell\/","og_site_name":"Dosde","article_published_time":"2017-02-20T10:39:55+00:00","article_modified_time":"2026-08-11T08:02:51+00:00","author":"seocom","twitter_card":"summary_large_image","twitter_misc":{"\u00c9crit par":"seocom","Dur\u00e9e de lecture estim\u00e9e":"4 minutes"},"schema":{"@context":"https:\/\/schema.org","@graph":[{"@type":"Article","@id":"https:\/\/pre.dosde.com\/fr\/propriete-guell\/#article","isPartOf":{"@id":"https:\/\/pre.dosde.com\/fr\/propriete-guell\/"},"author":{"name":"seocom","@id":"https:\/\/pre.dosde.com\/fr\/#\/schema\/person\/9d33726ab714fecb297e38b515472088"},"headline":"Propri\u00e9t\u00e9 G\u00fcell","datePublished":"2017-02-20T10:39:55+00:00","dateModified":"2026-08-11T08:02:51+00:00","mainEntityOfPage":{"@id":"https:\/\/pre.dosde.com\/fr\/propriete-guell\/"},"wordCount":759,"commentCount":0,"publisher":{"@id":"https:\/\/pre.dosde.com\/fr\/#organization"},"image":{"@id":"https:\/\/pre.dosde.com\/fr\/propriete-guell\/#primaryimage"},"thumbnailUrl":"","articleSection":["Barcelone"],"inLanguage":"fr-FR","potentialAction":[{"@type":"CommentAction","name":"Comment","target":["https:\/\/pre.dosde.com\/fr\/propriete-guell\/#respond"]}]},{"@type":"WebPage","@id":"https:\/\/pre.dosde.com\/fr\/propriete-guell\/","url":"https:\/\/pre.dosde.com\/fr\/propriete-guell\/","name":"Propri\u00e9t\u00e9 G\u00fcell - Dosde","isPartOf":{"@id":"https:\/\/pre.dosde.com\/fr\/#website"},"primaryImageOfPage":{"@id":"https:\/\/pre.dosde.com\/fr\/propriete-guell\/#primaryimage"},"image":{"@id":"https:\/\/pre.dosde.com\/fr\/propriete-guell\/#primaryimage"},"thumbnailUrl":"","datePublished":"2017-02-20T10:39:55+00:00","dateModified":"2026-08-11T08:02:51+00:00","breadcrumb":{"@id":"https:\/\/pre.dosde.com\/fr\/propriete-guell\/#breadcrumb"},"inLanguage":"fr-FR","potentialAction":[{"@type":"ReadAction","target":["https:\/\/pre.dosde.com\/fr\/propriete-guell\/"]}]},{"@type":"ImageObject","inLanguage":"fr-FR","@id":"https:\/\/pre.dosde.com\/fr\/propriete-guell\/#primaryimage","url":"","contentUrl":""},{"@type":"BreadcrumbList","@id":"https:\/\/pre.dosde.com\/fr\/propriete-guell\/#breadcrumb","itemListElement":[{"@type":"ListItem","position":1,"name":"Home","item":"https:\/\/pre.dosde.com\/fr\/"},{"@type":"ListItem","position":2,"name":"Propri\u00e9t\u00e9 G\u00fcell"}]},{"@type":"WebSite","@id":"https:\/\/pre.dosde.com\/fr\/#website","url":"https:\/\/pre.dosde.com\/fr\/","name":"Dosde","description":"","publisher":{"@id":"https:\/\/pre.dosde.com\/fr\/#organization"},"potentialAction":[{"@type":"SearchAction","target":{"@type":"EntryPoint","urlTemplate":"https:\/\/pre.dosde.com\/fr\/?s={search_term_string}"},"query-input":{"@type":"PropertyValueSpecification","valueRequired":true,"valueName":"search_term_string"}}],"inLanguage":"fr-FR"},{"@type":"Organization","@id":"https:\/\/pre.dosde.com\/fr\/#organization","name":"Dosde","url":"https:\/\/pre.dosde.com\/fr\/","logo":{"@type":"ImageObject","inLanguage":"fr-FR","@id":"https:\/\/pre.dosde.com\/fr\/#\/schema\/logo\/image\/","url":"https:\/\/pre.dosde.com\/wp-content\/uploads\/2026\/06\/Logo.webp","contentUrl":"https:\/\/pre.dosde.com\/wp-content\/uploads\/2026\/06\/Logo.webp","width":248,"height":80,"caption":"Dosde"},"image":{"@id":"https:\/\/pre.dosde.com\/fr\/#\/schema\/logo\/image\/"}},{"@type":"Person","@id":"https:\/\/pre.dosde.com\/fr\/#\/schema\/person\/9d33726ab714fecb297e38b515472088","name":"seocom","image":{"@type":"ImageObject","inLanguage":"fr-FR","@id":"https:\/\/secure.gravatar.com\/avatar\/741433ce07ba5c431e994c0ec0272d414a5d1a9dafeb02666111e6f2eb1c0ed2?s=96&d=mm&r=g","url":"https:\/\/secure.gravatar.com\/avatar\/741433ce07ba5c431e994c0ec0272d414a5d1a9dafeb02666111e6f2eb1c0ed2?s=96&d=mm&r=g","contentUrl":"https:\/\/secure.gravatar.com\/avatar\/741433ce07ba5c431e994c0ec0272d414a5d1a9dafeb02666111e6f2eb1c0ed2?s=96&d=mm&r=g","caption":"seocom"},"sameAs":["http:\/\/qa-dosde.qamoon.es"],"url":"https:\/\/pre.dosde.com\/fr\/author\/seocom\/"}]}},"_links":{"self":[{"href":"https:\/\/pre.dosde.com\/fr\/wp-json\/wp\/v2\/posts\/1906","targetHints":{"allow":["GET"]}}],"collection":[{"href":"https:\/\/pre.dosde.com\/fr\/wp-json\/wp\/v2\/posts"}],"about":[{"href":"https:\/\/pre.dosde.com\/fr\/wp-json\/wp\/v2\/types\/post"}],"author":[{"embeddable":true,"href":"https:\/\/pre.dosde.com\/fr\/wp-json\/wp\/v2\/users\/1"}],"replies":[{"embeddable":true,"href":"https:\/\/pre.dosde.com\/fr\/wp-json\/wp\/v2\/comments?post=1906"}],"version-history":[{"count":1,"href":"https:\/\/pre.dosde.com\/fr\/wp-json\/wp\/v2\/posts\/1906\/revisions"}],"predecessor-version":[{"id":3683,"href":"https:\/\/pre.dosde.com\/fr\/wp-json\/wp\/v2\/posts\/1906\/revisions\/3683"}],"wp:featuredmedia":[{"embeddable":true,"href":"https:\/\/pre.dosde.com\/fr\/wp-json\/"}],"wp:attachment":[{"href":"https:\/\/pre.dosde.com\/fr\/wp-json\/wp\/v2\/media?parent=1906"}],"wp:term":[{"taxonomy":"category","embeddable":true,"href":"https:\/\/pre.dosde.com\/fr\/wp-json\/wp\/v2\/categories?post=1906"},{"taxonomy":"post_tag","embeddable":true,"href":"https:\/\/pre.dosde.com\/fr\/wp-json\/wp\/v2\/tags?post=1906"}],"curies":[{"name":"wp","href":"https:\/\/api.w.org\/{rel}","templated":true}]}}