{"id":1910,"date":"2017-02-20T11:28:04","date_gmt":"2017-02-20T11:28:04","guid":{"rendered":"https:\/\/www.dosde.com\/blog\/?p=349\/"},"modified":"2026-08-11T08:02:58","modified_gmt":"2026-08-11T08:02:58","slug":"modernisme","status":"publish","type":"post","link":"https:\/\/pre.dosde.com\/fr\/modernisme\/","title":{"rendered":"Modernisme"},"content":{"rendered":"<h2>Qu\u2019est-ce que le modernisme\u00a0?<\/h2>\n<p>Entre la fin du XIXe et le d\u00e9but du XXe si\u00e8cle, \u00e9poque marqu\u00e9e par le progr\u00e8s technologique et le d\u00e9veloppement \u00e9conomique, diverses r\u00e9gions d\u2019Europe furent t\u00e9moins de l\u2019apparition simultan\u00e9e d\u2019<strong>un nouveau mouvement artistique qui cherchait \u00e0 rompre avec le pass\u00e9<\/strong> en misant sur une plus grande libert\u00e9 cr\u00e9ative.<\/p>\n<p>&nbsp;<\/p>\n<p>Cette tendance, aux antipodes de l\u2019historicisme acad\u00e9mique qui pr\u00e9dominait jusqu\u2019alors, souhaitait abolir la hi\u00e9rarchie qui s\u2019\u00e9tait traditionnellement \u00e9tablie dans les arts et <strong>revendiquait la valeur du travail artisanal et des formes appartenant au domaine de la nature<\/strong>. Elle re\u00e7ut diverses appellations en fonction du territoire sur lequel elle se d\u00e9veloppait : art nouveau en Belgique et en France, modern style en Grande-Bretagne, Sezessionstil en Autriche, Jugendstil en Allemagne ou encore stile Liberty en Italie.<\/p>\n<p>&nbsp;<\/p>\n<p>En Catalogne, la r\u00e9gion la plus cosmopolite et prosp\u00e8re d\u2019Espagne, le mouvement finit par adopter <strong>le nom de \u00ab modernisme \u00bb avec Barcelone pour principal centre de diffusion<\/strong>, ville qui enregistrait alors une forte croissance dans tous les domaines gr\u00e2ce aux effets de la r\u00e9volution industrielle. Dot\u00e9 d\u2019une personnalit\u00e9 propre, <a href=\"https:\/\/www.dosde.com\/fr\/livres\/modernisme.html\">le modernisme catalan<\/a> connut son heure de gloire sous l\u2019\u00e9gide de la bourgeoisie qui vit \u00e0 travers ce mouvement un moyen id\u00e9al d\u2019exprimer ses aspirations sociales et politiques.<\/p>\n<p>&nbsp;<\/p>\n<p>Ce soutien inconditionnel des classes ais\u00e9es permit \u00e0 bon nombre <strong>d\u2019architectes, de peintres, de sculpteurs et d\u2019artisans de lib\u00e9rer leur imagination<\/strong> et de cr\u00e9er des \u0153uvres singuli\u00e8res qui, en plus de transformer l\u2019esth\u00e9tique des espaces publics et priv\u00e9s, finirent par devenir les ic\u00f4nes d\u2019une \u00e9poque marqu\u00e9e par le d\u00e9sir incessant de r\u00e9novation et de beaut\u00e9.<\/p>\n<p>&nbsp;<\/p>\n<h2>L\u2019irruption d\u2019un nouveau style<\/h2>\n<p><a href=\"https:\/\/qa-dosde.qamoon.es\/wp-content\/uploads\/2017\/02\/Casa-Barbey-la-garriga-edificio-modernista-joaquim-raspall.jpg\"><img loading=\"lazy\" decoding=\"async\" class=\"alignnone wp-image-622 size-full\" src=\"https:\/\/qa-dosde.qamoon.es\/wp-content\/uploads\/2017\/02\/Casa-Barbey-la-garriga-edificio-modernista-joaquim-raspall.jpg\" alt=\"Interieur Casa Barbey Barcelona\" width=\"900\" height=\"600\" \/><\/a><\/p>\n<p>&nbsp;<\/p>\n<p>Le terme \u00ab modernisme \u00bb utilis\u00e9 pour la premi\u00e8re fois fin XIXe faisait r\u00e9f\u00e9rence \u00e0 un groupe h\u00e9t\u00e9rog\u00e8ne d\u2019artistes et d\u2019intellectuels qui voulaient aller au-del\u00e0 de l\u2019id\u00e9e de Renaixen\u00e7a et doter la Catalogne d\u2019une culture nationale et moderne, \u00e9quivalente \u00e0 celle des pays les plus d\u00e9velopp\u00e9s.<\/p>\n<p>&nbsp;<\/p>\n<p>Inspir\u00e9 en partie par <a href=\"https:\/\/fr.wikipedia.org\/wiki\/Arts_%26_Crafts\" target=\"_blank\">l\u2019Arts and Crafts<\/a>, mouvement artistique anglais qui revendiquait la valeur du travail artisanal, le modernisme pr\u00e9sentait de nombreux <strong>points communs avec les diverses variantes de l\u2019art nouveau<\/strong> apparues dans les principales villes europ\u00e9ennes durant cette m\u00eame p\u00e9riode, comme les d\u00e9sirs de libert\u00e9 cr\u00e9ative, l\u2019admiration pour les formes de la nature et le go\u00fbt pour la richesse ornementale.<\/p>\n<p>&nbsp;<\/p>\n<p>Guid\u00e9s par son d\u00e9sir de renouveau,<strong> le modernisme se r\u00e9percuta sur un grand nombre de disciplines<\/strong> dont la litt\u00e9rature, la musique, la peinture, la sculpture et surtout l\u2019architecture, domaine dans lequel il atteignit toute sa splendeur, notamment dans des \u0153uvres comme <a href=\"https:\/\/www.dosde.com\/fr\/livres\/casa-batllo.html\">la Casa Batll\u00f3<\/a>, La Pedrera, le Palau de la M\u00fasica Catalana, la Casa Amatller et l\u2019h\u00f4pital de Sant Pau. Toutes ces constructions sont aujourd\u2019hui consid\u00e9r\u00e9es comme des ic\u00f4nes de l\u2019architecture moderniste.<\/p>\n<p>&nbsp;<\/p>\n<p><a href=\"https:\/\/www.dosde.com\/fr\/livres\/modernisme.html\"><img decoding=\"async\" class=\"aligncenter size-full wp-image-3641\" src=\"https:\/\/qa-dosde.qamoon.es\/wp-content\/uploads\/2017\/02\/Boton-descubrir-mas-FR.png\" alt=\"\" \/><\/a><\/p>\n<h2>Barcelone et le modernisme<\/h2>\n<p><a href=\"https:\/\/qa-dosde.qamoon.es\/wp-content\/uploads\/2017\/02\/Casa-amatller-barcelona-edificio-modernista-josep-puig-i-cadafalch.jpg\"><img loading=\"lazy\" decoding=\"async\" class=\"alignnone wp-image-623 size-full\" src=\"https:\/\/qa-dosde.qamoon.es\/wp-content\/uploads\/2017\/02\/Casa-amatller-barcelona-edificio-modernista-josep-puig-i-cadafalch.jpg\" alt=\"Fachada Casa Amatller Barcelona\" width=\"900\" height=\"600\" \/><\/a><\/p>\n<p>&nbsp;<\/p>\n<p>Associ\u00e9 \u00e0 l\u2019id\u00e9e de renouveau et de progr\u00e8s, le modernisme atteignit son apog\u00e9e \u00e0 Barcelone, ville en constante \u00e9volution depuis le milieu du XIXe si\u00e8cle. Les autorit\u00e9s municipales <strong>approuv\u00e8rent en 1854 la d\u00e9molition des murailles m\u00e9di\u00e9vales<\/strong> qui avaient emp\u00each\u00e9 jusqu\u2019alors l\u2019expansion de la ville.<\/p>\n<p>&nbsp;<\/p>\n<p><strong>Cette d\u00e9cision entra\u00eena la cr\u00e9ation de l\u2019Eixample<\/strong> (l\u2019extension), un quartier form\u00e9 de rues perpendiculaires et parall\u00e8les \u00e0 la mer cr\u00e9\u00e9 par l\u2019ing\u00e9nieur et urbaniste Ildefons Cerd\u00e0 pour diminuer les probl\u00e8mes de sant\u00e9 publique d\u00e9riv\u00e9s de l\u2019entassement et unir de fa\u00e7on ordonn\u00e9e le centre historique de Barcelone avec les communes environnantes.<\/p>\n<p>&nbsp;<\/p>\n<p>La nouvelle trame urbaine \u2013qui avait pour axe central le Passeig de Gr\u00e0cia, l\u2019avenue o\u00f9 s\u2019install\u00e8rent les familles les plus influentes de la ville\u2013 conc\u00e9da un <strong>r\u00f4le pr\u00e9pond\u00e9rant aux architectes qui furent engag\u00e9s par la bourgeoisie industrielle<\/strong> pour construire une grande vari\u00e9t\u00e9 d\u2019\u00e9difices et d\u2019infrastructures.<\/p>\n<p>&nbsp;<\/p>\n<h2>Les architectes modernistes<\/h2>\n<p>[metaslider id=1302]<\/p>\n<p>La grande transformation urbaine de Barcelone entre la fin du XIXe et le d\u00e9but du XXe si\u00e8cle est due \u00e0 l\u2019intervention de nombreux architectes, <strong>parmi lesquels Antoni Gaud\u00ed, Josep Puig i Cadafalch, Llu\u00eds Dom\u00e8nech i Montaner et Enric Sagnier<\/strong>, consid\u00e9r\u00e9s comme les repr\u00e9sentants majeurs du modernisme catalan. D\u00e9tenteurs de profondes connaissances th\u00e9oriques et techniques, ces professionnels utilis\u00e8rent dans un premier temps des ressources artistiques caract\u00e9ristiques de l\u2019historicisme et de l\u2019\u00e9clectisme puis, avec le temps, ils \u00e9volu\u00e8rent vers un style plus original.<\/p>\n<p>&nbsp;<\/p>\n<p>Leurs \u0153uvres, \u00e0 l\u2019esth\u00e9tique ind\u00e9niablement moderniste, refl\u00e9t\u00e8rent la splendeur de la bourgeoisie et vinrent enrichir le patrimoine architectonique de Barcelone, <strong>positionnant la ville \u00e0 l\u2019avant-garde de la cr\u00e9ation artistique en Europe.<\/strong><\/p>\n<p>&nbsp;<\/p>\n<h2>Entre pass\u00e9 et avenir<\/h2>\n<p>Admirateurs du Moyen \u00c2ge, \u00e9poque caract\u00e9ris\u00e9e par la splendeur \u00e9conomique et culturelle de la Catalogne, les architectes modernistes introduisirent dans leurs \u0153uvres des \u00e9l\u00e9ments propres du style gothique. Ces r\u00e9f\u00e9rences au pass\u00e9, visibles tant sur le plan ornemental que structurel, vinrent s\u2019associer aux mat\u00e9riaux typiques de l\u2019\u00e8re industrielle.<\/p>\n<p>&nbsp;<\/p>\n<p>De cette fa\u00e7on, les artisans du modernisme transcend\u00e8rent la simple recr\u00e9ation du langage m\u00e9di\u00e9val pour cr\u00e9er une architecture compl\u00e8tement innovante, qui pr\u00e9sentait des similitudes avec les diverses variantes de l\u2019art nouveau qui se d\u00e9veloppait dans les principales villes europ\u00e9ennes \u00e0 la m\u00eame \u00e9poque, comme <strong>le go\u00fbt pour les formes courbes et les d\u00e9tails d\u00e9coratifs de type all\u00e9gorique.<\/strong><\/p>\n<p>&nbsp;<\/p>\n<h2>La renaissance de l\u2019artisanat<\/h2>\n<p>[metaslider id=1303]<\/p>\n<p>Le modernisme donnait une valeur esth\u00e9tique \u00e0 tous les objets de la vie quotidienne, de telle sorte que <strong>le mouvement conc\u00e9da un r\u00f4le pr\u00e9pond\u00e9rant aux artisans<\/strong>, qui associaient les techniques traditionnelles aux derni\u00e8res innovations technologiques pour exploiter le potentiel plastique du bois, de la c\u00e9ramique, du fer et du verre, entre autres. Ces sp\u00e9cialistes des arts et m\u00e9tiers qui \u00e9taient issus de familles qui avaient travaill\u00e9 dans les m\u00eames ateliers durant des g\u00e9n\u00e9rations, avaient l\u2019habitude de travailler en \u00e9troite collaboration avec les architectes.<\/p>\n<p>&nbsp;<\/p>\n<p>Gr\u00e2ce \u00e0 cette interaction, la d\u00e9coration et le mobilier s\u2019adaptaient parfaitement aux espaces pour lesquels ils \u00e9taient destin\u00e9s, cr\u00e9ant un univers suggestif de textures, de formes et de couleurs.<\/p>\n<p>&nbsp;<\/p>\n<h2>Le plus beau livre pour d\u00e9couvrir le Modernisme<\/h2>\n<p>Il a laiss\u00e9 une trace ind\u00e9l\u00e9bile dans le monde de l\u2019architecture, de l\u2019art ou encore du travail artisanal. <strong>Le modernisme est un mouvement artistique unique<\/strong> qui a toujours cherch\u00e9 \u00e0 transf\u00e9rer la beaut\u00e9 \u00e0 tous les aspects de la vie quotidienne. L\u2019utilisation des formes f\u00e9minines, le langage symbolique, l\u2019amour du travail artisanal\u2026<br \/>\n<strong>Avec\u00a0plus de 300 photos<\/strong>, <a href=\"https:\/\/www.dosde.com\/fr\/modernisme-mouvement-artistique-photo.html\">ce livre aborde le mouvement moderniste<\/a> dans tous les domaines. Ses magnifiques photos montrent en d\u00e9tail\u00a0les \u0153uvres modernistes les plus cr\u00e9atives\u00a0de ce mouvement.<\/p>\n<p><a href=\"https:\/\/www.dosde.com\/fr\/modernisme-mouvement-artistique-photo.html\"><img loading=\"lazy\" decoding=\"async\" class=\"alignnone wp-image-1829 size-full\" src=\"https:\/\/qa-dosde.qamoon.es\/wp-content\/uploads\/2017\/02\/couverture-modernisme-barcelone-art-livre-francais-dosde-publishing_978-84-9103-093-5_35-017-02_B09.jpg\" alt=\"Livre sur modernisme art et architecture Dosde \u00c9ditorial\" width=\"700\" height=\"321\" \/><\/a><\/p>\n","protected":false},"excerpt":{"rendered":"Qu\u2019est-ce que le modernisme\u00a0? Entre la fin du XIXe et le d\u00e9but du XXe si\u00e8cle, \u00e9poque marqu\u00e9e par le progr\u00e8s technologique et le d\u00e9veloppement \u00e9conomique, diverses r\u00e9gions d\u2019Europe furent t\u00e9moins de l\u2019apparition simultan\u00e9e d\u2019un nouveau mouvement artistique qui cherchait \u00e0 rompre avec le pass\u00e9 en misant sur une plus grande libert\u00e9 cr\u00e9ative. &nbsp; Cette tendance, &#8230; <a title=\"Modernisme\" class=\"read-more\" href=\"https:\/\/pre.dosde.com\/fr\/modernisme\/\" aria-label=\"En savoir plus sur Modernisme\">Lire la suite<\/a>","protected":false},"author":1,"featured_media":0,"comment_status":"open","ping_status":"open","sticky":false,"template":"","format":"standard","meta":{"_acf_changed":false,"footnotes":""},"categories":[77],"tags":[],"class_list":["post-1910","post","type-post","status-publish","format-standard","hentry","category-modernisme"],"acf":[],"yoast_head":"<!-- This site is optimized with the Yoast SEO plugin v28.3 - https:\/\/yoast.com\/product\/yoast-seo-wordpress\/ -->\n<title>Modernisme - Dosde<\/title>\n<meta name=\"robots\" content=\"noindex, follow, max-snippet:-1, max-image-preview:large, max-video-preview:-1\" \/>\n<meta property=\"og:locale\" content=\"fr_FR\" \/>\n<meta property=\"og:type\" content=\"article\" \/>\n<meta property=\"og:title\" content=\"Modernisme - Dosde\" \/>\n<meta property=\"og:description\" content=\"Qu\u2019est-ce que le modernisme\u00a0? Entre la fin du XIXe et le d\u00e9but du XXe si\u00e8cle, \u00e9poque marqu\u00e9e par le progr\u00e8s technologique et le d\u00e9veloppement \u00e9conomique, diverses r\u00e9gions d\u2019Europe furent t\u00e9moins de l\u2019apparition simultan\u00e9e d\u2019un nouveau mouvement artistique qui cherchait \u00e0 rompre avec le pass\u00e9 en misant sur une plus grande libert\u00e9 cr\u00e9ative. &nbsp; Cette tendance, ... Lire la suite\" \/>\n<meta property=\"og:url\" content=\"https:\/\/pre.dosde.com\/fr\/modernisme\/\" \/>\n<meta property=\"og:site_name\" content=\"Dosde\" \/>\n<meta property=\"article:published_time\" content=\"2017-02-20T11:28:04+00:00\" \/>\n<meta property=\"article:modified_time\" content=\"2026-08-11T08:02:58+00:00\" \/>\n<meta property=\"og:image\" content=\"https:\/\/qa-dosde.qamoon.es\/wp-content\/uploads\/2017\/02\/Casa-Barbey-la-garriga-edificio-modernista-joaquim-raspall.jpg\" \/>\n<meta name=\"author\" content=\"seocom\" \/>\n<meta name=\"twitter:card\" content=\"summary_large_image\" \/>\n<meta name=\"twitter:label1\" content=\"\u00c9crit par\" \/>\n\t<meta name=\"twitter:data1\" content=\"seocom\" \/>\n\t<meta name=\"twitter:label2\" content=\"Dur\u00e9e de lecture estim\u00e9e\" \/>\n\t<meta name=\"twitter:data2\" content=\"6 minutes\" \/>\n<script type=\"application\/ld+json\" class=\"yoast-schema-graph\">{\"@context\":\"https:\\\/\\\/schema.org\",\"@graph\":[{\"@type\":\"Article\",\"@id\":\"https:\\\/\\\/pre.dosde.com\\\/fr\\\/modernisme\\\/#article\",\"isPartOf\":{\"@id\":\"https:\\\/\\\/pre.dosde.com\\\/fr\\\/modernisme\\\/\"},\"author\":{\"name\":\"seocom\",\"@id\":\"https:\\\/\\\/pre.dosde.com\\\/fr\\\/#\\\/schema\\\/person\\\/9d33726ab714fecb297e38b515472088\"},\"headline\":\"Modernisme\",\"datePublished\":\"2017-02-20T11:28:04+00:00\",\"dateModified\":\"2026-08-11T08:02:58+00:00\",\"mainEntityOfPage\":{\"@id\":\"https:\\\/\\\/pre.dosde.com\\\/fr\\\/modernisme\\\/\"},\"wordCount\":1213,\"commentCount\":0,\"publisher\":{\"@id\":\"https:\\\/\\\/pre.dosde.com\\\/fr\\\/#organization\"},\"image\":{\"@id\":\"https:\\\/\\\/pre.dosde.com\\\/fr\\\/modernisme\\\/#primaryimage\"},\"thumbnailUrl\":\"https:\\\/\\\/qa-dosde.qamoon.es\\\/wp-content\\\/uploads\\\/2017\\\/02\\\/Casa-Barbey-la-garriga-edificio-modernista-joaquim-raspall.jpg\",\"articleSection\":[\"Modernisme\"],\"inLanguage\":\"fr-FR\",\"potentialAction\":[{\"@type\":\"CommentAction\",\"name\":\"Comment\",\"target\":[\"https:\\\/\\\/pre.dosde.com\\\/fr\\\/modernisme\\\/#respond\"]}]},{\"@type\":\"WebPage\",\"@id\":\"https:\\\/\\\/pre.dosde.com\\\/fr\\\/modernisme\\\/\",\"url\":\"https:\\\/\\\/pre.dosde.com\\\/fr\\\/modernisme\\\/\",\"name\":\"Modernisme - Dosde\",\"isPartOf\":{\"@id\":\"https:\\\/\\\/pre.dosde.com\\\/fr\\\/#website\"},\"primaryImageOfPage\":{\"@id\":\"https:\\\/\\\/pre.dosde.com\\\/fr\\\/modernisme\\\/#primaryimage\"},\"image\":{\"@id\":\"https:\\\/\\\/pre.dosde.com\\\/fr\\\/modernisme\\\/#primaryimage\"},\"thumbnailUrl\":\"https:\\\/\\\/qa-dosde.qamoon.es\\\/wp-content\\\/uploads\\\/2017\\\/02\\\/Casa-Barbey-la-garriga-edificio-modernista-joaquim-raspall.jpg\",\"datePublished\":\"2017-02-20T11:28:04+00:00\",\"dateModified\":\"2026-08-11T08:02:58+00:00\",\"breadcrumb\":{\"@id\":\"https:\\\/\\\/pre.dosde.com\\\/fr\\\/modernisme\\\/#breadcrumb\"},\"inLanguage\":\"fr-FR\",\"potentialAction\":[{\"@type\":\"ReadAction\",\"target\":[\"https:\\\/\\\/pre.dosde.com\\\/fr\\\/modernisme\\\/\"]}]},{\"@type\":\"ImageObject\",\"inLanguage\":\"fr-FR\",\"@id\":\"https:\\\/\\\/pre.dosde.com\\\/fr\\\/modernisme\\\/#primaryimage\",\"url\":\"https:\\\/\\\/qa-dosde.qamoon.es\\\/wp-content\\\/uploads\\\/2017\\\/02\\\/Casa-Barbey-la-garriga-edificio-modernista-joaquim-raspall.jpg\",\"contentUrl\":\"https:\\\/\\\/qa-dosde.qamoon.es\\\/wp-content\\\/uploads\\\/2017\\\/02\\\/Casa-Barbey-la-garriga-edificio-modernista-joaquim-raspall.jpg\"},{\"@type\":\"BreadcrumbList\",\"@id\":\"https:\\\/\\\/pre.dosde.com\\\/fr\\\/modernisme\\\/#breadcrumb\",\"itemListElement\":[{\"@type\":\"ListItem\",\"position\":1,\"name\":\"Home\",\"item\":\"https:\\\/\\\/pre.dosde.com\\\/fr\\\/\"},{\"@type\":\"ListItem\",\"position\":2,\"name\":\"Modernisme\"}]},{\"@type\":\"WebSite\",\"@id\":\"https:\\\/\\\/pre.dosde.com\\\/fr\\\/#website\",\"url\":\"https:\\\/\\\/pre.dosde.com\\\/fr\\\/\",\"name\":\"Dosde\",\"description\":\"\",\"publisher\":{\"@id\":\"https:\\\/\\\/pre.dosde.com\\\/fr\\\/#organization\"},\"potentialAction\":[{\"@type\":\"SearchAction\",\"target\":{\"@type\":\"EntryPoint\",\"urlTemplate\":\"https:\\\/\\\/pre.dosde.com\\\/fr\\\/?s={search_term_string}\"},\"query-input\":{\"@type\":\"PropertyValueSpecification\",\"valueRequired\":true,\"valueName\":\"search_term_string\"}}],\"inLanguage\":\"fr-FR\"},{\"@type\":\"Organization\",\"@id\":\"https:\\\/\\\/pre.dosde.com\\\/fr\\\/#organization\",\"name\":\"Dosde\",\"url\":\"https:\\\/\\\/pre.dosde.com\\\/fr\\\/\",\"logo\":{\"@type\":\"ImageObject\",\"inLanguage\":\"fr-FR\",\"@id\":\"https:\\\/\\\/pre.dosde.com\\\/fr\\\/#\\\/schema\\\/logo\\\/image\\\/\",\"url\":\"https:\\\/\\\/pre.dosde.com\\\/wp-content\\\/uploads\\\/2026\\\/06\\\/Logo.webp\",\"contentUrl\":\"https:\\\/\\\/pre.dosde.com\\\/wp-content\\\/uploads\\\/2026\\\/06\\\/Logo.webp\",\"width\":248,\"height\":80,\"caption\":\"Dosde\"},\"image\":{\"@id\":\"https:\\\/\\\/pre.dosde.com\\\/fr\\\/#\\\/schema\\\/logo\\\/image\\\/\"}},{\"@type\":\"Person\",\"@id\":\"https:\\\/\\\/pre.dosde.com\\\/fr\\\/#\\\/schema\\\/person\\\/9d33726ab714fecb297e38b515472088\",\"name\":\"seocom\",\"image\":{\"@type\":\"ImageObject\",\"inLanguage\":\"fr-FR\",\"@id\":\"https:\\\/\\\/secure.gravatar.com\\\/avatar\\\/741433ce07ba5c431e994c0ec0272d414a5d1a9dafeb02666111e6f2eb1c0ed2?s=96&d=mm&r=g\",\"url\":\"https:\\\/\\\/secure.gravatar.com\\\/avatar\\\/741433ce07ba5c431e994c0ec0272d414a5d1a9dafeb02666111e6f2eb1c0ed2?s=96&d=mm&r=g\",\"contentUrl\":\"https:\\\/\\\/secure.gravatar.com\\\/avatar\\\/741433ce07ba5c431e994c0ec0272d414a5d1a9dafeb02666111e6f2eb1c0ed2?s=96&d=mm&r=g\",\"caption\":\"seocom\"},\"sameAs\":[\"http:\\\/\\\/qa-dosde.qamoon.es\"],\"url\":\"https:\\\/\\\/pre.dosde.com\\\/fr\\\/author\\\/seocom\\\/\"}]}<\/script>\n<!-- \/ Yoast SEO plugin. -->","yoast_head_json":{"title":"Modernisme - Dosde","robots":{"index":"noindex","follow":"follow","max-snippet":"max-snippet:-1","max-image-preview":"max-image-preview:large","max-video-preview":"max-video-preview:-1"},"og_locale":"fr_FR","og_type":"article","og_title":"Modernisme - Dosde","og_description":"Qu\u2019est-ce que le modernisme\u00a0? Entre la fin du XIXe et le d\u00e9but du XXe si\u00e8cle, \u00e9poque marqu\u00e9e par le progr\u00e8s technologique et le d\u00e9veloppement \u00e9conomique, diverses r\u00e9gions d\u2019Europe furent t\u00e9moins de l\u2019apparition simultan\u00e9e d\u2019un nouveau mouvement artistique qui cherchait \u00e0 rompre avec le pass\u00e9 en misant sur une plus grande libert\u00e9 cr\u00e9ative. &nbsp; Cette tendance, ... Lire la suite","og_url":"https:\/\/pre.dosde.com\/fr\/modernisme\/","og_site_name":"Dosde","article_published_time":"2017-02-20T11:28:04+00:00","article_modified_time":"2026-08-11T08:02:58+00:00","og_image":[{"url":"https:\/\/qa-dosde.qamoon.es\/wp-content\/uploads\/2017\/02\/Casa-Barbey-la-garriga-edificio-modernista-joaquim-raspall.jpg","type":"","width":"","height":""}],"author":"seocom","twitter_card":"summary_large_image","twitter_misc":{"\u00c9crit par":"seocom","Dur\u00e9e de lecture estim\u00e9e":"6 minutes"},"schema":{"@context":"https:\/\/schema.org","@graph":[{"@type":"Article","@id":"https:\/\/pre.dosde.com\/fr\/modernisme\/#article","isPartOf":{"@id":"https:\/\/pre.dosde.com\/fr\/modernisme\/"},"author":{"name":"seocom","@id":"https:\/\/pre.dosde.com\/fr\/#\/schema\/person\/9d33726ab714fecb297e38b515472088"},"headline":"Modernisme","datePublished":"2017-02-20T11:28:04+00:00","dateModified":"2026-08-11T08:02:58+00:00","mainEntityOfPage":{"@id":"https:\/\/pre.dosde.com\/fr\/modernisme\/"},"wordCount":1213,"commentCount":0,"publisher":{"@id":"https:\/\/pre.dosde.com\/fr\/#organization"},"image":{"@id":"https:\/\/pre.dosde.com\/fr\/modernisme\/#primaryimage"},"thumbnailUrl":"https:\/\/qa-dosde.qamoon.es\/wp-content\/uploads\/2017\/02\/Casa-Barbey-la-garriga-edificio-modernista-joaquim-raspall.jpg","articleSection":["Modernisme"],"inLanguage":"fr-FR","potentialAction":[{"@type":"CommentAction","name":"Comment","target":["https:\/\/pre.dosde.com\/fr\/modernisme\/#respond"]}]},{"@type":"WebPage","@id":"https:\/\/pre.dosde.com\/fr\/modernisme\/","url":"https:\/\/pre.dosde.com\/fr\/modernisme\/","name":"Modernisme - Dosde","isPartOf":{"@id":"https:\/\/pre.dosde.com\/fr\/#website"},"primaryImageOfPage":{"@id":"https:\/\/pre.dosde.com\/fr\/modernisme\/#primaryimage"},"image":{"@id":"https:\/\/pre.dosde.com\/fr\/modernisme\/#primaryimage"},"thumbnailUrl":"https:\/\/qa-dosde.qamoon.es\/wp-content\/uploads\/2017\/02\/Casa-Barbey-la-garriga-edificio-modernista-joaquim-raspall.jpg","datePublished":"2017-02-20T11:28:04+00:00","dateModified":"2026-08-11T08:02:58+00:00","breadcrumb":{"@id":"https:\/\/pre.dosde.com\/fr\/modernisme\/#breadcrumb"},"inLanguage":"fr-FR","potentialAction":[{"@type":"ReadAction","target":["https:\/\/pre.dosde.com\/fr\/modernisme\/"]}]},{"@type":"ImageObject","inLanguage":"fr-FR","@id":"https:\/\/pre.dosde.com\/fr\/modernisme\/#primaryimage","url":"https:\/\/qa-dosde.qamoon.es\/wp-content\/uploads\/2017\/02\/Casa-Barbey-la-garriga-edificio-modernista-joaquim-raspall.jpg","contentUrl":"https:\/\/qa-dosde.qamoon.es\/wp-content\/uploads\/2017\/02\/Casa-Barbey-la-garriga-edificio-modernista-joaquim-raspall.jpg"},{"@type":"BreadcrumbList","@id":"https:\/\/pre.dosde.com\/fr\/modernisme\/#breadcrumb","itemListElement":[{"@type":"ListItem","position":1,"name":"Home","item":"https:\/\/pre.dosde.com\/fr\/"},{"@type":"ListItem","position":2,"name":"Modernisme"}]},{"@type":"WebSite","@id":"https:\/\/pre.dosde.com\/fr\/#website","url":"https:\/\/pre.dosde.com\/fr\/","name":"Dosde","description":"","publisher":{"@id":"https:\/\/pre.dosde.com\/fr\/#organization"},"potentialAction":[{"@type":"SearchAction","target":{"@type":"EntryPoint","urlTemplate":"https:\/\/pre.dosde.com\/fr\/?s={search_term_string}"},"query-input":{"@type":"PropertyValueSpecification","valueRequired":true,"valueName":"search_term_string"}}],"inLanguage":"fr-FR"},{"@type":"Organization","@id":"https:\/\/pre.dosde.com\/fr\/#organization","name":"Dosde","url":"https:\/\/pre.dosde.com\/fr\/","logo":{"@type":"ImageObject","inLanguage":"fr-FR","@id":"https:\/\/pre.dosde.com\/fr\/#\/schema\/logo\/image\/","url":"https:\/\/pre.dosde.com\/wp-content\/uploads\/2026\/06\/Logo.webp","contentUrl":"https:\/\/pre.dosde.com\/wp-content\/uploads\/2026\/06\/Logo.webp","width":248,"height":80,"caption":"Dosde"},"image":{"@id":"https:\/\/pre.dosde.com\/fr\/#\/schema\/logo\/image\/"}},{"@type":"Person","@id":"https:\/\/pre.dosde.com\/fr\/#\/schema\/person\/9d33726ab714fecb297e38b515472088","name":"seocom","image":{"@type":"ImageObject","inLanguage":"fr-FR","@id":"https:\/\/secure.gravatar.com\/avatar\/741433ce07ba5c431e994c0ec0272d414a5d1a9dafeb02666111e6f2eb1c0ed2?s=96&d=mm&r=g","url":"https:\/\/secure.gravatar.com\/avatar\/741433ce07ba5c431e994c0ec0272d414a5d1a9dafeb02666111e6f2eb1c0ed2?s=96&d=mm&r=g","contentUrl":"https:\/\/secure.gravatar.com\/avatar\/741433ce07ba5c431e994c0ec0272d414a5d1a9dafeb02666111e6f2eb1c0ed2?s=96&d=mm&r=g","caption":"seocom"},"sameAs":["http:\/\/qa-dosde.qamoon.es"],"url":"https:\/\/pre.dosde.com\/fr\/author\/seocom\/"}]}},"_links":{"self":[{"href":"https:\/\/pre.dosde.com\/fr\/wp-json\/wp\/v2\/posts\/1910","targetHints":{"allow":["GET"]}}],"collection":[{"href":"https:\/\/pre.dosde.com\/fr\/wp-json\/wp\/v2\/posts"}],"about":[{"href":"https:\/\/pre.dosde.com\/fr\/wp-json\/wp\/v2\/types\/post"}],"author":[{"embeddable":true,"href":"https:\/\/pre.dosde.com\/fr\/wp-json\/wp\/v2\/users\/1"}],"replies":[{"embeddable":true,"href":"https:\/\/pre.dosde.com\/fr\/wp-json\/wp\/v2\/comments?post=1910"}],"version-history":[{"count":1,"href":"https:\/\/pre.dosde.com\/fr\/wp-json\/wp\/v2\/posts\/1910\/revisions"}],"predecessor-version":[{"id":3593,"href":"https:\/\/pre.dosde.com\/fr\/wp-json\/wp\/v2\/posts\/1910\/revisions\/3593"}],"wp:attachment":[{"href":"https:\/\/pre.dosde.com\/fr\/wp-json\/wp\/v2\/media?parent=1910"}],"wp:term":[{"taxonomy":"category","embeddable":true,"href":"https:\/\/pre.dosde.com\/fr\/wp-json\/wp\/v2\/categories?post=1910"},{"taxonomy":"post_tag","embeddable":true,"href":"https:\/\/pre.dosde.com\/fr\/wp-json\/wp\/v2\/tags?post=1910"}],"curies":[{"name":"wp","href":"https:\/\/api.w.org\/{rel}","templated":true}]}}