{"id":1914,"date":"2017-02-20T11:47:43","date_gmt":"2017-02-20T11:47:43","guid":{"rendered":"https:\/\/www.dosde.com\/blog\/?p=369\/"},"modified":"2026-08-11T08:02:51","modified_gmt":"2026-08-11T08:02:51","slug":"palais-episcopal-dastorga","status":"publish","type":"post","link":"https:\/\/pre.dosde.com\/fr\/palais-episcopal-dastorga\/","title":{"rendered":"Palais \u00e9piscopal d&rsquo;Astorga"},"content":{"rendered":"<h2>Histoire du Palais \u00e9piscopal d\u2019Astorga<\/h2>\n<p><a href=\"https:\/\/qa-dosde.qamoon.es\/wp-content\/uploads\/2017\/02\/Palacio-episcopal-astorga-antoni-gaudi.jpg\"><img loading=\"lazy\" decoding=\"async\" class=\"alignnone wp-image-613 size-full\" src=\"https:\/\/qa-dosde.qamoon.es\/wp-content\/uploads\/2017\/02\/Palacio-episcopal-astorga-antoni-gaudi.jpg\" alt=\"Palais \u00e9piscopal d\u2019Astorga, Antoni Gaud\u00ed\" width=\"900\" height=\"600\" \/><\/a><\/p>\n<p>&nbsp;<\/p>\n<p>Le projet du Palais \u00e9piscopal d\u2019Astorga date de 1887 sur l\u2019initiative de l\u2019\u00e9v\u00eaque de la ville d&rsquo;Astorga, Joan Grau i Vallespin\u00f3s. Catalan d\u2019origine, l\u2019\u00e9v\u00eaque contacta <a href=\"https:\/\/www.dosde.com\/fr\/livres\/antoni-gaudi.html\">Antoni Gaud\u00ed<\/a> pour la direction de l\u2019\u0153uvre et d\u00e9fendit avec v\u00e9h\u00e9mence le projet de son compatriote devant l\u2019incompr\u00e9hension et les probl\u00e8mes budg\u00e9taires des organismes officiels.<\/p>\n<p>&nbsp;<\/p>\n<p>La mort de Grau en 1893 impliqua le renoncement presque imm\u00e9diat de <strong>l\u2019architecte catalan, qui laissa le dernier \u00e9tage et la toiture inachev\u00e9s<\/strong>, termin\u00e9s une d\u00e9cennie plus tard avec des moyens plus modestes par le Madril\u00e8ne Ricardo Garcia Guereta. Gaud\u00ed \u00e9tait habitu\u00e9 \u00e0 travailler tr\u00e8s librement. Il concevait les projets de mani\u00e8re organique et avait pour habitude de modifier les plans \u00e0 mesure que les travaux avan\u00e7aient.<\/p>\n<p>&nbsp;<\/p>\n<p>C\u2019est la raison pour laquelle, la supervision de l\u2019\u00c9tat qui l\u2019obligea \u00e0 pr\u00e9senter un projet achev\u00e9 sans aucune \u00e9volution possible et les corrections acad\u00e9miques dict\u00e9es par les conseillers du minist\u00e8re, aucunement en accord avec son esprit cr\u00e9atif et innovateur, provoqu\u00e8rent chez Gaud\u00ed un mal \u00eatre insurmontable, aggrav\u00e9 par le retard du paiement de ses honoraires.<\/p>\n<p>&nbsp;<\/p>\n<p>Malgr\u00e9 toutes ces circonstances et le fait que Gaud\u00ed dut compl\u00e9ter le premier projet avant m\u00eame d\u2019avoir visit\u00e9 Astorga,<strong> le palais est un v\u00e9ritable chef-d\u2019\u0153uvre ; l\u2019organisation des espaces<\/strong> \u2013l\u2019artiste a con\u00e7u chaque \u00e9tage comme une unit\u00e9 fluide et continue\u2013 le traitement de la lumi\u00e8re \u2013qui m\u00eale grandeur et recueillement\u2013 l\u2019usage des symboles \u2013il con\u00e7oit un palais \u00e0 partir d\u2019\u00e9l\u00e9ments de construction caract\u00e9ristiques d\u2019une \u00e9glise\u2013, sont quelques-uns des composants qui font du Palais \u00e9piscopal, avec la cath\u00e9drale voisine, le monument le plus admir\u00e9 d\u2019Astorga.<\/p>\n<p>&nbsp;<\/p>\n<p><a href=\"https:\/\/www.dosde.com\/fr\/livres\/antoni-gaudi.html\"><img decoding=\"async\" class=\"aligncenter size-full wp-image-3641\" src=\"https:\/\/qa-dosde.qamoon.es\/wp-content\/uploads\/2017\/02\/Boton-descubrir-mas-FR.png\" alt=\"\" \/><\/a><\/p>\n<h2>Un ext\u00e9rieur d\u2019influence gothique<\/h2>\n<p><a href=\"https:\/\/qa-dosde.qamoon.es\/wp-content\/uploads\/2017\/02\/exterior-Palacio-episcopal-astorga-antoni-gaudi.jpg\"><img loading=\"lazy\" decoding=\"async\" class=\"alignnone wp-image-614 size-full\" src=\"https:\/\/qa-dosde.qamoon.es\/wp-content\/uploads\/2017\/02\/exterior-Palacio-episcopal-astorga-antoni-gaudi.jpg\" alt=\"Douves du palais \u00e9piscopal d'Astorga, Antoni Gaud\u00ed\" width=\"900\" height=\"600\" \/><\/a><\/p>\n<p>&nbsp;<\/p>\n<p>Astorga, ville de 12 000 habitants, est la capitale d\u2019un des dioc\u00e8ses les plus anciens et \u00e9tendus d\u2019Espagne et connut deux grandes \u00e9poques de splendeur : l\u2019Empire romain et le Moyen \u00c2ge.<\/p>\n<p>&nbsp;<\/p>\n<p><strong>Gaud\u00ed rendit hommage au pass\u00e9 m\u00e9di\u00e9val de la ville<\/strong> en employant le style n\u00e9ogothique et combina dans le palais deux types de constructions \u00e9voquant le triomphe du christianisme lors de la Reconqu\u00eate : le ch\u00e2teau avec ses douves, ses cr\u00e9neaux et ses tours et l\u2019\u00e9glise constitu\u00e9e d\u2019un plan en croix, d&rsquo;une abside et d\u2019arcs en ogive.<\/p>\n<p>&nbsp;<\/p>\n<p>Il ajouta \u00e0 cela des \u00e9l\u00e9ments de caract\u00e8re la\u00efc, tels que les terrasses et les miradors. Afin d\u2019accentuer le symbolisme, Gaud\u00ed joua avec les \u00e9chelles : <strong>il respecta la supr\u00e9matie de la cath\u00e9drale mitoyenne mais rehaussa l\u2019\u00e9clat du palais gr\u00e2ce<\/strong> \u00e0 la pr\u00e9dominance du granit blanc et des lignes verticales.<\/p>\n<p>&nbsp;<\/p>\n<h2>L\u2019int\u00e9rieur du Palais \u00e9piscopal d\u2019Astorga<\/h2>\n<p>[metaslider id=1301]<\/p>\n<p>Apr\u00e8s sa premi\u00e8re visite \u00e0 Astorga, presque deux ans apr\u00e8s avoir commenc\u00e9 le projet, Gaud\u00ed d\u00e9cida de cr\u00e9er un vaste noyau central autour duquel il agencerait toutes les pi\u00e8ces et qui g\u00e9n\u00e9rerait un grand foyer de lumi\u00e8re z\u00e9nithale pour \u00e9clairer l\u2019ensemble du palais. <strong>Les vitraux multicolores inspir\u00e9s de la cath\u00e9drale de Le\u00f3n cr\u00e9ent une ambiance majestueuse et contemplative<\/strong> dont les effets sont particuli\u00e8rement \u00e9l\u00e9gants dans le salon du tr\u00f4ne et la chapelle, \u00e0 l\u2019\u00e9tage principal, et dans l\u2019ancien secr\u00e9tariat du rez-de-chauss\u00e9e.<\/p>\n<p>&nbsp;<\/p>\n<p>L\u2019assemblage d\u2019\u00e9l\u00e9ments de construction \u2013murs, piliers, colonnes et vo\u00fbtes\u2013 et de mat\u00e9riaux \u2013granite, brique, stuc, mosa\u00efque, c\u00e9ramique et sgraffites\u2013 aident \u00e0 conserver l\u2019harmonie entre les pi\u00e8ces et d\u00e9montrent la versatilit\u00e9 et les connaissances de l\u2019artiste, capable de synth\u00e9tiser un style original \u00e0 partir de ressources diverses.<\/p>\n<p>&nbsp;<\/p>\n<h2>Le livre visuel le plus complet sur l\u2019\u0153uvre de Gaud\u00ed<\/h2>\n<p>Antoni Gaud\u00ed est consid\u00e9r\u00e9 comme l&rsquo;un des architectes les plus influents de tous les temps. Les \u0153uvres de Gaud\u00ed se caract\u00e9risent par une identit\u00e9 propre.<\/p>\n<p>&nbsp;<\/p>\n<p>Ce livre offre une vision compl\u00e8te des <a href=\"https:\/\/www.dosde.com\/fr\/l-ensemble-des-oeuvres-d-antoni-gaudi.html\">\u0153uvres que Antoni Gaudi a r\u00e9alis\u00e9es<\/a> au cours de sa vie, de ses projets les plus embl\u00e9matiques \u00e0 ceux moins connus, <strong>avec plus de 750 photos. Indispensable pour tout savoir sur Gaud\u00ed.<\/strong><\/p>\n<p>&nbsp;<\/p>\n<p>\u00c9dit\u00e9 par <a href=\"https:\/\/www.dosde.com\/fr\/\">Dosde<\/a>, le livre contient une grande quantit\u00e9 d\u2019informations pour aborder en d\u00e9tail l\u2019\u0153uvre de l\u2019architecte, sans oublier de nombreuses photos et illustrations\u00a0<strong>3D<\/strong>\u00a0qui ont \u00e9t\u00e9 r\u00e9alis\u00e9es exclusivement pour cette \u00e9dition.<\/p>\n<p><a href=\"https:\/\/www.dosde.com\/fr\/l-ensemble-des-oeuvres-d-antoni-gaudi.html\"><img loading=\"lazy\" decoding=\"async\" class=\"alignnone wp-image-1845 size-full\" src=\"https:\/\/qa-dosde.qamoon.es\/wp-content\/uploads\/2017\/02\/couverture-antoni-gaudi-livre-francais-dosde-publishing_978-84-96783-86-7_20-011-02_B14.jpg\" alt=\"Livre l'ensemble des oeuvres d'Antoni Gaud\u00ed Dosde \u00c9ditorial\" width=\"700\" height=\"388\" \/><\/a><\/p>\n","protected":false},"excerpt":{"rendered":"Histoire du Palais \u00e9piscopal d\u2019Astorga &nbsp; Le projet du Palais \u00e9piscopal d\u2019Astorga date de 1887 sur l\u2019initiative de l\u2019\u00e9v\u00eaque de la ville d&rsquo;Astorga, Joan Grau i Vallespin\u00f3s. Catalan d\u2019origine, l\u2019\u00e9v\u00eaque contacta Antoni Gaud\u00ed pour la direction de l\u2019\u0153uvre et d\u00e9fendit avec v\u00e9h\u00e9mence le projet de son compatriote devant l\u2019incompr\u00e9hension et les probl\u00e8mes budg\u00e9taires des organismes &#8230; <a title=\"Palais \u00e9piscopal d&rsquo;Astorga\" class=\"read-more\" href=\"https:\/\/pre.dosde.com\/fr\/palais-episcopal-dastorga\/\" aria-label=\"En savoir plus sur Palais \u00e9piscopal d&rsquo;Astorga\">Lire la suite<\/a>","protected":false},"author":1,"featured_media":506,"comment_status":"open","ping_status":"open","sticky":false,"template":"","format":"standard","meta":{"_acf_changed":false,"footnotes":""},"categories":[53],"tags":[],"class_list":["post-1914","post","type-post","status-publish","format-standard","has-post-thumbnail","hentry","category-barcelone"],"acf":[],"yoast_head":"<!-- This site is optimized with the Yoast SEO plugin v28.3 - https:\/\/yoast.com\/product\/yoast-seo-wordpress\/ -->\n<title>Palais \u00e9piscopal d&#039;Astorga - Dosde<\/title>\n<meta name=\"robots\" content=\"noindex, follow, max-snippet:-1, max-image-preview:large, max-video-preview:-1\" \/>\n<meta property=\"og:locale\" content=\"fr_FR\" \/>\n<meta property=\"og:type\" content=\"article\" \/>\n<meta property=\"og:title\" content=\"Palais \u00e9piscopal d&#039;Astorga - Dosde\" \/>\n<meta property=\"og:description\" content=\"Histoire du Palais \u00e9piscopal d\u2019Astorga &nbsp; Le projet du Palais \u00e9piscopal d\u2019Astorga date de 1887 sur l\u2019initiative de l\u2019\u00e9v\u00eaque de la ville d&rsquo;Astorga, Joan Grau i Vallespin\u00f3s. Catalan d\u2019origine, l\u2019\u00e9v\u00eaque contacta Antoni Gaud\u00ed pour la direction de l\u2019\u0153uvre et d\u00e9fendit avec v\u00e9h\u00e9mence le projet de son compatriote devant l\u2019incompr\u00e9hension et les probl\u00e8mes budg\u00e9taires des organismes ... Lire la suite\" \/>\n<meta property=\"og:url\" content=\"https:\/\/pre.dosde.com\/fr\/palais-episcopal-dastorga\/\" \/>\n<meta property=\"og:site_name\" content=\"Dosde\" \/>\n<meta property=\"article:published_time\" content=\"2017-02-20T11:47:43+00:00\" \/>\n<meta property=\"article:modified_time\" content=\"2026-08-11T08:02:51+00:00\" \/>\n<meta name=\"author\" content=\"seocom\" \/>\n<meta name=\"twitter:card\" content=\"summary_large_image\" \/>\n<meta name=\"twitter:label1\" content=\"\u00c9crit par\" \/>\n\t<meta name=\"twitter:data1\" content=\"seocom\" \/>\n\t<meta name=\"twitter:label2\" content=\"Dur\u00e9e de lecture estim\u00e9e\" \/>\n\t<meta name=\"twitter:data2\" content=\"4 minutes\" \/>\n<script type=\"application\/ld+json\" class=\"yoast-schema-graph\">{\"@context\":\"https:\\\/\\\/schema.org\",\"@graph\":[{\"@type\":\"Article\",\"@id\":\"https:\\\/\\\/pre.dosde.com\\\/fr\\\/palais-episcopal-dastorga\\\/#article\",\"isPartOf\":{\"@id\":\"https:\\\/\\\/pre.dosde.com\\\/fr\\\/palais-episcopal-dastorga\\\/\"},\"author\":{\"name\":\"seocom\",\"@id\":\"https:\\\/\\\/pre.dosde.com\\\/fr\\\/#\\\/schema\\\/person\\\/9d33726ab714fecb297e38b515472088\"},\"headline\":\"Palais \u00e9piscopal d&rsquo;Astorga\",\"datePublished\":\"2017-02-20T11:47:43+00:00\",\"dateModified\":\"2026-08-11T08:02:51+00:00\",\"mainEntityOfPage\":{\"@id\":\"https:\\\/\\\/pre.dosde.com\\\/fr\\\/palais-episcopal-dastorga\\\/\"},\"wordCount\":772,\"commentCount\":0,\"publisher\":{\"@id\":\"https:\\\/\\\/pre.dosde.com\\\/fr\\\/#organization\"},\"image\":{\"@id\":\"https:\\\/\\\/pre.dosde.com\\\/fr\\\/palais-episcopal-dastorga\\\/#primaryimage\"},\"thumbnailUrl\":\"\",\"articleSection\":[\"Barcelone\"],\"inLanguage\":\"fr-FR\",\"potentialAction\":[{\"@type\":\"CommentAction\",\"name\":\"Comment\",\"target\":[\"https:\\\/\\\/pre.dosde.com\\\/fr\\\/palais-episcopal-dastorga\\\/#respond\"]}]},{\"@type\":\"WebPage\",\"@id\":\"https:\\\/\\\/pre.dosde.com\\\/fr\\\/palais-episcopal-dastorga\\\/\",\"url\":\"https:\\\/\\\/pre.dosde.com\\\/fr\\\/palais-episcopal-dastorga\\\/\",\"name\":\"Palais \u00e9piscopal d'Astorga - Dosde\",\"isPartOf\":{\"@id\":\"https:\\\/\\\/pre.dosde.com\\\/fr\\\/#website\"},\"primaryImageOfPage\":{\"@id\":\"https:\\\/\\\/pre.dosde.com\\\/fr\\\/palais-episcopal-dastorga\\\/#primaryimage\"},\"image\":{\"@id\":\"https:\\\/\\\/pre.dosde.com\\\/fr\\\/palais-episcopal-dastorga\\\/#primaryimage\"},\"thumbnailUrl\":\"\",\"datePublished\":\"2017-02-20T11:47:43+00:00\",\"dateModified\":\"2026-08-11T08:02:51+00:00\",\"breadcrumb\":{\"@id\":\"https:\\\/\\\/pre.dosde.com\\\/fr\\\/palais-episcopal-dastorga\\\/#breadcrumb\"},\"inLanguage\":\"fr-FR\",\"potentialAction\":[{\"@type\":\"ReadAction\",\"target\":[\"https:\\\/\\\/pre.dosde.com\\\/fr\\\/palais-episcopal-dastorga\\\/\"]}]},{\"@type\":\"ImageObject\",\"inLanguage\":\"fr-FR\",\"@id\":\"https:\\\/\\\/pre.dosde.com\\\/fr\\\/palais-episcopal-dastorga\\\/#primaryimage\",\"url\":\"\",\"contentUrl\":\"\"},{\"@type\":\"BreadcrumbList\",\"@id\":\"https:\\\/\\\/pre.dosde.com\\\/fr\\\/palais-episcopal-dastorga\\\/#breadcrumb\",\"itemListElement\":[{\"@type\":\"ListItem\",\"position\":1,\"name\":\"Home\",\"item\":\"https:\\\/\\\/pre.dosde.com\\\/fr\\\/\"},{\"@type\":\"ListItem\",\"position\":2,\"name\":\"Palais \u00e9piscopal d&rsquo;Astorga\"}]},{\"@type\":\"WebSite\",\"@id\":\"https:\\\/\\\/pre.dosde.com\\\/fr\\\/#website\",\"url\":\"https:\\\/\\\/pre.dosde.com\\\/fr\\\/\",\"name\":\"Dosde\",\"description\":\"\",\"publisher\":{\"@id\":\"https:\\\/\\\/pre.dosde.com\\\/fr\\\/#organization\"},\"potentialAction\":[{\"@type\":\"SearchAction\",\"target\":{\"@type\":\"EntryPoint\",\"urlTemplate\":\"https:\\\/\\\/pre.dosde.com\\\/fr\\\/?s={search_term_string}\"},\"query-input\":{\"@type\":\"PropertyValueSpecification\",\"valueRequired\":true,\"valueName\":\"search_term_string\"}}],\"inLanguage\":\"fr-FR\"},{\"@type\":\"Organization\",\"@id\":\"https:\\\/\\\/pre.dosde.com\\\/fr\\\/#organization\",\"name\":\"Dosde\",\"url\":\"https:\\\/\\\/pre.dosde.com\\\/fr\\\/\",\"logo\":{\"@type\":\"ImageObject\",\"inLanguage\":\"fr-FR\",\"@id\":\"https:\\\/\\\/pre.dosde.com\\\/fr\\\/#\\\/schema\\\/logo\\\/image\\\/\",\"url\":\"https:\\\/\\\/pre.dosde.com\\\/wp-content\\\/uploads\\\/2026\\\/06\\\/Logo.webp\",\"contentUrl\":\"https:\\\/\\\/pre.dosde.com\\\/wp-content\\\/uploads\\\/2026\\\/06\\\/Logo.webp\",\"width\":248,\"height\":80,\"caption\":\"Dosde\"},\"image\":{\"@id\":\"https:\\\/\\\/pre.dosde.com\\\/fr\\\/#\\\/schema\\\/logo\\\/image\\\/\"}},{\"@type\":\"Person\",\"@id\":\"https:\\\/\\\/pre.dosde.com\\\/fr\\\/#\\\/schema\\\/person\\\/9d33726ab714fecb297e38b515472088\",\"name\":\"seocom\",\"image\":{\"@type\":\"ImageObject\",\"inLanguage\":\"fr-FR\",\"@id\":\"https:\\\/\\\/secure.gravatar.com\\\/avatar\\\/741433ce07ba5c431e994c0ec0272d414a5d1a9dafeb02666111e6f2eb1c0ed2?s=96&d=mm&r=g\",\"url\":\"https:\\\/\\\/secure.gravatar.com\\\/avatar\\\/741433ce07ba5c431e994c0ec0272d414a5d1a9dafeb02666111e6f2eb1c0ed2?s=96&d=mm&r=g\",\"contentUrl\":\"https:\\\/\\\/secure.gravatar.com\\\/avatar\\\/741433ce07ba5c431e994c0ec0272d414a5d1a9dafeb02666111e6f2eb1c0ed2?s=96&d=mm&r=g\",\"caption\":\"seocom\"},\"sameAs\":[\"http:\\\/\\\/qa-dosde.qamoon.es\"],\"url\":\"https:\\\/\\\/pre.dosde.com\\\/fr\\\/author\\\/seocom\\\/\"}]}<\/script>\n<!-- \/ Yoast SEO plugin. -->","yoast_head_json":{"title":"Palais \u00e9piscopal d'Astorga - Dosde","robots":{"index":"noindex","follow":"follow","max-snippet":"max-snippet:-1","max-image-preview":"max-image-preview:large","max-video-preview":"max-video-preview:-1"},"og_locale":"fr_FR","og_type":"article","og_title":"Palais \u00e9piscopal d'Astorga - Dosde","og_description":"Histoire du Palais \u00e9piscopal d\u2019Astorga &nbsp; Le projet du Palais \u00e9piscopal d\u2019Astorga date de 1887 sur l\u2019initiative de l\u2019\u00e9v\u00eaque de la ville d&rsquo;Astorga, Joan Grau i Vallespin\u00f3s. Catalan d\u2019origine, l\u2019\u00e9v\u00eaque contacta Antoni Gaud\u00ed pour la direction de l\u2019\u0153uvre et d\u00e9fendit avec v\u00e9h\u00e9mence le projet de son compatriote devant l\u2019incompr\u00e9hension et les probl\u00e8mes budg\u00e9taires des organismes ... Lire la suite","og_url":"https:\/\/pre.dosde.com\/fr\/palais-episcopal-dastorga\/","og_site_name":"Dosde","article_published_time":"2017-02-20T11:47:43+00:00","article_modified_time":"2026-08-11T08:02:51+00:00","author":"seocom","twitter_card":"summary_large_image","twitter_misc":{"\u00c9crit par":"seocom","Dur\u00e9e de lecture estim\u00e9e":"4 minutes"},"schema":{"@context":"https:\/\/schema.org","@graph":[{"@type":"Article","@id":"https:\/\/pre.dosde.com\/fr\/palais-episcopal-dastorga\/#article","isPartOf":{"@id":"https:\/\/pre.dosde.com\/fr\/palais-episcopal-dastorga\/"},"author":{"name":"seocom","@id":"https:\/\/pre.dosde.com\/fr\/#\/schema\/person\/9d33726ab714fecb297e38b515472088"},"headline":"Palais \u00e9piscopal d&rsquo;Astorga","datePublished":"2017-02-20T11:47:43+00:00","dateModified":"2026-08-11T08:02:51+00:00","mainEntityOfPage":{"@id":"https:\/\/pre.dosde.com\/fr\/palais-episcopal-dastorga\/"},"wordCount":772,"commentCount":0,"publisher":{"@id":"https:\/\/pre.dosde.com\/fr\/#organization"},"image":{"@id":"https:\/\/pre.dosde.com\/fr\/palais-episcopal-dastorga\/#primaryimage"},"thumbnailUrl":"","articleSection":["Barcelone"],"inLanguage":"fr-FR","potentialAction":[{"@type":"CommentAction","name":"Comment","target":["https:\/\/pre.dosde.com\/fr\/palais-episcopal-dastorga\/#respond"]}]},{"@type":"WebPage","@id":"https:\/\/pre.dosde.com\/fr\/palais-episcopal-dastorga\/","url":"https:\/\/pre.dosde.com\/fr\/palais-episcopal-dastorga\/","name":"Palais \u00e9piscopal d'Astorga - Dosde","isPartOf":{"@id":"https:\/\/pre.dosde.com\/fr\/#website"},"primaryImageOfPage":{"@id":"https:\/\/pre.dosde.com\/fr\/palais-episcopal-dastorga\/#primaryimage"},"image":{"@id":"https:\/\/pre.dosde.com\/fr\/palais-episcopal-dastorga\/#primaryimage"},"thumbnailUrl":"","datePublished":"2017-02-20T11:47:43+00:00","dateModified":"2026-08-11T08:02:51+00:00","breadcrumb":{"@id":"https:\/\/pre.dosde.com\/fr\/palais-episcopal-dastorga\/#breadcrumb"},"inLanguage":"fr-FR","potentialAction":[{"@type":"ReadAction","target":["https:\/\/pre.dosde.com\/fr\/palais-episcopal-dastorga\/"]}]},{"@type":"ImageObject","inLanguage":"fr-FR","@id":"https:\/\/pre.dosde.com\/fr\/palais-episcopal-dastorga\/#primaryimage","url":"","contentUrl":""},{"@type":"BreadcrumbList","@id":"https:\/\/pre.dosde.com\/fr\/palais-episcopal-dastorga\/#breadcrumb","itemListElement":[{"@type":"ListItem","position":1,"name":"Home","item":"https:\/\/pre.dosde.com\/fr\/"},{"@type":"ListItem","position":2,"name":"Palais \u00e9piscopal d&rsquo;Astorga"}]},{"@type":"WebSite","@id":"https:\/\/pre.dosde.com\/fr\/#website","url":"https:\/\/pre.dosde.com\/fr\/","name":"Dosde","description":"","publisher":{"@id":"https:\/\/pre.dosde.com\/fr\/#organization"},"potentialAction":[{"@type":"SearchAction","target":{"@type":"EntryPoint","urlTemplate":"https:\/\/pre.dosde.com\/fr\/?s={search_term_string}"},"query-input":{"@type":"PropertyValueSpecification","valueRequired":true,"valueName":"search_term_string"}}],"inLanguage":"fr-FR"},{"@type":"Organization","@id":"https:\/\/pre.dosde.com\/fr\/#organization","name":"Dosde","url":"https:\/\/pre.dosde.com\/fr\/","logo":{"@type":"ImageObject","inLanguage":"fr-FR","@id":"https:\/\/pre.dosde.com\/fr\/#\/schema\/logo\/image\/","url":"https:\/\/pre.dosde.com\/wp-content\/uploads\/2026\/06\/Logo.webp","contentUrl":"https:\/\/pre.dosde.com\/wp-content\/uploads\/2026\/06\/Logo.webp","width":248,"height":80,"caption":"Dosde"},"image":{"@id":"https:\/\/pre.dosde.com\/fr\/#\/schema\/logo\/image\/"}},{"@type":"Person","@id":"https:\/\/pre.dosde.com\/fr\/#\/schema\/person\/9d33726ab714fecb297e38b515472088","name":"seocom","image":{"@type":"ImageObject","inLanguage":"fr-FR","@id":"https:\/\/secure.gravatar.com\/avatar\/741433ce07ba5c431e994c0ec0272d414a5d1a9dafeb02666111e6f2eb1c0ed2?s=96&d=mm&r=g","url":"https:\/\/secure.gravatar.com\/avatar\/741433ce07ba5c431e994c0ec0272d414a5d1a9dafeb02666111e6f2eb1c0ed2?s=96&d=mm&r=g","contentUrl":"https:\/\/secure.gravatar.com\/avatar\/741433ce07ba5c431e994c0ec0272d414a5d1a9dafeb02666111e6f2eb1c0ed2?s=96&d=mm&r=g","caption":"seocom"},"sameAs":["http:\/\/qa-dosde.qamoon.es"],"url":"https:\/\/pre.dosde.com\/fr\/author\/seocom\/"}]}},"_links":{"self":[{"href":"https:\/\/pre.dosde.com\/fr\/wp-json\/wp\/v2\/posts\/1914","targetHints":{"allow":["GET"]}}],"collection":[{"href":"https:\/\/pre.dosde.com\/fr\/wp-json\/wp\/v2\/posts"}],"about":[{"href":"https:\/\/pre.dosde.com\/fr\/wp-json\/wp\/v2\/types\/post"}],"author":[{"embeddable":true,"href":"https:\/\/pre.dosde.com\/fr\/wp-json\/wp\/v2\/users\/1"}],"replies":[{"embeddable":true,"href":"https:\/\/pre.dosde.com\/fr\/wp-json\/wp\/v2\/comments?post=1914"}],"version-history":[{"count":1,"href":"https:\/\/pre.dosde.com\/fr\/wp-json\/wp\/v2\/posts\/1914\/revisions"}],"predecessor-version":[{"id":3680,"href":"https:\/\/pre.dosde.com\/fr\/wp-json\/wp\/v2\/posts\/1914\/revisions\/3680"}],"wp:attachment":[{"href":"https:\/\/pre.dosde.com\/fr\/wp-json\/wp\/v2\/media?parent=1914"}],"wp:term":[{"taxonomy":"category","embeddable":true,"href":"https:\/\/pre.dosde.com\/fr\/wp-json\/wp\/v2\/categories?post=1914"},{"taxonomy":"post_tag","embeddable":true,"href":"https:\/\/pre.dosde.com\/fr\/wp-json\/wp\/v2\/tags?post=1914"}],"curies":[{"name":"wp","href":"https:\/\/api.w.org\/{rel}","templated":true}]}}