{"id":1917,"date":"2017-02-20T11:53:08","date_gmt":"2017-02-20T11:53:08","guid":{"rendered":"https:\/\/www.dosde.com\/blog\/?p=376\/"},"modified":"2026-08-11T08:02:50","modified_gmt":"2026-08-11T08:02:50","slug":"palau-de-la-musica-catalana","status":"publish","type":"post","link":"https:\/\/pre.dosde.com\/fr\/palau-de-la-musica-catalana\/","title":{"rendered":"Palau de la M\u00fasica Catalana"},"content":{"rendered":"<h2>Une ic\u00f4ne du modernisme<\/h2>\n<p>Ic\u00f4ne incontestable de la vie culturelle de Barcelone, le Palau de la M\u00fasica Catalana est consid\u00e9r\u00e9 comme l\u2019un des chefs-d\u2019\u0153uvre de l\u2019architecture moderniste.<\/p>\n<p>&nbsp;<\/p>\n<p>L\u2019\u00e9difice a \u00e9t\u00e9 construit dans le centre historique de Barcelone entre 1905 et 1908 <strong>par l\u2019architecte Llu\u00eds Dom\u00e8nech i Montaner pour abriter les activit\u00e9s de l\u2019Orfe\u00f3 Catal\u00e0<\/strong>, une soci\u00e9t\u00e9 chorale fond\u00e9e \u00e0 la fin du XIXe si\u00e8cle par les compositeurs Llu\u00eds Millet et Amadeu Vives qui cherchaient \u00e0 rapprocher la musique des id\u00e9aux du catalanisme conservateur. \u00c9tant donn\u00e9 sa valeur artistique, l\u2019auditorium figure sur la liste du patrimoine mondial de l\u2019Unesco.<\/p>\n<p>&nbsp;<\/p>\n<h2>L&rsquo;histoire du Palau de la M\u00fasica<\/h2>\n<p><a href=\"https:\/\/qa-dosde.qamoon.es\/wp-content\/uploads\/2017\/02\/columnas-modernistas-palau-de-la-musica-barcelona-dosde-publishing.jpg\"><img loading=\"lazy\" decoding=\"async\" class=\"alignnone wp-image-606 size-full\" src=\"https:\/\/qa-dosde.qamoon.es\/wp-content\/uploads\/2017\/02\/columnas-modernistas-palau-de-la-musica-barcelona-dosde-publishing.jpg\" alt=\"Colonnes avec des mosa\u00efques, Palau de la M\u00fasica de Barcelone\" width=\"900\" height=\"600\" \/><\/a><\/p>\n<p>&nbsp;<\/p>\n<p>Form\u00e9e \u00e0 l\u2019origine d\u2019un ch\u0153ur masculin, la soci\u00e9t\u00e9 chorale l&rsquo;Orfe\u00f3 Catal\u00e0 se d\u00e9veloppa rapidement apr\u00e8s sa cr\u00e9ation en 1891 et incorpora des sections pour femmes et pour enfants, r\u00e9coltant beaucoup de succ\u00e8s dans le panorama musical.<\/p>\n<p>&nbsp;<\/p>\n<p>En 1904, le comit\u00e9 de direction de la soci\u00e9t\u00e9 chorale \u2013alors pr\u00e9sid\u00e9 par le grand joaillier Joaquim Cabot\u2013 d\u00e9cida qu\u2019il \u00e9tait temps de doter l\u2019Orfe\u00f3 d\u2019un si\u00e8ge propre et d\u2019un auditorium, de telle sorte qu\u2019il acquit un petit terrain au p\u00e9rim\u00e8tre irr\u00e9gulier dans le quartier de Sant Pere, l\u2019une des zones les plus dens\u00e9ment peupl\u00e9es du centre historique de Barcelone.<\/p>\n<p>&nbsp;<\/p>\n<p>Pour r\u00e9aliser le projet, les responsables de l\u2019entit\u00e9 recoururent aux services de <strong>Llu\u00eds Dom\u00e8nech i Montaner, un architecte reconnu pour son engagement envers le mouvement r\u00e9gionaliste<\/strong> et sa profonde connaissance des traditions locales. Dom\u00e8nech con\u00e7ut un \u00e9difice impressionnant, en harmonie totale avec les promoteurs de l\u2019\u0153uvre, qui <strong>refl\u00e9tait aussi bien la renaissance de la culture catalane<\/strong> que pr\u00f4nait l\u2019Orfe\u00f3 Catal\u00e0 que la vigueur d\u2019une bourgeoisie d\u00e9sireuse d\u2019adopter de nouvelles marques d\u2019identit\u00e9.<\/p>\n<p>&nbsp;<\/p>\n<p><a href=\"https:\/\/www.dosde.com\/fr\/livres\/modernisme.html\"><img decoding=\"async\" class=\"aligncenter size-full wp-image-3641\" src=\"https:\/\/qa-dosde.qamoon.es\/wp-content\/uploads\/2017\/02\/Boton-descubrir-mas-FR.png\" alt=\"\" \/><\/a><\/p>\n<h2>Un ext\u00e9rieur imposant<\/h2>\n<p><a href=\"https:\/\/qa-dosde.qamoon.es\/wp-content\/uploads\/2017\/02\/escultura-exterior-palau-de-la-musica-barcelona-dosde-publishing.jpg\"><img loading=\"lazy\" decoding=\"async\" class=\"alignnone wp-image-603 size-full\" src=\"https:\/\/qa-dosde.qamoon.es\/wp-content\/uploads\/2017\/02\/escultura-exterior-palau-de-la-musica-barcelona-dosde-publishing.jpg\" alt=\"Sculptures sur la fa\u00e7ade du Palau de la M\u00fasica de Barcelone\" width=\"900\" height=\"600\" \/><\/a><\/p>\n<p>&nbsp;<\/p>\n<p>Le terrain sur lequel fut construit le Palau de la M\u00fasica\u00a0de Barcelone \u00e9tait encastr\u00e9 entre des rues tr\u00e8s \u00e9troites, ce qui emp\u00eachait d\u2019obtenir une bonne perspective de l\u2019ensemble. Conscient de ce probl\u00e8me, Dom\u00e8nech recourut \u00e0 une distribution similaire sur les deux fa\u00e7ades visibles de l\u2019\u00e9difice, avec l\u2019insertion d\u2019une s\u00e9rie de <strong>balcons, de colonnettes et de fen\u00eatres pour g\u00e9n\u00e9rer une sensation de continuit\u00e9<\/strong> renforc\u00e9e \u00e9galement par l\u2019utilisation de la brique apparente, du verre et de la c\u00e9ramique.<\/p>\n<p>&nbsp;<\/p>\n<p>De la m\u00eame mani\u00e8re, \u00e0 l\u2019intersection des deux fa\u00e7ades, l\u2019architecte pla\u00e7a <strong>un imposant ensemble sculptural faisant allusion \u00e0 la chanson populaire catalane<\/strong>. De cette fa\u00e7on, il rendit hommage \u00e0 l\u2019Orfe\u00f3 Catal\u00e0 et souligna en m\u00eame temps l\u2019entr\u00e9e principale qui, sans cette somptueuse d\u00e9coration, n\u2019aurait pas \u00e9t\u00e9 autant remarqu\u00e9e.<\/p>\n<p>&nbsp;<\/p>\n<h2>D\u00e9coration exub\u00e9rante<\/h2>\n<p><a href=\"https:\/\/qa-dosde.qamoon.es\/wp-content\/uploads\/2017\/02\/escalera-palau-de-la-musica-barcelona-dosde-publishing.jpg\"><img loading=\"lazy\" decoding=\"async\" class=\"alignnone wp-image-611 size-full\" src=\"https:\/\/qa-dosde.qamoon.es\/wp-content\/uploads\/2017\/02\/escalera-palau-de-la-musica-barcelona-dosde-publishing.jpg\" alt=\"Escalier du Palau de la M\u00fasica de Barcelone\" width=\"900\" height=\"600\" \/><\/a><\/p>\n<p>&nbsp;<\/p>\n<p>La conception \u00e9blouissante de l\u2019ext\u00e9rieur du <a href=\"https:\/\/www.dosde.com\/fr\/flip-book-palau-de-la-musica.html\">Palau de la M\u00fasica<\/a> correspond \u00e0 la beaut\u00e9 des espaces internes. <strong>L\u2019utilisation constante des motifs floraux<\/strong> transforma l\u2019int\u00e9rieur du Palau de la M\u00fasica en une explosion de joie et de vitalit\u00e9.<\/p>\n<p>&nbsp;<\/p>\n<p>Cette sensation d\u2019optimisme se vit amplifi\u00e9e par l\u2019usage d\u2019une large palette chromatique, l\u2019un des signes distinctifs de l\u2019architecte moderniste. L\u2019apog\u00e9e du programme d\u00e9coratif envisag\u00e9 par Dom\u00e8nech est <strong>la coupole vitr\u00e9e invers\u00e9e de la salle de concert<\/strong> \u2013\u0153uvre de l\u2019atelier d\u2019Antoni Rigalt et Jeroni Granell\u2013.<\/p>\n<p>&nbsp;<\/p>\n<h2>La salle de concerts du Palau de la M\u00fasica<\/h2>\n<p>[metaslider id=1300]<\/p>\n<p>Pour accueillir les r\u00e9citals de l\u2019Orfe\u00f3 Catal\u00e0, Dom\u00e8nech envisagea un grand auditorium de forme ovale avec un parterre et deux \u00e9tages, <strong>capable d\u2019accueillir pr\u00e8s de 2 000 spectateurs<\/strong>. Inond\u00e9 de lumi\u00e8re naturelle provenant de l\u2019ext\u00e9rieur gr\u00e2ce \u00e0 l\u2019utilisation r\u00e9volutionnaire du mur-rideau, l\u2019espace \u00e9tait pourvu d\u2019une acoustique exceptionnelle.<\/p>\n<p>&nbsp;<\/p>\n<p>La conception fonctionnelle de l\u2019auditorium fut compl\u00e9t\u00e9e d\u2019une somptueuse d\u00e9coration o\u00f9 Dom\u00e8nech <strong>associa en toute libert\u00e9 les surfaces en c\u00e9ramique et verre aux sculptures<\/strong> de type all\u00e9gorique comme les groupes de demoiselles et de valkyries qui ornent l\u2019avant-sc\u00e8ne, \u0153uvre des sculpteurs D\u00eddac Masana et Pablo Gargallo.<\/p>\n<p>&nbsp;<\/p>\n<h2>Le livre pour d\u00e9couvrir le Modernisme<\/h2>\n<p>Apparu entre la fin du XIXe et le d\u00e9but du XXe si\u00e8cle, le modernisme s\u2019inspira des \u00e9l\u00e9ments de la nature\u00a0pour cr\u00e9er des \u0153uvres d\u2019une beaut\u00e9 extraordinaire: <strong>l\u2019architecture, la peinture, la sculpture, la d\u00e9coration et la joaillerie<\/strong>. Le modernisme\u00a0parvint au comble de la gloire \u00e0 Barcelone, o\u00f9 les \u00e9difices cr\u00e9\u00e9s par des architectes comme Gaud\u00ed, Dom\u00e8nech i Montaner ou Puig i Cadafalch modifi\u00e8rent \u00e0 jamais la trame urbaine de la ville<\/p>\n<p>&nbsp;<\/p>\n<p>Avec\u00a0<strong>plus de 300 photos<\/strong>, ce <a href=\"https:\/\/www.dosde.com\/fr\/modernisme-mouvement-artistique-photo.html\">livre aborde le mouvement moderniste<\/a> dans tous les domaines. Ses magnifiques photos montrent en d\u00e9tail\u00a0les \u0153uvres modernistes les plus cr\u00e9atives\u00a0de ce mouvement.\u00a0\u00c9dit\u00e9 par <a href=\"https:\/\/www.dosde.com\/fr\/\">Dosde<\/a>, c\u2019est certainement le livre le plus complet sur cette \u0153uvre essentielle du modernisme \u00e0 Barcelone.<\/p>\n<p><a href=\"https:\/\/www.dosde.com\/fr\/modernisme-mouvement-artistique-photo.html\"><img loading=\"lazy\" decoding=\"async\" class=\"alignnone wp-image-1829 size-full\" src=\"https:\/\/qa-dosde.qamoon.es\/wp-content\/uploads\/2017\/02\/couverture-modernisme-barcelone-art-livre-francais-dosde-publishing_978-84-9103-093-5_35-017-02_B09.jpg\" alt=\"Livre sur modernisme architecture et art Dosde \u00c9ditorial\" width=\"700\" height=\"321\" \/><\/a><\/p>\n","protected":false},"excerpt":{"rendered":"Une ic\u00f4ne du modernisme Ic\u00f4ne incontestable de la vie culturelle de Barcelone, le Palau de la M\u00fasica Catalana est consid\u00e9r\u00e9 comme l\u2019un des chefs-d\u2019\u0153uvre de l\u2019architecture moderniste. &nbsp; L\u2019\u00e9difice a \u00e9t\u00e9 construit dans le centre historique de Barcelone entre 1905 et 1908 par l\u2019architecte Llu\u00eds Dom\u00e8nech i Montaner pour abriter les activit\u00e9s de l\u2019Orfe\u00f3 Catal\u00e0, &#8230; <a title=\"Palau de la M\u00fasica Catalana\" class=\"read-more\" href=\"https:\/\/pre.dosde.com\/fr\/palau-de-la-musica-catalana\/\" aria-label=\"En savoir plus sur Palau de la M\u00fasica Catalana\">Lire la suite<\/a>","protected":false},"author":1,"featured_media":605,"comment_status":"open","ping_status":"open","sticky":false,"template":"","format":"standard","meta":{"_acf_changed":false,"footnotes":""},"categories":[53],"tags":[],"class_list":["post-1917","post","type-post","status-publish","format-standard","has-post-thumbnail","hentry","category-barcelone"],"acf":[],"yoast_head":"<!-- This site is optimized with the Yoast SEO plugin v28.3 - https:\/\/yoast.com\/product\/yoast-seo-wordpress\/ -->\n<title>Palau de la M\u00fasica Catalana - Dosde<\/title>\n<meta name=\"robots\" content=\"noindex, follow, max-snippet:-1, max-image-preview:large, max-video-preview:-1\" \/>\n<meta property=\"og:locale\" content=\"fr_FR\" \/>\n<meta property=\"og:type\" content=\"article\" \/>\n<meta property=\"og:title\" content=\"Palau de la M\u00fasica Catalana - Dosde\" \/>\n<meta property=\"og:description\" content=\"Une ic\u00f4ne du modernisme Ic\u00f4ne incontestable de la vie culturelle de Barcelone, le Palau de la M\u00fasica Catalana est consid\u00e9r\u00e9 comme l\u2019un des chefs-d\u2019\u0153uvre de l\u2019architecture moderniste. &nbsp; L\u2019\u00e9difice a \u00e9t\u00e9 construit dans le centre historique de Barcelone entre 1905 et 1908 par l\u2019architecte Llu\u00eds Dom\u00e8nech i Montaner pour abriter les activit\u00e9s de l\u2019Orfe\u00f3 Catal\u00e0, ... Lire la suite\" \/>\n<meta property=\"og:url\" content=\"https:\/\/pre.dosde.com\/fr\/palau-de-la-musica-catalana\/\" \/>\n<meta property=\"og:site_name\" content=\"Dosde\" \/>\n<meta property=\"article:published_time\" content=\"2017-02-20T11:53:08+00:00\" \/>\n<meta property=\"article:modified_time\" content=\"2026-08-11T08:02:50+00:00\" \/>\n<meta name=\"author\" content=\"seocom\" \/>\n<meta name=\"twitter:card\" content=\"summary_large_image\" \/>\n<meta name=\"twitter:label1\" content=\"\u00c9crit par\" \/>\n\t<meta name=\"twitter:data1\" content=\"seocom\" \/>\n\t<meta name=\"twitter:label2\" content=\"Dur\u00e9e de lecture estim\u00e9e\" \/>\n\t<meta name=\"twitter:data2\" content=\"5 minutes\" \/>\n<script type=\"application\/ld+json\" class=\"yoast-schema-graph\">{\"@context\":\"https:\\\/\\\/schema.org\",\"@graph\":[{\"@type\":\"Article\",\"@id\":\"https:\\\/\\\/pre.dosde.com\\\/fr\\\/palau-de-la-musica-catalana\\\/#article\",\"isPartOf\":{\"@id\":\"https:\\\/\\\/pre.dosde.com\\\/fr\\\/palau-de-la-musica-catalana\\\/\"},\"author\":{\"name\":\"seocom\",\"@id\":\"https:\\\/\\\/pre.dosde.com\\\/fr\\\/#\\\/schema\\\/person\\\/9d33726ab714fecb297e38b515472088\"},\"headline\":\"Palau de la M\u00fasica Catalana\",\"datePublished\":\"2017-02-20T11:53:08+00:00\",\"dateModified\":\"2026-08-11T08:02:50+00:00\",\"mainEntityOfPage\":{\"@id\":\"https:\\\/\\\/pre.dosde.com\\\/fr\\\/palau-de-la-musica-catalana\\\/\"},\"wordCount\":873,\"commentCount\":0,\"publisher\":{\"@id\":\"https:\\\/\\\/pre.dosde.com\\\/fr\\\/#organization\"},\"image\":{\"@id\":\"https:\\\/\\\/pre.dosde.com\\\/fr\\\/palau-de-la-musica-catalana\\\/#primaryimage\"},\"thumbnailUrl\":\"\",\"articleSection\":[\"Barcelone\"],\"inLanguage\":\"fr-FR\",\"potentialAction\":[{\"@type\":\"CommentAction\",\"name\":\"Comment\",\"target\":[\"https:\\\/\\\/pre.dosde.com\\\/fr\\\/palau-de-la-musica-catalana\\\/#respond\"]}]},{\"@type\":\"WebPage\",\"@id\":\"https:\\\/\\\/pre.dosde.com\\\/fr\\\/palau-de-la-musica-catalana\\\/\",\"url\":\"https:\\\/\\\/pre.dosde.com\\\/fr\\\/palau-de-la-musica-catalana\\\/\",\"name\":\"Palau de la M\u00fasica Catalana - Dosde\",\"isPartOf\":{\"@id\":\"https:\\\/\\\/pre.dosde.com\\\/fr\\\/#website\"},\"primaryImageOfPage\":{\"@id\":\"https:\\\/\\\/pre.dosde.com\\\/fr\\\/palau-de-la-musica-catalana\\\/#primaryimage\"},\"image\":{\"@id\":\"https:\\\/\\\/pre.dosde.com\\\/fr\\\/palau-de-la-musica-catalana\\\/#primaryimage\"},\"thumbnailUrl\":\"\",\"datePublished\":\"2017-02-20T11:53:08+00:00\",\"dateModified\":\"2026-08-11T08:02:50+00:00\",\"breadcrumb\":{\"@id\":\"https:\\\/\\\/pre.dosde.com\\\/fr\\\/palau-de-la-musica-catalana\\\/#breadcrumb\"},\"inLanguage\":\"fr-FR\",\"potentialAction\":[{\"@type\":\"ReadAction\",\"target\":[\"https:\\\/\\\/pre.dosde.com\\\/fr\\\/palau-de-la-musica-catalana\\\/\"]}]},{\"@type\":\"ImageObject\",\"inLanguage\":\"fr-FR\",\"@id\":\"https:\\\/\\\/pre.dosde.com\\\/fr\\\/palau-de-la-musica-catalana\\\/#primaryimage\",\"url\":\"\",\"contentUrl\":\"\"},{\"@type\":\"BreadcrumbList\",\"@id\":\"https:\\\/\\\/pre.dosde.com\\\/fr\\\/palau-de-la-musica-catalana\\\/#breadcrumb\",\"itemListElement\":[{\"@type\":\"ListItem\",\"position\":1,\"name\":\"Home\",\"item\":\"https:\\\/\\\/pre.dosde.com\\\/fr\\\/\"},{\"@type\":\"ListItem\",\"position\":2,\"name\":\"Palau de la M\u00fasica Catalana\"}]},{\"@type\":\"WebSite\",\"@id\":\"https:\\\/\\\/pre.dosde.com\\\/fr\\\/#website\",\"url\":\"https:\\\/\\\/pre.dosde.com\\\/fr\\\/\",\"name\":\"Dosde\",\"description\":\"\",\"publisher\":{\"@id\":\"https:\\\/\\\/pre.dosde.com\\\/fr\\\/#organization\"},\"potentialAction\":[{\"@type\":\"SearchAction\",\"target\":{\"@type\":\"EntryPoint\",\"urlTemplate\":\"https:\\\/\\\/pre.dosde.com\\\/fr\\\/?s={search_term_string}\"},\"query-input\":{\"@type\":\"PropertyValueSpecification\",\"valueRequired\":true,\"valueName\":\"search_term_string\"}}],\"inLanguage\":\"fr-FR\"},{\"@type\":\"Organization\",\"@id\":\"https:\\\/\\\/pre.dosde.com\\\/fr\\\/#organization\",\"name\":\"Dosde\",\"url\":\"https:\\\/\\\/pre.dosde.com\\\/fr\\\/\",\"logo\":{\"@type\":\"ImageObject\",\"inLanguage\":\"fr-FR\",\"@id\":\"https:\\\/\\\/pre.dosde.com\\\/fr\\\/#\\\/schema\\\/logo\\\/image\\\/\",\"url\":\"https:\\\/\\\/pre.dosde.com\\\/wp-content\\\/uploads\\\/2026\\\/06\\\/Logo.webp\",\"contentUrl\":\"https:\\\/\\\/pre.dosde.com\\\/wp-content\\\/uploads\\\/2026\\\/06\\\/Logo.webp\",\"width\":248,\"height\":80,\"caption\":\"Dosde\"},\"image\":{\"@id\":\"https:\\\/\\\/pre.dosde.com\\\/fr\\\/#\\\/schema\\\/logo\\\/image\\\/\"}},{\"@type\":\"Person\",\"@id\":\"https:\\\/\\\/pre.dosde.com\\\/fr\\\/#\\\/schema\\\/person\\\/9d33726ab714fecb297e38b515472088\",\"name\":\"seocom\",\"image\":{\"@type\":\"ImageObject\",\"inLanguage\":\"fr-FR\",\"@id\":\"https:\\\/\\\/secure.gravatar.com\\\/avatar\\\/741433ce07ba5c431e994c0ec0272d414a5d1a9dafeb02666111e6f2eb1c0ed2?s=96&d=mm&r=g\",\"url\":\"https:\\\/\\\/secure.gravatar.com\\\/avatar\\\/741433ce07ba5c431e994c0ec0272d414a5d1a9dafeb02666111e6f2eb1c0ed2?s=96&d=mm&r=g\",\"contentUrl\":\"https:\\\/\\\/secure.gravatar.com\\\/avatar\\\/741433ce07ba5c431e994c0ec0272d414a5d1a9dafeb02666111e6f2eb1c0ed2?s=96&d=mm&r=g\",\"caption\":\"seocom\"},\"sameAs\":[\"http:\\\/\\\/qa-dosde.qamoon.es\"],\"url\":\"https:\\\/\\\/pre.dosde.com\\\/fr\\\/author\\\/seocom\\\/\"}]}<\/script>\n<!-- \/ Yoast SEO plugin. -->","yoast_head_json":{"title":"Palau de la M\u00fasica Catalana - Dosde","robots":{"index":"noindex","follow":"follow","max-snippet":"max-snippet:-1","max-image-preview":"max-image-preview:large","max-video-preview":"max-video-preview:-1"},"og_locale":"fr_FR","og_type":"article","og_title":"Palau de la M\u00fasica Catalana - Dosde","og_description":"Une ic\u00f4ne du modernisme Ic\u00f4ne incontestable de la vie culturelle de Barcelone, le Palau de la M\u00fasica Catalana est consid\u00e9r\u00e9 comme l\u2019un des chefs-d\u2019\u0153uvre de l\u2019architecture moderniste. &nbsp; L\u2019\u00e9difice a \u00e9t\u00e9 construit dans le centre historique de Barcelone entre 1905 et 1908 par l\u2019architecte Llu\u00eds Dom\u00e8nech i Montaner pour abriter les activit\u00e9s de l\u2019Orfe\u00f3 Catal\u00e0, ... Lire la suite","og_url":"https:\/\/pre.dosde.com\/fr\/palau-de-la-musica-catalana\/","og_site_name":"Dosde","article_published_time":"2017-02-20T11:53:08+00:00","article_modified_time":"2026-08-11T08:02:50+00:00","author":"seocom","twitter_card":"summary_large_image","twitter_misc":{"\u00c9crit par":"seocom","Dur\u00e9e de lecture estim\u00e9e":"5 minutes"},"schema":{"@context":"https:\/\/schema.org","@graph":[{"@type":"Article","@id":"https:\/\/pre.dosde.com\/fr\/palau-de-la-musica-catalana\/#article","isPartOf":{"@id":"https:\/\/pre.dosde.com\/fr\/palau-de-la-musica-catalana\/"},"author":{"name":"seocom","@id":"https:\/\/pre.dosde.com\/fr\/#\/schema\/person\/9d33726ab714fecb297e38b515472088"},"headline":"Palau de la M\u00fasica Catalana","datePublished":"2017-02-20T11:53:08+00:00","dateModified":"2026-08-11T08:02:50+00:00","mainEntityOfPage":{"@id":"https:\/\/pre.dosde.com\/fr\/palau-de-la-musica-catalana\/"},"wordCount":873,"commentCount":0,"publisher":{"@id":"https:\/\/pre.dosde.com\/fr\/#organization"},"image":{"@id":"https:\/\/pre.dosde.com\/fr\/palau-de-la-musica-catalana\/#primaryimage"},"thumbnailUrl":"","articleSection":["Barcelone"],"inLanguage":"fr-FR","potentialAction":[{"@type":"CommentAction","name":"Comment","target":["https:\/\/pre.dosde.com\/fr\/palau-de-la-musica-catalana\/#respond"]}]},{"@type":"WebPage","@id":"https:\/\/pre.dosde.com\/fr\/palau-de-la-musica-catalana\/","url":"https:\/\/pre.dosde.com\/fr\/palau-de-la-musica-catalana\/","name":"Palau de la M\u00fasica Catalana - Dosde","isPartOf":{"@id":"https:\/\/pre.dosde.com\/fr\/#website"},"primaryImageOfPage":{"@id":"https:\/\/pre.dosde.com\/fr\/palau-de-la-musica-catalana\/#primaryimage"},"image":{"@id":"https:\/\/pre.dosde.com\/fr\/palau-de-la-musica-catalana\/#primaryimage"},"thumbnailUrl":"","datePublished":"2017-02-20T11:53:08+00:00","dateModified":"2026-08-11T08:02:50+00:00","breadcrumb":{"@id":"https:\/\/pre.dosde.com\/fr\/palau-de-la-musica-catalana\/#breadcrumb"},"inLanguage":"fr-FR","potentialAction":[{"@type":"ReadAction","target":["https:\/\/pre.dosde.com\/fr\/palau-de-la-musica-catalana\/"]}]},{"@type":"ImageObject","inLanguage":"fr-FR","@id":"https:\/\/pre.dosde.com\/fr\/palau-de-la-musica-catalana\/#primaryimage","url":"","contentUrl":""},{"@type":"BreadcrumbList","@id":"https:\/\/pre.dosde.com\/fr\/palau-de-la-musica-catalana\/#breadcrumb","itemListElement":[{"@type":"ListItem","position":1,"name":"Home","item":"https:\/\/pre.dosde.com\/fr\/"},{"@type":"ListItem","position":2,"name":"Palau de la M\u00fasica Catalana"}]},{"@type":"WebSite","@id":"https:\/\/pre.dosde.com\/fr\/#website","url":"https:\/\/pre.dosde.com\/fr\/","name":"Dosde","description":"","publisher":{"@id":"https:\/\/pre.dosde.com\/fr\/#organization"},"potentialAction":[{"@type":"SearchAction","target":{"@type":"EntryPoint","urlTemplate":"https:\/\/pre.dosde.com\/fr\/?s={search_term_string}"},"query-input":{"@type":"PropertyValueSpecification","valueRequired":true,"valueName":"search_term_string"}}],"inLanguage":"fr-FR"},{"@type":"Organization","@id":"https:\/\/pre.dosde.com\/fr\/#organization","name":"Dosde","url":"https:\/\/pre.dosde.com\/fr\/","logo":{"@type":"ImageObject","inLanguage":"fr-FR","@id":"https:\/\/pre.dosde.com\/fr\/#\/schema\/logo\/image\/","url":"https:\/\/pre.dosde.com\/wp-content\/uploads\/2026\/06\/Logo.webp","contentUrl":"https:\/\/pre.dosde.com\/wp-content\/uploads\/2026\/06\/Logo.webp","width":248,"height":80,"caption":"Dosde"},"image":{"@id":"https:\/\/pre.dosde.com\/fr\/#\/schema\/logo\/image\/"}},{"@type":"Person","@id":"https:\/\/pre.dosde.com\/fr\/#\/schema\/person\/9d33726ab714fecb297e38b515472088","name":"seocom","image":{"@type":"ImageObject","inLanguage":"fr-FR","@id":"https:\/\/secure.gravatar.com\/avatar\/741433ce07ba5c431e994c0ec0272d414a5d1a9dafeb02666111e6f2eb1c0ed2?s=96&d=mm&r=g","url":"https:\/\/secure.gravatar.com\/avatar\/741433ce07ba5c431e994c0ec0272d414a5d1a9dafeb02666111e6f2eb1c0ed2?s=96&d=mm&r=g","contentUrl":"https:\/\/secure.gravatar.com\/avatar\/741433ce07ba5c431e994c0ec0272d414a5d1a9dafeb02666111e6f2eb1c0ed2?s=96&d=mm&r=g","caption":"seocom"},"sameAs":["http:\/\/qa-dosde.qamoon.es"],"url":"https:\/\/pre.dosde.com\/fr\/author\/seocom\/"}]}},"_links":{"self":[{"href":"https:\/\/pre.dosde.com\/fr\/wp-json\/wp\/v2\/posts\/1917","targetHints":{"allow":["GET"]}}],"collection":[{"href":"https:\/\/pre.dosde.com\/fr\/wp-json\/wp\/v2\/posts"}],"about":[{"href":"https:\/\/pre.dosde.com\/fr\/wp-json\/wp\/v2\/types\/post"}],"author":[{"embeddable":true,"href":"https:\/\/pre.dosde.com\/fr\/wp-json\/wp\/v2\/users\/1"}],"replies":[{"embeddable":true,"href":"https:\/\/pre.dosde.com\/fr\/wp-json\/wp\/v2\/comments?post=1917"}],"version-history":[{"count":1,"href":"https:\/\/pre.dosde.com\/fr\/wp-json\/wp\/v2\/posts\/1917\/revisions"}],"predecessor-version":[{"id":3595,"href":"https:\/\/pre.dosde.com\/fr\/wp-json\/wp\/v2\/posts\/1917\/revisions\/3595"}],"wp:attachment":[{"href":"https:\/\/pre.dosde.com\/fr\/wp-json\/wp\/v2\/media?parent=1917"}],"wp:term":[{"taxonomy":"category","embeddable":true,"href":"https:\/\/pre.dosde.com\/fr\/wp-json\/wp\/v2\/categories?post=1917"},{"taxonomy":"post_tag","embeddable":true,"href":"https:\/\/pre.dosde.com\/fr\/wp-json\/wp\/v2\/tags?post=1917"}],"curies":[{"name":"wp","href":"https:\/\/api.w.org\/{rel}","templated":true}]}}