{"id":1920,"date":"2017-02-20T12:00:55","date_gmt":"2017-02-20T12:00:55","guid":{"rendered":"https:\/\/www.dosde.com\/blog\/?p=389\/"},"modified":"2026-08-11T08:02:50","modified_gmt":"2026-08-11T08:02:50","slug":"palais-guell","status":"publish","type":"post","link":"https:\/\/pre.dosde.com\/fr\/palais-guell\/","title":{"rendered":"Palais G\u00fcell"},"content":{"rendered":"<h2>Qu\u2019est-ce que le\u00a0Palau G\u00fcell ?<\/h2>\n<p><a href=\"https:\/\/qa-dosde.qamoon.es\/wp-content\/uploads\/2017\/02\/sala-interior-palau-guell-gaudi-barcelona-dosde-publishing.jpg\"><img loading=\"lazy\" decoding=\"async\" class=\"alignnone wp-image-593 size-full\" src=\"https:\/\/qa-dosde.qamoon.es\/wp-content\/uploads\/2017\/02\/sala-interior-palau-guell-gaudi-barcelona-dosde-publishing.jpg\" alt=\"Salle du Palau Guell de Barcelone, Antoni Gaud\u00ed\" width=\"900\" height=\"600\" \/><\/a><\/p>\n<p>&nbsp;<\/p>\n<p>Situ\u00e9 au centre de Barcelone, dans la rue Nou de la Rambla, le\u00a0Palau G\u00fcell (palais G\u00fcell) est un palais con\u00e7u par Antoni Gaud\u00ed \u00e0 la demande de l\u2019industriel Eusebi G\u00fcell, le principal m\u00e9c\u00e8ne de l\u2019architecte. L\u2019\u00e9difice, dans lequel <strong>Gaud\u00ed associa de fa\u00e7on magistrale richesse ornementale et fonctionnalit\u00e9 absolue<\/strong>, fut construit entre 1885 et 1890, co\u00efncidant avec l\u2019apparition du modernisme, et il inclut le travail de certains des meilleurs artisans de l\u2019\u00e9poque.<\/p>\n<p>&nbsp;<\/p>\n<p>Le Palau G\u00fcell figure sur la liste du patrimoine mondial de l\u2019Unesco depuis 1986.<\/p>\n<p>&nbsp;<\/p>\n<h2>Les origines du\u00a0Palau G\u00fcell<\/h2>\n<p><a href=\"https:\/\/qa-dosde.qamoon.es\/wp-content\/uploads\/2017\/02\/fotografia-historica-palau-guell-gaudi-barcelona-dosde-publishing.jpg\"><img loading=\"lazy\" decoding=\"async\" class=\"alignnone wp-image-592 size-full\" src=\"https:\/\/qa-dosde.qamoon.es\/wp-content\/uploads\/2017\/02\/fotografia-historica-palau-guell-gaudi-barcelona-dosde-publishing.jpg\" alt=\"Photographie historique du Palau Guell, Antoni Gaud\u00ed\" width=\"900\" height=\"600\" \/><\/a><\/p>\n<p>&nbsp;<\/p>\n<p>En 1885, Barcelone est en pleine effervescence en raison des pr\u00e9paratifs de l\u2019exposition universelle de 1888, \u00e9v\u00e9nement d\u00e9cisif pour l\u2019expansion urbanistique de la ville apr\u00e8s la destruction des murailles. C\u2019est dans ce contexte que l\u2019industriel Eusebi G\u00fcell, <strong>impressionn\u00e9 par les travaux de Gaud\u00ed<\/strong> dans sa propri\u00e9t\u00e9 d\u2019\u00e9t\u00e9, <strong>attribua \u00e0 l\u2019architecte, alors \u00e2g\u00e9 de 34 ans, le projet d\u2019un palais urbain<\/strong> dans une rue adjacente \u00e0 La Rambla, o\u00f9 r\u00e9sidaient alors les G\u00fcell.<\/p>\n<p>&nbsp;<\/p>\n<p>\u00c0 une \u00e9poque o\u00f9 la plupart des familles bourgeoises d\u00e9m\u00e9nageaient dans l\u2019Eixample flambant neuf, \u00e0 la recherche d\u2019espace, de lumi\u00e8re et de modernit\u00e9 dont \u00e9taient d\u00e9pourvues les ruelles \u00e9troites de Barcelone intra-muros, G\u00fcell d\u00e9cida de faire construire sa r\u00e9sidence dans le Raval \u2013quartier jadis tr\u00e8s d\u00e9labr\u00e9\u2013 car le terrain lui permettait de relier le nouveau palais \u00e0 la demeure familiale de La Rambla.<\/p>\n<p>&nbsp;<\/p>\n<p>L\u00e0, Gaud\u00ed con\u00e7ut le\u00a0<strong>Palau G\u00fcell de Barcelona<\/strong>, un \u00e9difice d\u00e9lib\u00e9r\u00e9ment intime :<strong> aust\u00e8re de l\u2019ext\u00e9rieur et somptueux de l\u2019int\u00e9rieur<\/strong>. Les pi\u00e8ces sont isol\u00e9es aussi bien de la rue que de la cour commune de l\u2019immeuble et sont agenc\u00e9es autour d\u2019un salon central, une grande salle qui part du premier \u00e9tage et s\u2019\u00e9lance verticalement vers tous les niveaux de l\u2019\u00e9difice, jusqu\u2019\u00e0 la coupole de la terrasse.<\/p>\n<p>&nbsp;<\/p>\n<p>Malgr\u00e9 l\u2019\u00e9norme investissement que supposa la construction, G\u00fcell y v\u00e9cut \u00e0 peine 20 ans. En 1910, quelques mois apr\u00e8s les violents \u00e9v\u00e9nements de <a href=\"https:\/\/fr.wikipedia.org\/wiki\/Semaine_tragique_(Espagne)\" target=\"_blank\">la Semaine tragique<\/a>, il s\u2019installa au Park G\u00fcell, zone paisible \u00e0 quelques kilom\u00e8tres du centre. Le\u00a0Palau\u00a0G\u00fcell revint \u00e0 ses enfants puis il fut vendu en 1945 au Conseil g\u00e9n\u00e9ral de Barcelone, \u00e0 la condition de ne jamais \u00eatre ni d\u00e9truit ni modifi\u00e9.<strong> C\u2019est aujourd\u2019hui l\u2019un des plus beaux exemples du patrimoine architectonique que repr\u00e9sentent les \u0153uvres de Gaud\u00ed.<\/strong><\/p>\n<p>&nbsp;<\/p>\n<h2>La fa\u00e7ade du\u00a0Palau G\u00fcell<\/h2>\n<p><a href=\"https:\/\/qa-dosde.qamoon.es\/wp-content\/uploads\/2017\/02\/fachada-palau-guell-gaudi-barcelona-dosde-publishing.jpg\"><img loading=\"lazy\" decoding=\"async\" class=\"alignnone wp-image-591 size-full\" src=\"https:\/\/qa-dosde.qamoon.es\/wp-content\/uploads\/2017\/02\/fachada-palau-guell-gaudi-barcelona-dosde-publishing.jpg\" alt=\"Fa\u00e7ade du Palau Guell de Antoni Gaudi\" width=\"900\" height=\"600\" \/><\/a><\/p>\n<p>&nbsp;<\/p>\n<p>Pour opposer l\u2019ext\u00e9rieur du palais \u00e0 l\u2019ambiance bigarr\u00e9e de la rue Nou de la Rambla, connue \u00e0 l\u2019\u00e9poque pour ses cabarets, G\u00fcell sugg\u00e9ra \u00e0 Gaud\u00ed de r\u00e9aliser l\u2019ext\u00e9rieur du palais G\u00fcell en faisant le choix de la sobri\u00e9t\u00e9 et de la rigueur. <strong>L\u2019architecte appliqua une ma\u00e7onnerie r\u00e9guli\u00e8re en pierre calcaire blanche provenant de la carri\u00e8re que G\u00fcell poss\u00e9dait dans le Garraf<\/strong>. Seule la tribune de l\u2019\u00e9tage noble rompt l\u2019aust\u00e9rit\u00e9 de l\u2019ensemble strictement constitu\u00e9 de lignes droites, \u00e0 l\u2019exception des deux arcs cat\u00e9naires des portes d\u2019entr\u00e9e et de sortie de l\u2019\u00e9difice.<\/p>\n<p>&nbsp;<\/p>\n<p><strong>La d\u00e9coration de la fa\u00e7ade du\u00a0Palau G\u00fcell est \u00e9galement tr\u00e8s sobre et les uniques sculptures sont les fleurs de lys<\/strong> qui couronnent la tribune. Les d\u00e9tails en fer forg\u00e9 att\u00e9nuent la rigueur dominante avec notamment un drapeau catalan r\u00e9alis\u00e9 en plaque de m\u00e9tal et fil m\u00e9tallique, couronn\u00e9 d\u2019un aigle aux ailes d\u00e9ploy\u00e9es, ou encore les grilles des fen\u00eatres et des portes aux formes organiques inspir\u00e9es de la nature.<\/p>\n<p>&nbsp;<\/p>\n<p><a href=\"https:\/\/www.dosde.com\/fr\/livres\/antoni-gaudi.html\"><img loading=\"lazy\" decoding=\"async\" class=\"aligncenter wp-image-3641 size-full\" src=\"https:\/\/qa-dosde.qamoon.es\/wp-content\/uploads\/2017\/02\/Boton-descubrir-mas-FR.png\" alt=\"\" width=\"250\" height=\"56\" \/><\/a><\/p>\n<h2>Le sous-sol du\u00a0Palau G\u00fcell<\/h2>\n<p><a href=\"https:\/\/qa-dosde.qamoon.es\/wp-content\/uploads\/2017\/02\/sotano-palau-guell-gaudi-barcelona-dosde-publishing.jpg\"><img loading=\"lazy\" decoding=\"async\" class=\"alignnone wp-image-590 size-full\" src=\"https:\/\/qa-dosde.qamoon.es\/wp-content\/uploads\/2017\/02\/sotano-palau-guell-gaudi-barcelona-dosde-publishing.jpg\" alt=\"Le sous-sol du Palau Guell de Antoni Gaud\u00ed\" width=\"900\" height=\"600\" \/><\/a><\/p>\n<p>&nbsp;<\/p>\n<p>Enti\u00e8rement construit en brique \u2013\u00e0 l\u2019exception du sol\u2013, le sous-sol du\u00a0Palau G\u00fcell abritait les \u00e9curies, un espace en principe secondaire que l\u2019architecte Gaud\u00ed envisagea avec autant de pr\u00e9cision et de soin que le reste.<\/p>\n<p>&nbsp;<\/p>\n<p>Il con\u00e7ut <strong>un unique grand espace soutenu par une s\u00e9rie de piliers circulaires et carr\u00e9s<\/strong>, accessible par deux rampes \u2013une pour les personnes, une autre pour les chevaux\u2013 et dont l\u2019amplitude facilitait aussi bien le mouvement des animaux que la ventilation et l\u2019\u00e9clairage n\u00e9cessaires, assur\u00e9s par les ouvertures de l\u2019\u00e9tage sup\u00e9rieur et par la pr\u00e9sence d\u2019un puits de lumi\u00e8re au fond, pr\u00e8s de la petite pi\u00e8ce du cocher.<\/p>\n<p>&nbsp;<\/p>\n<h2>Le rez-de-chauss\u00e9e<\/h2>\n<p>[metaslider id=1298]<\/p>\n<p>Le rez-de-chauss\u00e9e du\u00a0Palau G\u00fcell se distinguait par <strong>un luxueux espace de r\u00e9ception<\/strong>, faisant office de grand vestibule, autour duquel s\u2019articulaient la circulation des pi\u00e9tons et des voitures et les acc\u00e8s au palais ainsi qu\u2019aux autres pi\u00e8ces de ce niveau. Pour faciliter la circulation, Gaud\u00ed d\u00e9cida de diviser le vestibule en deux parties \u2013une all\u00e9e de chaque c\u00f4t\u00e9 de l\u2019escalier qui conduit aux niveaux sup\u00e9rieurs de la r\u00e9sidence\u2013 avec un c\u00f4t\u00e9 pour l\u2019entr\u00e9e, un autre pour la sortie des voitures \u00e0 cheval car il n\u2019y avait pas suffisamment d\u2019espace pour man\u0153uvrer.<\/p>\n<p>&nbsp;<\/p>\n<p>Cependant, le rez-de-chauss\u00e9e du palais \u00e9tait r\u00e9serv\u00e9 en priorit\u00e9 aux fonctions de service \u2013entrep\u00f4t, garage et logement du gardien\u2013 et il fut agenc\u00e9 de fa\u00e7on judicieuse par l\u2019architecte afin de ne pas \u00eatre \u00e0 la vue des illustres invit\u00e9s de la famille qui se rendaient au\u00a0Palau G\u00fcell.<\/p>\n<p>&nbsp;<\/p>\n<h2>L\u2019\u00e9tage noble<\/h2>\n<p><a href=\"https:\/\/qa-dosde.qamoon.es\/wp-content\/uploads\/2017\/02\/estancia-planta-noble-palau-guell-gaudi-barcelona-dosde-publishing.jpg\"><img loading=\"lazy\" decoding=\"async\" class=\"alignnone wp-image-589 size-full\" src=\"https:\/\/qa-dosde.qamoon.es\/wp-content\/uploads\/2017\/02\/estancia-planta-noble-palau-guell-gaudi-barcelona-dosde-publishing.jpg\" alt=\"L'atrium du \u00e9tage noble, Palau Guell de Gaudi\" width=\"900\" height=\"600\" \/><\/a><\/p>\n<p>&nbsp;<\/p>\n<p>Dans l\u2019architecture romaine et musulmane, les diff\u00e9rentes pi\u00e8ces des palais et des demeures des familles riches \u00e9taient organis\u00e9es autour d\u2019une cour centrale appel\u00e9e atrium. Pour l\u2019\u00e9tage noble du palais urbain con\u00e7ut pour G\u00fcell, l\u2019architecte Gaud\u00ed s\u2019inspira de cet agencement et rempla\u00e7a l\u2019atrium par un salon haut de trois \u00e9tages, destin\u00e9 aux actes sociaux, aux concerts et c\u00e9l\u00e9brations liturgiques.<\/p>\n<p>&nbsp;<\/p>\n<p>Autour de cet espace, devenu le centre de la vie publique du palais, <strong>Gaud\u00ed organisa les autres pi\u00e8ces de l\u2019\u00e9tage selon le type de relations sociales qu\u2019elles devaient accueillir<\/strong>, avec les salles avant donnant sur la fa\u00e7ade principale et r\u00e9serv\u00e9es aux visites, et les salles arri\u00e8re donnant sur la cour commune, r\u00e9serv\u00e9es aux r\u00e9unions intimes et familiales.<\/p>\n<p>&nbsp;<\/p>\n<h2>Le deuxi\u00e8me \u00e9tage<\/h2>\n<p>[metaslider id=1299]<\/p>\n<p><strong>L\u2019architecte catalan con\u00e7ut les chambres avec une extr\u00eame rationalit\u00e9<\/strong> : une tr\u00e8s grande chambre pour le couple G\u00fcell donnant sur la fa\u00e7ade arri\u00e8re, lumineuse et calme, et les autres chambres adoss\u00e9es \u00e0 la fa\u00e7ade principale. Le nombre de pi\u00e8ces \u00e9tait insuffisant pour la nombreuse descendance des G\u00fcell, mais Gaud\u00ed savait que toute la famille ne s\u2019installerait pas au palais et que les enfants ne resteraient que temporairement. C\u2019est pourquoi <strong>il pr\u00e9f\u00e9ra accorder plus d\u2019importance \u00e0 l\u2019ampleur des pi\u00e8ces en g\u00e9n\u00e9ral et r\u00e9server plus d\u2019espace \u00e0 la salle de confiance<\/strong>, o\u00f9 toute la famille pourrait se r\u00e9unir.<\/p>\n<p>&nbsp;<\/p>\n<p>Quant \u00e0 la d\u00e9coration, Antoni Gaud\u00ed int\u00e9gra peu de d\u00e9tails afin que chacun puisse d\u00e9corer les chambres \u00e0 son go\u00fbt. Cette sobri\u00e9t\u00e9 ornementale est accentu\u00e9e au grenier, l\u2019\u00e9tage r\u00e9serv\u00e9 aux domestiques de la famille G\u00fcell.<\/p>\n<p>&nbsp;<\/p>\n<h2>La terrasse du Palau G\u00fcell<\/h2>\n<p><a href=\"https:\/\/qa-dosde.qamoon.es\/wp-content\/uploads\/2017\/02\/azotea-palau-guell-gaudi-barcelona-dosde-publishing.jpg\"><img loading=\"lazy\" decoding=\"async\" class=\"alignnone wp-image-588 size-full\" src=\"https:\/\/qa-dosde.qamoon.es\/wp-content\/uploads\/2017\/02\/azotea-palau-guell-gaudi-barcelona-dosde-publishing.jpg\" alt=\"La terrasse du Palau G\u00fcell de Gaudi, en Barcelone\" width=\"900\" height=\"600\" \/><\/a><\/p>\n<p>&nbsp;<\/p>\n<p>Avec le salon central et le sous-sol, <strong>la terrasse est l\u2019espace le plus repr\u00e9sentatif du\u00a0Palau G\u00fcell<\/strong>. Vingt chemin\u00e9es en brique ou rev\u00eatues de trencadis en c\u00e9ramique, verre, marbre, porcelaine ou gr\u00e8s et quatre fa\u00eeti\u00e8res en forme d\u2019arc cat\u00e9naire entourent la tour-lanterne qui s\u2019\u00e9l\u00e8ve \u00e0 15 m\u00e8tres au-dessus du niveau de la toiture \u2013surmont\u00e9e d\u2019un Soleil radiant, d\u2019une chauve-souris girouette et d\u2019une croix grecque\u2013, en hommage aux nombreuses terrasses de la ville de Barcelone qui atteindraient leur apog\u00e9e vingt ans plus tard avec la r\u00e9alisation de la terrasse onirique de La Pedrera.<\/p>\n<p>&nbsp;<\/p>\n<h2>Un livre pour d\u00e9couvrir le Palau\u00a0G\u00fcell<\/h2>\n<p>Le\u00a0Palau G\u00fcell est l&rsquo;<strong>un des grands chefs-d&rsquo;\u0153uvre envisag\u00e9 par Gaud\u00ed \u00e0 Barcelone<\/strong>. L&rsquo;architecte fit une proposition risqu\u00e9e et imaginative, avec cette r\u00e9sidence avant-gardiste con\u00e7ue pour un aristocrate associe luxe et fonctionnalit\u00e9.<\/p>\n<p>&nbsp;<\/p>\n<p><a href=\"https:\/\/www.dosde.com\/fr\/palais-guell-residence-moderne-visuelle.html\">Ce livre sur le\u00a0Palau G\u00fcell<\/a>, avec plus de <strong>250 photos et des recr\u00e9ations en 3D<\/strong>, comporte une analyse d\u00e9taill\u00e9e de cette \u0153uvre unique. Le lecteur pourra d\u00e9couvrir la grandeur de cette \u0153uvre de Antoni Gaud\u00ed.\u00a0\u00c9dit\u00e9 par <a href=\"https:\/\/www.dosde.com\/fr\/\">Dosde<\/a>, c\u2019est le livre le plus complet sur cette \u0153uvre de Gaud\u00ed \u00e0 Barcelone.<\/p>\n<p><a href=\"https:\/\/www.dosde.com\/fr\/palais-guell-residence-moderne-visuelle.html\"><img decoding=\"async\" class=\"aligncenter size-full wp-image-3744\" src=\"https:\/\/qa-dosde.qamoon.es\/wp-content\/uploads\/2017\/02\/couverture-palais-guell-livre-dosde-publishing_978-84-96783-65-2_20-006-02_B16.jpg\" alt=\"\" \/><\/a><\/p>\n","protected":false},"excerpt":{"rendered":"Qu\u2019est-ce que le\u00a0Palau G\u00fcell ? &nbsp; Situ\u00e9 au centre de Barcelone, dans la rue Nou de la Rambla, le\u00a0Palau G\u00fcell (palais G\u00fcell) est un palais con\u00e7u par Antoni Gaud\u00ed \u00e0 la demande de l\u2019industriel Eusebi G\u00fcell, le principal m\u00e9c\u00e8ne de l\u2019architecte. L\u2019\u00e9difice, dans lequel Gaud\u00ed associa de fa\u00e7on magistrale richesse ornementale et fonctionnalit\u00e9 absolue, fut &#8230; <a title=\"Palais G\u00fcell\" class=\"read-more\" href=\"https:\/\/pre.dosde.com\/fr\/palais-guell\/\" aria-label=\"En savoir plus sur Palais G\u00fcell\">Lire la suite<\/a>","protected":false},"author":1,"featured_media":518,"comment_status":"open","ping_status":"open","sticky":false,"template":"","format":"standard","meta":{"_acf_changed":false,"footnotes":""},"categories":[53],"tags":[],"class_list":["post-1920","post","type-post","status-publish","format-standard","has-post-thumbnail","hentry","category-barcelone"],"acf":[],"yoast_head":"<!-- This site is optimized with the Yoast SEO plugin v28.3 - https:\/\/yoast.com\/product\/yoast-seo-wordpress\/ -->\n<title>Palais G\u00fcell - Dosde<\/title>\n<meta name=\"robots\" content=\"noindex, follow, max-snippet:-1, max-image-preview:large, max-video-preview:-1\" \/>\n<meta property=\"og:locale\" content=\"fr_FR\" \/>\n<meta property=\"og:type\" content=\"article\" \/>\n<meta property=\"og:title\" content=\"Palais G\u00fcell - Dosde\" \/>\n<meta property=\"og:description\" content=\"Qu\u2019est-ce que le\u00a0Palau G\u00fcell ? &nbsp; Situ\u00e9 au centre de Barcelone, dans la rue Nou de la Rambla, le\u00a0Palau G\u00fcell (palais G\u00fcell) est un palais con\u00e7u par Antoni Gaud\u00ed \u00e0 la demande de l\u2019industriel Eusebi G\u00fcell, le principal m\u00e9c\u00e8ne de l\u2019architecte. L\u2019\u00e9difice, dans lequel Gaud\u00ed associa de fa\u00e7on magistrale richesse ornementale et fonctionnalit\u00e9 absolue, fut ... Lire la suite\" \/>\n<meta property=\"og:url\" content=\"https:\/\/pre.dosde.com\/fr\/palais-guell\/\" \/>\n<meta property=\"og:site_name\" content=\"Dosde\" \/>\n<meta property=\"article:published_time\" content=\"2017-02-20T12:00:55+00:00\" \/>\n<meta property=\"article:modified_time\" content=\"2026-08-11T08:02:50+00:00\" \/>\n<meta name=\"author\" content=\"seocom\" \/>\n<meta name=\"twitter:card\" content=\"summary_large_image\" \/>\n<meta name=\"twitter:label1\" content=\"\u00c9crit par\" \/>\n\t<meta name=\"twitter:data1\" content=\"seocom\" \/>\n\t<meta name=\"twitter:label2\" content=\"Dur\u00e9e de lecture estim\u00e9e\" \/>\n\t<meta name=\"twitter:data2\" content=\"7 minutes\" \/>\n<script type=\"application\/ld+json\" class=\"yoast-schema-graph\">{\"@context\":\"https:\\\/\\\/schema.org\",\"@graph\":[{\"@type\":\"Article\",\"@id\":\"https:\\\/\\\/pre.dosde.com\\\/fr\\\/palais-guell\\\/#article\",\"isPartOf\":{\"@id\":\"https:\\\/\\\/pre.dosde.com\\\/fr\\\/palais-guell\\\/\"},\"author\":{\"name\":\"seocom\",\"@id\":\"https:\\\/\\\/pre.dosde.com\\\/fr\\\/#\\\/schema\\\/person\\\/9d33726ab714fecb297e38b515472088\"},\"headline\":\"Palais G\u00fcell\",\"datePublished\":\"2017-02-20T12:00:55+00:00\",\"dateModified\":\"2026-08-11T08:02:50+00:00\",\"mainEntityOfPage\":{\"@id\":\"https:\\\/\\\/pre.dosde.com\\\/fr\\\/palais-guell\\\/\"},\"wordCount\":1490,\"commentCount\":0,\"publisher\":{\"@id\":\"https:\\\/\\\/pre.dosde.com\\\/fr\\\/#organization\"},\"image\":{\"@id\":\"https:\\\/\\\/pre.dosde.com\\\/fr\\\/palais-guell\\\/#primaryimage\"},\"thumbnailUrl\":\"\",\"articleSection\":[\"Barcelone\"],\"inLanguage\":\"fr-FR\",\"potentialAction\":[{\"@type\":\"CommentAction\",\"name\":\"Comment\",\"target\":[\"https:\\\/\\\/pre.dosde.com\\\/fr\\\/palais-guell\\\/#respond\"]}]},{\"@type\":\"WebPage\",\"@id\":\"https:\\\/\\\/pre.dosde.com\\\/fr\\\/palais-guell\\\/\",\"url\":\"https:\\\/\\\/pre.dosde.com\\\/fr\\\/palais-guell\\\/\",\"name\":\"Palais G\u00fcell - Dosde\",\"isPartOf\":{\"@id\":\"https:\\\/\\\/pre.dosde.com\\\/fr\\\/#website\"},\"primaryImageOfPage\":{\"@id\":\"https:\\\/\\\/pre.dosde.com\\\/fr\\\/palais-guell\\\/#primaryimage\"},\"image\":{\"@id\":\"https:\\\/\\\/pre.dosde.com\\\/fr\\\/palais-guell\\\/#primaryimage\"},\"thumbnailUrl\":\"\",\"datePublished\":\"2017-02-20T12:00:55+00:00\",\"dateModified\":\"2026-08-11T08:02:50+00:00\",\"breadcrumb\":{\"@id\":\"https:\\\/\\\/pre.dosde.com\\\/fr\\\/palais-guell\\\/#breadcrumb\"},\"inLanguage\":\"fr-FR\",\"potentialAction\":[{\"@type\":\"ReadAction\",\"target\":[\"https:\\\/\\\/pre.dosde.com\\\/fr\\\/palais-guell\\\/\"]}]},{\"@type\":\"ImageObject\",\"inLanguage\":\"fr-FR\",\"@id\":\"https:\\\/\\\/pre.dosde.com\\\/fr\\\/palais-guell\\\/#primaryimage\",\"url\":\"\",\"contentUrl\":\"\"},{\"@type\":\"BreadcrumbList\",\"@id\":\"https:\\\/\\\/pre.dosde.com\\\/fr\\\/palais-guell\\\/#breadcrumb\",\"itemListElement\":[{\"@type\":\"ListItem\",\"position\":1,\"name\":\"Home\",\"item\":\"https:\\\/\\\/pre.dosde.com\\\/fr\\\/\"},{\"@type\":\"ListItem\",\"position\":2,\"name\":\"Palais G\u00fcell\"}]},{\"@type\":\"WebSite\",\"@id\":\"https:\\\/\\\/pre.dosde.com\\\/fr\\\/#website\",\"url\":\"https:\\\/\\\/pre.dosde.com\\\/fr\\\/\",\"name\":\"Dosde\",\"description\":\"\",\"publisher\":{\"@id\":\"https:\\\/\\\/pre.dosde.com\\\/fr\\\/#organization\"},\"potentialAction\":[{\"@type\":\"SearchAction\",\"target\":{\"@type\":\"EntryPoint\",\"urlTemplate\":\"https:\\\/\\\/pre.dosde.com\\\/fr\\\/?s={search_term_string}\"},\"query-input\":{\"@type\":\"PropertyValueSpecification\",\"valueRequired\":true,\"valueName\":\"search_term_string\"}}],\"inLanguage\":\"fr-FR\"},{\"@type\":\"Organization\",\"@id\":\"https:\\\/\\\/pre.dosde.com\\\/fr\\\/#organization\",\"name\":\"Dosde\",\"url\":\"https:\\\/\\\/pre.dosde.com\\\/fr\\\/\",\"logo\":{\"@type\":\"ImageObject\",\"inLanguage\":\"fr-FR\",\"@id\":\"https:\\\/\\\/pre.dosde.com\\\/fr\\\/#\\\/schema\\\/logo\\\/image\\\/\",\"url\":\"https:\\\/\\\/pre.dosde.com\\\/wp-content\\\/uploads\\\/2026\\\/06\\\/Logo.webp\",\"contentUrl\":\"https:\\\/\\\/pre.dosde.com\\\/wp-content\\\/uploads\\\/2026\\\/06\\\/Logo.webp\",\"width\":248,\"height\":80,\"caption\":\"Dosde\"},\"image\":{\"@id\":\"https:\\\/\\\/pre.dosde.com\\\/fr\\\/#\\\/schema\\\/logo\\\/image\\\/\"}},{\"@type\":\"Person\",\"@id\":\"https:\\\/\\\/pre.dosde.com\\\/fr\\\/#\\\/schema\\\/person\\\/9d33726ab714fecb297e38b515472088\",\"name\":\"seocom\",\"image\":{\"@type\":\"ImageObject\",\"inLanguage\":\"fr-FR\",\"@id\":\"https:\\\/\\\/secure.gravatar.com\\\/avatar\\\/741433ce07ba5c431e994c0ec0272d414a5d1a9dafeb02666111e6f2eb1c0ed2?s=96&d=mm&r=g\",\"url\":\"https:\\\/\\\/secure.gravatar.com\\\/avatar\\\/741433ce07ba5c431e994c0ec0272d414a5d1a9dafeb02666111e6f2eb1c0ed2?s=96&d=mm&r=g\",\"contentUrl\":\"https:\\\/\\\/secure.gravatar.com\\\/avatar\\\/741433ce07ba5c431e994c0ec0272d414a5d1a9dafeb02666111e6f2eb1c0ed2?s=96&d=mm&r=g\",\"caption\":\"seocom\"},\"sameAs\":[\"http:\\\/\\\/qa-dosde.qamoon.es\"],\"url\":\"https:\\\/\\\/pre.dosde.com\\\/fr\\\/author\\\/seocom\\\/\"}]}<\/script>\n<!-- \/ Yoast SEO plugin. -->","yoast_head_json":{"title":"Palais G\u00fcell - Dosde","robots":{"index":"noindex","follow":"follow","max-snippet":"max-snippet:-1","max-image-preview":"max-image-preview:large","max-video-preview":"max-video-preview:-1"},"og_locale":"fr_FR","og_type":"article","og_title":"Palais G\u00fcell - Dosde","og_description":"Qu\u2019est-ce que le\u00a0Palau G\u00fcell ? &nbsp; Situ\u00e9 au centre de Barcelone, dans la rue Nou de la Rambla, le\u00a0Palau G\u00fcell (palais G\u00fcell) est un palais con\u00e7u par Antoni Gaud\u00ed \u00e0 la demande de l\u2019industriel Eusebi G\u00fcell, le principal m\u00e9c\u00e8ne de l\u2019architecte. L\u2019\u00e9difice, dans lequel Gaud\u00ed associa de fa\u00e7on magistrale richesse ornementale et fonctionnalit\u00e9 absolue, fut ... Lire la suite","og_url":"https:\/\/pre.dosde.com\/fr\/palais-guell\/","og_site_name":"Dosde","article_published_time":"2017-02-20T12:00:55+00:00","article_modified_time":"2026-08-11T08:02:50+00:00","author":"seocom","twitter_card":"summary_large_image","twitter_misc":{"\u00c9crit par":"seocom","Dur\u00e9e de lecture estim\u00e9e":"7 minutes"},"schema":{"@context":"https:\/\/schema.org","@graph":[{"@type":"Article","@id":"https:\/\/pre.dosde.com\/fr\/palais-guell\/#article","isPartOf":{"@id":"https:\/\/pre.dosde.com\/fr\/palais-guell\/"},"author":{"name":"seocom","@id":"https:\/\/pre.dosde.com\/fr\/#\/schema\/person\/9d33726ab714fecb297e38b515472088"},"headline":"Palais G\u00fcell","datePublished":"2017-02-20T12:00:55+00:00","dateModified":"2026-08-11T08:02:50+00:00","mainEntityOfPage":{"@id":"https:\/\/pre.dosde.com\/fr\/palais-guell\/"},"wordCount":1490,"commentCount":0,"publisher":{"@id":"https:\/\/pre.dosde.com\/fr\/#organization"},"image":{"@id":"https:\/\/pre.dosde.com\/fr\/palais-guell\/#primaryimage"},"thumbnailUrl":"","articleSection":["Barcelone"],"inLanguage":"fr-FR","potentialAction":[{"@type":"CommentAction","name":"Comment","target":["https:\/\/pre.dosde.com\/fr\/palais-guell\/#respond"]}]},{"@type":"WebPage","@id":"https:\/\/pre.dosde.com\/fr\/palais-guell\/","url":"https:\/\/pre.dosde.com\/fr\/palais-guell\/","name":"Palais G\u00fcell - Dosde","isPartOf":{"@id":"https:\/\/pre.dosde.com\/fr\/#website"},"primaryImageOfPage":{"@id":"https:\/\/pre.dosde.com\/fr\/palais-guell\/#primaryimage"},"image":{"@id":"https:\/\/pre.dosde.com\/fr\/palais-guell\/#primaryimage"},"thumbnailUrl":"","datePublished":"2017-02-20T12:00:55+00:00","dateModified":"2026-08-11T08:02:50+00:00","breadcrumb":{"@id":"https:\/\/pre.dosde.com\/fr\/palais-guell\/#breadcrumb"},"inLanguage":"fr-FR","potentialAction":[{"@type":"ReadAction","target":["https:\/\/pre.dosde.com\/fr\/palais-guell\/"]}]},{"@type":"ImageObject","inLanguage":"fr-FR","@id":"https:\/\/pre.dosde.com\/fr\/palais-guell\/#primaryimage","url":"","contentUrl":""},{"@type":"BreadcrumbList","@id":"https:\/\/pre.dosde.com\/fr\/palais-guell\/#breadcrumb","itemListElement":[{"@type":"ListItem","position":1,"name":"Home","item":"https:\/\/pre.dosde.com\/fr\/"},{"@type":"ListItem","position":2,"name":"Palais G\u00fcell"}]},{"@type":"WebSite","@id":"https:\/\/pre.dosde.com\/fr\/#website","url":"https:\/\/pre.dosde.com\/fr\/","name":"Dosde","description":"","publisher":{"@id":"https:\/\/pre.dosde.com\/fr\/#organization"},"potentialAction":[{"@type":"SearchAction","target":{"@type":"EntryPoint","urlTemplate":"https:\/\/pre.dosde.com\/fr\/?s={search_term_string}"},"query-input":{"@type":"PropertyValueSpecification","valueRequired":true,"valueName":"search_term_string"}}],"inLanguage":"fr-FR"},{"@type":"Organization","@id":"https:\/\/pre.dosde.com\/fr\/#organization","name":"Dosde","url":"https:\/\/pre.dosde.com\/fr\/","logo":{"@type":"ImageObject","inLanguage":"fr-FR","@id":"https:\/\/pre.dosde.com\/fr\/#\/schema\/logo\/image\/","url":"https:\/\/pre.dosde.com\/wp-content\/uploads\/2026\/06\/Logo.webp","contentUrl":"https:\/\/pre.dosde.com\/wp-content\/uploads\/2026\/06\/Logo.webp","width":248,"height":80,"caption":"Dosde"},"image":{"@id":"https:\/\/pre.dosde.com\/fr\/#\/schema\/logo\/image\/"}},{"@type":"Person","@id":"https:\/\/pre.dosde.com\/fr\/#\/schema\/person\/9d33726ab714fecb297e38b515472088","name":"seocom","image":{"@type":"ImageObject","inLanguage":"fr-FR","@id":"https:\/\/secure.gravatar.com\/avatar\/741433ce07ba5c431e994c0ec0272d414a5d1a9dafeb02666111e6f2eb1c0ed2?s=96&d=mm&r=g","url":"https:\/\/secure.gravatar.com\/avatar\/741433ce07ba5c431e994c0ec0272d414a5d1a9dafeb02666111e6f2eb1c0ed2?s=96&d=mm&r=g","contentUrl":"https:\/\/secure.gravatar.com\/avatar\/741433ce07ba5c431e994c0ec0272d414a5d1a9dafeb02666111e6f2eb1c0ed2?s=96&d=mm&r=g","caption":"seocom"},"sameAs":["http:\/\/qa-dosde.qamoon.es"],"url":"https:\/\/pre.dosde.com\/fr\/author\/seocom\/"}]}},"_links":{"self":[{"href":"https:\/\/pre.dosde.com\/fr\/wp-json\/wp\/v2\/posts\/1920","targetHints":{"allow":["GET"]}}],"collection":[{"href":"https:\/\/pre.dosde.com\/fr\/wp-json\/wp\/v2\/posts"}],"about":[{"href":"https:\/\/pre.dosde.com\/fr\/wp-json\/wp\/v2\/types\/post"}],"author":[{"embeddable":true,"href":"https:\/\/pre.dosde.com\/fr\/wp-json\/wp\/v2\/users\/1"}],"replies":[{"embeddable":true,"href":"https:\/\/pre.dosde.com\/fr\/wp-json\/wp\/v2\/comments?post=1920"}],"version-history":[{"count":1,"href":"https:\/\/pre.dosde.com\/fr\/wp-json\/wp\/v2\/posts\/1920\/revisions"}],"predecessor-version":[{"id":3679,"href":"https:\/\/pre.dosde.com\/fr\/wp-json\/wp\/v2\/posts\/1920\/revisions\/3679"}],"wp:attachment":[{"href":"https:\/\/pre.dosde.com\/fr\/wp-json\/wp\/v2\/media?parent=1920"}],"wp:term":[{"taxonomy":"category","embeddable":true,"href":"https:\/\/pre.dosde.com\/fr\/wp-json\/wp\/v2\/categories?post=1920"},{"taxonomy":"post_tag","embeddable":true,"href":"https:\/\/pre.dosde.com\/fr\/wp-json\/wp\/v2\/tags?post=1920"}],"curies":[{"name":"wp","href":"https:\/\/api.w.org\/{rel}","templated":true}]}}