{"id":1923,"date":"2017-02-20T12:08:17","date_gmt":"2017-02-20T12:08:17","guid":{"rendered":"https:\/\/www.dosde.com\/blog\/?p=396\/"},"modified":"2026-08-11T08:01:32","modified_gmt":"2026-08-11T08:01:32","slug":"le-park-guell","status":"publish","type":"post","link":"https:\/\/pre.dosde.com\/fr\/le-park-guell\/","title":{"rendered":"Le Park G\u00fcell"},"content":{"rendered":"<h2>Qu\u2019est-ce que le Park G\u00fcell ?<\/h2>\n<p><a href=\"https:\/\/qa-dosde.qamoon.es\/wp-content\/uploads\/2017\/02\/dragon-entrada-park-guell-barcelona-gaudi-dosde-publishing.jpg\"><img loading=\"lazy\" decoding=\"async\" class=\"alignnone wp-image-1213 size-full\" src=\"https:\/\/qa-dosde.qamoon.es\/wp-content\/uploads\/2017\/02\/dragon-entrada-park-guell-barcelona-gaudi-dosde-publishing.jpg\" alt=\"Dragon de l'escalier principal du parc Guell, Antoni Gaudi\" width=\"900\" height=\"600\" \/><\/a><\/p>\n<p>&nbsp;<\/p>\n<p>Devenu l\u2019un des embl\u00e8mes de la ville de Barcelone, le Park G\u00fcell est <strong>un grand parc public construit entre 1900 et 1914 par Antoni Gaud\u00ed<\/strong>, repr\u00e9sentant majeur du modernisme catalan. L\u2019enceinte, con\u00e7ue au d\u00e9but pour abriter un complexe r\u00e9sidentiel unique, ouvrit ses porte au public en 1923 et en 1984 elle fut d\u00e9clar\u00e9e patrimoine de l\u2019humanit\u00e9.<\/p>\n<p>&nbsp;<\/p>\n<p>Sur ses plus de <strong>17 hectares se trouvent certaines des cr\u00e9ations les plus originales et \u00e9nigmatiques<\/strong> de Gaud\u00ed, comme le dragon du perron principal, les pavillons d\u2019entr\u00e9e et le banc sinueux de la grande place centrale. Tous ces \u00e9l\u00e9ments porteurs de symbolisme font du Park G\u00fcell un lieu magique et inimitable, \u00e0 ne pas rater \u00e0 Barcelone.<\/p>\n<p>&nbsp;<\/p>\n<h2>Les origines du Park G\u00fcell<\/h2>\n<p>En 1899, l\u2019industriel catalan Eusebi G\u00fcell i Bacigalupi fit l\u2019acquisition des terrains d\u2019une ancienne ferme aux alentours de Barcelone \u2013Can Muntaner de Dalt\u2013 dans le but d\u2019y <strong>construire un complexe r\u00e9sidentiel constitu\u00e9 de maisons individuelles<\/strong> pour les familles ais\u00e9es.<\/p>\n<p>&nbsp;<\/p>\n<p>\u00c0 cette \u00e9poque, la ville \u00e9tait en pleine croissance d\u00e9mographique apr\u00e8s plusieurs ann\u00e9es de forte industrialisation donnant lieu \u00e0 un grand exode rural. Presque un demi-si\u00e8cle auparavant, en 1854, la pression politique et populaire \u00e9tait parvenue \u00e0 faire abattre les murailles qui freinaient l\u2019expansion territoriale de Barcelone vers la plaine limitrophe.<\/p>\n<p>&nbsp;<\/p>\n<p>L\u2019urbanisation de cette vaste extension de dix kilom\u00e8tres carr\u00e9s \u2013cinq fois plus grande que l\u2019enceinte fortifi\u00e9e\u2013 permit d\u2019agrandir la ville et d\u2019y incorporer par la suite diverses localit\u00e9s de la plaine qui atteindraient avant la fin du si\u00e8cle le flanc des montagnes environnantes.<\/p>\n<p>&nbsp;<\/p>\n<p>Diverses initiatives priv\u00e9es envisag\u00e8rent d\u2019urbaniser ces zones p\u00e9riph\u00e9riques, la plus originale \u00e9tant sans aucun doute celle de G\u00fcell et de son architecte de confiance, Antoni Gaud\u00ed, qui <strong>opt\u00e8rent pour un complexe r\u00e9sidentiel sur l\u2019une des collines de la ville<\/strong> afin que ses habitants puissent r\u00e9cup\u00e9rer le contact avec la nature. Cependant, les circonstances \u00e9conomiques et l\u2019id\u00e9alisme des cr\u00e9ateurs \u2013jug\u00e9 excessif pour l\u2019\u00e9poque\u2013 firent \u00e9chouer le projet en 1914, le complexe r\u00e9sidentiel \u00e9voluant alors en parc public d\u00e8s 1922, statut qui perdure encore aujourd\u2019hui.<\/p>\n<p>&nbsp;<\/p>\n<h2><a href=\"https:\/\/www.dosde.com\/fr\/livres\/park-guell.html\"><img decoding=\"async\" class=\"aligncenter size-full wp-image-3641\" src=\"https:\/\/qa-dosde.qamoon.es\/wp-content\/uploads\/2017\/02\/Boton-descubrir-mas-FR.png\" alt=\"\" \/><\/a><\/h2>\n<h2>L\u2019entr\u00e9e principale du Park G\u00fcell<\/h2>\n<p><a href=\"https:\/\/qa-dosde.qamoon.es\/wp-content\/uploads\/2017\/02\/casa-guarda-park-guell-barcelona-gaudi-dosde-publishing.jpg\"><img loading=\"lazy\" decoding=\"async\" class=\"alignnone wp-image-1209 size-full\" src=\"https:\/\/qa-dosde.qamoon.es\/wp-content\/uploads\/2017\/02\/casa-guarda-park-guell-barcelona-gaudi-dosde-publishing.jpg\" alt=\"La maison du gardien dans le Park Guell, Antoni Gaud\u00ed\" width=\"900\" height=\"600\" \/><\/a><\/p>\n<p>&nbsp;<\/p>\n<p>L\u2019architecte con\u00e7ut l\u2019entr\u00e9e du parc de mani\u00e8re \u00e0 attirer l\u2019attention des passants avec des constructions dignes d\u2019un d\u00e9cor afin de faire passer un message \u00e0 travers une multitude de symboles dont l\u2019interpr\u00e9tation permettait de r\u00e9soudre un jeu d\u2019\u00e9nigmes menant \u00e0 la conclusion suivante : <a href=\"https:\/\/www.dosde.com\/fr\/park-guell-cite-jardin-visuelle.html\">le Park G\u00fcell<\/a> est le paradis. C\u2019est pourquoi, les couleurs et l\u2019exotisme des pavillons d\u2019entr\u00e9e tentent de d\u00e9limiter la fronti\u00e8re entre les deux lieux all\u00e9goriques, la Terre et le Ciel.<\/p>\n<p>&nbsp;<\/p>\n<p>L\u2019architecture des deux pavillons qui flanquent la grille \u2013la loge du concierge et l\u2019administration\u2013 r\u00e9pond, malgr\u00e9 l\u2019apparence fantaisiste, \u00e0 des crit\u00e8res strictement fonctionnels ; <strong>Gaud\u00ed y exp\u00e9rimenta de nouvelles structures aux formes organiques<\/strong> qui apport\u00e8rent une touche unique \u00e0 l\u2019enceinte du Park G\u00fcell.<\/p>\n<p>&nbsp;<\/p>\n<h2>Le perron du Park G\u00fcell<\/h2>\n<p>&nbsp;<\/p>\n<p><a href=\"https:\/\/qa-dosde.qamoon.es\/wp-content\/uploads\/2017\/02\/escalinata-entrada-park-guell-barcelona-gaudi-dosde-publishing.jpg\"><img loading=\"lazy\" decoding=\"async\" class=\"alignnone wp-image-1207 size-full\" src=\"https:\/\/qa-dosde.qamoon.es\/wp-content\/uploads\/2017\/02\/escalinata-entrada-park-guell-barcelona-gaudi-dosde-publishing.jpg\" alt=\"Le perron du Park Guell, Antoni Gaud\u00ed\" width=\"900\" height=\"600\" \/><\/a><\/p>\n<p>&nbsp;<\/p>\n<p>Situ\u00e9 entre des murs cr\u00e9nel\u00e9s et les imposantes colonnes du march\u00e9 en toile de fond, <strong>le grand perron du Park G\u00fcell<\/strong> est form\u00e9 de quatre vol\u00e9es \u2013trois de onze marches et une de douze\u2013 et il est divis\u00e9 en deux parties sym\u00e9triques par trois fontaines aux formes organiques qui, dans l\u2019ensemble, <strong>repr\u00e9sentent l\u2019ampleur g\u00e9ographique de la Catalogne<\/strong> \u00e0 l\u2019\u00e9poque de sa splendeur m\u00e9di\u00e9vale.<\/p>\n<p>&nbsp;<\/p>\n<p>Sur la fontaine de la premi\u00e8re vol\u00e9e, un cercle repr\u00e9sente le monde et un compas \u00e9voque G\u00fcell et Gaud\u00ed en tant que promoteur et architecte du parc respectivement. Sur la deuxi\u00e8me fontaine, une t\u00eate de serpent, symbole de la m\u00e9decine, appara\u00eet sous le drapeau catalan. La troisi\u00e8me fontaine est domin\u00e9e par le c\u00e9l\u00e8bre dragon du Park G\u00fcell alors que la derni\u00e8re vol\u00e9e int\u00e8gre un banc \u00e0 auvent.<\/p>\n<p>&nbsp;<\/p>\n<h2>Le march\u00e9<\/h2>\n<p><a href=\"https:\/\/qa-dosde.qamoon.es\/wp-content\/uploads\/2017\/02\/sala-hipostila-park-guell-barcelona-gaudi-dosde-publishing.jpg\"><img loading=\"lazy\" decoding=\"async\" class=\"alignnone wp-image-1210 size-full\" src=\"https:\/\/qa-dosde.qamoon.es\/wp-content\/uploads\/2017\/02\/sala-hipostila-park-guell-barcelona-gaudi-dosde-publishing.jpg\" alt=\"Le march\u00e9 du Park Guell, Antoni Gaud\u00ed\" width=\"900\" height=\"600\" \/><\/a><\/p>\n<p>&nbsp;<\/p>\n<p>La grande salle hypostyle, situ\u00e9e au second niveau du parc, g\u00e9n\u00e8re une profondeur monumentale qui augmente \u00e0 mesure que l\u2019on monte le perron du Park G\u00fcell. Pour sa construction, <strong>Gaud\u00ed s\u2019inspira des temples doriques de la Gr\u00e8ce antique<\/strong>. L\u2019artiste inclina les colonnes les plus \u00e0 l\u2019ext\u00e9rieur de l\u2019ensemble, technique habituelle chez les architectes grecs que Gaud\u00ed accentua d\u00e9lib\u00e9r\u00e9ment afin de renforcer la structure et de dynamiser visuellement l\u2019espace.<\/p>\n<p>&nbsp;<\/p>\n<p>Destin\u00e9e \u00e0 devenir le march\u00e9 des habitants du lotissement, la salle est compos\u00e9e de 86 colonnes faites en mortier et \u00e9boulis de roches qui soutiennent la grande place sup\u00e9rieure. Le plafond est form\u00e9 de vo\u00fbtes semi-sph\u00e9riques rev\u00eatues de trencadis blanc. Gaud\u00ed rempla\u00e7a quatre des colonnes par des caissons \u00e9galement en trencadis repr\u00e9sentant les quatre saisons.<\/p>\n<p>&nbsp;<\/p>\n<h2>La grande place du Park G\u00fcell<\/h2>\n<p><a href=\"https:\/\/qa-dosde.qamoon.es\/wp-content\/uploads\/2017\/02\/plaza-park-guell-barcelona-gaudi-dosde-publishing.jpg\"><img loading=\"lazy\" decoding=\"async\" class=\"alignnone wp-image-1211 size-full\" src=\"https:\/\/qa-dosde.qamoon.es\/wp-content\/uploads\/2017\/02\/plaza-park-guell-barcelona-gaudi-dosde-publishing.jpg\" alt=\"La grande place du Park G\u00fcell, Antoni Gaud\u00ed\" width=\"900\" height=\"600\" \/><\/a><\/p>\n<p>&nbsp;<\/p>\n<p>C\u2019est en s\u2019inspirant des agoras des cit\u00e9s grecques que Gaud\u00ed con\u00e7ut ce vaste lieu de rencontre et de distraction qui devait accueillir les activit\u00e9s civiques et les c\u00e9r\u00e9monies religieuses des habitants du lotissement id\u00e9al.<\/p>\n<p>&nbsp;<\/p>\n<p>Situ\u00e9e au centre du Park G\u00fcell, <strong>la grande place<\/strong>, de 86 m\u00e8tres de long et 43 \u2013la moiti\u00e9\u2013 de large, a une forme ovale et un tiers de sa surface est creus\u00e9 dans le flanc de la montagne, selon une configuration <strong>semblable \u00e0 celle des th\u00e9\u00e2tres grecs anciens<\/strong>. Le reste de l\u2019espace, cern\u00e9 par le tr\u00e8s long banc sinuso\u00efdal faisant office de garde-corps, repose sur les 86 colonnes doriques du march\u00e9 situ\u00e9 juste en dessous, ce qui fait de la place un \u00e9norme mirador d\u2019o\u00f9 observer Barcelone et la mer M\u00e9diterran\u00e9e.<\/p>\n<p>&nbsp;<\/p>\n<h2>Les chemins du Park G\u00fcell<\/h2>\n<p><a href=\"https:\/\/qa-dosde.qamoon.es\/wp-content\/uploads\/2017\/02\/columnas-caminos-park-guell-barcelona-gaudi-dosde-publishing.jpg\"><img loading=\"lazy\" decoding=\"async\" class=\"alignnone wp-image-1212 size-full\" src=\"https:\/\/qa-dosde.qamoon.es\/wp-content\/uploads\/2017\/02\/columnas-caminos-park-guell-barcelona-gaudi-dosde-publishing.jpg\" alt=\"Les chemins du Park G\u00fcell, Antoni Gaud\u00ed\" width=\"900\" height=\"600\" \/><\/a><\/p>\n<p>&nbsp;<\/p>\n<p>Pour la circulation dans le parc, Gaud\u00ed releva le grand d\u00e9fi que supposait le relief gr\u00e2ce \u00e0 la conception d\u2019<strong>un r\u00e9seau de viaducs, portiques, chemins et sentiers<\/strong> aux structures extr\u00eamement originales, des constructions et des parcours tr\u00e8s fonctionnels et une esth\u00e9tique qui s\u2019int\u00e9grait parfaitement au terrain.<\/p>\n<p>&nbsp;<\/p>\n<p>S\u2019inspirant du mod\u00e8le de jardin anglais du XIXe si\u00e8cle, il con\u00e7ut un r\u00e9seau qui permettait de relier tous les endroits du lotissement et qui respectait le programme symbolique d\u2019\u00e9l\u00e9vation, partant du monde terrestre \u2013l\u2019entr\u00e9e au parc\u2013 au monde asc\u00e9tique, le calvaire au sommet.<\/p>\n<p>&nbsp;<\/p>\n<h2>La maison-mus\u00e9e Gaud\u00ed<\/h2>\n<p>En 1902, le r\u00e9seau de chemins du parc quasi termin\u00e9, <strong>G\u00fcell chargea Gaud\u00ed du projet d\u2019une maison-pilote dans le Park G\u00fcell<\/strong> pour la pr\u00e9senter aux \u00e9ventuels acqu\u00e9reurs de parcelles du complexe urbain. Les b\u00e2tisseurs de la promotion \u2013Pardo et Bardier\u2013 choisirent un terrain avec vue sur la place et le calvaire, une entr\u00e9e pour les v\u00e9hicules par le chemin du Rosaire et un acc\u00e8s pour les pi\u00e9tons par le viaduc inf\u00e9rieur.<\/p>\n<p>&nbsp;<\/p>\n<p>G\u00fcell constata tr\u00e8s t\u00f4t les premiers sympt\u00f4mes de l\u2019\u00e9chec de son initiative urbanistique et d\u00e9cida de ralentir la construction de la maison-pilote mais Pardo et Bardier, plus optimistes, obtinrent l\u2019accord du promoteur pour \u00e9difier la maison \u00e0 leurs risques et p\u00e9rils. Cette fois, le responsable du projet fut <a href=\"https:\/\/en.wikipedia.org\/wiki\/Francesc_Berenguer_i_Mestres\" target=\"_blank\">l\u2019architecte Francesc Berenguer<\/a>, disciple et collaborateur direct de Gaud\u00ed.<\/p>\n<p>&nbsp;<\/p>\n<h2>Le livre pour parcourir le Park G\u00fcell<\/h2>\n<p>Con\u00e7u comme un complexe r\u00e9sidentiel destin\u00e9 \u00e0 la bourgeoisie barcelonaise, le Park G\u00fcell est <strong>l&rsquo;un des projets les plus importants de Gaud\u00ed<\/strong>, inscrit au patrimoine mondial de l&rsquo;Unesco en 1984.<\/p>\n<p>&nbsp;<\/p>\n<p>Ce livre propose <a href=\"https:\/\/www.dosde.com\/fr\/park-guell-cite-jardin-visuelle.html\"><strong>un circuit complet dans le Park G\u00fcell<\/strong><\/a> avec plus de 280 photographies. Le livre visuel pour parcourir le parc et d\u00e9couvrir tous les espaces.<\/p>\n<p><a href=\"https:\/\/www.dosde.com\/fr\/park-guell-cite-jardin-visuelle.html\"><img loading=\"lazy\" decoding=\"async\" class=\"alignnone wp-image-1852 size-full\" src=\"https:\/\/qa-dosde.qamoon.es\/wp-content\/uploads\/2017\/02\/couverture-park-guell-gaudi-livre-francais-dosde-publishing_978-84-15818-14-4_20-014-02_B12.jpg\" alt=\"Livre sur le Park Guell, Antoni Gaud\u00ed\" width=\"700\" height=\"388\" \/><\/a><\/p>\n","protected":false},"excerpt":{"rendered":"Qu\u2019est-ce que le Park G\u00fcell ? &nbsp; Devenu l\u2019un des embl\u00e8mes de la ville de Barcelone, le Park G\u00fcell est un grand parc public construit entre 1900 et 1914 par Antoni Gaud\u00ed, repr\u00e9sentant majeur du modernisme catalan. L\u2019enceinte, con\u00e7ue au d\u00e9but pour abriter un complexe r\u00e9sidentiel unique, ouvrit ses porte au public en 1923 et &#8230; <a title=\"Le Park G\u00fcell\" class=\"read-more\" href=\"https:\/\/pre.dosde.com\/fr\/le-park-guell\/\" aria-label=\"En savoir plus sur Le Park G\u00fcell\">Lire la suite<\/a>","protected":false},"author":1,"featured_media":1203,"comment_status":"open","ping_status":"open","sticky":false,"template":"","format":"standard","meta":{"_acf_changed":false,"footnotes":""},"categories":[53],"tags":[],"class_list":["post-1923","post","type-post","status-publish","format-standard","has-post-thumbnail","hentry","category-barcelone"],"acf":[],"yoast_head":"<!-- This site is optimized with the Yoast SEO plugin v28.3 - https:\/\/yoast.com\/product\/yoast-seo-wordpress\/ -->\n<title>Le Park G\u00fcell - Dosde<\/title>\n<meta name=\"robots\" content=\"noindex, follow, max-snippet:-1, max-image-preview:large, max-video-preview:-1\" \/>\n<meta property=\"og:locale\" content=\"fr_FR\" \/>\n<meta property=\"og:type\" content=\"article\" \/>\n<meta property=\"og:title\" content=\"Le Park G\u00fcell - Dosde\" \/>\n<meta property=\"og:description\" content=\"Qu\u2019est-ce que le Park G\u00fcell ? &nbsp; Devenu l\u2019un des embl\u00e8mes de la ville de Barcelone, le Park G\u00fcell est un grand parc public construit entre 1900 et 1914 par Antoni Gaud\u00ed, repr\u00e9sentant majeur du modernisme catalan. L\u2019enceinte, con\u00e7ue au d\u00e9but pour abriter un complexe r\u00e9sidentiel unique, ouvrit ses porte au public en 1923 et ... Lire la suite\" \/>\n<meta property=\"og:url\" content=\"https:\/\/pre.dosde.com\/fr\/le-park-guell\/\" \/>\n<meta property=\"og:site_name\" content=\"Dosde\" \/>\n<meta property=\"article:published_time\" content=\"2017-02-20T12:08:17+00:00\" \/>\n<meta property=\"article:modified_time\" content=\"2026-08-11T08:01:32+00:00\" \/>\n<meta name=\"author\" content=\"seocom\" \/>\n<meta name=\"twitter:card\" content=\"summary_large_image\" \/>\n<meta name=\"twitter:label1\" content=\"\u00c9crit par\" \/>\n\t<meta name=\"twitter:data1\" content=\"seocom\" \/>\n\t<meta name=\"twitter:label2\" content=\"Dur\u00e9e de lecture estim\u00e9e\" \/>\n\t<meta name=\"twitter:data2\" content=\"7 minutes\" \/>\n<script type=\"application\/ld+json\" class=\"yoast-schema-graph\">{\"@context\":\"https:\\\/\\\/schema.org\",\"@graph\":[{\"@type\":\"Article\",\"@id\":\"https:\\\/\\\/pre.dosde.com\\\/fr\\\/le-park-guell\\\/#article\",\"isPartOf\":{\"@id\":\"https:\\\/\\\/pre.dosde.com\\\/fr\\\/le-park-guell\\\/\"},\"author\":{\"name\":\"seocom\",\"@id\":\"https:\\\/\\\/pre.dosde.com\\\/fr\\\/#\\\/schema\\\/person\\\/9d33726ab714fecb297e38b515472088\"},\"headline\":\"Le Park G\u00fcell\",\"datePublished\":\"2017-02-20T12:08:17+00:00\",\"dateModified\":\"2026-08-11T08:01:32+00:00\",\"mainEntityOfPage\":{\"@id\":\"https:\\\/\\\/pre.dosde.com\\\/fr\\\/le-park-guell\\\/\"},\"wordCount\":1345,\"commentCount\":0,\"publisher\":{\"@id\":\"https:\\\/\\\/pre.dosde.com\\\/fr\\\/#organization\"},\"image\":{\"@id\":\"https:\\\/\\\/pre.dosde.com\\\/fr\\\/le-park-guell\\\/#primaryimage\"},\"thumbnailUrl\":\"\",\"articleSection\":[\"Barcelone\"],\"inLanguage\":\"fr-FR\",\"potentialAction\":[{\"@type\":\"CommentAction\",\"name\":\"Comment\",\"target\":[\"https:\\\/\\\/pre.dosde.com\\\/fr\\\/le-park-guell\\\/#respond\"]}]},{\"@type\":\"WebPage\",\"@id\":\"https:\\\/\\\/pre.dosde.com\\\/fr\\\/le-park-guell\\\/\",\"url\":\"https:\\\/\\\/pre.dosde.com\\\/fr\\\/le-park-guell\\\/\",\"name\":\"Le Park G\u00fcell - Dosde\",\"isPartOf\":{\"@id\":\"https:\\\/\\\/pre.dosde.com\\\/fr\\\/#website\"},\"primaryImageOfPage\":{\"@id\":\"https:\\\/\\\/pre.dosde.com\\\/fr\\\/le-park-guell\\\/#primaryimage\"},\"image\":{\"@id\":\"https:\\\/\\\/pre.dosde.com\\\/fr\\\/le-park-guell\\\/#primaryimage\"},\"thumbnailUrl\":\"\",\"datePublished\":\"2017-02-20T12:08:17+00:00\",\"dateModified\":\"2026-08-11T08:01:32+00:00\",\"breadcrumb\":{\"@id\":\"https:\\\/\\\/pre.dosde.com\\\/fr\\\/le-park-guell\\\/#breadcrumb\"},\"inLanguage\":\"fr-FR\",\"potentialAction\":[{\"@type\":\"ReadAction\",\"target\":[\"https:\\\/\\\/pre.dosde.com\\\/fr\\\/le-park-guell\\\/\"]}]},{\"@type\":\"ImageObject\",\"inLanguage\":\"fr-FR\",\"@id\":\"https:\\\/\\\/pre.dosde.com\\\/fr\\\/le-park-guell\\\/#primaryimage\",\"url\":\"\",\"contentUrl\":\"\"},{\"@type\":\"BreadcrumbList\",\"@id\":\"https:\\\/\\\/pre.dosde.com\\\/fr\\\/le-park-guell\\\/#breadcrumb\",\"itemListElement\":[{\"@type\":\"ListItem\",\"position\":1,\"name\":\"Home\",\"item\":\"https:\\\/\\\/pre.dosde.com\\\/fr\\\/\"},{\"@type\":\"ListItem\",\"position\":2,\"name\":\"Le Park G\u00fcell\"}]},{\"@type\":\"WebSite\",\"@id\":\"https:\\\/\\\/pre.dosde.com\\\/fr\\\/#website\",\"url\":\"https:\\\/\\\/pre.dosde.com\\\/fr\\\/\",\"name\":\"Dosde\",\"description\":\"\",\"publisher\":{\"@id\":\"https:\\\/\\\/pre.dosde.com\\\/fr\\\/#organization\"},\"potentialAction\":[{\"@type\":\"SearchAction\",\"target\":{\"@type\":\"EntryPoint\",\"urlTemplate\":\"https:\\\/\\\/pre.dosde.com\\\/fr\\\/?s={search_term_string}\"},\"query-input\":{\"@type\":\"PropertyValueSpecification\",\"valueRequired\":true,\"valueName\":\"search_term_string\"}}],\"inLanguage\":\"fr-FR\"},{\"@type\":\"Organization\",\"@id\":\"https:\\\/\\\/pre.dosde.com\\\/fr\\\/#organization\",\"name\":\"Dosde\",\"url\":\"https:\\\/\\\/pre.dosde.com\\\/fr\\\/\",\"logo\":{\"@type\":\"ImageObject\",\"inLanguage\":\"fr-FR\",\"@id\":\"https:\\\/\\\/pre.dosde.com\\\/fr\\\/#\\\/schema\\\/logo\\\/image\\\/\",\"url\":\"https:\\\/\\\/pre.dosde.com\\\/wp-content\\\/uploads\\\/2026\\\/06\\\/Logo.webp\",\"contentUrl\":\"https:\\\/\\\/pre.dosde.com\\\/wp-content\\\/uploads\\\/2026\\\/06\\\/Logo.webp\",\"width\":248,\"height\":80,\"caption\":\"Dosde\"},\"image\":{\"@id\":\"https:\\\/\\\/pre.dosde.com\\\/fr\\\/#\\\/schema\\\/logo\\\/image\\\/\"}},{\"@type\":\"Person\",\"@id\":\"https:\\\/\\\/pre.dosde.com\\\/fr\\\/#\\\/schema\\\/person\\\/9d33726ab714fecb297e38b515472088\",\"name\":\"seocom\",\"image\":{\"@type\":\"ImageObject\",\"inLanguage\":\"fr-FR\",\"@id\":\"https:\\\/\\\/secure.gravatar.com\\\/avatar\\\/741433ce07ba5c431e994c0ec0272d414a5d1a9dafeb02666111e6f2eb1c0ed2?s=96&d=mm&r=g\",\"url\":\"https:\\\/\\\/secure.gravatar.com\\\/avatar\\\/741433ce07ba5c431e994c0ec0272d414a5d1a9dafeb02666111e6f2eb1c0ed2?s=96&d=mm&r=g\",\"contentUrl\":\"https:\\\/\\\/secure.gravatar.com\\\/avatar\\\/741433ce07ba5c431e994c0ec0272d414a5d1a9dafeb02666111e6f2eb1c0ed2?s=96&d=mm&r=g\",\"caption\":\"seocom\"},\"sameAs\":[\"http:\\\/\\\/qa-dosde.qamoon.es\"],\"url\":\"https:\\\/\\\/pre.dosde.com\\\/fr\\\/author\\\/seocom\\\/\"}]}<\/script>\n<!-- \/ Yoast SEO plugin. -->","yoast_head_json":{"title":"Le Park G\u00fcell - Dosde","robots":{"index":"noindex","follow":"follow","max-snippet":"max-snippet:-1","max-image-preview":"max-image-preview:large","max-video-preview":"max-video-preview:-1"},"og_locale":"fr_FR","og_type":"article","og_title":"Le Park G\u00fcell - Dosde","og_description":"Qu\u2019est-ce que le Park G\u00fcell ? &nbsp; Devenu l\u2019un des embl\u00e8mes de la ville de Barcelone, le Park G\u00fcell est un grand parc public construit entre 1900 et 1914 par Antoni Gaud\u00ed, repr\u00e9sentant majeur du modernisme catalan. L\u2019enceinte, con\u00e7ue au d\u00e9but pour abriter un complexe r\u00e9sidentiel unique, ouvrit ses porte au public en 1923 et ... Lire la suite","og_url":"https:\/\/pre.dosde.com\/fr\/le-park-guell\/","og_site_name":"Dosde","article_published_time":"2017-02-20T12:08:17+00:00","article_modified_time":"2026-08-11T08:01:32+00:00","author":"seocom","twitter_card":"summary_large_image","twitter_misc":{"\u00c9crit par":"seocom","Dur\u00e9e de lecture estim\u00e9e":"7 minutes"},"schema":{"@context":"https:\/\/schema.org","@graph":[{"@type":"Article","@id":"https:\/\/pre.dosde.com\/fr\/le-park-guell\/#article","isPartOf":{"@id":"https:\/\/pre.dosde.com\/fr\/le-park-guell\/"},"author":{"name":"seocom","@id":"https:\/\/pre.dosde.com\/fr\/#\/schema\/person\/9d33726ab714fecb297e38b515472088"},"headline":"Le Park G\u00fcell","datePublished":"2017-02-20T12:08:17+00:00","dateModified":"2026-08-11T08:01:32+00:00","mainEntityOfPage":{"@id":"https:\/\/pre.dosde.com\/fr\/le-park-guell\/"},"wordCount":1345,"commentCount":0,"publisher":{"@id":"https:\/\/pre.dosde.com\/fr\/#organization"},"image":{"@id":"https:\/\/pre.dosde.com\/fr\/le-park-guell\/#primaryimage"},"thumbnailUrl":"","articleSection":["Barcelone"],"inLanguage":"fr-FR","potentialAction":[{"@type":"CommentAction","name":"Comment","target":["https:\/\/pre.dosde.com\/fr\/le-park-guell\/#respond"]}]},{"@type":"WebPage","@id":"https:\/\/pre.dosde.com\/fr\/le-park-guell\/","url":"https:\/\/pre.dosde.com\/fr\/le-park-guell\/","name":"Le Park G\u00fcell - Dosde","isPartOf":{"@id":"https:\/\/pre.dosde.com\/fr\/#website"},"primaryImageOfPage":{"@id":"https:\/\/pre.dosde.com\/fr\/le-park-guell\/#primaryimage"},"image":{"@id":"https:\/\/pre.dosde.com\/fr\/le-park-guell\/#primaryimage"},"thumbnailUrl":"","datePublished":"2017-02-20T12:08:17+00:00","dateModified":"2026-08-11T08:01:32+00:00","breadcrumb":{"@id":"https:\/\/pre.dosde.com\/fr\/le-park-guell\/#breadcrumb"},"inLanguage":"fr-FR","potentialAction":[{"@type":"ReadAction","target":["https:\/\/pre.dosde.com\/fr\/le-park-guell\/"]}]},{"@type":"ImageObject","inLanguage":"fr-FR","@id":"https:\/\/pre.dosde.com\/fr\/le-park-guell\/#primaryimage","url":"","contentUrl":""},{"@type":"BreadcrumbList","@id":"https:\/\/pre.dosde.com\/fr\/le-park-guell\/#breadcrumb","itemListElement":[{"@type":"ListItem","position":1,"name":"Home","item":"https:\/\/pre.dosde.com\/fr\/"},{"@type":"ListItem","position":2,"name":"Le Park G\u00fcell"}]},{"@type":"WebSite","@id":"https:\/\/pre.dosde.com\/fr\/#website","url":"https:\/\/pre.dosde.com\/fr\/","name":"Dosde","description":"","publisher":{"@id":"https:\/\/pre.dosde.com\/fr\/#organization"},"potentialAction":[{"@type":"SearchAction","target":{"@type":"EntryPoint","urlTemplate":"https:\/\/pre.dosde.com\/fr\/?s={search_term_string}"},"query-input":{"@type":"PropertyValueSpecification","valueRequired":true,"valueName":"search_term_string"}}],"inLanguage":"fr-FR"},{"@type":"Organization","@id":"https:\/\/pre.dosde.com\/fr\/#organization","name":"Dosde","url":"https:\/\/pre.dosde.com\/fr\/","logo":{"@type":"ImageObject","inLanguage":"fr-FR","@id":"https:\/\/pre.dosde.com\/fr\/#\/schema\/logo\/image\/","url":"https:\/\/pre.dosde.com\/wp-content\/uploads\/2026\/06\/Logo.webp","contentUrl":"https:\/\/pre.dosde.com\/wp-content\/uploads\/2026\/06\/Logo.webp","width":248,"height":80,"caption":"Dosde"},"image":{"@id":"https:\/\/pre.dosde.com\/fr\/#\/schema\/logo\/image\/"}},{"@type":"Person","@id":"https:\/\/pre.dosde.com\/fr\/#\/schema\/person\/9d33726ab714fecb297e38b515472088","name":"seocom","image":{"@type":"ImageObject","inLanguage":"fr-FR","@id":"https:\/\/secure.gravatar.com\/avatar\/741433ce07ba5c431e994c0ec0272d414a5d1a9dafeb02666111e6f2eb1c0ed2?s=96&d=mm&r=g","url":"https:\/\/secure.gravatar.com\/avatar\/741433ce07ba5c431e994c0ec0272d414a5d1a9dafeb02666111e6f2eb1c0ed2?s=96&d=mm&r=g","contentUrl":"https:\/\/secure.gravatar.com\/avatar\/741433ce07ba5c431e994c0ec0272d414a5d1a9dafeb02666111e6f2eb1c0ed2?s=96&d=mm&r=g","caption":"seocom"},"sameAs":["http:\/\/qa-dosde.qamoon.es"],"url":"https:\/\/pre.dosde.com\/fr\/author\/seocom\/"}]}},"_links":{"self":[{"href":"https:\/\/pre.dosde.com\/fr\/wp-json\/wp\/v2\/posts\/1923","targetHints":{"allow":["GET"]}}],"collection":[{"href":"https:\/\/pre.dosde.com\/fr\/wp-json\/wp\/v2\/posts"}],"about":[{"href":"https:\/\/pre.dosde.com\/fr\/wp-json\/wp\/v2\/types\/post"}],"author":[{"embeddable":true,"href":"https:\/\/pre.dosde.com\/fr\/wp-json\/wp\/v2\/users\/1"}],"replies":[{"embeddable":true,"href":"https:\/\/pre.dosde.com\/fr\/wp-json\/wp\/v2\/comments?post=1923"}],"version-history":[{"count":1,"href":"https:\/\/pre.dosde.com\/fr\/wp-json\/wp\/v2\/posts\/1923\/revisions"}],"predecessor-version":[{"id":3676,"href":"https:\/\/pre.dosde.com\/fr\/wp-json\/wp\/v2\/posts\/1923\/revisions\/3676"}],"wp:featuredmedia":[{"embeddable":true,"href":"https:\/\/pre.dosde.com\/fr\/wp-json\/"}],"wp:attachment":[{"href":"https:\/\/pre.dosde.com\/fr\/wp-json\/wp\/v2\/media?parent=1923"}],"wp:term":[{"taxonomy":"category","embeddable":true,"href":"https:\/\/pre.dosde.com\/fr\/wp-json\/wp\/v2\/categories?post=1923"},{"taxonomy":"post_tag","embeddable":true,"href":"https:\/\/pre.dosde.com\/fr\/wp-json\/wp\/v2\/tags?post=1923"}],"curies":[{"name":"wp","href":"https:\/\/api.w.org\/{rel}","templated":true}]}}