{"id":1926,"date":"2017-02-20T12:19:31","date_gmt":"2017-02-20T12:19:31","guid":{"rendered":"https:\/\/www.dosde.com\/blog\/?p=404\/"},"modified":"2026-08-11T08:01:32","modified_gmt":"2026-08-11T08:01:32","slug":"la-pedrera-casa-mila","status":"publish","type":"post","link":"https:\/\/pre.dosde.com\/fr\/la-pedrera-casa-mila\/","title":{"rendered":"La Pedrera &#8211; Casa Mil\u00e1"},"content":{"rendered":"<h2>Qu\u2019est-ce que La Pedrera ?<\/h2>\n<p>Situ\u00e9e sur le Passeig de Gr\u00e0cia, au c\u0153ur de l\u2019Eixample de Barcelone,<strong> La Pedrera est le dernier \u00e9difice civil imagin\u00e9 par l\u2019architecte Antoni Gaud\u00ed<\/strong> avant de se consacrer exclusivement \u00e0 la Sagrada Familia. La maison fut construite entre 1906 et 1912, en pleine p\u00e9riode de maturit\u00e9 artistique de Gaud\u00ed, qui s\u2019inspira des formes de la nature pour cr\u00e9er l\u2019une des \u0153uvres les plus suggestives de l\u2019architecture moderniste.<\/p>\n<p>&nbsp;<\/p>\n<p>Critiqu\u00e9e \u00e0 l\u2019\u00e9poque pour son originalit\u00e9 excessive, La Pedrera (\u00e9galement appel\u00e9e Casa Mil\u00e0), rejoint la liste du <a href=\"http:\/\/whc.unesco.org\/es\/list\/320\">patrimoine mondial de l\u2019Unesco<\/a> en 1984. Trois ans plus tard, elle ouvrit ses portes au public. Depuis, elle a \u00e9t\u00e9 visit\u00e9e par des millions de personnes d\u00e9sireuses de d\u00e9couvrir le g\u00e9nial univers de Gaud\u00ed.<\/p>\n<p>&nbsp;<\/p>\n<h2>Les origines de La Pedrera<\/h2>\n<p><a href=\"https:\/\/qa-dosde.qamoon.es\/wp-content\/uploads\/2017\/02\/fachada-la-pedrera-gaudi-barcelona-dosde-publishing.jpg\"><img loading=\"lazy\" decoding=\"async\" class=\"alignnone wp-image-583 size-full\" src=\"https:\/\/qa-dosde.qamoon.es\/wp-content\/uploads\/2017\/02\/fachada-la-pedrera-gaudi-barcelona-dosde-publishing.jpg\" alt=\"Fa\u00e7ade de La Pedrera d'Antoni Gaud\u00ed\" width=\"900\" height=\"700\" \/><\/a><\/p>\n<p>&nbsp;<\/p>\n<p>Pere Mil\u00e0 et Roser Segimon \u00e9taient un couple de la haute bourgeoisie qui voulait, comme la plupart des familles riches de Barcelone, <strong>vivre sur le Passeig de Gr\u00e0cia, paradigme de la splendeur bourgeoise<\/strong>. Mil\u00e0 \u00e9tait un dandy, un promoteur et le propri\u00e9taire des ar\u00e8nes Monumental de Barcelone. Segimon \u00e9tait une jeune veuve et son premier mari, un nouveau riche de 38\u00a0ans son a\u00een\u00e9, lui avait l\u00e9gu\u00e9 sa fortune.<\/p>\n<p>&nbsp;<\/p>\n<p>Apr\u00e8s leur mariage en 1905, le couple d\u00e9cida d\u2019investir une partie de l\u2019h\u00e9ritage dans l\u2019achat d\u2019un grand terrain situ\u00e9 \u00e0 l\u2019angle du Passeig de Gr\u00e0cia et de la rue Proven\u00e7a. Ils confi\u00e8rent les travaux \u00e0 Antoni Gaud\u00ed, qui achevait la r\u00e9novation de la\u00a0Casa Batll\u00f2, dont le promoteur \u00e9tait l\u2019associ\u00e9 du p\u00e8re de Mil\u00e0. L\u2019architecte <strong>con\u00e7ut La Pedrera de Barcelona comme un grand immeuble avec un rez-de-chauss\u00e9e et cinq \u00e9tages<\/strong> et r\u00e9serva toute la surface du premier \u00e9tage aux Mil\u00e0.<\/p>\n<p>&nbsp;<\/p>\n<p>Cependant, tr\u00e8s vite, des diff\u00e9rends se manifest\u00e8rent entre Gaud\u00ed \u2013qui \u00e0 54 ans et en pleine maturit\u00e9 cr\u00e9ative exigeait une totale libert\u00e9 de travail\u2013 et les promoteurs, en d\u00e9saccord avec les exc\u00e8s budg\u00e9taires de l\u2019architecte et nombre de ses id\u00e9es structurelles et d\u00e9coratives risqu\u00e9es.<\/p>\n<p>&nbsp;<\/p>\n<p>La soci\u00e9t\u00e9 n\u2019\u00e9tait pas pr\u00eate non plus \u00e0 accepter une \u0153uvre si audacieuse et la presse de l\u2019\u00e9poque ne cessait de publier des articles railleurs concernant l\u2019\u00e9difice de Gaud\u00ed. Malgr\u00e9 cette incompr\u00e9hension initiale, La Pedrera \u2013carri\u00e8re en catalan, surnom que re\u00e7ut la Casa Mil\u00e0 de Barcelone pour sa fa\u00e7ade pierreuse\u2013 <strong>repr\u00e9sente l\u2019apog\u00e9e du style personnel que le g\u00e9nie perfectionna<\/strong> dans ses \u0153uvres pr\u00e9c\u00e9dentes.<\/p>\n<p>&nbsp;<\/p>\n<p><a href=\"https:\/\/www.dosde.com\/fr\/la-pedrera-casa-mila-residence-visuelle.html\"><img decoding=\"async\" class=\"aligncenter size-full wp-image-3641\" src=\"https:\/\/qa-dosde.qamoon.es\/wp-content\/uploads\/2017\/02\/Boton-descubrir-mas-FR.png\" alt=\"\" \/><\/a><\/p>\n<h2>Les fa\u00e7ades de La Pedrera<\/h2>\n<p><a href=\"https:\/\/qa-dosde.qamoon.es\/wp-content\/uploads\/2017\/02\/fachada-actual-la-pedrera-gaudi-barcelona-dosde-publishing.jpg\"><img loading=\"lazy\" decoding=\"async\" class=\"alignnone wp-image-584 size-full\" src=\"https:\/\/qa-dosde.qamoon.es\/wp-content\/uploads\/2017\/02\/fachada-actual-la-pedrera-gaudi-barcelona-dosde-publishing.jpg\" alt=\"Fa\u00e7ade principale de La Pedrera d'Antoni Gaud\u00ed\" width=\"1920\" height=\"1126\" \/><\/a><\/p>\n<p>&nbsp;<\/p>\n<p>La Pedrera compte trois fa\u00e7ades : une sur le Passeig de Gr\u00e0cia, une autre en angle et une sur la rue Proven\u00e7a. Elles partagent robustesse et dynamisme, deux concepts en principe oppos\u00e9s qui <strong>unissent harmonieusement la solidit\u00e9 de la pierre et la fluidit\u00e9 des ondulations<\/strong>, la sinuosit\u00e9 des balcons et l\u2019irr\u00e9gularit\u00e9 des 150 fen\u00eatres.<\/p>\n<p>&nbsp;<\/p>\n<p>Avec une hauteur de 30 m\u00e8tres, les 84 m\u00e8tres de long de La Pedrera sont r\u00e9partis de fa\u00e7on in\u00e9gale. La fa\u00e7ade la plus longue, qui mesure 43,35 m\u00e8tres, est celle de la rue Proven\u00e7a alors que les deux autres ont chacune une longueur de 20 m\u00e8tres. L\u2019ensemble est unifi\u00e9 au moyen de s\u00e9quences horizontales situ\u00e9es entre chaque \u00e9tage.<\/p>\n<p>&nbsp;<\/p>\n<p>Les fa\u00e7ades sont <strong>construites avec la pierre originaire de Vilafranca del Pened\u00e8s et du Garraf<\/strong>. Sa couleur cr\u00e8me caract\u00e9ristique fait l\u2019objet de variations constantes aussi bien durant la journ\u00e9e qu\u2019au cours des saisons. Ces variations sont dues au d\u00e9placement du soleil qui, alli\u00e9 \u00e0 la texture de la pierre, g\u00e9n\u00e8re une sensation de mouvement.<\/p>\n<p>&nbsp;<\/p>\n<h2>Les acc\u00e8s de La Pedrera<\/h2>\n<p>[metaslider id=1297]<\/p>\n<p>Pour les acc\u00e8s \u00e0 La Pedrera, <strong>Gaud\u00ed opta pour une architecture fonctionnelle et dynamique<\/strong> permettant de passer d\u2019un espace \u00e0 un autre de fa\u00e7on fluide et naturelle. Les deux grandes portes d\u2019entr\u00e9e en verre et fer forg\u00e9 finement travaill\u00e9es permettent de voir \u00e0 l\u2019int\u00e9rieur des vestibules et facilitent la communication avec l\u2019ext\u00e9rieur. Les vestibules et les grandes cours servent de zone de transition entre la rue et les appartements.<\/p>\n<p>&nbsp;<\/p>\n<p>L\u2019architecte Antoni Gaud\u00ed organisa tout le rez-de-chauss\u00e9e de La Pedrera autour des <strong>deux cours centrales<\/strong> qui furent pens\u00e9es, d\u2019une part,<strong> pour apporter la lumi\u00e8re naturelle et la ventilation n\u00e9cessaires<\/strong> aux logements, d\u2019autre part pour centraliser la circulation vers les diff\u00e9rents \u00e9tages de l\u2019\u00e9difice. Mais l\u2019un des concepts les plus r\u00e9volutionnaires pour l\u2019\u00e9poque fut de pr\u00e9voir des ascenseurs pour acc\u00e9der aux appartements de location, les escaliers restant des acc\u00e8s auxiliaires et de service.<\/p>\n<p>&nbsp;<\/p>\n<h2>L\u2019int\u00e9rieur de La Pedrera: les logements<\/h2>\n<p>[metaslider id=1317]<\/p>\n<p>Les \u00e9tages destin\u00e9s aux appartements de La Pedrera s\u2019organisent autour d\u2019un concept de l\u2019espace innovant et d\u2019<strong>une nouvelle interpr\u00e9tation de l\u2019architecture<\/strong>. Il s\u2019agit du syst\u00e8me d\u2019\u00e9tage libre auquel recourut Gaud\u00ed pour \u00e9difier les appartements, en avance sur les techniques de l\u2019\u00e9poque.<\/p>\n<p>&nbsp;<\/p>\n<p>Gr\u00e2ce \u00e0 cette innovation, tout l\u2019\u00e9difice repose sur une structure de colonnes et de poutres, <strong>m\u00e9taphoriquement similaire \u00e0 un squelette, ce qui permet d\u2019\u00e9liminer les murs porteurs<\/strong> et d\u2019organiser les \u00e9tages et l\u2019int\u00e9rieur des appartements en toute libert\u00e9. De fait, tous les \u00e9tages avaient une configuration diff\u00e9rente et tous les appartements pr\u00e9sentaient une diversit\u00e9 et une variabilit\u00e9 impensable \u00e0 l\u2019\u00e9poque, les murs, amovibles, pouvant \u00eatre plac\u00e9s n\u2019importe o\u00f9, voire retir\u00e9s.<\/p>\n<p>&nbsp;<\/p>\n<p>Mais, derri\u00e8re cette innovation, il y avait une intention fonctionnelle puisque Gaud\u00ed souhaitait faciliter les \u00e9ventuelles reconversions des appartements de La Pedrera, c\u2019est-\u00e0-dire les modifier et les modeler selon les besoins futurs des diff\u00e9rents locataires et propri\u00e9taires.<\/p>\n<p>&nbsp;<\/p>\n<h2>Le grenier<\/h2>\n<p><a href=\"https:\/\/qa-dosde.qamoon.es\/wp-content\/uploads\/2017\/02\/desvan-la-pedrera-gaudi-barcelona-dosde-publishing.jpg\"><img loading=\"lazy\" decoding=\"async\" class=\"alignnone wp-image-827 size-full\" src=\"https:\/\/qa-dosde.qamoon.es\/wp-content\/uploads\/2017\/02\/desvan-la-pedrera-gaudi-barcelona-dosde-publishing.jpg\" alt=\"Arches du grenier de La Pedrera d'Antoni Gaud\u00ed\" width=\"900\" height=\"600\" \/><\/a><\/p>\n<p>&nbsp;<\/p>\n<p>Gaud\u00ed aborde le dernier \u00e9tage, <strong>le grenier, comme une grande pi\u00e8ce qui couronne La Pedrera<\/strong>, tant du point de vue plastique que du point de vue fonctionnel. C\u2019est ainsi qu\u2019il dote cet espace d\u2019un syst\u00e8me architectonique propre et de formes singuli\u00e8res nettement marqu\u00e9es. Il s\u2019agit d\u2019une construction ind\u00e9pendante des autres \u00e9tages o\u00f9 se situent les appartements, une structure au-dessus d\u2019une autre structure et un espace recouvrant diff\u00e9rentes fonctions et personnalit\u00e9s.<\/p>\n<p>&nbsp;<\/p>\n<p>Gaud\u00ed con\u00e7oit le grenier de La Pedrera comme<strong> une chambre isolante face aux temp\u00e9ratures extr\u00eames<\/strong>, \u00e9t\u00e9 comme hiver, une solution thermor\u00e9gulatrice qui s\u2019inspire du mod\u00e8le de la mansarde catalane, habituelle dans les fermes et les manoirs.<\/p>\n<p>&nbsp;<\/p>\n<p>Toutefois, au lieu de construire cette chambre isolante avec des murs et des poutres selon la m\u00e9thode traditionnelle, <strong>l\u2019architecte choisit d\u2019y poser 270 arches en brique<\/strong>, de diff\u00e9rentes hauteurs et largeurs, toutes paraboliques, c\u2019est-\u00e0-dire similaires \u00e0 une demi-ellipse ouverte et sym\u00e9trique par rapport \u00e0 un axe. En outre, ces arches, sur lesquelles repose la terrasse de La Pedrera, cr\u00e9ent dans le grenier une s\u00e9quence ondul\u00e9e et pleine de mouvement.<\/p>\n<p>&nbsp;<\/p>\n<p>Cet espace appara\u00eet donc comme un \u00e9tage libre et continu, sans murs ni colonnes, avec des arcs qui sugg\u00e8rent un espace organique ressemblant \u00e0 l\u2019int\u00e9rieur d\u2019un grand animal.<\/p>\n<p>&nbsp;<\/p>\n<h2>La terrasse de La Pedrera<\/h2>\n<p><a href=\"https:\/\/qa-dosde.qamoon.es\/wp-content\/uploads\/2017\/02\/20-015-00_C07.jpg\"><img loading=\"lazy\" decoding=\"async\" class=\"alignnone wp-image-576 size-full\" src=\"https:\/\/qa-dosde.qamoon.es\/wp-content\/uploads\/2017\/02\/20-015-00_C07.jpg\" alt=\"La terrasse de La Pedrera d'Antoni Gaud\u00ed\" width=\"900\" height=\"600\" \/><\/a><\/p>\n<p>&nbsp;<\/p>\n<p>Gaud\u00ed a d\u00e9ploy\u00e9 toute sa capacit\u00e9 cr\u00e9ative et expressive sur la terrasse de La Pedrera, transformant cet espace, souvent laiss\u00e9-pour-compte au d\u00e9but du XXe si\u00e8cle lors de la conception d\u2019un \u00e9difice, en un univers de <strong>formes, de silhouettes et de textures originales qui transcende l\u2019architecture<\/strong> pour devenir une v\u00e9ritable \u0153uvre d\u2019art.<\/p>\n<p>&nbsp;<\/p>\n<p>D\u2019un point de vue formel, la premi\u00e8re intention de l\u2019architecte \u00e9tait de couronner l\u2019\u00e9difice d\u2019une terrasse en harmonie avec les rythmes ondulants qui caract\u00e9risent la fa\u00e7ade. D\u2019o\u00f9 sa construction sur diff\u00e9rents niveaux reli\u00e9s par des escaliers qui se diff\u00e9rencient par leur nombre de marches, leur dimension et leur forme. Cette structure \u00e9chelonn\u00e9e correspond aux hauteurs irr\u00e9guli\u00e8res des arcs du grenier sur lesquels, pr\u00e9cis\u00e9ment, repose la terrasse. Par ailleurs, Gaud\u00ed aborde le fonctionnalisme de la terrasse en regroupant et en organisant l\u2019ensemble des \u00e9l\u00e9ments de ce niveau : les sorties d\u2019escalier, les chemin\u00e9es et les tours de ventilation.<\/p>\n<p>&nbsp;<\/p>\n<p>Devenues de v\u00e9ritables sculptures, ces formes fantastiques ont suscit\u00e9 diverses interpr\u00e9tations et ont \u00e9t\u00e9 rattach\u00e9es \u00e0 diff\u00e9rents aspects symboliques au fil du temps. Ainsi, en combinant art et architecture, Antoni Gaud\u00ed cr\u00e9e un espace unique extr\u00eamement suggestif et \u00e9vocateur.<\/p>\n<p>&nbsp;<\/p>\n<h2>La meilleure fa\u00e7on de d\u00e9couvrir La Pedrera<\/h2>\n<p>La Pedrera fut la derni\u00e8re \u0153uvre civile d&rsquo;Antoni Gaud\u00ed. L&rsquo;architecte a associ\u00e9 esth\u00e9tique et fonctionnalit\u00e9 pour cr\u00e9er une sculpture architectonique monumentale de conception r\u00e9volutionnaire. <strong>La Pedrera souleva \u00e0 l&rsquo;\u00e9poque une vive pol\u00e9mique quant \u00e0 son aspect original.<\/strong><\/p>\n<p>&nbsp;<\/p>\n<p>Ce livre sur <a href=\"https:\/\/www.dosde.com\/fr\/la-pedrera-casa-mila-residence-visuelle.html\">La Pedrera &#8211; Casa Mila<\/a> propose un parcours visuel de l\u2019\u00e9difice de Gaud\u00ed qui permettra au lecteur de d\u00e9couvrir en d\u00e9tail l\u2019int\u00e9rieur et l\u2019ext\u00e9rieur de la Casa Mil\u00e0. \u00c9dit\u00e9 par <a href=\"https:\/\/www.dosde.com\/fr\/\">Dosde<\/a>, le livre inclut de nombreuses photos et illustrations\u00a03D\u00a0r\u00e9alis\u00e9es exclusivement pour ce livre.<\/p>\n<p><a href=\"https:\/\/www.dosde.com\/fr\/la-pedrera-casa-mila-residence-visuelle.html\"><img loading=\"lazy\" decoding=\"async\" class=\"aligncenter wp-image-1935 size-full\" src=\"https:\/\/qa-dosde.qamoon.es\/wp-content\/uploads\/2017\/02\/couverture-la-pedrera-casa-mila-gaudi-livre-francais-dosde-publishing_978-84-15818-35-9_20-015-02_B11.jpg\" alt=\"Livre de La Pedrera d'Antoni Gaud\u00ed\" width=\"700\" height=\"388\" \/><\/a><\/p>\n","protected":false},"excerpt":{"rendered":"Qu\u2019est-ce que La Pedrera ? Situ\u00e9e sur le Passeig de Gr\u00e0cia, au c\u0153ur de l\u2019Eixample de Barcelone, La Pedrera est le dernier \u00e9difice civil imagin\u00e9 par l\u2019architecte Antoni Gaud\u00ed avant de se consacrer exclusivement \u00e0 la Sagrada Familia. La maison fut construite entre 1906 et 1912, en pleine p\u00e9riode de maturit\u00e9 artistique de Gaud\u00ed, qui &#8230; <a title=\"La Pedrera &#8211; Casa Mil\u00e1\" class=\"read-more\" href=\"https:\/\/pre.dosde.com\/fr\/la-pedrera-casa-mila\/\" aria-label=\"En savoir plus sur La Pedrera &#8211; Casa Mil\u00e1\">Lire la suite<\/a>","protected":false},"author":1,"featured_media":509,"comment_status":"open","ping_status":"open","sticky":false,"template":"","format":"standard","meta":{"_acf_changed":false,"footnotes":""},"categories":[53],"tags":[],"class_list":["post-1926","post","type-post","status-publish","format-standard","has-post-thumbnail","hentry","category-barcelone"],"acf":[],"yoast_head":"<!-- This site is optimized with the Yoast SEO plugin v28.3 - https:\/\/yoast.com\/product\/yoast-seo-wordpress\/ -->\n<title>La Pedrera - Casa Mil\u00e1 - Dosde<\/title>\n<meta name=\"robots\" content=\"noindex, follow, max-snippet:-1, max-image-preview:large, max-video-preview:-1\" \/>\n<meta property=\"og:locale\" content=\"fr_FR\" \/>\n<meta property=\"og:type\" content=\"article\" \/>\n<meta property=\"og:title\" content=\"La Pedrera - Casa Mil\u00e1 - Dosde\" \/>\n<meta property=\"og:description\" content=\"Qu\u2019est-ce que La Pedrera ? Situ\u00e9e sur le Passeig de Gr\u00e0cia, au c\u0153ur de l\u2019Eixample de Barcelone, La Pedrera est le dernier \u00e9difice civil imagin\u00e9 par l\u2019architecte Antoni Gaud\u00ed avant de se consacrer exclusivement \u00e0 la Sagrada Familia. La maison fut construite entre 1906 et 1912, en pleine p\u00e9riode de maturit\u00e9 artistique de Gaud\u00ed, qui ... Lire la suite\" \/>\n<meta property=\"og:url\" content=\"https:\/\/pre.dosde.com\/fr\/la-pedrera-casa-mila\/\" \/>\n<meta property=\"og:site_name\" content=\"Dosde\" \/>\n<meta property=\"article:published_time\" content=\"2017-02-20T12:19:31+00:00\" \/>\n<meta property=\"article:modified_time\" content=\"2026-08-11T08:01:32+00:00\" \/>\n<meta name=\"author\" content=\"seocom\" \/>\n<meta name=\"twitter:card\" content=\"summary_large_image\" \/>\n<meta name=\"twitter:label1\" content=\"\u00c9crit par\" \/>\n\t<meta name=\"twitter:data1\" content=\"seocom\" \/>\n\t<meta name=\"twitter:label2\" content=\"Dur\u00e9e de lecture estim\u00e9e\" \/>\n\t<meta name=\"twitter:data2\" content=\"8 minutes\" \/>\n<script type=\"application\/ld+json\" class=\"yoast-schema-graph\">{\"@context\":\"https:\\\/\\\/schema.org\",\"@graph\":[{\"@type\":\"Article\",\"@id\":\"https:\\\/\\\/pre.dosde.com\\\/fr\\\/la-pedrera-casa-mila\\\/#article\",\"isPartOf\":{\"@id\":\"https:\\\/\\\/pre.dosde.com\\\/fr\\\/la-pedrera-casa-mila\\\/\"},\"author\":{\"name\":\"seocom\",\"@id\":\"https:\\\/\\\/pre.dosde.com\\\/fr\\\/#\\\/schema\\\/person\\\/9d33726ab714fecb297e38b515472088\"},\"headline\":\"La Pedrera &#8211; Casa Mil\u00e1\",\"datePublished\":\"2017-02-20T12:19:31+00:00\",\"dateModified\":\"2026-08-11T08:01:32+00:00\",\"mainEntityOfPage\":{\"@id\":\"https:\\\/\\\/pre.dosde.com\\\/fr\\\/la-pedrera-casa-mila\\\/\"},\"wordCount\":1588,\"commentCount\":0,\"publisher\":{\"@id\":\"https:\\\/\\\/pre.dosde.com\\\/fr\\\/#organization\"},\"image\":{\"@id\":\"https:\\\/\\\/pre.dosde.com\\\/fr\\\/la-pedrera-casa-mila\\\/#primaryimage\"},\"thumbnailUrl\":\"\",\"articleSection\":[\"Barcelone\"],\"inLanguage\":\"fr-FR\",\"potentialAction\":[{\"@type\":\"CommentAction\",\"name\":\"Comment\",\"target\":[\"https:\\\/\\\/pre.dosde.com\\\/fr\\\/la-pedrera-casa-mila\\\/#respond\"]}]},{\"@type\":\"WebPage\",\"@id\":\"https:\\\/\\\/pre.dosde.com\\\/fr\\\/la-pedrera-casa-mila\\\/\",\"url\":\"https:\\\/\\\/pre.dosde.com\\\/fr\\\/la-pedrera-casa-mila\\\/\",\"name\":\"La Pedrera - Casa Mil\u00e1 - Dosde\",\"isPartOf\":{\"@id\":\"https:\\\/\\\/pre.dosde.com\\\/fr\\\/#website\"},\"primaryImageOfPage\":{\"@id\":\"https:\\\/\\\/pre.dosde.com\\\/fr\\\/la-pedrera-casa-mila\\\/#primaryimage\"},\"image\":{\"@id\":\"https:\\\/\\\/pre.dosde.com\\\/fr\\\/la-pedrera-casa-mila\\\/#primaryimage\"},\"thumbnailUrl\":\"\",\"datePublished\":\"2017-02-20T12:19:31+00:00\",\"dateModified\":\"2026-08-11T08:01:32+00:00\",\"breadcrumb\":{\"@id\":\"https:\\\/\\\/pre.dosde.com\\\/fr\\\/la-pedrera-casa-mila\\\/#breadcrumb\"},\"inLanguage\":\"fr-FR\",\"potentialAction\":[{\"@type\":\"ReadAction\",\"target\":[\"https:\\\/\\\/pre.dosde.com\\\/fr\\\/la-pedrera-casa-mila\\\/\"]}]},{\"@type\":\"ImageObject\",\"inLanguage\":\"fr-FR\",\"@id\":\"https:\\\/\\\/pre.dosde.com\\\/fr\\\/la-pedrera-casa-mila\\\/#primaryimage\",\"url\":\"\",\"contentUrl\":\"\"},{\"@type\":\"BreadcrumbList\",\"@id\":\"https:\\\/\\\/pre.dosde.com\\\/fr\\\/la-pedrera-casa-mila\\\/#breadcrumb\",\"itemListElement\":[{\"@type\":\"ListItem\",\"position\":1,\"name\":\"Home\",\"item\":\"https:\\\/\\\/pre.dosde.com\\\/fr\\\/\"},{\"@type\":\"ListItem\",\"position\":2,\"name\":\"La Pedrera &#8211; Casa Mil\u00e1\"}]},{\"@type\":\"WebSite\",\"@id\":\"https:\\\/\\\/pre.dosde.com\\\/fr\\\/#website\",\"url\":\"https:\\\/\\\/pre.dosde.com\\\/fr\\\/\",\"name\":\"Dosde\",\"description\":\"\",\"publisher\":{\"@id\":\"https:\\\/\\\/pre.dosde.com\\\/fr\\\/#organization\"},\"potentialAction\":[{\"@type\":\"SearchAction\",\"target\":{\"@type\":\"EntryPoint\",\"urlTemplate\":\"https:\\\/\\\/pre.dosde.com\\\/fr\\\/?s={search_term_string}\"},\"query-input\":{\"@type\":\"PropertyValueSpecification\",\"valueRequired\":true,\"valueName\":\"search_term_string\"}}],\"inLanguage\":\"fr-FR\"},{\"@type\":\"Organization\",\"@id\":\"https:\\\/\\\/pre.dosde.com\\\/fr\\\/#organization\",\"name\":\"Dosde\",\"url\":\"https:\\\/\\\/pre.dosde.com\\\/fr\\\/\",\"logo\":{\"@type\":\"ImageObject\",\"inLanguage\":\"fr-FR\",\"@id\":\"https:\\\/\\\/pre.dosde.com\\\/fr\\\/#\\\/schema\\\/logo\\\/image\\\/\",\"url\":\"https:\\\/\\\/pre.dosde.com\\\/wp-content\\\/uploads\\\/2026\\\/06\\\/Logo.webp\",\"contentUrl\":\"https:\\\/\\\/pre.dosde.com\\\/wp-content\\\/uploads\\\/2026\\\/06\\\/Logo.webp\",\"width\":248,\"height\":80,\"caption\":\"Dosde\"},\"image\":{\"@id\":\"https:\\\/\\\/pre.dosde.com\\\/fr\\\/#\\\/schema\\\/logo\\\/image\\\/\"}},{\"@type\":\"Person\",\"@id\":\"https:\\\/\\\/pre.dosde.com\\\/fr\\\/#\\\/schema\\\/person\\\/9d33726ab714fecb297e38b515472088\",\"name\":\"seocom\",\"image\":{\"@type\":\"ImageObject\",\"inLanguage\":\"fr-FR\",\"@id\":\"https:\\\/\\\/secure.gravatar.com\\\/avatar\\\/741433ce07ba5c431e994c0ec0272d414a5d1a9dafeb02666111e6f2eb1c0ed2?s=96&d=mm&r=g\",\"url\":\"https:\\\/\\\/secure.gravatar.com\\\/avatar\\\/741433ce07ba5c431e994c0ec0272d414a5d1a9dafeb02666111e6f2eb1c0ed2?s=96&d=mm&r=g\",\"contentUrl\":\"https:\\\/\\\/secure.gravatar.com\\\/avatar\\\/741433ce07ba5c431e994c0ec0272d414a5d1a9dafeb02666111e6f2eb1c0ed2?s=96&d=mm&r=g\",\"caption\":\"seocom\"},\"sameAs\":[\"http:\\\/\\\/qa-dosde.qamoon.es\"],\"url\":\"https:\\\/\\\/pre.dosde.com\\\/fr\\\/author\\\/seocom\\\/\"}]}<\/script>\n<!-- \/ Yoast SEO plugin. -->","yoast_head_json":{"title":"La Pedrera - Casa Mil\u00e1 - Dosde","robots":{"index":"noindex","follow":"follow","max-snippet":"max-snippet:-1","max-image-preview":"max-image-preview:large","max-video-preview":"max-video-preview:-1"},"og_locale":"fr_FR","og_type":"article","og_title":"La Pedrera - Casa Mil\u00e1 - Dosde","og_description":"Qu\u2019est-ce que La Pedrera ? Situ\u00e9e sur le Passeig de Gr\u00e0cia, au c\u0153ur de l\u2019Eixample de Barcelone, La Pedrera est le dernier \u00e9difice civil imagin\u00e9 par l\u2019architecte Antoni Gaud\u00ed avant de se consacrer exclusivement \u00e0 la Sagrada Familia. La maison fut construite entre 1906 et 1912, en pleine p\u00e9riode de maturit\u00e9 artistique de Gaud\u00ed, qui ... Lire la suite","og_url":"https:\/\/pre.dosde.com\/fr\/la-pedrera-casa-mila\/","og_site_name":"Dosde","article_published_time":"2017-02-20T12:19:31+00:00","article_modified_time":"2026-08-11T08:01:32+00:00","author":"seocom","twitter_card":"summary_large_image","twitter_misc":{"\u00c9crit par":"seocom","Dur\u00e9e de lecture estim\u00e9e":"8 minutes"},"schema":{"@context":"https:\/\/schema.org","@graph":[{"@type":"Article","@id":"https:\/\/pre.dosde.com\/fr\/la-pedrera-casa-mila\/#article","isPartOf":{"@id":"https:\/\/pre.dosde.com\/fr\/la-pedrera-casa-mila\/"},"author":{"name":"seocom","@id":"https:\/\/pre.dosde.com\/fr\/#\/schema\/person\/9d33726ab714fecb297e38b515472088"},"headline":"La Pedrera &#8211; Casa Mil\u00e1","datePublished":"2017-02-20T12:19:31+00:00","dateModified":"2026-08-11T08:01:32+00:00","mainEntityOfPage":{"@id":"https:\/\/pre.dosde.com\/fr\/la-pedrera-casa-mila\/"},"wordCount":1588,"commentCount":0,"publisher":{"@id":"https:\/\/pre.dosde.com\/fr\/#organization"},"image":{"@id":"https:\/\/pre.dosde.com\/fr\/la-pedrera-casa-mila\/#primaryimage"},"thumbnailUrl":"","articleSection":["Barcelone"],"inLanguage":"fr-FR","potentialAction":[{"@type":"CommentAction","name":"Comment","target":["https:\/\/pre.dosde.com\/fr\/la-pedrera-casa-mila\/#respond"]}]},{"@type":"WebPage","@id":"https:\/\/pre.dosde.com\/fr\/la-pedrera-casa-mila\/","url":"https:\/\/pre.dosde.com\/fr\/la-pedrera-casa-mila\/","name":"La Pedrera - Casa Mil\u00e1 - Dosde","isPartOf":{"@id":"https:\/\/pre.dosde.com\/fr\/#website"},"primaryImageOfPage":{"@id":"https:\/\/pre.dosde.com\/fr\/la-pedrera-casa-mila\/#primaryimage"},"image":{"@id":"https:\/\/pre.dosde.com\/fr\/la-pedrera-casa-mila\/#primaryimage"},"thumbnailUrl":"","datePublished":"2017-02-20T12:19:31+00:00","dateModified":"2026-08-11T08:01:32+00:00","breadcrumb":{"@id":"https:\/\/pre.dosde.com\/fr\/la-pedrera-casa-mila\/#breadcrumb"},"inLanguage":"fr-FR","potentialAction":[{"@type":"ReadAction","target":["https:\/\/pre.dosde.com\/fr\/la-pedrera-casa-mila\/"]}]},{"@type":"ImageObject","inLanguage":"fr-FR","@id":"https:\/\/pre.dosde.com\/fr\/la-pedrera-casa-mila\/#primaryimage","url":"","contentUrl":""},{"@type":"BreadcrumbList","@id":"https:\/\/pre.dosde.com\/fr\/la-pedrera-casa-mila\/#breadcrumb","itemListElement":[{"@type":"ListItem","position":1,"name":"Home","item":"https:\/\/pre.dosde.com\/fr\/"},{"@type":"ListItem","position":2,"name":"La Pedrera &#8211; Casa Mil\u00e1"}]},{"@type":"WebSite","@id":"https:\/\/pre.dosde.com\/fr\/#website","url":"https:\/\/pre.dosde.com\/fr\/","name":"Dosde","description":"","publisher":{"@id":"https:\/\/pre.dosde.com\/fr\/#organization"},"potentialAction":[{"@type":"SearchAction","target":{"@type":"EntryPoint","urlTemplate":"https:\/\/pre.dosde.com\/fr\/?s={search_term_string}"},"query-input":{"@type":"PropertyValueSpecification","valueRequired":true,"valueName":"search_term_string"}}],"inLanguage":"fr-FR"},{"@type":"Organization","@id":"https:\/\/pre.dosde.com\/fr\/#organization","name":"Dosde","url":"https:\/\/pre.dosde.com\/fr\/","logo":{"@type":"ImageObject","inLanguage":"fr-FR","@id":"https:\/\/pre.dosde.com\/fr\/#\/schema\/logo\/image\/","url":"https:\/\/pre.dosde.com\/wp-content\/uploads\/2026\/06\/Logo.webp","contentUrl":"https:\/\/pre.dosde.com\/wp-content\/uploads\/2026\/06\/Logo.webp","width":248,"height":80,"caption":"Dosde"},"image":{"@id":"https:\/\/pre.dosde.com\/fr\/#\/schema\/logo\/image\/"}},{"@type":"Person","@id":"https:\/\/pre.dosde.com\/fr\/#\/schema\/person\/9d33726ab714fecb297e38b515472088","name":"seocom","image":{"@type":"ImageObject","inLanguage":"fr-FR","@id":"https:\/\/secure.gravatar.com\/avatar\/741433ce07ba5c431e994c0ec0272d414a5d1a9dafeb02666111e6f2eb1c0ed2?s=96&d=mm&r=g","url":"https:\/\/secure.gravatar.com\/avatar\/741433ce07ba5c431e994c0ec0272d414a5d1a9dafeb02666111e6f2eb1c0ed2?s=96&d=mm&r=g","contentUrl":"https:\/\/secure.gravatar.com\/avatar\/741433ce07ba5c431e994c0ec0272d414a5d1a9dafeb02666111e6f2eb1c0ed2?s=96&d=mm&r=g","caption":"seocom"},"sameAs":["http:\/\/qa-dosde.qamoon.es"],"url":"https:\/\/pre.dosde.com\/fr\/author\/seocom\/"}]}},"_links":{"self":[{"href":"https:\/\/pre.dosde.com\/fr\/wp-json\/wp\/v2\/posts\/1926","targetHints":{"allow":["GET"]}}],"collection":[{"href":"https:\/\/pre.dosde.com\/fr\/wp-json\/wp\/v2\/posts"}],"about":[{"href":"https:\/\/pre.dosde.com\/fr\/wp-json\/wp\/v2\/types\/post"}],"author":[{"embeddable":true,"href":"https:\/\/pre.dosde.com\/fr\/wp-json\/wp\/v2\/users\/1"}],"replies":[{"embeddable":true,"href":"https:\/\/pre.dosde.com\/fr\/wp-json\/wp\/v2\/comments?post=1926"}],"version-history":[{"count":1,"href":"https:\/\/pre.dosde.com\/fr\/wp-json\/wp\/v2\/posts\/1926\/revisions"}],"predecessor-version":[{"id":3600,"href":"https:\/\/pre.dosde.com\/fr\/wp-json\/wp\/v2\/posts\/1926\/revisions\/3600"}],"wp:attachment":[{"href":"https:\/\/pre.dosde.com\/fr\/wp-json\/wp\/v2\/media?parent=1926"}],"wp:term":[{"taxonomy":"category","embeddable":true,"href":"https:\/\/pre.dosde.com\/fr\/wp-json\/wp\/v2\/categories?post=1926"},{"taxonomy":"post_tag","embeddable":true,"href":"https:\/\/pre.dosde.com\/fr\/wp-json\/wp\/v2\/tags?post=1926"}],"curies":[{"name":"wp","href":"https:\/\/api.w.org\/{rel}","templated":true}]}}