{"id":1929,"date":"2017-02-20T12:28:50","date_gmt":"2017-02-20T12:28:50","guid":{"rendered":"https:\/\/www.dosde.com\/blog\/?p=411\/"},"modified":"2026-08-11T08:01:43","modified_gmt":"2026-08-11T08:01:43","slug":"picasso","status":"publish","type":"post","link":"https:\/\/pre.dosde.com\/fr\/picasso\/","title":{"rendered":"Pablo Picasso"},"content":{"rendered":"<h2>La vie de Picasso<\/h2>\n<p>N\u00e9 \u00e0 M\u00e1laga le 25 octobre 1881, Pablo Ruiz Picasso est consid\u00e9r\u00e9 comme <strong>l&rsquo;artiste le plus r\u00e9volutionnaire et \u00e9clectique du XXe si\u00e8cle<\/strong>, et c\u2019est l\u2019un des repr\u00e9sentants majeurs des avant-gardes artistiques. Gr\u00e2ce \u00e0 son immense capacit\u00e9 cr\u00e9ative, il a pu d\u00e9passer toutes les conventions culturelles de l&rsquo;\u00e9poque et d\u00e9finir l&rsquo;\u00e9volution des arts plastiques en <strong>participant \u00e0 la cr\u00e9ation du cubisme<\/strong>, le mouvement marquant l\u2019apog\u00e9e de sa maturit\u00e9 en tant que peintre et artiste.<\/p>\n<p>&nbsp;<\/p>\n<p>Picasso d\u00e9c\u00e8de \u00e0 91 ans \u00e0 Mougins, en France, le 8 avril 1973, laissant derri\u00e8re lui un legs in\u00e9galable.<\/p>\n<p>&nbsp;<\/p>\n<h2>Les ann\u00e9es de formation<\/h2>\n<p><a href=\"https:\/\/qa-dosde.qamoon.es\/wp-content\/uploads\/2017\/02\/retrato-picasso-casas.jpg\"><img loading=\"lazy\" decoding=\"async\" class=\"alignnone wp-image-1591 size-full\" src=\"https:\/\/qa-dosde.qamoon.es\/wp-content\/uploads\/2017\/02\/retrato-picasso-casas.jpg\" alt=\"Portrait de Picasso fait par Ram\u00f3n Casas\" width=\"900\" height=\"600\" \/><\/a><\/p>\n<p>&nbsp;<\/p>\n<p>L\u2019art entra dans <a href=\"https:\/\/www.dosde.com\/fr\/biographie-illustree-picasso-visual.html\">la vie de Picasso<\/a> d\u00e8s sa plus tendre enfance. Son p\u00e8re, Jos\u00e9 Ruiz Blasco, enseignait aux Beaux-Arts et c\u2019\u00e9tait un peintre estim\u00e9 \u00e0 M\u00e1laga sp\u00e9cialis\u00e9 dans les sc\u00e8nes d\u2019oiseaux et les natures mortes. Malgr\u00e9 une technique tr\u00e8s limit\u00e9e, il sut imm\u00e9diatement reconna\u00eetre le talent inn\u00e9 de son fils qui, d\u00e8s <strong>ses premi\u00e8res incursions dans le dessin et la peinture, fit preuve d\u2019une parfaite ma\u00eetrise<\/strong>.<\/p>\n<p>&nbsp;<\/p>\n<p>Son p\u00e8re encouragea alors le jeune Pablo \u00e0 exploiter ses capacit\u00e9s afin de s\u2019assurer un avenir prometteur et il d\u00e9cida de financer ses \u00e9tudes artistiques. Les id\u00e9aux classiques d\u2019ordre, de proportion et de beaut\u00e9 constituaient la base des programmes \u00e9ducatifs de l\u2019\u00e9poque et d\u00e9finirent in\u00e9vitablement le style de Picasso durant ces ann\u00e9es.<\/p>\n<p>&nbsp;<\/p>\n<p>Par cons\u00e9quent, les \u0153uvres \u00e9labor\u00e9es durant cette p\u00e9riode se d\u00e9tach\u00e8rent peu du langage acad\u00e9mique ; cependant, elles refl\u00e9taient d\u00e9j\u00e0 l\u2019incroyable capacit\u00e9 de l\u2019artiste \u00e0 assimiler rapidement et naturellement tout ce que les professeurs pouvaient lui enseigner.<\/p>\n<p>&nbsp;<\/p>\n<h2>Les premi\u00e8res tentatives de Picasso<\/h2>\n<p>Gr\u00e2ce \u00e0 son habilet\u00e9 inn\u00e9e et \u00e0 sa solide formation acad\u00e9mique re\u00e7ue durant l&rsquo;adolescence, Pablo Picasso put rapidement int\u00e9grer diverses ressources plastiques. Au d\u00e9but de sa trajectoire artistique, en raison de son immersion dans la soci\u00e9t\u00e9 boh\u00e8me de Barcelone et de Paris,<strong> le peintre int\u00e9gra des \u00e9l\u00e9ments propres du modernisme et de l&rsquo;impressionnisme<\/strong> \u00e0 partir desquels il d\u00e9finit un univers personnel qui se concr\u00e9tisa dans ses p\u00e9riodes bleue et rose.<\/p>\n<p>&nbsp;<\/p>\n<p>Soucieux d&rsquo;explorer toutes les possibilit\u00e9s de la peinture, il glissa finalement vers<strong> le cubisme, style qui marque l&rsquo;apog\u00e9e des exp\u00e9riences de jeunesse<\/strong> de l&rsquo;artiste andalou et qui confirme sa maturit\u00e9 intellectuelle.<\/p>\n<p>&nbsp;<\/p>\n<p><a href=\"https:\/\/www.dosde.com\/fr\/livres\/pablo-picasso.html\"><img decoding=\"async\" class=\"aligncenter size-full wp-image-3641\" src=\"https:\/\/qa-dosde.qamoon.es\/wp-content\/uploads\/2017\/02\/Boton-descubrir-mas-FR.png\" alt=\"\" \/><\/a><\/p>\n<p>&nbsp;<\/p>\n<h2>Picasso et le cubisme<\/h2>\n<p>Depuis la Renaissance, les peintres europ\u00e9ens avaient recours \u00e0 la perspective pour repr\u00e9senter le plus fid\u00e8lement possible l\u2019espace tridimensionnel sur la surface plane de la toile. D\u00e8s la fin du XIXe si\u00e8cle, en pleine \u00e8re de progr\u00e8s scientifiques et sociaux, <strong>divers artistes commenc\u00e8rent \u00e0 remettre en question cette obsession \u00e0 vouloir reproduire la r\u00e9alit\u00e9<\/strong> de fa\u00e7on illusoire et d\u00e9fendirent \u00e0 travers leurs \u0153uvres une vision plus subjective du monde.<\/p>\n<p>&nbsp;<\/p>\n<p>Ce d\u00e9sir de vouloir rechercher des solutions pour remplacer les effets optiques traditionnels fut partag\u00e9 par <strong>Picasso<\/strong>, qui se fit <strong>le repr\u00e9sentant de la rupture d\u00e9finitive avec la tradition de la Renaissance<\/strong> apr\u00e8s avoir jet\u00e9 les bases du cubisme, style qui permettait de capter divers points de vue de fa\u00e7on simultan\u00e9e.<\/p>\n<p>&nbsp;<\/p>\n<p>Catalyseurs d\u2019autres mouvements avant-gardistes comme le futurisme et le constructivisme, les exp\u00e9rimentations du peintre \u2013qui ne cessa de recourir aux solutions cubistes tout au long de sa carri\u00e8re\u2013 marqu\u00e8rent une nouvelle \u00e8re dans l\u2019histoire de l\u2019art et d\u00e9finirent les attitudes esth\u00e9tiques du XXe si\u00e8cle.<\/p>\n<p>&nbsp;<\/p>\n<h2>Du classicisme au style Picasso<\/h2>\n<p>Apr\u00e8s la Premi\u00e8re Guerre mondiale, la soci\u00e9t\u00e9 en Europe ressentit le besoin de r\u00e9cup\u00e9rer l\u2019ordre perdu durant les ann\u00e9es d\u2019affrontements. Dans ce sens, on assista \u00e0 une remise en cause des concepts formul\u00e9s par les mouvements avant-gardistes, de telle sorte que la recherche de l\u2019innovation cessa d\u2019\u00eatre le moteur principal de l\u2019art.<\/p>\n<p>&nbsp;<\/p>\n<p>Picasso ne fut pas \u00e9tranger \u00e0 cette tendance d\u2019un retour aux valeurs solides et durables et, durant le d\u00e9but de l\u2019apr\u00e8s-guerre, il alterna ses incursions dans le cubisme avec des \u0153uvres domin\u00e9es par les formes classiques.<\/p>\n<p>&nbsp;<\/p>\n<p>Par la suite, le peintre \u2013qui d\u00e8s lors savourait la reconnaissance internationale\u2013 <strong>incorpora \u00e0 sa production picturale des \u00e9l\u00e9ments typiques du surr\u00e9alisme et de l\u2019expressionnisme<\/strong>, deux courants artistiques qui surgirent avec force dans les ann\u00e9es 1920 et 1930, allant jusqu\u2019\u00e0 composer un style propre lib\u00e9r\u00e9 de toute orthodoxie et caract\u00e9ris\u00e9 par l\u2019utilisation d\u2019une iconographie r\u00e9currente et l\u2019exploration de la perception de la r\u00e9alit\u00e9.<\/p>\n<p>&nbsp;<\/p>\n<h2>Le dernier Picasso<\/h2>\n<p><img loading=\"lazy\" decoding=\"async\" class=\"alignnone wp-image-1588 size-full\" src=\"https:\/\/qa-dosde.qamoon.es\/wp-content\/uploads\/2017\/02\/museo-picasso-barcelona-dosde-publishing.jpg\" alt=\"Palacio Aguilar et centre de recherche du Mus\u00e9e Picasso de Barcelone\" width=\"900\" height=\"600\" \/><\/p>\n<p>&nbsp;<\/p>\n<p>Les derni\u00e8res ann\u00e9es de carri\u00e8re de Picasso furent marqu\u00e9es par une activit\u00e9 fr\u00e9n\u00e9tique. <strong>Exalt\u00e9 comme un mythe de la peinture par les moyens de communication<\/strong> \u2013souvent plus int\u00e9ress\u00e9s \u00e0 fouiller dans sa vie priv\u00e9e qu\u2019\u00e0 analyser sa nouvelle direction artistique\u2013, le peintre andalou semblait vouloir se prouver qu\u2019il conservait encore son instinct de jeunesse, de telle sorte qu\u2019il se vit immerg\u00e9 dans ce qui finirait par \u00eatre <strong>l\u2019une des p\u00e9riodes les plus productives de toute sa trajectoire.<\/strong><\/p>\n<p>&nbsp;<\/p>\n<p>Lib\u00e9r\u00e9 de toute contrainte d\u2019ordre stylistique, Picasso \u00e9tait capable de travailler simultan\u00e9ment sur plusieurs \u0153uvres malgr\u00e9 son \u00e2ge avanc\u00e9. Cette urgence cr\u00e9ative le poussa \u00e0 exp\u00e9rimenter toutes les techniques qu\u2019il avait \u00e0 sa port\u00e9e dans le but de concr\u00e9tiser ses id\u00e9es le plus rapidement possible, et \u00e0 laisser de c\u00f4t\u00e9 les compositions uniques pour donner la priorit\u00e9 aux s\u00e9ries bas\u00e9es sur un m\u00eame concept, outil d\u2019expression artistique que Picasso utiliserait jusqu\u2019\u00e0 ses derni\u00e8res heures.<\/p>\n<p>&nbsp;<\/p>\n<h2>Le livre visuel le plus complet sur l\u2019\u0153uvre de Picasso<\/h2>\n<p>Pablo Picasso a \u00e9t\u00e9 <strong>l\u2019un des cr\u00e9ateurs les plus \u00e9clectiques du XXe si\u00e8cle<\/strong>. Sa capacit\u00e9 cr\u00e9ative a d\u00e9fi\u00e9 les limites de l\u2019art et de son temps et l\u2019a situ\u00e9 \u00e0 la t\u00eate des avant-gardes.<\/p>\n<p>&nbsp;<\/p>\n<p>Ce livre analyse <a href=\"https:\/\/www.dosde.com\/fr\/picasso-oeuvres-de-sa-vie.html\"><strong>les \u0153uvres que Picasso a r\u00e9alis\u00e9es<\/strong><\/a> au cours de sa vie, en expliquant chaque \u00e9tape cr\u00e9ative \u00e0 travers ses cr\u00e9ations les plus importantes, de ses d\u00e9buts \u00e0 ses \u0153uvres de maturit\u00e9.<\/p>\n<p><a href=\"https:\/\/www.dosde.com\/fr\/picasso-oeuvres-de-sa-vie.html\"><img loading=\"lazy\" decoding=\"async\" class=\"alignnone wp-image-1860 size-full\" src=\"https:\/\/qa-dosde.qamoon.es\/wp-content\/uploads\/2017\/02\/couverture-pablo-picasso-les-oeuvres-de-sa-vie-livre-francais-art-dosde-publishing_978-84-9103-109-3_45-004-02_B17.jpg\" alt=\"Livre Oeuvres de Picasso, Dosde \u00c9ditorial\" width=\"700\" height=\"441\" \/><\/a><\/p>\n","protected":false},"excerpt":{"rendered":"La vie de Picasso N\u00e9 \u00e0 M\u00e1laga le 25 octobre 1881, Pablo Ruiz Picasso est consid\u00e9r\u00e9 comme l&rsquo;artiste le plus r\u00e9volutionnaire et \u00e9clectique du XXe si\u00e8cle, et c\u2019est l\u2019un des repr\u00e9sentants majeurs des avant-gardes artistiques. Gr\u00e2ce \u00e0 son immense capacit\u00e9 cr\u00e9ative, il a pu d\u00e9passer toutes les conventions culturelles de l&rsquo;\u00e9poque et d\u00e9finir l&rsquo;\u00e9volution des &#8230; <a title=\"Pablo Picasso\" class=\"read-more\" href=\"https:\/\/pre.dosde.com\/fr\/picasso\/\" aria-label=\"En savoir plus sur Pablo Picasso\">Lire la suite<\/a>","protected":false},"author":1,"featured_media":3651,"comment_status":"open","ping_status":"open","sticky":false,"template":"","format":"standard","meta":{"_acf_changed":false,"footnotes":""},"categories":[74],"tags":[],"class_list":["post-1929","post","type-post","status-publish","format-standard","has-post-thumbnail","hentry","category-picasso"],"acf":[],"yoast_head":"<!-- This site is optimized with the Yoast SEO plugin v28.3 - https:\/\/yoast.com\/product\/yoast-seo-wordpress\/ -->\n<title>Pablo Picasso - Dosde<\/title>\n<meta name=\"robots\" content=\"noindex, follow, max-snippet:-1, max-image-preview:large, max-video-preview:-1\" \/>\n<meta property=\"og:locale\" content=\"fr_FR\" \/>\n<meta property=\"og:type\" content=\"article\" \/>\n<meta property=\"og:title\" content=\"Pablo Picasso - Dosde\" \/>\n<meta property=\"og:description\" content=\"La vie de Picasso N\u00e9 \u00e0 M\u00e1laga le 25 octobre 1881, Pablo Ruiz Picasso est consid\u00e9r\u00e9 comme l&rsquo;artiste le plus r\u00e9volutionnaire et \u00e9clectique du XXe si\u00e8cle, et c\u2019est l\u2019un des repr\u00e9sentants majeurs des avant-gardes artistiques. Gr\u00e2ce \u00e0 son immense capacit\u00e9 cr\u00e9ative, il a pu d\u00e9passer toutes les conventions culturelles de l&rsquo;\u00e9poque et d\u00e9finir l&rsquo;\u00e9volution des ... Lire la suite\" \/>\n<meta property=\"og:url\" content=\"https:\/\/pre.dosde.com\/fr\/picasso\/\" \/>\n<meta property=\"og:site_name\" content=\"Dosde\" \/>\n<meta property=\"article:published_time\" content=\"2017-02-20T12:28:50+00:00\" \/>\n<meta property=\"article:modified_time\" content=\"2026-08-11T08:01:43+00:00\" \/>\n<meta name=\"author\" content=\"seocom\" \/>\n<meta name=\"twitter:card\" content=\"summary_large_image\" \/>\n<meta name=\"twitter:label1\" content=\"\u00c9crit par\" \/>\n\t<meta name=\"twitter:data1\" content=\"seocom\" \/>\n\t<meta name=\"twitter:label2\" content=\"Dur\u00e9e de lecture estim\u00e9e\" \/>\n\t<meta name=\"twitter:data2\" content=\"6 minutes\" \/>\n<script type=\"application\/ld+json\" class=\"yoast-schema-graph\">{\"@context\":\"https:\\\/\\\/schema.org\",\"@graph\":[{\"@type\":\"Article\",\"@id\":\"https:\\\/\\\/pre.dosde.com\\\/fr\\\/picasso\\\/#article\",\"isPartOf\":{\"@id\":\"https:\\\/\\\/pre.dosde.com\\\/fr\\\/picasso\\\/\"},\"author\":{\"name\":\"seocom\",\"@id\":\"https:\\\/\\\/pre.dosde.com\\\/fr\\\/#\\\/schema\\\/person\\\/9d33726ab714fecb297e38b515472088\"},\"headline\":\"Pablo Picasso\",\"datePublished\":\"2017-02-20T12:28:50+00:00\",\"dateModified\":\"2026-08-11T08:01:43+00:00\",\"mainEntityOfPage\":{\"@id\":\"https:\\\/\\\/pre.dosde.com\\\/fr\\\/picasso\\\/\"},\"wordCount\":1082,\"commentCount\":0,\"publisher\":{\"@id\":\"https:\\\/\\\/pre.dosde.com\\\/fr\\\/#organization\"},\"image\":{\"@id\":\"https:\\\/\\\/pre.dosde.com\\\/fr\\\/picasso\\\/#primaryimage\"},\"thumbnailUrl\":\"\",\"articleSection\":[\"Picasso\"],\"inLanguage\":\"fr-FR\",\"potentialAction\":[{\"@type\":\"CommentAction\",\"name\":\"Comment\",\"target\":[\"https:\\\/\\\/pre.dosde.com\\\/fr\\\/picasso\\\/#respond\"]}]},{\"@type\":\"WebPage\",\"@id\":\"https:\\\/\\\/pre.dosde.com\\\/fr\\\/picasso\\\/\",\"url\":\"https:\\\/\\\/pre.dosde.com\\\/fr\\\/picasso\\\/\",\"name\":\"Pablo Picasso - Dosde\",\"isPartOf\":{\"@id\":\"https:\\\/\\\/pre.dosde.com\\\/fr\\\/#website\"},\"primaryImageOfPage\":{\"@id\":\"https:\\\/\\\/pre.dosde.com\\\/fr\\\/picasso\\\/#primaryimage\"},\"image\":{\"@id\":\"https:\\\/\\\/pre.dosde.com\\\/fr\\\/picasso\\\/#primaryimage\"},\"thumbnailUrl\":\"\",\"datePublished\":\"2017-02-20T12:28:50+00:00\",\"dateModified\":\"2026-08-11T08:01:43+00:00\",\"breadcrumb\":{\"@id\":\"https:\\\/\\\/pre.dosde.com\\\/fr\\\/picasso\\\/#breadcrumb\"},\"inLanguage\":\"fr-FR\",\"potentialAction\":[{\"@type\":\"ReadAction\",\"target\":[\"https:\\\/\\\/pre.dosde.com\\\/fr\\\/picasso\\\/\"]}]},{\"@type\":\"ImageObject\",\"inLanguage\":\"fr-FR\",\"@id\":\"https:\\\/\\\/pre.dosde.com\\\/fr\\\/picasso\\\/#primaryimage\",\"url\":\"\",\"contentUrl\":\"\"},{\"@type\":\"BreadcrumbList\",\"@id\":\"https:\\\/\\\/pre.dosde.com\\\/fr\\\/picasso\\\/#breadcrumb\",\"itemListElement\":[{\"@type\":\"ListItem\",\"position\":1,\"name\":\"Home\",\"item\":\"https:\\\/\\\/pre.dosde.com\\\/fr\\\/\"},{\"@type\":\"ListItem\",\"position\":2,\"name\":\"Pablo Picasso\"}]},{\"@type\":\"WebSite\",\"@id\":\"https:\\\/\\\/pre.dosde.com\\\/fr\\\/#website\",\"url\":\"https:\\\/\\\/pre.dosde.com\\\/fr\\\/\",\"name\":\"Dosde\",\"description\":\"\",\"publisher\":{\"@id\":\"https:\\\/\\\/pre.dosde.com\\\/fr\\\/#organization\"},\"potentialAction\":[{\"@type\":\"SearchAction\",\"target\":{\"@type\":\"EntryPoint\",\"urlTemplate\":\"https:\\\/\\\/pre.dosde.com\\\/fr\\\/?s={search_term_string}\"},\"query-input\":{\"@type\":\"PropertyValueSpecification\",\"valueRequired\":true,\"valueName\":\"search_term_string\"}}],\"inLanguage\":\"fr-FR\"},{\"@type\":\"Organization\",\"@id\":\"https:\\\/\\\/pre.dosde.com\\\/fr\\\/#organization\",\"name\":\"Dosde\",\"url\":\"https:\\\/\\\/pre.dosde.com\\\/fr\\\/\",\"logo\":{\"@type\":\"ImageObject\",\"inLanguage\":\"fr-FR\",\"@id\":\"https:\\\/\\\/pre.dosde.com\\\/fr\\\/#\\\/schema\\\/logo\\\/image\\\/\",\"url\":\"https:\\\/\\\/pre.dosde.com\\\/wp-content\\\/uploads\\\/2026\\\/06\\\/Logo.webp\",\"contentUrl\":\"https:\\\/\\\/pre.dosde.com\\\/wp-content\\\/uploads\\\/2026\\\/06\\\/Logo.webp\",\"width\":248,\"height\":80,\"caption\":\"Dosde\"},\"image\":{\"@id\":\"https:\\\/\\\/pre.dosde.com\\\/fr\\\/#\\\/schema\\\/logo\\\/image\\\/\"}},{\"@type\":\"Person\",\"@id\":\"https:\\\/\\\/pre.dosde.com\\\/fr\\\/#\\\/schema\\\/person\\\/9d33726ab714fecb297e38b515472088\",\"name\":\"seocom\",\"image\":{\"@type\":\"ImageObject\",\"inLanguage\":\"fr-FR\",\"@id\":\"https:\\\/\\\/secure.gravatar.com\\\/avatar\\\/741433ce07ba5c431e994c0ec0272d414a5d1a9dafeb02666111e6f2eb1c0ed2?s=96&d=mm&r=g\",\"url\":\"https:\\\/\\\/secure.gravatar.com\\\/avatar\\\/741433ce07ba5c431e994c0ec0272d414a5d1a9dafeb02666111e6f2eb1c0ed2?s=96&d=mm&r=g\",\"contentUrl\":\"https:\\\/\\\/secure.gravatar.com\\\/avatar\\\/741433ce07ba5c431e994c0ec0272d414a5d1a9dafeb02666111e6f2eb1c0ed2?s=96&d=mm&r=g\",\"caption\":\"seocom\"},\"sameAs\":[\"http:\\\/\\\/qa-dosde.qamoon.es\"],\"url\":\"https:\\\/\\\/pre.dosde.com\\\/fr\\\/author\\\/seocom\\\/\"}]}<\/script>\n<!-- \/ Yoast SEO plugin. -->","yoast_head_json":{"title":"Pablo Picasso - Dosde","robots":{"index":"noindex","follow":"follow","max-snippet":"max-snippet:-1","max-image-preview":"max-image-preview:large","max-video-preview":"max-video-preview:-1"},"og_locale":"fr_FR","og_type":"article","og_title":"Pablo Picasso - Dosde","og_description":"La vie de Picasso N\u00e9 \u00e0 M\u00e1laga le 25 octobre 1881, Pablo Ruiz Picasso est consid\u00e9r\u00e9 comme l&rsquo;artiste le plus r\u00e9volutionnaire et \u00e9clectique du XXe si\u00e8cle, et c\u2019est l\u2019un des repr\u00e9sentants majeurs des avant-gardes artistiques. Gr\u00e2ce \u00e0 son immense capacit\u00e9 cr\u00e9ative, il a pu d\u00e9passer toutes les conventions culturelles de l&rsquo;\u00e9poque et d\u00e9finir l&rsquo;\u00e9volution des ... Lire la suite","og_url":"https:\/\/pre.dosde.com\/fr\/picasso\/","og_site_name":"Dosde","article_published_time":"2017-02-20T12:28:50+00:00","article_modified_time":"2026-08-11T08:01:43+00:00","author":"seocom","twitter_card":"summary_large_image","twitter_misc":{"\u00c9crit par":"seocom","Dur\u00e9e de lecture estim\u00e9e":"6 minutes"},"schema":{"@context":"https:\/\/schema.org","@graph":[{"@type":"Article","@id":"https:\/\/pre.dosde.com\/fr\/picasso\/#article","isPartOf":{"@id":"https:\/\/pre.dosde.com\/fr\/picasso\/"},"author":{"name":"seocom","@id":"https:\/\/pre.dosde.com\/fr\/#\/schema\/person\/9d33726ab714fecb297e38b515472088"},"headline":"Pablo Picasso","datePublished":"2017-02-20T12:28:50+00:00","dateModified":"2026-08-11T08:01:43+00:00","mainEntityOfPage":{"@id":"https:\/\/pre.dosde.com\/fr\/picasso\/"},"wordCount":1082,"commentCount":0,"publisher":{"@id":"https:\/\/pre.dosde.com\/fr\/#organization"},"image":{"@id":"https:\/\/pre.dosde.com\/fr\/picasso\/#primaryimage"},"thumbnailUrl":"","articleSection":["Picasso"],"inLanguage":"fr-FR","potentialAction":[{"@type":"CommentAction","name":"Comment","target":["https:\/\/pre.dosde.com\/fr\/picasso\/#respond"]}]},{"@type":"WebPage","@id":"https:\/\/pre.dosde.com\/fr\/picasso\/","url":"https:\/\/pre.dosde.com\/fr\/picasso\/","name":"Pablo Picasso - Dosde","isPartOf":{"@id":"https:\/\/pre.dosde.com\/fr\/#website"},"primaryImageOfPage":{"@id":"https:\/\/pre.dosde.com\/fr\/picasso\/#primaryimage"},"image":{"@id":"https:\/\/pre.dosde.com\/fr\/picasso\/#primaryimage"},"thumbnailUrl":"","datePublished":"2017-02-20T12:28:50+00:00","dateModified":"2026-08-11T08:01:43+00:00","breadcrumb":{"@id":"https:\/\/pre.dosde.com\/fr\/picasso\/#breadcrumb"},"inLanguage":"fr-FR","potentialAction":[{"@type":"ReadAction","target":["https:\/\/pre.dosde.com\/fr\/picasso\/"]}]},{"@type":"ImageObject","inLanguage":"fr-FR","@id":"https:\/\/pre.dosde.com\/fr\/picasso\/#primaryimage","url":"","contentUrl":""},{"@type":"BreadcrumbList","@id":"https:\/\/pre.dosde.com\/fr\/picasso\/#breadcrumb","itemListElement":[{"@type":"ListItem","position":1,"name":"Home","item":"https:\/\/pre.dosde.com\/fr\/"},{"@type":"ListItem","position":2,"name":"Pablo Picasso"}]},{"@type":"WebSite","@id":"https:\/\/pre.dosde.com\/fr\/#website","url":"https:\/\/pre.dosde.com\/fr\/","name":"Dosde","description":"","publisher":{"@id":"https:\/\/pre.dosde.com\/fr\/#organization"},"potentialAction":[{"@type":"SearchAction","target":{"@type":"EntryPoint","urlTemplate":"https:\/\/pre.dosde.com\/fr\/?s={search_term_string}"},"query-input":{"@type":"PropertyValueSpecification","valueRequired":true,"valueName":"search_term_string"}}],"inLanguage":"fr-FR"},{"@type":"Organization","@id":"https:\/\/pre.dosde.com\/fr\/#organization","name":"Dosde","url":"https:\/\/pre.dosde.com\/fr\/","logo":{"@type":"ImageObject","inLanguage":"fr-FR","@id":"https:\/\/pre.dosde.com\/fr\/#\/schema\/logo\/image\/","url":"https:\/\/pre.dosde.com\/wp-content\/uploads\/2026\/06\/Logo.webp","contentUrl":"https:\/\/pre.dosde.com\/wp-content\/uploads\/2026\/06\/Logo.webp","width":248,"height":80,"caption":"Dosde"},"image":{"@id":"https:\/\/pre.dosde.com\/fr\/#\/schema\/logo\/image\/"}},{"@type":"Person","@id":"https:\/\/pre.dosde.com\/fr\/#\/schema\/person\/9d33726ab714fecb297e38b515472088","name":"seocom","image":{"@type":"ImageObject","inLanguage":"fr-FR","@id":"https:\/\/secure.gravatar.com\/avatar\/741433ce07ba5c431e994c0ec0272d414a5d1a9dafeb02666111e6f2eb1c0ed2?s=96&d=mm&r=g","url":"https:\/\/secure.gravatar.com\/avatar\/741433ce07ba5c431e994c0ec0272d414a5d1a9dafeb02666111e6f2eb1c0ed2?s=96&d=mm&r=g","contentUrl":"https:\/\/secure.gravatar.com\/avatar\/741433ce07ba5c431e994c0ec0272d414a5d1a9dafeb02666111e6f2eb1c0ed2?s=96&d=mm&r=g","caption":"seocom"},"sameAs":["http:\/\/qa-dosde.qamoon.es"],"url":"https:\/\/pre.dosde.com\/fr\/author\/seocom\/"}]}},"_links":{"self":[{"href":"https:\/\/pre.dosde.com\/fr\/wp-json\/wp\/v2\/posts\/1929","targetHints":{"allow":["GET"]}}],"collection":[{"href":"https:\/\/pre.dosde.com\/fr\/wp-json\/wp\/v2\/posts"}],"about":[{"href":"https:\/\/pre.dosde.com\/fr\/wp-json\/wp\/v2\/types\/post"}],"author":[{"embeddable":true,"href":"https:\/\/pre.dosde.com\/fr\/wp-json\/wp\/v2\/users\/1"}],"replies":[{"embeddable":true,"href":"https:\/\/pre.dosde.com\/fr\/wp-json\/wp\/v2\/comments?post=1929"}],"version-history":[{"count":1,"href":"https:\/\/pre.dosde.com\/fr\/wp-json\/wp\/v2\/posts\/1929\/revisions"}],"predecessor-version":[{"id":3598,"href":"https:\/\/pre.dosde.com\/fr\/wp-json\/wp\/v2\/posts\/1929\/revisions\/3598"}],"wp:featuredmedia":[{"embeddable":true,"href":"https:\/\/pre.dosde.com\/fr\/wp-json\/wp\/v2\/product\/3651"}],"wp:attachment":[{"href":"https:\/\/pre.dosde.com\/fr\/wp-json\/wp\/v2\/media?parent=1929"}],"wp:term":[{"taxonomy":"category","embeddable":true,"href":"https:\/\/pre.dosde.com\/fr\/wp-json\/wp\/v2\/categories?post=1929"},{"taxonomy":"post_tag","embeddable":true,"href":"https:\/\/pre.dosde.com\/fr\/wp-json\/wp\/v2\/tags?post=1929"}],"curies":[{"name":"wp","href":"https:\/\/api.w.org\/{rel}","templated":true}]}}