{"id":1932,"date":"2017-02-20T12:59:39","date_gmt":"2017-02-20T12:59:39","guid":{"rendered":"https:\/\/www.dosde.com\/blog\/?p=418\/"},"modified":"2026-08-11T08:01:32","modified_gmt":"2026-08-11T08:01:32","slug":"la-sagrada-familia","status":"publish","type":"post","link":"https:\/\/pre.dosde.com\/fr\/la-sagrada-familia\/","title":{"rendered":"La Sagrada Familia"},"content":{"rendered":"<h2>L&rsquo;histoire de la Sagrada Familia<\/h2>\n<p>En 1872, un pieux libraire barcelonais, Josep Maria Bocabella, revint d\u2019un voyage d\u2019Italie convaincu qu\u2019il fallait \u00e9difier dans la ville un temple expiatoire d\u00e9di\u00e9 \u00e0 la sainte Famille et financ\u00e9 par les dons des fid\u00e8les. Il fit alors l\u2019acquisition d\u2019un terrain dans l\u2019Eixample, le nouveau quartier con\u00e7u par l\u2019urbaniste Ildefons Cerd\u00e0.<\/p>\n<p>&nbsp;<\/p>\n<p>L\u2019architecte dioc\u00e9sain Francisco de Paula del Villar, b\u00e2tisseur d\u2019une \u00e9glise n\u00e9ogothique, fut charg\u00e9 du projet. Cependant, peu apr\u00e8s la construction des colonnes de la crypte, Villar d\u00e9missionna en raison de divergences avec le conseiller technique de Bocabella, Joan Martorell, \u00e0 qui le projet fut donc propos\u00e9. <strong>Martorell d\u00e9clina l\u2019offre mais sugg\u00e9ra \u00e0 sa place Antoni Gaud\u00ed, architecte prometteur<\/strong> qui \u00e0 l\u2019\u00e9poque concevait son premier projet d\u2019envergure, la Casa Vicens, une villa de vacances \u00e0 Gr\u00e0cia.<\/p>\n<p>&nbsp;<\/p>\n<p>C\u2019\u00e9tait en 1883. Gaud\u00ed, alors \u00e2g\u00e9 de 31 ans, dut respecter l\u2019orientation de la basilique et le travail entrepris dans la crypte par Villar. Or, son projet s\u2019av\u00e9rait beaucoup plus ambitieux. L\u2019artiste de Reus imagina un temple avec cinq nefs, une crois\u00e9e, une abside, un d\u00e9ambulatoire ext\u00e9rieur servant de clo\u00eetre, trois fa\u00e7ades et 18 tours. Dans cette immense construction, <strong>Gaud\u00ed pensa inclure tous les \u00e9l\u00e9ments symboliques du christianisme afin de faire de la Sagrada Familia le temple parfait<\/strong>, totalement adapt\u00e9 \u00e0 la c\u00e9l\u00e9bration de rituels liturgiques.<\/p>\n<p>&nbsp;<\/p>\n<p>L\u2019architecte consacra 43 ans de sa vie au projet. \u00c0 sa mort accidentelle en 1926, \u00e0 l\u2019\u00e2ge de 73 ans, il avait seulement \u00e9difi\u00e9 la crypte, l\u2019abside, le clo\u00eetre, la fa\u00e7ade de la Nativit\u00e9 et quatre tours. Gr\u00e2ce aux multiples \u00e9tudes r\u00e9alis\u00e9es par Gaud\u00ed, les travaux purent reprendre et la Sagrada Familia est aujourd\u2019hui consid\u00e9r\u00e9e comme un chef-d\u2019\u0153uvre universel.<\/p>\n<p>&nbsp;<\/p>\n<p><strong>D\u00e9couvrez certaines particularit\u00e9s de la Sagrada Familia<\/strong> \u00e0 travers ce reportage dans lequel nous analysons chacun de ses espaces et sa richesse architectonique.<\/p>\n<p>&nbsp;<\/p>\n<h2>La crypte de la Sagrada Familia<\/h2>\n<p><a href=\"https:\/\/qa-dosde.qamoon.es\/wp-content\/uploads\/2017\/02\/Sagrada_Familia_130220_000337.jpg\"><img loading=\"lazy\" decoding=\"async\" class=\"alignnone wp-image-567 size-full\" src=\"https:\/\/qa-dosde.qamoon.es\/wp-content\/uploads\/2017\/02\/Sagrada_Familia_130220_000337.jpg\" alt=\"Crypte de la Sagrada Familia, Dosde \u00c9ditorial\" width=\"900\" height=\"600\" \/><\/a><\/p>\n<p>&nbsp;<\/p>\n<p>L\u2019excavation de la crypte de la Sagrada Familia commen\u00e7a le 19 mars 1882 \u2013jour de la saint Joseph\u2013, sous la direction de l\u2019architecte Francisco del Villar qui d\u00e9missionna quelques mois apr\u00e8s le d\u00e9but des travaux. C\u2019est le jeune architecte Antoni Gaud\u00ed qui lui succ\u00e9da en 1883.<\/p>\n<p>&nbsp;<\/p>\n<p>Au d\u00e9but, il pensait r\u00e9aliser de profonds changements de structure et de r\u00e9partition dans l\u2019espace mais, pour des questions d\u2019ordre \u00e9conomique et budg\u00e9taire, il d\u00e9cida d\u2019oublier ces modifications et de conserver la structure existante commenc\u00e9e par son pr\u00e9d\u00e9cesseur. D\u2019o\u00f9 la disposition de la crypte : sept chapelles absidiales en demi-cercle (l\u2019une d\u00e9di\u00e9e \u00e0 saint Joseph), un d\u00e9ambulatoire, une grande zone centrale et cinq autres chapelles o\u00f9 se trouve l\u2019autel central.<\/p>\n<p>&nbsp;<\/p>\n<p><a href=\"https:\/\/www.dosde.com\/fr\/livres\/sagrada-familia.html\"><img decoding=\"async\" class=\"aligncenter size-full wp-image-3641\" src=\"https:\/\/qa-dosde.qamoon.es\/wp-content\/uploads\/2017\/02\/Boton-descubrir-mas-FR.png\" alt=\"\" \/><\/a><\/p>\n<p>&nbsp;<\/p>\n<h2>L&rsquo;abside<\/h2>\n<p><a href=\"https:\/\/qa-dosde.qamoon.es\/wp-content\/uploads\/2017\/02\/Sagrada_Familia_090613_002999.jpg\"><img loading=\"lazy\" decoding=\"async\" class=\"alignnone wp-image-568 size-full\" src=\"https:\/\/qa-dosde.qamoon.es\/wp-content\/uploads\/2017\/02\/Sagrada_Familia_090613_002999.jpg\" alt=\"L'abside de la Sagrada Familia, Dosde \u00c9ditorial\" width=\"900\" height=\"600\" \/><\/a><\/p>\n<p>&nbsp;<\/p>\n<p>La structure de l\u2019abside de la Sagrada Familia r\u00e9pond au g\u00e9nie cr\u00e9atif de Gaud\u00ed qui <strong>appela \u00ab\u00a0perfectionnement du gothique\u00a0\u00bb les conceptions qu\u2019il int\u00e9gra dans cette partie du temple.<\/strong> Outre sa volont\u00e9 d\u2019\u00e9viter les contreforts, il exag\u00e9ra les ar\u00eates afin de g\u00e9n\u00e9rer des clairs-obscurs pour rehausser le volume.<\/p>\n<p>&nbsp;<\/p>\n<p>Ainsi, il couronna l\u2019abside de pinacles qui accentuent la verticalit\u00e9 et annoncent la grandeur du ciborium et la recouvrit d\u2019images d\u2019esp\u00e8ces animales et v\u00e9g\u00e9tales qui t\u00e9moignent de sa sensibilit\u00e9 pour la nature.<\/p>\n<p>&nbsp;<\/p>\n<h2>Le clo\u00eetre<\/h2>\n<p><a href=\"https:\/\/qa-dosde.qamoon.es\/wp-content\/uploads\/2017\/02\/Sagrada_Familia_130801_000021.jpg\"><img loading=\"lazy\" decoding=\"async\" class=\"alignnone wp-image-569 size-full\" src=\"https:\/\/qa-dosde.qamoon.es\/wp-content\/uploads\/2017\/02\/Sagrada_Familia_130801_000021.jpg\" alt=\"Le clo\u00eetre de la Sagrada Familia, Dosde \u00c9ditorial\" width=\"900\" height=\"600\" \/><\/a><\/p>\n<p>&nbsp;<\/p>\n<p>L\u2019architecte <strong>Antoni Gaud\u00ed con\u00e7ut le clo\u00eetre de la Sagrada Familia comme une galerie portiqu\u00e9e<\/strong> rectangulaire o\u00f9 les quatre c\u00f4t\u00e9s correspondent aux quatre fa\u00e7ades. Le clo\u00eetre est form\u00e9 de la r\u00e9p\u00e9tition de multiples tron\u00e7ons ou modules de base rectangulaire, couverts de vo\u00fbtes d\u2019ogive et couronn\u00e9s de frontons triangulaires.<\/p>\n<p>&nbsp;<\/p>\n<p>Bien qu\u2019il s\u2019agisse d\u2019un espace ferm\u00e9, et malgr\u00e9 l\u2019absence de jardin \u2013\u00e9l\u00e9ment qui se situe au centre de nombreux clo\u00eetres de configuration traditionnelle\u2013 l\u2019\u00e9clairage naturel de la galerie portiqu\u00e9e con\u00e7ue par Gaud\u00ed est assur\u00e9 par les grandes fen\u00eatres et rosaces de chaque module qui donnent sur l\u2019ext\u00e9rieur.<\/p>\n<p>&nbsp;<\/p>\n<p>Ainsi, \u00e9tant donn\u00e9 que le niveau du sol est \u00e0 la m\u00eame hauteur que les nefs du temple, l\u2019architecte profite de la d\u00e9nivel\u00e9e par rapport \u00e0 la rue pour cr\u00e9er un entresol r\u00e9serv\u00e9 \u00e0 divers usages.<\/p>\n<p>&nbsp;<\/p>\n<h2>L\u2019int\u00e9rieur de la Sagrada Familia<\/h2>\n<p>[metaslider id=1296]<\/p>\n<p>Gaud\u00ed voulait concevoir l\u2019int\u00e9rieur de la basilique de la Sagrada Familia comme une grande for\u00eat o\u00f9 <strong>la structure de colonnes, de vo\u00fbtes et de plafonds imiterait les arbres avec les troncs et les branches<\/strong> et, au-dessus, le feuillage \u00e0 travers lequel filtrent les rayons du soleil.<\/p>\n<p>&nbsp;<\/p>\n<p>Cette solution innovante \u00e9tait destin\u00e9e \u00e0 cr\u00e9er une ambiance transcendante d\u2019oraison et de m\u00e9ditation et \u00e0 provoquer le contraste avec le niveau du sol, o\u00f9 l\u2019architecte opta pour une structure traditionnelle \u00e0 cinq nefs, divis\u00e9es par quatre rang\u00e9es de colonnes et travers\u00e9es horizontalement par un transept et un presbyt\u00e8re qui abrite le ma\u00eetre-autel \u2013consid\u00e9rablement plus haut que le niveau du reste du temple\u2013, un d\u00e9ambulatoire et sept chapelles radiales.<\/p>\n<p>&nbsp;<\/p>\n<p>&nbsp;<\/p>\n<h2>Fa\u00e7ade de la Nativit\u00e9<\/h2>\n<p><img decoding=\"async\" class=\"aligncenter size-full wp-image-3499\" src=\"https:\/\/qa-dosde.qamoon.es\/wp-content\/uploads\/2017\/02\/fachada-del-nacimiento-sagrada-familia-gaudi-barcelona-dosde-publishing_2.jpg\" alt=\"\" \/><\/p>\n<p>&nbsp;<\/p>\n<p>M\u00eame si Gaud\u00ed consid\u00e9rait le gothique comme un style \u00ab imparfait \u00bb, dans le projet de la fa\u00e7ade de la Nativit\u00e9 de la Sagrada Familia il suivit un sch\u00e9ma typiquement gothique et int\u00e9gra trois portes sur la fa\u00e7ade \u2013une centrale et deux lat\u00e9rales\u2013 escort\u00e9es des quatre clochers de la face orientale et log\u00e9es dans les creux laiss\u00e9s \u00e0 la base des tours.<\/p>\n<p>&nbsp;<\/p>\n<p><strong>L\u2019architecte les consacra aux trois membres de la sainte Famille<\/strong>, chacune associ\u00e9e \u00e0 une vertu th\u00e9ologale : la porte de gauche \u00e0 l\u2019Esp\u00e9rance, vertu associ\u00e9e \u00e0 saint Joseph ; celle du centre \u00e0 la Charit\u00e9, vertu associ\u00e9e \u00e0 J\u00e9sus, qui culmine en un pinacle naturaliste \u2013l\u2019Arbre de Vie\u2013 faisant concurrence \u00e0 la hauteur des tours ; et enfin celle de droite, la porte de la Foi, associ\u00e9e \u00e0 la Vierge Marie.<\/p>\n<p>&nbsp;<\/p>\n<h2>Fa\u00e7ade de la Passion<\/h2>\n<p><img decoding=\"async\" class=\"aligncenter size-full wp-image-3495\" src=\"https:\/\/qa-dosde.qamoon.es\/wp-content\/uploads\/2017\/02\/fachada-de-la-pasion-sagrada-familia-gaudi-barcelona-dosde-publishing_2.jpg\" alt=\"\" \/><\/p>\n<p>&nbsp;<\/p>\n<p>Par opposition \u00e0 la vitalit\u00e9, la joie et la tendresse qui \u00e9manent de la fa\u00e7ade de la Nativit\u00e9, celle de la Passion, situ\u00e9e \u00e0 l\u2019oppos\u00e9 du transept, \u00e9voque la souffrance de J\u00e9sus-Christ et sa mort. En 1911, Gaud\u00ed partit en convalescence dans les Pyr\u00e9n\u00e9es pour se remettre d\u2019une grave maladie. Inspir\u00e9 par sa propre douleur, il consacra cette p\u00e9riode \u00e0 la conception de la fa\u00e7ade de la Passion de la Sagrada Familia.<\/p>\n<p>&nbsp;<\/p>\n<p>L\u2019artiste pr\u00e9vit l\u2019impact que provoquerait son projet et d\u00e9cida que les travaux commenceraient une fois ceux de la Nativit\u00e9 termin\u00e9s. Or, sa mort et la guerre civile retard\u00e8rent la concr\u00e9tisation des dessins et des \u00e9bauches de Gaud\u00ed. L\u2019architecte con\u00e7ut un portail soutenu par six colonnes inclin\u00e9es, au-dessus duquel se dresserait une vaste galerie reposant sur 18 piliers en forme d\u2019os. Les divers groupes sculpturaux \u00e9voquent la passion du Christ avec une fa\u00e7ade totalement d\u00e9pourvue d\u2019ornementation.<\/p>\n<p>&nbsp;<\/p>\n<h2>Fa\u00e7ade de la Gloire<\/h2>\n<p><a href=\"https:\/\/qa-dosde.qamoon.es\/wp-content\/uploads\/2017\/02\/fachada-de-la-gloria-sagrada-familia-gaudi-barcelona-dosde-publishing.jpg\"><img loading=\"lazy\" decoding=\"async\" class=\"alignnone wp-image-837 size-full\" src=\"https:\/\/qa-dosde.qamoon.es\/wp-content\/uploads\/2017\/02\/fachada-de-la-gloria-sagrada-familia-gaudi-barcelona-dosde-publishing.jpg\" alt=\"Fa\u00e7ade de la Gloire de la Sagrada Familia, Dosde \u00c9ditorial\" width=\"900\" height=\"600\" \/><\/a><\/p>\n<p>&nbsp;<\/p>\n<p>La fa\u00e7ade de la Gloire est<strong> le cadre monumental envisag\u00e9 par Gaud\u00ed pour acc\u00e9der \u00e0 l\u2019int\u00e9rieur du temple<\/strong>. Il voulait qu\u2019avant d\u2019entrer dans la Sagrada Familia, les fid\u00e8les prennent conscience du r\u00f4le de l\u2019Homme dans l\u2019ordre g\u00e9n\u00e9ral de la Cr\u00e9ation et de sa destin\u00e9e conform\u00e9ment aux lois divines : la Mort, le Jugement dernier, l\u2019Enfer et la Gloire.<\/p>\n<p>&nbsp;<\/p>\n<p>Sous les tours des ap\u00f4tres saint Pierre, saint Paul, saint Andr\u00e9 et Jacques le Majeur \u2013plus hautes que celles des autres fa\u00e7ades\u2013, <strong>l\u2019architecte con\u00e7ut un ensemble de 16 lanternes in\u00e9gales de forme hyperbolo\u00efde<\/strong>, dont l\u2019une, la lanterne centrale, va jusqu\u2019\u00e0 concurrencer les tours. Sur cette structure, qui sert de toiture au portail, Gaud\u00ed imagina un ensemble de grands nuages \u00e9clair\u00e9s qui contiendront les mots du Credo, pri\u00e8re qui r\u00e9sume le dogme de la foi chr\u00e9tienne.<\/p>\n<p>&nbsp;<\/p>\n<h2>Tours et clochers<\/h2>\n<p><a href=\"https:\/\/qa-dosde.qamoon.es\/wp-content\/uploads\/2017\/02\/Sagrada_Familia_110407_000057_OK.jpg\"><img loading=\"lazy\" decoding=\"async\" class=\"alignnone wp-image-570 size-full\" src=\"https:\/\/qa-dosde.qamoon.es\/wp-content\/uploads\/2017\/02\/Sagrada_Familia_110407_000057_OK.jpg\" alt=\"Tours et clochers de la Sagrada Familia, Dosde \u00c9ditorial\" width=\"900\" height=\"600\" \/><\/a><\/p>\n<p>&nbsp;<\/p>\n<p>Gaud\u00ed con\u00e7ut les \u00e9l\u00e9vations des 18 tours de la Sagrada Familia selon la hi\u00e9rarchie symbolique du patron auquel elles sont consacr\u00e9es et conform\u00e9ment \u00e0 leur position par rapport au centre du plan : <strong>la tour de J\u00e9sus culmine l\u2019ensemble avec ses 172,5 m\u00e8tres de haut<\/strong> et se trouve sur la crois\u00e9e. Les quatre tours des \u00e9vang\u00e9listes atteignent 135 m\u00e8tres de haut et flanquent le ciborium central, tout comme la tour de Marie qui s\u2019\u00e9l\u00e8ve \u00e0 130 m\u00e8tres au-dessus de l\u2019abside.<\/p>\n<p>&nbsp;<\/p>\n<p>Finalement, les 12 clochers d\u00e9di\u00e9s aux ap\u00f4tres, s\u2019\u00e9l\u00e8vent par groupes de quatre autour de l\u2019\u00e9difice sur les trois portails d\u2019acc\u00e8s et atteignent entre 98 et 120\u00a0m\u00e8tres de haut. Afin de tirer parti de la projection visuelle et symbolique, toutes les tours de la Sagrada Familia culminent en pinacles recouverts de mosa\u00efque verniss\u00e9e de l\u2019\u00eele de Murano (Italie).<\/p>\n<p>&nbsp;<\/p>\n<h2>Le livre pour d\u00e9couvrir la Sagrada Familia<\/h2>\n<p>La Sagrada Familia est sans aucun doute <strong>le chef-d\u2019\u0153uvre de Gaud\u00ed<\/strong>, celui auquel il consacra 43\u00a0ans de sa vie et qu\u2019il ne vit jamais achev\u00e9.\u00a0Entrer dans la Sagrada Familia c\u2019est s\u2019aventurer dans le monde personnel de Gaud\u00ed.<\/p>\n<p>&nbsp;<\/p>\n<p>Ce <a href=\"https:\/\/www.dosde.com\/fr\/sagrada-familia-temple-universelle-visuelle.html\">livre avec plus de 700 photos<\/a> est <strong>une approche privil\u00e9gi\u00e9e de l\u2019\u0153uvre majeure de Gaud\u00ed<\/strong>. La Sagrada Familia comme vous ne l\u2019avez jamais vue.\u00a0\u00c9dit\u00e9 par <a href=\"https:\/\/www.dosde.com\/fr\/\">Dosde<\/a>, c\u2019est l\u2019un des livres les plus complets sur cette \u0153uvre majeure dans l\u2019architecture de Gaud\u00ed.<\/p>\n<p><a href=\"https:\/\/www.dosde.com\/fr\/sagrada-familia-temple-universelle-visuelle.html\"><img loading=\"lazy\" decoding=\"async\" class=\"alignnone wp-image-1846 size-full\" src=\"https:\/\/qa-dosde.qamoon.es\/wp-content\/uploads\/2017\/02\/couverture-sagrada-familia-livre-francais-dosde-publishing_978-84-96783-97-3_20-012-02_B11.jpg\" alt=\"Livre de la Sagrada Familia de Gaud\u00ed, Dosde \u00c9ditorial\" width=\"700\" height=\"388\" \/><\/a><\/p>\n","protected":false},"excerpt":{"rendered":"L&rsquo;histoire de la Sagrada Familia En 1872, un pieux libraire barcelonais, Josep Maria Bocabella, revint d\u2019un voyage d\u2019Italie convaincu qu\u2019il fallait \u00e9difier dans la ville un temple expiatoire d\u00e9di\u00e9 \u00e0 la sainte Famille et financ\u00e9 par les dons des fid\u00e8les. Il fit alors l\u2019acquisition d\u2019un terrain dans l\u2019Eixample, le nouveau quartier con\u00e7u par l\u2019urbaniste Ildefons &#8230; <a title=\"La Sagrada Familia\" class=\"read-more\" href=\"https:\/\/pre.dosde.com\/fr\/la-sagrada-familia\/\" aria-label=\"En savoir plus sur La Sagrada Familia\">Lire la suite<\/a>","protected":false},"author":1,"featured_media":513,"comment_status":"open","ping_status":"open","sticky":false,"template":"","format":"standard","meta":{"_acf_changed":false,"footnotes":""},"categories":[53],"tags":[],"class_list":["post-1932","post","type-post","status-publish","format-standard","has-post-thumbnail","hentry","category-barcelone"],"acf":[],"yoast_head":"<!-- This site is optimized with the Yoast SEO plugin v28.3 - https:\/\/yoast.com\/product\/yoast-seo-wordpress\/ -->\n<title>La Sagrada Familia - Dosde<\/title>\n<meta name=\"robots\" content=\"noindex, follow, max-snippet:-1, max-image-preview:large, max-video-preview:-1\" \/>\n<meta property=\"og:locale\" content=\"fr_FR\" \/>\n<meta property=\"og:type\" content=\"article\" \/>\n<meta property=\"og:title\" content=\"La Sagrada Familia - Dosde\" \/>\n<meta property=\"og:description\" content=\"L&rsquo;histoire de la Sagrada Familia En 1872, un pieux libraire barcelonais, Josep Maria Bocabella, revint d\u2019un voyage d\u2019Italie convaincu qu\u2019il fallait \u00e9difier dans la ville un temple expiatoire d\u00e9di\u00e9 \u00e0 la sainte Famille et financ\u00e9 par les dons des fid\u00e8les. Il fit alors l\u2019acquisition d\u2019un terrain dans l\u2019Eixample, le nouveau quartier con\u00e7u par l\u2019urbaniste Ildefons ... Lire la suite\" \/>\n<meta property=\"og:url\" content=\"https:\/\/pre.dosde.com\/fr\/la-sagrada-familia\/\" \/>\n<meta property=\"og:site_name\" content=\"Dosde\" \/>\n<meta property=\"article:published_time\" content=\"2017-02-20T12:59:39+00:00\" \/>\n<meta property=\"article:modified_time\" content=\"2026-08-11T08:01:32+00:00\" \/>\n<meta name=\"author\" content=\"seocom\" \/>\n<meta name=\"twitter:card\" content=\"summary_large_image\" \/>\n<meta name=\"twitter:label1\" content=\"\u00c9crit par\" \/>\n\t<meta name=\"twitter:data1\" content=\"seocom\" \/>\n\t<meta name=\"twitter:label2\" content=\"Dur\u00e9e de lecture estim\u00e9e\" \/>\n\t<meta name=\"twitter:data2\" content=\"9 minutes\" \/>\n<script type=\"application\/ld+json\" class=\"yoast-schema-graph\">{\"@context\":\"https:\\\/\\\/schema.org\",\"@graph\":[{\"@type\":\"Article\",\"@id\":\"https:\\\/\\\/pre.dosde.com\\\/fr\\\/la-sagrada-familia\\\/#article\",\"isPartOf\":{\"@id\":\"https:\\\/\\\/pre.dosde.com\\\/fr\\\/la-sagrada-familia\\\/\"},\"author\":{\"name\":\"seocom\",\"@id\":\"https:\\\/\\\/pre.dosde.com\\\/fr\\\/#\\\/schema\\\/person\\\/9d33726ab714fecb297e38b515472088\"},\"headline\":\"La Sagrada Familia\",\"datePublished\":\"2017-02-20T12:59:39+00:00\",\"dateModified\":\"2026-08-11T08:01:32+00:00\",\"mainEntityOfPage\":{\"@id\":\"https:\\\/\\\/pre.dosde.com\\\/fr\\\/la-sagrada-familia\\\/\"},\"wordCount\":1642,\"commentCount\":0,\"publisher\":{\"@id\":\"https:\\\/\\\/pre.dosde.com\\\/fr\\\/#organization\"},\"image\":{\"@id\":\"https:\\\/\\\/pre.dosde.com\\\/fr\\\/la-sagrada-familia\\\/#primaryimage\"},\"thumbnailUrl\":\"\",\"articleSection\":[\"Barcelone\"],\"inLanguage\":\"fr-FR\",\"potentialAction\":[{\"@type\":\"CommentAction\",\"name\":\"Comment\",\"target\":[\"https:\\\/\\\/pre.dosde.com\\\/fr\\\/la-sagrada-familia\\\/#respond\"]}]},{\"@type\":\"WebPage\",\"@id\":\"https:\\\/\\\/pre.dosde.com\\\/fr\\\/la-sagrada-familia\\\/\",\"url\":\"https:\\\/\\\/pre.dosde.com\\\/fr\\\/la-sagrada-familia\\\/\",\"name\":\"La Sagrada Familia - Dosde\",\"isPartOf\":{\"@id\":\"https:\\\/\\\/pre.dosde.com\\\/fr\\\/#website\"},\"primaryImageOfPage\":{\"@id\":\"https:\\\/\\\/pre.dosde.com\\\/fr\\\/la-sagrada-familia\\\/#primaryimage\"},\"image\":{\"@id\":\"https:\\\/\\\/pre.dosde.com\\\/fr\\\/la-sagrada-familia\\\/#primaryimage\"},\"thumbnailUrl\":\"\",\"datePublished\":\"2017-02-20T12:59:39+00:00\",\"dateModified\":\"2026-08-11T08:01:32+00:00\",\"breadcrumb\":{\"@id\":\"https:\\\/\\\/pre.dosde.com\\\/fr\\\/la-sagrada-familia\\\/#breadcrumb\"},\"inLanguage\":\"fr-FR\",\"potentialAction\":[{\"@type\":\"ReadAction\",\"target\":[\"https:\\\/\\\/pre.dosde.com\\\/fr\\\/la-sagrada-familia\\\/\"]}]},{\"@type\":\"ImageObject\",\"inLanguage\":\"fr-FR\",\"@id\":\"https:\\\/\\\/pre.dosde.com\\\/fr\\\/la-sagrada-familia\\\/#primaryimage\",\"url\":\"\",\"contentUrl\":\"\"},{\"@type\":\"BreadcrumbList\",\"@id\":\"https:\\\/\\\/pre.dosde.com\\\/fr\\\/la-sagrada-familia\\\/#breadcrumb\",\"itemListElement\":[{\"@type\":\"ListItem\",\"position\":1,\"name\":\"Home\",\"item\":\"https:\\\/\\\/pre.dosde.com\\\/fr\\\/\"},{\"@type\":\"ListItem\",\"position\":2,\"name\":\"La Sagrada Familia\"}]},{\"@type\":\"WebSite\",\"@id\":\"https:\\\/\\\/pre.dosde.com\\\/fr\\\/#website\",\"url\":\"https:\\\/\\\/pre.dosde.com\\\/fr\\\/\",\"name\":\"Dosde\",\"description\":\"\",\"publisher\":{\"@id\":\"https:\\\/\\\/pre.dosde.com\\\/fr\\\/#organization\"},\"potentialAction\":[{\"@type\":\"SearchAction\",\"target\":{\"@type\":\"EntryPoint\",\"urlTemplate\":\"https:\\\/\\\/pre.dosde.com\\\/fr\\\/?s={search_term_string}\"},\"query-input\":{\"@type\":\"PropertyValueSpecification\",\"valueRequired\":true,\"valueName\":\"search_term_string\"}}],\"inLanguage\":\"fr-FR\"},{\"@type\":\"Organization\",\"@id\":\"https:\\\/\\\/pre.dosde.com\\\/fr\\\/#organization\",\"name\":\"Dosde\",\"url\":\"https:\\\/\\\/pre.dosde.com\\\/fr\\\/\",\"logo\":{\"@type\":\"ImageObject\",\"inLanguage\":\"fr-FR\",\"@id\":\"https:\\\/\\\/pre.dosde.com\\\/fr\\\/#\\\/schema\\\/logo\\\/image\\\/\",\"url\":\"https:\\\/\\\/pre.dosde.com\\\/wp-content\\\/uploads\\\/2026\\\/06\\\/Logo.webp\",\"contentUrl\":\"https:\\\/\\\/pre.dosde.com\\\/wp-content\\\/uploads\\\/2026\\\/06\\\/Logo.webp\",\"width\":248,\"height\":80,\"caption\":\"Dosde\"},\"image\":{\"@id\":\"https:\\\/\\\/pre.dosde.com\\\/fr\\\/#\\\/schema\\\/logo\\\/image\\\/\"}},{\"@type\":\"Person\",\"@id\":\"https:\\\/\\\/pre.dosde.com\\\/fr\\\/#\\\/schema\\\/person\\\/9d33726ab714fecb297e38b515472088\",\"name\":\"seocom\",\"image\":{\"@type\":\"ImageObject\",\"inLanguage\":\"fr-FR\",\"@id\":\"https:\\\/\\\/secure.gravatar.com\\\/avatar\\\/741433ce07ba5c431e994c0ec0272d414a5d1a9dafeb02666111e6f2eb1c0ed2?s=96&d=mm&r=g\",\"url\":\"https:\\\/\\\/secure.gravatar.com\\\/avatar\\\/741433ce07ba5c431e994c0ec0272d414a5d1a9dafeb02666111e6f2eb1c0ed2?s=96&d=mm&r=g\",\"contentUrl\":\"https:\\\/\\\/secure.gravatar.com\\\/avatar\\\/741433ce07ba5c431e994c0ec0272d414a5d1a9dafeb02666111e6f2eb1c0ed2?s=96&d=mm&r=g\",\"caption\":\"seocom\"},\"sameAs\":[\"http:\\\/\\\/qa-dosde.qamoon.es\"],\"url\":\"https:\\\/\\\/pre.dosde.com\\\/fr\\\/author\\\/seocom\\\/\"}]}<\/script>\n<!-- \/ Yoast SEO plugin. -->","yoast_head_json":{"title":"La Sagrada Familia - Dosde","robots":{"index":"noindex","follow":"follow","max-snippet":"max-snippet:-1","max-image-preview":"max-image-preview:large","max-video-preview":"max-video-preview:-1"},"og_locale":"fr_FR","og_type":"article","og_title":"La Sagrada Familia - Dosde","og_description":"L&rsquo;histoire de la Sagrada Familia En 1872, un pieux libraire barcelonais, Josep Maria Bocabella, revint d\u2019un voyage d\u2019Italie convaincu qu\u2019il fallait \u00e9difier dans la ville un temple expiatoire d\u00e9di\u00e9 \u00e0 la sainte Famille et financ\u00e9 par les dons des fid\u00e8les. Il fit alors l\u2019acquisition d\u2019un terrain dans l\u2019Eixample, le nouveau quartier con\u00e7u par l\u2019urbaniste Ildefons ... Lire la suite","og_url":"https:\/\/pre.dosde.com\/fr\/la-sagrada-familia\/","og_site_name":"Dosde","article_published_time":"2017-02-20T12:59:39+00:00","article_modified_time":"2026-08-11T08:01:32+00:00","author":"seocom","twitter_card":"summary_large_image","twitter_misc":{"\u00c9crit par":"seocom","Dur\u00e9e de lecture estim\u00e9e":"9 minutes"},"schema":{"@context":"https:\/\/schema.org","@graph":[{"@type":"Article","@id":"https:\/\/pre.dosde.com\/fr\/la-sagrada-familia\/#article","isPartOf":{"@id":"https:\/\/pre.dosde.com\/fr\/la-sagrada-familia\/"},"author":{"name":"seocom","@id":"https:\/\/pre.dosde.com\/fr\/#\/schema\/person\/9d33726ab714fecb297e38b515472088"},"headline":"La Sagrada Familia","datePublished":"2017-02-20T12:59:39+00:00","dateModified":"2026-08-11T08:01:32+00:00","mainEntityOfPage":{"@id":"https:\/\/pre.dosde.com\/fr\/la-sagrada-familia\/"},"wordCount":1642,"commentCount":0,"publisher":{"@id":"https:\/\/pre.dosde.com\/fr\/#organization"},"image":{"@id":"https:\/\/pre.dosde.com\/fr\/la-sagrada-familia\/#primaryimage"},"thumbnailUrl":"","articleSection":["Barcelone"],"inLanguage":"fr-FR","potentialAction":[{"@type":"CommentAction","name":"Comment","target":["https:\/\/pre.dosde.com\/fr\/la-sagrada-familia\/#respond"]}]},{"@type":"WebPage","@id":"https:\/\/pre.dosde.com\/fr\/la-sagrada-familia\/","url":"https:\/\/pre.dosde.com\/fr\/la-sagrada-familia\/","name":"La Sagrada Familia - Dosde","isPartOf":{"@id":"https:\/\/pre.dosde.com\/fr\/#website"},"primaryImageOfPage":{"@id":"https:\/\/pre.dosde.com\/fr\/la-sagrada-familia\/#primaryimage"},"image":{"@id":"https:\/\/pre.dosde.com\/fr\/la-sagrada-familia\/#primaryimage"},"thumbnailUrl":"","datePublished":"2017-02-20T12:59:39+00:00","dateModified":"2026-08-11T08:01:32+00:00","breadcrumb":{"@id":"https:\/\/pre.dosde.com\/fr\/la-sagrada-familia\/#breadcrumb"},"inLanguage":"fr-FR","potentialAction":[{"@type":"ReadAction","target":["https:\/\/pre.dosde.com\/fr\/la-sagrada-familia\/"]}]},{"@type":"ImageObject","inLanguage":"fr-FR","@id":"https:\/\/pre.dosde.com\/fr\/la-sagrada-familia\/#primaryimage","url":"","contentUrl":""},{"@type":"BreadcrumbList","@id":"https:\/\/pre.dosde.com\/fr\/la-sagrada-familia\/#breadcrumb","itemListElement":[{"@type":"ListItem","position":1,"name":"Home","item":"https:\/\/pre.dosde.com\/fr\/"},{"@type":"ListItem","position":2,"name":"La Sagrada Familia"}]},{"@type":"WebSite","@id":"https:\/\/pre.dosde.com\/fr\/#website","url":"https:\/\/pre.dosde.com\/fr\/","name":"Dosde","description":"","publisher":{"@id":"https:\/\/pre.dosde.com\/fr\/#organization"},"potentialAction":[{"@type":"SearchAction","target":{"@type":"EntryPoint","urlTemplate":"https:\/\/pre.dosde.com\/fr\/?s={search_term_string}"},"query-input":{"@type":"PropertyValueSpecification","valueRequired":true,"valueName":"search_term_string"}}],"inLanguage":"fr-FR"},{"@type":"Organization","@id":"https:\/\/pre.dosde.com\/fr\/#organization","name":"Dosde","url":"https:\/\/pre.dosde.com\/fr\/","logo":{"@type":"ImageObject","inLanguage":"fr-FR","@id":"https:\/\/pre.dosde.com\/fr\/#\/schema\/logo\/image\/","url":"https:\/\/pre.dosde.com\/wp-content\/uploads\/2026\/06\/Logo.webp","contentUrl":"https:\/\/pre.dosde.com\/wp-content\/uploads\/2026\/06\/Logo.webp","width":248,"height":80,"caption":"Dosde"},"image":{"@id":"https:\/\/pre.dosde.com\/fr\/#\/schema\/logo\/image\/"}},{"@type":"Person","@id":"https:\/\/pre.dosde.com\/fr\/#\/schema\/person\/9d33726ab714fecb297e38b515472088","name":"seocom","image":{"@type":"ImageObject","inLanguage":"fr-FR","@id":"https:\/\/secure.gravatar.com\/avatar\/741433ce07ba5c431e994c0ec0272d414a5d1a9dafeb02666111e6f2eb1c0ed2?s=96&d=mm&r=g","url":"https:\/\/secure.gravatar.com\/avatar\/741433ce07ba5c431e994c0ec0272d414a5d1a9dafeb02666111e6f2eb1c0ed2?s=96&d=mm&r=g","contentUrl":"https:\/\/secure.gravatar.com\/avatar\/741433ce07ba5c431e994c0ec0272d414a5d1a9dafeb02666111e6f2eb1c0ed2?s=96&d=mm&r=g","caption":"seocom"},"sameAs":["http:\/\/qa-dosde.qamoon.es"],"url":"https:\/\/pre.dosde.com\/fr\/author\/seocom\/"}]}},"_links":{"self":[{"href":"https:\/\/pre.dosde.com\/fr\/wp-json\/wp\/v2\/posts\/1932","targetHints":{"allow":["GET"]}}],"collection":[{"href":"https:\/\/pre.dosde.com\/fr\/wp-json\/wp\/v2\/posts"}],"about":[{"href":"https:\/\/pre.dosde.com\/fr\/wp-json\/wp\/v2\/types\/post"}],"author":[{"embeddable":true,"href":"https:\/\/pre.dosde.com\/fr\/wp-json\/wp\/v2\/users\/1"}],"replies":[{"embeddable":true,"href":"https:\/\/pre.dosde.com\/fr\/wp-json\/wp\/v2\/comments?post=1932"}],"version-history":[{"count":1,"href":"https:\/\/pre.dosde.com\/fr\/wp-json\/wp\/v2\/posts\/1932\/revisions"}],"predecessor-version":[{"id":3597,"href":"https:\/\/pre.dosde.com\/fr\/wp-json\/wp\/v2\/posts\/1932\/revisions\/3597"}],"wp:attachment":[{"href":"https:\/\/pre.dosde.com\/fr\/wp-json\/wp\/v2\/media?parent=1932"}],"wp:term":[{"taxonomy":"category","embeddable":true,"href":"https:\/\/pre.dosde.com\/fr\/wp-json\/wp\/v2\/categories?post=1932"},{"taxonomy":"post_tag","embeddable":true,"href":"https:\/\/pre.dosde.com\/fr\/wp-json\/wp\/v2\/tags?post=1932"}],"curies":[{"name":"wp","href":"https:\/\/api.w.org\/{rel}","templated":true}]}}