{"id":1934,"date":"2017-02-20T13:10:11","date_gmt":"2017-02-20T13:10:11","guid":{"rendered":"https:\/\/www.dosde.com\/blog\/?p=425\/"},"modified":"2026-08-11T08:01:32","modified_gmt":"2026-08-11T08:01:32","slug":"la-residence-bellesguard","status":"publish","type":"post","link":"https:\/\/pre.dosde.com\/fr\/la-residence-bellesguard\/","title":{"rendered":"La Torre Bellesguard"},"content":{"rendered":"<p><a href=\"https:\/\/qa-dosde.qamoon.es\/wp-content\/uploads\/2017\/02\/exterior-torre-bellesguard-gaudi.jpg\"><img loading=\"lazy\" decoding=\"async\" class=\"alignnone wp-image-824 size-full\" src=\"https:\/\/qa-dosde.qamoon.es\/wp-content\/uploads\/2017\/02\/exterior-torre-bellesguard-gaudi.jpg\" alt=\"Histoire Bellesguard Antoni Gaud\u00ed\" width=\"900\" height=\"600\" \/><\/a><\/p>\n<h2>Histoire de la\u00a0Torre Bellesguard<\/h2>\n<p>Joan Grau i Vallespin\u00f3s, l\u2019\u00e9v\u00eaque qui confia \u00e0 Gaud\u00ed les travaux du palais \u00e9piscopal d\u2019Astorga, pr\u00e9cise dans son testament, qu\u2019\u00e0 sa mort, ses propri\u00e9t\u00e9s soient vendues et que les fonds soient consacr\u00e9s \u00e0 la cr\u00e9ation d\u2019un coll\u00e8ge.<\/p>\n<p>&nbsp;<\/p>\n<p>Gaud\u00ed, ami fid\u00e8le de l\u2019\u00e9v\u00eaque, savait que l\u2019une des demeures en vente, situ\u00e9e dans le quartier barcelonais de Sant Gervasi, abritait les ruines d\u2019un palais \u00e9difi\u00e9 en 1408 par Martin Ier l\u2019Humain, dernier souverain de la couronne d\u2019Aragon appartenant \u00e0 la dynastie de Barcelone. Cette co\u00efncidence fascina Antoni Gaud\u00ed qui vit \u00e0 travers la propri\u00e9t\u00e9<strong> l\u2019occasion de rendre hommage \u00e0 la splendeur m\u00e9di\u00e9vale de la Catalogne.<\/strong><\/p>\n<p>&nbsp;<\/p>\n<p>M\u00eame s\u2019il ne restait pratiquement plus rien du palais gothique, la charge symbolique de la propri\u00e9t\u00e9 \u00e9tait une tentation irr\u00e9sistible pour l\u2019artiste. Le roi Martin Ier d\u00e9cida de surnommer le site Bellesguard, signifiant belle vue en catalan. C\u2019est l\u00e0 qu\u2019il apprit la mort de son fils unique et qu\u2019il \u00e9pousa Marguerite de Prades en secondes noces, en pr\u00e9sence du pape Beno\u00eet XIII et du pr\u00eatre Vincent Ferrier, afin de donner un h\u00e9ritier \u00e0 la couronne. Or, Martin Ier d\u00e9c\u00e9da quelques mois apr\u00e8s, marquant la fin du lignage de la maison de Barcelone et l\u2019arriv\u00e9e au tr\u00f4ne d\u2019Aragon d\u2019une dynastie castillane, la maison de Trastamare.<\/p>\n<p>&nbsp;<\/p>\n<p>L\u2019int\u00e9r\u00eat de Gaud\u00ed pour ce projet \u00e9tait tel qu\u2019il servit d\u2019interm\u00e9diaire entre les ex\u00e9cuteurs testamentaires de Joan Grau et Maria Sagu\u00e8s, veuve de Jaume Figueras, riche commer\u00e7ant meunier et grand admirateur de l\u2019architecte.<\/p>\n<p>&nbsp;<\/p>\n<p>Ainsi, entre 1900 et 1909, Gaud\u00ed concr\u00e9tisa son hommage \u00e0 la Catalogne m\u00e9di\u00e9vale en concevant la Torre Bellesguard, une r\u00e9sidence d\u2019\u00e9t\u00e9 pour la veuve Figueras en <strong>traduisant librement le gothique catalan<\/strong> par le biais de d\u00e9licates m\u00e9taphores.<\/p>\n<p>&nbsp;<\/p>\n<p><a href=\"https:\/\/www.dosde.com\/fr\/livres\/antoni-gaudi.html\"><img decoding=\"async\" class=\"aligncenter size-full wp-image-3641\" src=\"https:\/\/qa-dosde.qamoon.es\/wp-content\/uploads\/2017\/02\/Boton-descubrir-mas-FR.png\" alt=\"\" \/><\/a><\/p>\n<p>&nbsp;<\/p>\n<h2>Une maison \u00e0 l\u2019aspect de ch\u00e2teau m\u00e9di\u00e9val<\/h2>\n<p>Pour la\u00a0Torre Bellesguard de Barcelona, <strong>Gaud\u00ed proposa une construction libre, de plan carr\u00e9<\/strong>, avec les diagonales orient\u00e9es vers les points cardinaux et deux \u00e9l\u00e9ments adoss\u00e9s qui donnent du rythme au volume : la cage d\u2019escalier \u2013surmont\u00e9e d\u2019un pinacle pointu\u2013 et la galerie chanfrein\u00e9e du salon. Gaud\u00ed r\u00e9ussit \u00e0 donner \u00e0 l\u2019\u00e9difice une apparence gothique sans avoir eu besoin d\u2019y incorporer de nombreux \u00e9l\u00e9ments typiquement gothiques gr\u00e2ce aux solutions d\u00e9j\u00e0 originales de sa p\u00e9riode de maturit\u00e9.<\/p>\n<p>&nbsp;<\/p>\n<p>L\u2019allongement exag\u00e9r\u00e9 des fen\u00eatres et le couronnement conique de la tour ou de la fa\u00e7ade avec les cr\u00e9neaux contribuent \u00e0 cet aspect gothique \u00e9vident et conf\u00e8rent \u00e0 l\u2019ensemble une grande sensation de verticalit\u00e9, surprenant pour un \u00e9difice plut\u00f4t bas.<\/p>\n<p>&nbsp;<\/p>\n<h2>L\u2019int\u00e9rieur de la\u00a0Torre Bellesguard<\/h2>\n<p>[metaslider id=1310]<\/p>\n<p>La r\u00e9sidence Bellesguard se compose d\u2019un sous-sol, d\u2019un rez-de-chauss\u00e9e, d\u2019un premier \u00e9tage, d\u2019un \u00e9tage sup\u00e9rieur et d\u2019un grenier divis\u00e9 en deux niveaux. Le sous-sol et la partie la moins ensoleill\u00e9e du rez-de-chauss\u00e9e \u00e9taient r\u00e9serv\u00e9s aux domestiques. \u00c0 l\u2019\u00e9tage principal se d\u00e9roulaient les activit\u00e9s sociales de la famille \u2013salons et salle \u00e0 manger\u2013 et le deuxi\u00e8me \u00e9tage \u00e9tait r\u00e9serv\u00e9 \u00e0 la vie priv\u00e9e (chambres). Le grenier servait de buanderie et on y \u00e9tendait le linge. Le vestibule est la pi\u00e8ce la plus haute car elle abrite l\u2019escalier qui m\u00e8ne aux \u00e9tages.<\/p>\n<p>&nbsp;<\/p>\n<p><strong>Gaud\u00ed se passa de couleurs et d\u2019ornements<\/strong> et fit rev\u00eatir la structure de pl\u00e2tre et de peinture \u00e0 la chaux. Le blanc pur des murs rehausse les formes onduleuses et arrondies pleine de <strong>r\u00e9miniscences mud\u00e9jares<\/strong> des plafonds et des embrasures int\u00e9rieures, et se trouve accentu\u00e9 par la lumi\u00e8re intense qui p\u00e9n\u00e8tre par les baies vitr\u00e9es, cr\u00e9ant de suggestifs jeux d\u2019ombre et de lumi\u00e8re.<\/p>\n<p>&nbsp;<\/p>\n<h2>Le livre visuel le plus complet sur l\u2019\u0153uvre de Gaud\u00ed<\/h2>\n<p>Antoni Gaud\u00ed est consid\u00e9r\u00e9 comme l&rsquo;un des architectes les plus influents de tous les temps. Les \u0153uvres de Gaud\u00ed se caract\u00e9risent par une identit\u00e9 propre.<\/p>\n<p>&nbsp;<\/p>\n<p>Ce livre offre une vision compl\u00e8te des <a href=\"https:\/\/www.dosde.com\/fr\/gaudi-ensemble-oeuvres-architecte-visuelle.html\">\u0153uvres que Antoni Gaudi a r\u00e9alis\u00e9es<\/a> au cours de sa vie, de ses projets les plus embl\u00e9matiques \u00e0 ceux moins connus, avec plus de 750 photos. Indispensable pour tout savoir sur Gaud\u00ed.\u00a0\u00c9dit\u00e9 par <a href=\"https:\/\/www.dosde.com\/fr\/\">Dosde<\/a>, c\u2019est l\u2019un des livres les plus achev\u00e9s pour d\u00e9couvrir toute la trajectoire du grand architecte Gaud\u00ed.<\/p>\n<p><a href=\"https:\/\/www.dosde.com\/fr\/gaudi-ensemble-oeuvres-architecte-visuelle.html\"><img loading=\"lazy\" decoding=\"async\" class=\"alignnone wp-image-1845 size-full\" src=\"https:\/\/qa-dosde.qamoon.es\/wp-content\/uploads\/2017\/02\/couverture-antoni-gaudi-livre-francais-dosde-publishing_978-84-96783-86-7_20-011-02_B14.jpg\" alt=\"Ensemble des oeuvres d'Antoni Gaud\u00ed\" width=\"700\" height=\"388\" \/><\/a><\/p>\n","protected":false},"excerpt":{"rendered":"Histoire de la\u00a0Torre Bellesguard Joan Grau i Vallespin\u00f3s, l\u2019\u00e9v\u00eaque qui confia \u00e0 Gaud\u00ed les travaux du palais \u00e9piscopal d\u2019Astorga, pr\u00e9cise dans son testament, qu\u2019\u00e0 sa mort, ses propri\u00e9t\u00e9s soient vendues et que les fonds soient consacr\u00e9s \u00e0 la cr\u00e9ation d\u2019un coll\u00e8ge. &nbsp; Gaud\u00ed, ami fid\u00e8le de l\u2019\u00e9v\u00eaque, savait que l\u2019une des demeures en vente, situ\u00e9e &#8230; <a title=\"La Torre Bellesguard\" class=\"read-more\" href=\"https:\/\/pre.dosde.com\/fr\/la-residence-bellesguard\/\" aria-label=\"En savoir plus sur La Torre Bellesguard\">Lire la suite<\/a>","protected":false},"author":1,"featured_media":713,"comment_status":"open","ping_status":"open","sticky":false,"template":"","format":"standard","meta":{"_acf_changed":false,"footnotes":""},"categories":[53],"tags":[],"class_list":["post-1934","post","type-post","status-publish","format-standard","has-post-thumbnail","hentry","category-barcelone"],"acf":[],"yoast_head":"<!-- This site is optimized with the Yoast SEO plugin v28.3 - https:\/\/yoast.com\/product\/yoast-seo-wordpress\/ -->\n<title>La Torre Bellesguard - Dosde<\/title>\n<meta name=\"robots\" content=\"noindex, follow, max-snippet:-1, max-image-preview:large, max-video-preview:-1\" \/>\n<meta property=\"og:locale\" content=\"fr_FR\" \/>\n<meta property=\"og:type\" content=\"article\" \/>\n<meta property=\"og:title\" content=\"La Torre Bellesguard - Dosde\" \/>\n<meta property=\"og:description\" content=\"Histoire de la\u00a0Torre Bellesguard Joan Grau i Vallespin\u00f3s, l\u2019\u00e9v\u00eaque qui confia \u00e0 Gaud\u00ed les travaux du palais \u00e9piscopal d\u2019Astorga, pr\u00e9cise dans son testament, qu\u2019\u00e0 sa mort, ses propri\u00e9t\u00e9s soient vendues et que les fonds soient consacr\u00e9s \u00e0 la cr\u00e9ation d\u2019un coll\u00e8ge. &nbsp; Gaud\u00ed, ami fid\u00e8le de l\u2019\u00e9v\u00eaque, savait que l\u2019une des demeures en vente, situ\u00e9e ... Lire la suite\" \/>\n<meta property=\"og:url\" content=\"https:\/\/pre.dosde.com\/fr\/la-residence-bellesguard\/\" \/>\n<meta property=\"og:site_name\" content=\"Dosde\" \/>\n<meta property=\"article:published_time\" content=\"2017-02-20T13:10:11+00:00\" \/>\n<meta property=\"article:modified_time\" content=\"2026-08-11T08:01:32+00:00\" \/>\n<meta name=\"author\" content=\"seocom\" \/>\n<meta name=\"twitter:card\" content=\"summary_large_image\" \/>\n<meta name=\"twitter:label1\" content=\"\u00c9crit par\" \/>\n\t<meta name=\"twitter:data1\" content=\"seocom\" \/>\n\t<meta name=\"twitter:label2\" content=\"Dur\u00e9e de lecture estim\u00e9e\" \/>\n\t<meta name=\"twitter:data2\" content=\"4 minutes\" \/>\n<script type=\"application\/ld+json\" class=\"yoast-schema-graph\">{\"@context\":\"https:\\\/\\\/schema.org\",\"@graph\":[{\"@type\":\"Article\",\"@id\":\"https:\\\/\\\/pre.dosde.com\\\/fr\\\/la-residence-bellesguard\\\/#article\",\"isPartOf\":{\"@id\":\"https:\\\/\\\/pre.dosde.com\\\/fr\\\/la-residence-bellesguard\\\/\"},\"author\":{\"name\":\"seocom\",\"@id\":\"https:\\\/\\\/pre.dosde.com\\\/fr\\\/#\\\/schema\\\/person\\\/9d33726ab714fecb297e38b515472088\"},\"headline\":\"La Torre Bellesguard\",\"datePublished\":\"2017-02-20T13:10:11+00:00\",\"dateModified\":\"2026-08-11T08:01:32+00:00\",\"mainEntityOfPage\":{\"@id\":\"https:\\\/\\\/pre.dosde.com\\\/fr\\\/la-residence-bellesguard\\\/\"},\"wordCount\":785,\"commentCount\":0,\"publisher\":{\"@id\":\"https:\\\/\\\/pre.dosde.com\\\/fr\\\/#organization\"},\"image\":{\"@id\":\"https:\\\/\\\/pre.dosde.com\\\/fr\\\/la-residence-bellesguard\\\/#primaryimage\"},\"thumbnailUrl\":\"\",\"articleSection\":[\"Barcelone\"],\"inLanguage\":\"fr-FR\",\"potentialAction\":[{\"@type\":\"CommentAction\",\"name\":\"Comment\",\"target\":[\"https:\\\/\\\/pre.dosde.com\\\/fr\\\/la-residence-bellesguard\\\/#respond\"]}]},{\"@type\":\"WebPage\",\"@id\":\"https:\\\/\\\/pre.dosde.com\\\/fr\\\/la-residence-bellesguard\\\/\",\"url\":\"https:\\\/\\\/pre.dosde.com\\\/fr\\\/la-residence-bellesguard\\\/\",\"name\":\"La Torre Bellesguard - Dosde\",\"isPartOf\":{\"@id\":\"https:\\\/\\\/pre.dosde.com\\\/fr\\\/#website\"},\"primaryImageOfPage\":{\"@id\":\"https:\\\/\\\/pre.dosde.com\\\/fr\\\/la-residence-bellesguard\\\/#primaryimage\"},\"image\":{\"@id\":\"https:\\\/\\\/pre.dosde.com\\\/fr\\\/la-residence-bellesguard\\\/#primaryimage\"},\"thumbnailUrl\":\"\",\"datePublished\":\"2017-02-20T13:10:11+00:00\",\"dateModified\":\"2026-08-11T08:01:32+00:00\",\"breadcrumb\":{\"@id\":\"https:\\\/\\\/pre.dosde.com\\\/fr\\\/la-residence-bellesguard\\\/#breadcrumb\"},\"inLanguage\":\"fr-FR\",\"potentialAction\":[{\"@type\":\"ReadAction\",\"target\":[\"https:\\\/\\\/pre.dosde.com\\\/fr\\\/la-residence-bellesguard\\\/\"]}]},{\"@type\":\"ImageObject\",\"inLanguage\":\"fr-FR\",\"@id\":\"https:\\\/\\\/pre.dosde.com\\\/fr\\\/la-residence-bellesguard\\\/#primaryimage\",\"url\":\"\",\"contentUrl\":\"\"},{\"@type\":\"BreadcrumbList\",\"@id\":\"https:\\\/\\\/pre.dosde.com\\\/fr\\\/la-residence-bellesguard\\\/#breadcrumb\",\"itemListElement\":[{\"@type\":\"ListItem\",\"position\":1,\"name\":\"Home\",\"item\":\"https:\\\/\\\/pre.dosde.com\\\/fr\\\/\"},{\"@type\":\"ListItem\",\"position\":2,\"name\":\"La Torre Bellesguard\"}]},{\"@type\":\"WebSite\",\"@id\":\"https:\\\/\\\/pre.dosde.com\\\/fr\\\/#website\",\"url\":\"https:\\\/\\\/pre.dosde.com\\\/fr\\\/\",\"name\":\"Dosde\",\"description\":\"\",\"publisher\":{\"@id\":\"https:\\\/\\\/pre.dosde.com\\\/fr\\\/#organization\"},\"potentialAction\":[{\"@type\":\"SearchAction\",\"target\":{\"@type\":\"EntryPoint\",\"urlTemplate\":\"https:\\\/\\\/pre.dosde.com\\\/fr\\\/?s={search_term_string}\"},\"query-input\":{\"@type\":\"PropertyValueSpecification\",\"valueRequired\":true,\"valueName\":\"search_term_string\"}}],\"inLanguage\":\"fr-FR\"},{\"@type\":\"Organization\",\"@id\":\"https:\\\/\\\/pre.dosde.com\\\/fr\\\/#organization\",\"name\":\"Dosde\",\"url\":\"https:\\\/\\\/pre.dosde.com\\\/fr\\\/\",\"logo\":{\"@type\":\"ImageObject\",\"inLanguage\":\"fr-FR\",\"@id\":\"https:\\\/\\\/pre.dosde.com\\\/fr\\\/#\\\/schema\\\/logo\\\/image\\\/\",\"url\":\"https:\\\/\\\/pre.dosde.com\\\/wp-content\\\/uploads\\\/2026\\\/06\\\/Logo.webp\",\"contentUrl\":\"https:\\\/\\\/pre.dosde.com\\\/wp-content\\\/uploads\\\/2026\\\/06\\\/Logo.webp\",\"width\":248,\"height\":80,\"caption\":\"Dosde\"},\"image\":{\"@id\":\"https:\\\/\\\/pre.dosde.com\\\/fr\\\/#\\\/schema\\\/logo\\\/image\\\/\"}},{\"@type\":\"Person\",\"@id\":\"https:\\\/\\\/pre.dosde.com\\\/fr\\\/#\\\/schema\\\/person\\\/9d33726ab714fecb297e38b515472088\",\"name\":\"seocom\",\"image\":{\"@type\":\"ImageObject\",\"inLanguage\":\"fr-FR\",\"@id\":\"https:\\\/\\\/secure.gravatar.com\\\/avatar\\\/741433ce07ba5c431e994c0ec0272d414a5d1a9dafeb02666111e6f2eb1c0ed2?s=96&d=mm&r=g\",\"url\":\"https:\\\/\\\/secure.gravatar.com\\\/avatar\\\/741433ce07ba5c431e994c0ec0272d414a5d1a9dafeb02666111e6f2eb1c0ed2?s=96&d=mm&r=g\",\"contentUrl\":\"https:\\\/\\\/secure.gravatar.com\\\/avatar\\\/741433ce07ba5c431e994c0ec0272d414a5d1a9dafeb02666111e6f2eb1c0ed2?s=96&d=mm&r=g\",\"caption\":\"seocom\"},\"sameAs\":[\"http:\\\/\\\/qa-dosde.qamoon.es\"],\"url\":\"https:\\\/\\\/pre.dosde.com\\\/fr\\\/author\\\/seocom\\\/\"}]}<\/script>\n<!-- \/ Yoast SEO plugin. -->","yoast_head_json":{"title":"La Torre Bellesguard - Dosde","robots":{"index":"noindex","follow":"follow","max-snippet":"max-snippet:-1","max-image-preview":"max-image-preview:large","max-video-preview":"max-video-preview:-1"},"og_locale":"fr_FR","og_type":"article","og_title":"La Torre Bellesguard - Dosde","og_description":"Histoire de la\u00a0Torre Bellesguard Joan Grau i Vallespin\u00f3s, l\u2019\u00e9v\u00eaque qui confia \u00e0 Gaud\u00ed les travaux du palais \u00e9piscopal d\u2019Astorga, pr\u00e9cise dans son testament, qu\u2019\u00e0 sa mort, ses propri\u00e9t\u00e9s soient vendues et que les fonds soient consacr\u00e9s \u00e0 la cr\u00e9ation d\u2019un coll\u00e8ge. &nbsp; Gaud\u00ed, ami fid\u00e8le de l\u2019\u00e9v\u00eaque, savait que l\u2019une des demeures en vente, situ\u00e9e ... Lire la suite","og_url":"https:\/\/pre.dosde.com\/fr\/la-residence-bellesguard\/","og_site_name":"Dosde","article_published_time":"2017-02-20T13:10:11+00:00","article_modified_time":"2026-08-11T08:01:32+00:00","author":"seocom","twitter_card":"summary_large_image","twitter_misc":{"\u00c9crit par":"seocom","Dur\u00e9e de lecture estim\u00e9e":"4 minutes"},"schema":{"@context":"https:\/\/schema.org","@graph":[{"@type":"Article","@id":"https:\/\/pre.dosde.com\/fr\/la-residence-bellesguard\/#article","isPartOf":{"@id":"https:\/\/pre.dosde.com\/fr\/la-residence-bellesguard\/"},"author":{"name":"seocom","@id":"https:\/\/pre.dosde.com\/fr\/#\/schema\/person\/9d33726ab714fecb297e38b515472088"},"headline":"La Torre Bellesguard","datePublished":"2017-02-20T13:10:11+00:00","dateModified":"2026-08-11T08:01:32+00:00","mainEntityOfPage":{"@id":"https:\/\/pre.dosde.com\/fr\/la-residence-bellesguard\/"},"wordCount":785,"commentCount":0,"publisher":{"@id":"https:\/\/pre.dosde.com\/fr\/#organization"},"image":{"@id":"https:\/\/pre.dosde.com\/fr\/la-residence-bellesguard\/#primaryimage"},"thumbnailUrl":"","articleSection":["Barcelone"],"inLanguage":"fr-FR","potentialAction":[{"@type":"CommentAction","name":"Comment","target":["https:\/\/pre.dosde.com\/fr\/la-residence-bellesguard\/#respond"]}]},{"@type":"WebPage","@id":"https:\/\/pre.dosde.com\/fr\/la-residence-bellesguard\/","url":"https:\/\/pre.dosde.com\/fr\/la-residence-bellesguard\/","name":"La Torre Bellesguard - Dosde","isPartOf":{"@id":"https:\/\/pre.dosde.com\/fr\/#website"},"primaryImageOfPage":{"@id":"https:\/\/pre.dosde.com\/fr\/la-residence-bellesguard\/#primaryimage"},"image":{"@id":"https:\/\/pre.dosde.com\/fr\/la-residence-bellesguard\/#primaryimage"},"thumbnailUrl":"","datePublished":"2017-02-20T13:10:11+00:00","dateModified":"2026-08-11T08:01:32+00:00","breadcrumb":{"@id":"https:\/\/pre.dosde.com\/fr\/la-residence-bellesguard\/#breadcrumb"},"inLanguage":"fr-FR","potentialAction":[{"@type":"ReadAction","target":["https:\/\/pre.dosde.com\/fr\/la-residence-bellesguard\/"]}]},{"@type":"ImageObject","inLanguage":"fr-FR","@id":"https:\/\/pre.dosde.com\/fr\/la-residence-bellesguard\/#primaryimage","url":"","contentUrl":""},{"@type":"BreadcrumbList","@id":"https:\/\/pre.dosde.com\/fr\/la-residence-bellesguard\/#breadcrumb","itemListElement":[{"@type":"ListItem","position":1,"name":"Home","item":"https:\/\/pre.dosde.com\/fr\/"},{"@type":"ListItem","position":2,"name":"La Torre Bellesguard"}]},{"@type":"WebSite","@id":"https:\/\/pre.dosde.com\/fr\/#website","url":"https:\/\/pre.dosde.com\/fr\/","name":"Dosde","description":"","publisher":{"@id":"https:\/\/pre.dosde.com\/fr\/#organization"},"potentialAction":[{"@type":"SearchAction","target":{"@type":"EntryPoint","urlTemplate":"https:\/\/pre.dosde.com\/fr\/?s={search_term_string}"},"query-input":{"@type":"PropertyValueSpecification","valueRequired":true,"valueName":"search_term_string"}}],"inLanguage":"fr-FR"},{"@type":"Organization","@id":"https:\/\/pre.dosde.com\/fr\/#organization","name":"Dosde","url":"https:\/\/pre.dosde.com\/fr\/","logo":{"@type":"ImageObject","inLanguage":"fr-FR","@id":"https:\/\/pre.dosde.com\/fr\/#\/schema\/logo\/image\/","url":"https:\/\/pre.dosde.com\/wp-content\/uploads\/2026\/06\/Logo.webp","contentUrl":"https:\/\/pre.dosde.com\/wp-content\/uploads\/2026\/06\/Logo.webp","width":248,"height":80,"caption":"Dosde"},"image":{"@id":"https:\/\/pre.dosde.com\/fr\/#\/schema\/logo\/image\/"}},{"@type":"Person","@id":"https:\/\/pre.dosde.com\/fr\/#\/schema\/person\/9d33726ab714fecb297e38b515472088","name":"seocom","image":{"@type":"ImageObject","inLanguage":"fr-FR","@id":"https:\/\/secure.gravatar.com\/avatar\/741433ce07ba5c431e994c0ec0272d414a5d1a9dafeb02666111e6f2eb1c0ed2?s=96&d=mm&r=g","url":"https:\/\/secure.gravatar.com\/avatar\/741433ce07ba5c431e994c0ec0272d414a5d1a9dafeb02666111e6f2eb1c0ed2?s=96&d=mm&r=g","contentUrl":"https:\/\/secure.gravatar.com\/avatar\/741433ce07ba5c431e994c0ec0272d414a5d1a9dafeb02666111e6f2eb1c0ed2?s=96&d=mm&r=g","caption":"seocom"},"sameAs":["http:\/\/qa-dosde.qamoon.es"],"url":"https:\/\/pre.dosde.com\/fr\/author\/seocom\/"}]}},"_links":{"self":[{"href":"https:\/\/pre.dosde.com\/fr\/wp-json\/wp\/v2\/posts\/1934","targetHints":{"allow":["GET"]}}],"collection":[{"href":"https:\/\/pre.dosde.com\/fr\/wp-json\/wp\/v2\/posts"}],"about":[{"href":"https:\/\/pre.dosde.com\/fr\/wp-json\/wp\/v2\/types\/post"}],"author":[{"embeddable":true,"href":"https:\/\/pre.dosde.com\/fr\/wp-json\/wp\/v2\/users\/1"}],"replies":[{"embeddable":true,"href":"https:\/\/pre.dosde.com\/fr\/wp-json\/wp\/v2\/comments?post=1934"}],"version-history":[{"count":1,"href":"https:\/\/pre.dosde.com\/fr\/wp-json\/wp\/v2\/posts\/1934\/revisions"}],"predecessor-version":[{"id":3675,"href":"https:\/\/pre.dosde.com\/fr\/wp-json\/wp\/v2\/posts\/1934\/revisions\/3675"}],"wp:attachment":[{"href":"https:\/\/pre.dosde.com\/fr\/wp-json\/wp\/v2\/media?parent=1934"}],"wp:term":[{"taxonomy":"category","embeddable":true,"href":"https:\/\/pre.dosde.com\/fr\/wp-json\/wp\/v2\/categories?post=1934"},{"taxonomy":"post_tag","embeddable":true,"href":"https:\/\/pre.dosde.com\/fr\/wp-json\/wp\/v2\/tags?post=1934"}],"curies":[{"name":"wp","href":"https:\/\/api.w.org\/{rel}","templated":true}]}}