{"id":2035,"date":"2017-12-11T16:46:04","date_gmt":"2017-12-11T16:46:04","guid":{"rendered":"https:\/\/www.dosde.com\/discover\/?p=2035\/"},"modified":"2026-08-11T08:01:32","modified_gmt":"2026-08-11T08:01:32","slug":"10-particularites-que-personne-ou-presque-ne-connait-de-la-sagrada-familia","status":"publish","type":"post","link":"https:\/\/pre.dosde.com\/fr\/10-particularites-que-personne-ou-presque-ne-connait-de-la-sagrada-familia\/","title":{"rendered":"10 particularit\u00e9s que personne ou presque ne conna\u00eet de la Sagrada Familia"},"content":{"rendered":"<p>&nbsp;<\/p>\n<p>L\u2019\u00e9dification de la Sagrada Familia d\u00e9buta en 1882 sur un terrain du nouvel Ensanche de Barcelone.<br \/>\nPens\u00e9e pour devenir<strong> la construction la plus haute de la ville de Barcelone<\/strong>, Antoni Gaud\u00ed \u2013inspir\u00e9 par la hauteur et la monumentalit\u00e9 des temples gothiques- dota la basilique de la Sagrada Familia de 18 tours colossales servant \u00e0 <strong>faire le lien entre le Ciel et la Terre<\/strong>.<\/p>\n<p>&nbsp;<\/p>\n<h2>1. POURQUOI FUT-ELLE CONSTRUITE ?<\/h2>\n<p><img loading=\"lazy\" decoding=\"async\" class=\"aligncenter wp-image-2076 size-full\" src=\"https:\/\/qa-dosde.qamoon.es\/wp-content\/uploads\/2017\/12\/primera-piedra-de-la-Sagrada-Familia-dosde-publishing.jpg\" alt=\"La premi\u00e8re pierre de la Sagrada Familia\" width=\"900\" height=\"600\" \/><\/p>\n<p>&nbsp;<\/p>\n<p>Une partie de la soci\u00e9t\u00e9 espagnole changea radicalement ses habitudes avec la r\u00e9volution industrielle, en cons\u00e9quence de quoi elle passa de coutumes \u00e9minemment rurales \u00e0 une nouvelle vie urbaine. Ce processus enclencha <strong>une crise spirituelle<\/strong> que le clerg\u00e9 espagnol combattit avec l\u2019\u0153uvre missionnaire de nombreux eccl\u00e9siastiques d\u00e9cid\u00e9s \u00e0 <strong>faire rena\u00eetre la foi<\/strong> de millions de citoyens.<\/p>\n<p>&nbsp;<\/p>\n<p>En 1866, la fondation de l\u2019Association des d\u00e9vots de saint Joseph s\u2019engagea aux c\u00f4t\u00e9s de l\u2019\u00c9glise pour tenter de pr\u00e9server le catholicisme conservateur. En 1878, l\u2019association comptait d\u00e9j\u00e0 un demi-million de membres ce qui encouragea son cr\u00e9ateur, le libraire et philanthrope Josep Maria Bocabella, \u00e0 se lancer dans la <strong>construction d\u2019un temple expiatoire <a href=\"https:\/\/www.dosde.com\/fr\/sagrada-familia.html\" target=\"_blank\">d\u00e9di\u00e9 \u00e0 la sainte Famille<\/a><\/strong>, financ\u00e9 par les dons des fid\u00e8les.<\/p>\n<p>&nbsp;<\/p>\n<h2>2. GAUD\u00cd NE FUT PAS LE PREMIER ARCHITECTE<\/h2>\n<p><img loading=\"lazy\" decoding=\"async\" class=\"aligncenter wp-image-2078 size-full\" src=\"https:\/\/qa-dosde.qamoon.es\/wp-content\/uploads\/2017\/12\/dibujo-proyecto-sagrada-familia-dosde-publishing.jpg\" alt=\"Esquisses du projet Sagrada Familia\" width=\"900\" height=\"600\" \/><\/p>\n<p>&nbsp;<\/p>\n<p>Josep Maria Bocabella confia le projet de construction du temple expiatoire de la Sagrada Familia \u00e0 Francisco de Paula del Villar, architecte dioc\u00e9sain qui proposa ses services gratuitement.<\/p>\n<p>&nbsp;<\/p>\n<p>En 1883, \u00e0 peine un an apr\u00e8s le d\u00e9but des travaux, <strong>Del Villar renon\u00e7a \u00e0 la direction du projet<\/strong> en raison d\u2019un diff\u00e9rend avec Bocabella et son principal conseiller, l\u2019architecte partisan de l\u2019historicisme Joan Martorell.<\/p>\n<p>&nbsp;<\/p>\n<p>Apr\u00e8s la d\u00e9mission de Del Villar, Bocabella offrit la direction des travaux \u00e0 Joan Martorell, son conseiller, qui d\u00e9clina l\u2019offre et <strong>recommanda son plus remarquable disciple<\/strong> : un jeune architecte de 31 ans appel\u00e9 <strong>Antoni Gaud\u00ed<\/strong>.<\/p>\n<p>&nbsp;<\/p>\n<p><a href=\"https:\/\/www.dosde.com\/fr\/gaudi-ensemble-oeuvres-architecte-visuelle.html\"><img loading=\"lazy\" decoding=\"async\" class=\"aligncenter wp-image-2146 size-full\" src=\"https:\/\/qa-dosde.qamoon.es\/wp-content\/uploads\/2017\/02\/BOTON_descubre-mas-fra.jpg\" alt=\"\" width=\"234\" height=\"56\" \/><\/a><\/p>\n<p>&nbsp;<\/p>\n<h2>3. GAUD\u00cd DIRIGEA LES TRAVAUX DURANT 43 ANS<\/h2>\n<p><img loading=\"lazy\" decoding=\"async\" class=\"aligncenter wp-image-2080 size-full\" src=\"https:\/\/qa-dosde.qamoon.es\/wp-content\/uploads\/2017\/12\/planos-sagrada-familia-antoni-gaudi-dosde-publishing.jpg\" alt=\"Plans de la Sagrada Familia d'Antoni Gaud\u00ed\" width=\"900\" height=\"600\" \/><\/p>\n<p>&nbsp;<\/p>\n<p>L\u2019architecte se chargea du projet de construction de la Sagrada Familia en 1883 et <strong>dirigea les travaux durant 43 ans<\/strong>, jusqu\u2019\u00e0 sa mort en 1926.<\/p>\n<p>&nbsp;<\/p>\n<p>Antoni Gaud\u00ed prit la direction des travaux en 1883 et partagea son temps entre la construction du temple et ses autres projets jusqu\u2019en 1914, date \u00e0 laquelle il <strong>d\u00e9cida de ne plus accepter de commandes pour se consacrer exclusivement<\/strong> \u2013et ce jusqu\u2019\u00e0 sa mort en 1926\u2013 \u00e0 la basilique de la Sagrada Familia.<\/p>\n<p>&nbsp;<\/p>\n<p>Ces 43 ans de d\u00e9vouement lui servirent \u00e0 comprendre que son projet pouvait repr\u00e9senter ce que durant des si\u00e8cles ses pr\u00e9d\u00e9cesseurs ne r\u00e9ussirent jamais \u00e0 faire : un temple parfait.<\/p>\n<p>&nbsp;<\/p>\n<h2>4. POURQUOI LA SAGRADA FAMILIA S\u2019\u00c9L\u00c8VE \u00c0 172,5 M\u00c8TRES ?<\/h2>\n<p><img loading=\"lazy\" decoding=\"async\" class=\"aligncenter wp-image-2075 size-full\" src=\"https:\/\/qa-dosde.qamoon.es\/wp-content\/uploads\/2017\/12\/altura-sagrada-familia-antoni-gaudi-dosde-publishing.jpg\" alt=\"aHauteur de la Sagrada Familia d'Antoni Gaud\u00ed\" width=\"900\" height=\"600\" \/><\/p>\n<p>&nbsp;<\/p>\n<p>Selon Gaud\u00ed, le temple de <strong>la Sagrada Familia devait faire le lien entre le Ciel et la Terre<\/strong>, r\u00e9cup\u00e9rant le concept de verticalit\u00e9 des cath\u00e9drales du Moyen \u00c2ge.<\/p>\n<p>&nbsp;<\/p>\n<p>Il avait l\u2019intention de construire l\u2019\u00e9difice le plus haut de Barcelone et con\u00e7ut alors la tour de J\u00e9sus \u2013\u00e9l\u00e9ment qui couronne la basilique \u00e0 172,5 m\u00e8tres\u2013 cens\u00e9e d\u00e9passer toutes les constructions civiles de la ville tout <strong>en veillant \u00e0 ce que l\u2019\u0153uvre de l\u2019homme ne d\u00e9passe jamais celle de Dieu<\/strong>. C\u2019est ce qui explique que la tour mesure un m\u00e8tre de moins que la montagne de Montju\u00efc.<\/p>\n<p>&nbsp;<\/p>\n<h2>5. COMMENT ARRIVA T-ON \u00c0 UN TEL R\u00c9ALISME DES SCULPTURES ?<\/h2>\n<p><img loading=\"lazy\" decoding=\"async\" class=\"aligncenter wp-image-2079 size-full\" src=\"https:\/\/qa-dosde.qamoon.es\/wp-content\/uploads\/2017\/12\/esculturas-sagrada-familia-antoni-gaudi-dosde-publishing.jpg\" alt=\"Mod\u00e8le pour les sculptures de la Sagrada Familia\" width=\"900\" height=\"600\" \/><\/p>\n<p>&nbsp;<\/p>\n<p>Afin que les sculptures acqui\u00e8rent le plus de r\u00e9alisme possible, <strong>Gaud\u00ed utilisait comme mod\u00e8le des personnes, des bonhommes voire des squelettes<\/strong> qu\u2019il photographiait pour que les sculpteurs s\u2019en inspirent.<\/p>\n<p>&nbsp;<\/p>\n<p>Lloren\u00e7 Matamala fut le responsable des sculpteurs du temple et l\u2019auteur de nombreux groupes sculpturaux de la fa\u00e7ade comme les Anges \u00e0 la trompette, le Massacre des Innocents, la Fuite en \u00c9gypte, la barque de saint Joseph, J\u00e9sus charpentier ou l\u2019Immacul\u00e9e Conception.<\/p>\n<p>&nbsp;<\/p>\n<h2>6. POURQUOI L\u2019INT\u00c9RIEUR DE LA SAGRADA FAMILIA ABRITE DES COLONNES ARBORESCENTES\u00a0?<\/h2>\n<p><img loading=\"lazy\" decoding=\"async\" class=\"aligncenter wp-image-2077 size-full\" src=\"https:\/\/qa-dosde.qamoon.es\/wp-content\/uploads\/2017\/12\/columnas-interior-sagrada-familia-antoni-gaudi-dosde-publishing.jpg\" alt=\"Colonnes d'arbres de la Sagrada Familia, par Antoni Gaud\u00ed\" width=\"900\" height=\"600\" \/><\/p>\n<p>&nbsp;<\/p>\n<p>Gaud\u00ed proposa pour la Sagrada Familia de r\u00e9interpr\u00e9ter le style gothique en tant que concept n\u00e9cessaire pour symboliser l\u2019union \u00e9troite entre le Ciel et la Terre \u00e0 travers la hauteur et la lumi\u00e8re. Pour ce faire, <strong>les murs devaient \u00eatre garnis de grandes fen\u00eatres<\/strong> et, par cons\u00e9quent, ne devaient pas supporter le poids de l\u2019\u00e9difice.<\/p>\n<p>&nbsp;<\/p>\n<p>C\u2019est ainsi qu\u2019il trouva \u2013apr\u00e8s de nombreuses ann\u00e9es d\u2019\u00e9tude\u2013<strong> la solution des colonnes arborescentes<\/strong>, un syst\u00e8me innovant et jamais utilis\u00e9 jusqu\u2019alors, o\u00f9 les charges se transmettent \u00e0 travers les ramifications, des colonnes jusqu\u2019au sol.<\/p>\n<p>&nbsp;<\/p>\n<p><a href=\"https:\/\/www.dosde.com\/fr\/sagrada-familia.html\" target=\"_blank\"><img loading=\"lazy\" decoding=\"async\" class=\"aligncenter wp-image-2146 size-full\" src=\"https:\/\/qa-dosde.qamoon.es\/wp-content\/uploads\/2017\/02\/BOTON_descubre-mas-fra.jpg\" alt=\"\" width=\"234\" height=\"56\" \/><\/a><\/p>\n<h2>7. GAUD\u00cd \u00c9TAIT D\u00c9VOT \u00c0 LA VIERGE MARIE<\/h2>\n<p><img loading=\"lazy\" decoding=\"async\" class=\"aligncenter wp-image-2085 size-full\" src=\"https:\/\/qa-dosde.qamoon.es\/wp-content\/uploads\/2017\/12\/techo-sagrada-familia-antoni-gaudi-dosde-publishing.jpg\" alt=\"Les toits de la Sagrada Familia, d'Antoni Gaud\u00ed\" width=\"900\" height=\"600\" \/><\/p>\n<p>&nbsp;<\/p>\n<p>La foi chr\u00e9tienne d\u2019Antoni Gaud\u00ed se consolida de fa\u00e7on exponentielle tout au long des 43 ans qu\u2019il consacra \u00e0 la direction des travaux de la Sagrada Familia. Or, tout jeune d\u00e9j\u00e0, Gaud\u00ed vouait un culte particuli\u00e8rement profond \u00e0 la Vierge Marie.<\/p>\n<p>&nbsp;<\/p>\n<p>Inculqu\u00e9 par cette ferveur \u00e0 la Vierge existante en Europe et par ses propres convictions mariales, Gaud\u00ed d\u00e9cida de <strong>consacrer tout l\u2019ensemble des constructions de la fa\u00e7ade de l\u2019abside \u00e0 la m\u00e8re de J\u00e9sus<\/strong>.<\/p>\n<p>&nbsp;<\/p>\n<p>Par opposition, il consacra les sept chapelles internes de la t\u00eate du temple aux Douleurs et All\u00e9gresses de saint Joseph.<\/p>\n<p>&nbsp;<\/p>\n<h2>8. L\u2019ABSIDE ABRITE BEAUCOUP DE SCULPTURES DE REPTILES<\/h2>\n<p><img loading=\"lazy\" decoding=\"async\" class=\"aligncenter wp-image-2084 size-full\" src=\"https:\/\/qa-dosde.qamoon.es\/wp-content\/uploads\/2017\/12\/reptiles-fachada-sagrada-familia-antoni-gaudi-dosde-publishing.jpg\" alt=\"Sculptures de reptiles sur la fa\u00e7ade de la Sagrada Familia\" width=\"900\" height=\"600\" \/><\/p>\n<p>&nbsp;<\/p>\n<p>Selon <strong>une proposition symbolique et ornementale tr\u00e8s audacieuse<\/strong> pour les coutumes religieuses en vigueur \u00e0 la fin du XIXe si\u00e8cle, l\u2019architecte fit sculpter <strong>une multitude de reptiles<\/strong>, d\u2019amphibiens et d\u2019esp\u00e8ces d\u2019autres r\u00e8gnes, consid\u00e9r\u00e9s \u00e0 l\u2019\u00e9poque comme des animaux de cat\u00e9gorie inf\u00e9rieure, pour les placer sur les murs ext\u00e9rieurs de l\u2019abside.<\/p>\n<p>&nbsp;<\/p>\n<p><strong>Leur fonction \u00e9tait triple :<\/strong> d\u00e9corative, leur grande taille les rendant nettement visibles depuis la rue ; fonctionnelle, comme les gargouilles servant \u00e0 \u00e9vacuer l\u2019eau provenant des toitures du temple ; et symbolique, puisqu\u2019il s\u2019agit d\u2019\u00eatres li\u00e9s au mal depuis l\u2019Antiquit\u00e9 qui, plac\u00e9s \u00e0 plat ventre sur le mur, fuient le pouvoir mystique des symboles qui couronnent les tours de J\u00e9sus et de Marie \u2013la croix et la Stella Matutina\u2013 et semblent d\u00e9ambuler sur la fa\u00e7ade sans pouvoir entrer \u00e0 l\u2019int\u00e9rieur du temple.<\/p>\n<p>&nbsp;<\/p>\n<h2>9. UN CLO\u00ceTRE \u00c0 L\u2019\u00c9PREUVE DU BRUIT<\/h2>\n<p><img loading=\"lazy\" decoding=\"async\" class=\"aligncenter wp-image-2082 size-full\" src=\"https:\/\/qa-dosde.qamoon.es\/wp-content\/uploads\/2017\/12\/claustro-sagrada-familia-antoni-gaudi-dosde-publishing.jpg\" alt=\"Clo\u00eetre de la Sagrada Familia, d'Antoni Gaud\u00ed\" width=\"900\" height=\"600\" \/><\/p>\n<p>&nbsp;<\/p>\n<p>Gaud\u00ed <strong>r\u00e9volutionne le concept de clo\u00eetre<\/strong> pour y ajouter de nouvelles utilit\u00e9s : amortir le bruit provenant de la rue et permettre la c\u00e9l\u00e9bration de processions tout le long de ses galeries portiqu\u00e9es.<\/p>\n<p>&nbsp;<\/p>\n<p>L\u2019architecte Antoni Gaud\u00ed con\u00e7ut le clo\u00eetre de la Sagrada Familia comme une galerie portiqu\u00e9e rectangulaire o\u00f9 les quatre c\u00f4t\u00e9s correspondent aux quatre fa\u00e7ades.<\/p>\n<p>&nbsp;<\/p>\n<p>Bien qu\u2019il s\u2019agisse d\u2019un espace ferm\u00e9, et malgr\u00e9 l\u2019absence de jardin,<strong> l\u2019\u00e9clairage naturel de la galerie<\/strong> portiqu\u00e9e con\u00e7ue par Gaud\u00ed <strong>est assur\u00e9 par les grandes fen\u00eatres<\/strong> et rosaces de chaque module qui donnent sur l\u2019ext\u00e9rieur.<\/p>\n<p>&nbsp;<\/p>\n<h2>10. CERTAINES SCULPTURES ONT \u00c9T\u00c9 R\u00c9ALIS\u00c9ES PAR GAUD\u00cd<\/h2>\n<p><img loading=\"lazy\" decoding=\"async\" class=\"aligncenter wp-image-2083 size-full\" src=\"https:\/\/qa-dosde.qamoon.es\/wp-content\/uploads\/2017\/12\/esculturas-gaudi-sagrada-familia-antoni-gaudi-dosde-publishing.jpg\" alt=\"Sculptures r\u00e9alis\u00e9es par Gaudi dans la Sagrada Familia\" width=\"900\" height=\"600\" \/><\/p>\n<p>&nbsp;<\/p>\n<p>Gaud\u00ed r\u00e9serva le sommet de la porte \u00e0 l\u2019arbre de vie. L\u2019architecte fit couronner la sculpture de l\u2019arbre (un cypr\u00e8s) de 21\u00a0colombes blanche en alb\u00e2tre et d\u2019un p\u00e9lican qui alimente ses petits, tout un symbole eucharistique.<\/p>\n<p>&nbsp;<\/p>\n<p>Au pied de cet arbre de vie se trouvent les <strong>sculptures des anges porteurs du pain et du vin<\/strong>. C\u2019est l\u2019un des rares ensembles sculpturaux \u00e9labor\u00e9s par Gaud\u00ed en personne.<\/p>\n<p>&nbsp;<\/p>\n<h2>Le livre pour d\u00e9couvrir la Sagrada Familia<\/h2>\n<p>La Sagrada Familia est sans aucun doute <strong>le chef-d\u2019\u0153uvre de Gaud\u00ed<\/strong>, celui auquel il consacra 43\u00a0ans de sa vie et qu\u2019il ne vit jamais achev\u00e9.\u00a0Entrer dans la Sagrada Familia c\u2019est s\u2019aventurer dans le monde personnel de Gaud\u00ed.<\/p>\n<p>&nbsp;<\/p>\n<p>Ce <a href=\"https:\/\/www.dosde.com\/fr\/sagrada-familia-temple-universelle-visuelle.html\">livre avec plus de 700 photos<\/a> est <strong>une approche privil\u00e9gi\u00e9e de l\u2019\u0153uvre majeure de Gaud\u00ed<\/strong>. La Sagrada Familia comme vous ne l\u2019avez jamais vue.<\/p>\n<p><a href=\"https:\/\/www.dosde.com\/fr\/sagrada-familia-temple-universelle-visuelle.html\"><img loading=\"lazy\" decoding=\"async\" class=\"alignnone wp-image-1846 size-full\" src=\"https:\/\/qa-dosde.qamoon.es\/wp-content\/uploads\/2017\/02\/couverture-sagrada-familia-livre-francais-dosde-publishing_978-84-96783-97-3_20-012-02_B11.jpg\" alt=\"\" width=\"700\" height=\"388\" \/><\/a><\/p>\n","protected":false},"excerpt":{"rendered":"&nbsp; L\u2019\u00e9dification de la Sagrada Familia d\u00e9buta en 1882 sur un terrain du nouvel Ensanche de Barcelone. Pens\u00e9e pour devenir la construction la plus haute de la ville de Barcelone, Antoni Gaud\u00ed \u2013inspir\u00e9 par la hauteur et la monumentalit\u00e9 des temples gothiques- dota la basilique de la Sagrada Familia de 18 tours colossales servant \u00e0 &#8230; <a title=\"10 particularit\u00e9s que personne ou presque ne conna\u00eet de la Sagrada Familia\" class=\"read-more\" href=\"https:\/\/pre.dosde.com\/fr\/10-particularites-que-personne-ou-presque-ne-connait-de-la-sagrada-familia\/\" aria-label=\"En savoir plus sur 10 particularit\u00e9s que personne ou presque ne conna\u00eet de la Sagrada Familia\">Lire la suite<\/a>","protected":false},"author":1,"featured_media":0,"comment_status":"open","ping_status":"open","sticky":false,"template":"","format":"standard","meta":{"_acf_changed":false,"footnotes":""},"categories":[53],"tags":[],"class_list":["post-2035","post","type-post","status-publish","format-standard","hentry","category-barcelone"],"acf":[],"yoast_head":"<!-- This site is optimized with the Yoast SEO plugin v28.3 - https:\/\/yoast.com\/product\/yoast-seo-wordpress\/ -->\n<title>10 particularit\u00e9s que personne ou presque ne conna\u00eet de la Sagrada Familia - Dosde<\/title>\n<meta name=\"robots\" content=\"noindex, follow, max-snippet:-1, max-image-preview:large, max-video-preview:-1\" \/>\n<meta property=\"og:locale\" content=\"fr_FR\" \/>\n<meta property=\"og:type\" content=\"article\" \/>\n<meta property=\"og:title\" content=\"10 particularit\u00e9s que personne ou presque ne conna\u00eet de la Sagrada Familia - Dosde\" \/>\n<meta property=\"og:description\" content=\"&nbsp; L\u2019\u00e9dification de la Sagrada Familia d\u00e9buta en 1882 sur un terrain du nouvel Ensanche de Barcelone. Pens\u00e9e pour devenir la construction la plus haute de la ville de Barcelone, Antoni Gaud\u00ed \u2013inspir\u00e9 par la hauteur et la monumentalit\u00e9 des temples gothiques- dota la basilique de la Sagrada Familia de 18 tours colossales servant \u00e0 ... Lire la suite\" \/>\n<meta property=\"og:url\" content=\"https:\/\/pre.dosde.com\/fr\/10-particularites-que-personne-ou-presque-ne-connait-de-la-sagrada-familia\/\" \/>\n<meta property=\"og:site_name\" content=\"Dosde\" \/>\n<meta property=\"article:published_time\" content=\"2017-12-11T16:46:04+00:00\" \/>\n<meta property=\"article:modified_time\" content=\"2026-08-11T08:01:32+00:00\" \/>\n<meta property=\"og:image\" content=\"https:\/\/qa-dosde.qamoon.es\/wp-content\/uploads\/2017\/12\/primera-piedra-de-la-Sagrada-Familia-dosde-publishing.jpg\" \/>\n<meta name=\"author\" content=\"seocom\" \/>\n<meta name=\"twitter:card\" content=\"summary_large_image\" \/>\n<meta name=\"twitter:label1\" content=\"\u00c9crit par\" \/>\n\t<meta name=\"twitter:data1\" content=\"seocom\" \/>\n\t<meta name=\"twitter:label2\" content=\"Dur\u00e9e de lecture estim\u00e9e\" \/>\n\t<meta name=\"twitter:data2\" content=\"7 minutes\" \/>\n<script type=\"application\/ld+json\" class=\"yoast-schema-graph\">{\"@context\":\"https:\\\/\\\/schema.org\",\"@graph\":[{\"@type\":\"Article\",\"@id\":\"https:\\\/\\\/pre.dosde.com\\\/fr\\\/10-particularites-que-personne-ou-presque-ne-connait-de-la-sagrada-familia\\\/#article\",\"isPartOf\":{\"@id\":\"https:\\\/\\\/pre.dosde.com\\\/fr\\\/10-particularites-que-personne-ou-presque-ne-connait-de-la-sagrada-familia\\\/\"},\"author\":{\"name\":\"seocom\",\"@id\":\"https:\\\/\\\/pre.dosde.com\\\/fr\\\/#\\\/schema\\\/person\\\/9d33726ab714fecb297e38b515472088\"},\"headline\":\"10 particularit\u00e9s que personne ou presque ne conna\u00eet de la Sagrada Familia\",\"datePublished\":\"2017-12-11T16:46:04+00:00\",\"dateModified\":\"2026-08-11T08:01:32+00:00\",\"mainEntityOfPage\":{\"@id\":\"https:\\\/\\\/pre.dosde.com\\\/fr\\\/10-particularites-que-personne-ou-presque-ne-connait-de-la-sagrada-familia\\\/\"},\"wordCount\":1351,\"commentCount\":0,\"publisher\":{\"@id\":\"https:\\\/\\\/pre.dosde.com\\\/fr\\\/#organization\"},\"image\":{\"@id\":\"https:\\\/\\\/pre.dosde.com\\\/fr\\\/10-particularites-que-personne-ou-presque-ne-connait-de-la-sagrada-familia\\\/#primaryimage\"},\"thumbnailUrl\":\"https:\\\/\\\/qa-dosde.qamoon.es\\\/wp-content\\\/uploads\\\/2017\\\/12\\\/primera-piedra-de-la-Sagrada-Familia-dosde-publishing.jpg\",\"articleSection\":[\"Barcelone\"],\"inLanguage\":\"fr-FR\",\"potentialAction\":[{\"@type\":\"CommentAction\",\"name\":\"Comment\",\"target\":[\"https:\\\/\\\/pre.dosde.com\\\/fr\\\/10-particularites-que-personne-ou-presque-ne-connait-de-la-sagrada-familia\\\/#respond\"]}]},{\"@type\":\"WebPage\",\"@id\":\"https:\\\/\\\/pre.dosde.com\\\/fr\\\/10-particularites-que-personne-ou-presque-ne-connait-de-la-sagrada-familia\\\/\",\"url\":\"https:\\\/\\\/pre.dosde.com\\\/fr\\\/10-particularites-que-personne-ou-presque-ne-connait-de-la-sagrada-familia\\\/\",\"name\":\"10 particularit\u00e9s que personne ou presque ne conna\u00eet de la Sagrada Familia - Dosde\",\"isPartOf\":{\"@id\":\"https:\\\/\\\/pre.dosde.com\\\/fr\\\/#website\"},\"primaryImageOfPage\":{\"@id\":\"https:\\\/\\\/pre.dosde.com\\\/fr\\\/10-particularites-que-personne-ou-presque-ne-connait-de-la-sagrada-familia\\\/#primaryimage\"},\"image\":{\"@id\":\"https:\\\/\\\/pre.dosde.com\\\/fr\\\/10-particularites-que-personne-ou-presque-ne-connait-de-la-sagrada-familia\\\/#primaryimage\"},\"thumbnailUrl\":\"https:\\\/\\\/qa-dosde.qamoon.es\\\/wp-content\\\/uploads\\\/2017\\\/12\\\/primera-piedra-de-la-Sagrada-Familia-dosde-publishing.jpg\",\"datePublished\":\"2017-12-11T16:46:04+00:00\",\"dateModified\":\"2026-08-11T08:01:32+00:00\",\"breadcrumb\":{\"@id\":\"https:\\\/\\\/pre.dosde.com\\\/fr\\\/10-particularites-que-personne-ou-presque-ne-connait-de-la-sagrada-familia\\\/#breadcrumb\"},\"inLanguage\":\"fr-FR\",\"potentialAction\":[{\"@type\":\"ReadAction\",\"target\":[\"https:\\\/\\\/pre.dosde.com\\\/fr\\\/10-particularites-que-personne-ou-presque-ne-connait-de-la-sagrada-familia\\\/\"]}]},{\"@type\":\"ImageObject\",\"inLanguage\":\"fr-FR\",\"@id\":\"https:\\\/\\\/pre.dosde.com\\\/fr\\\/10-particularites-que-personne-ou-presque-ne-connait-de-la-sagrada-familia\\\/#primaryimage\",\"url\":\"https:\\\/\\\/qa-dosde.qamoon.es\\\/wp-content\\\/uploads\\\/2017\\\/12\\\/primera-piedra-de-la-Sagrada-Familia-dosde-publishing.jpg\",\"contentUrl\":\"https:\\\/\\\/qa-dosde.qamoon.es\\\/wp-content\\\/uploads\\\/2017\\\/12\\\/primera-piedra-de-la-Sagrada-Familia-dosde-publishing.jpg\"},{\"@type\":\"BreadcrumbList\",\"@id\":\"https:\\\/\\\/pre.dosde.com\\\/fr\\\/10-particularites-que-personne-ou-presque-ne-connait-de-la-sagrada-familia\\\/#breadcrumb\",\"itemListElement\":[{\"@type\":\"ListItem\",\"position\":1,\"name\":\"Home\",\"item\":\"https:\\\/\\\/pre.dosde.com\\\/fr\\\/\"},{\"@type\":\"ListItem\",\"position\":2,\"name\":\"10 particularit\u00e9s que personne ou presque ne conna\u00eet de la Sagrada Familia\"}]},{\"@type\":\"WebSite\",\"@id\":\"https:\\\/\\\/pre.dosde.com\\\/fr\\\/#website\",\"url\":\"https:\\\/\\\/pre.dosde.com\\\/fr\\\/\",\"name\":\"Dosde\",\"description\":\"\",\"publisher\":{\"@id\":\"https:\\\/\\\/pre.dosde.com\\\/fr\\\/#organization\"},\"potentialAction\":[{\"@type\":\"SearchAction\",\"target\":{\"@type\":\"EntryPoint\",\"urlTemplate\":\"https:\\\/\\\/pre.dosde.com\\\/fr\\\/?s={search_term_string}\"},\"query-input\":{\"@type\":\"PropertyValueSpecification\",\"valueRequired\":true,\"valueName\":\"search_term_string\"}}],\"inLanguage\":\"fr-FR\"},{\"@type\":\"Organization\",\"@id\":\"https:\\\/\\\/pre.dosde.com\\\/fr\\\/#organization\",\"name\":\"Dosde\",\"url\":\"https:\\\/\\\/pre.dosde.com\\\/fr\\\/\",\"logo\":{\"@type\":\"ImageObject\",\"inLanguage\":\"fr-FR\",\"@id\":\"https:\\\/\\\/pre.dosde.com\\\/fr\\\/#\\\/schema\\\/logo\\\/image\\\/\",\"url\":\"https:\\\/\\\/pre.dosde.com\\\/wp-content\\\/uploads\\\/2026\\\/06\\\/Logo.webp\",\"contentUrl\":\"https:\\\/\\\/pre.dosde.com\\\/wp-content\\\/uploads\\\/2026\\\/06\\\/Logo.webp\",\"width\":248,\"height\":80,\"caption\":\"Dosde\"},\"image\":{\"@id\":\"https:\\\/\\\/pre.dosde.com\\\/fr\\\/#\\\/schema\\\/logo\\\/image\\\/\"}},{\"@type\":\"Person\",\"@id\":\"https:\\\/\\\/pre.dosde.com\\\/fr\\\/#\\\/schema\\\/person\\\/9d33726ab714fecb297e38b515472088\",\"name\":\"seocom\",\"image\":{\"@type\":\"ImageObject\",\"inLanguage\":\"fr-FR\",\"@id\":\"https:\\\/\\\/secure.gravatar.com\\\/avatar\\\/741433ce07ba5c431e994c0ec0272d414a5d1a9dafeb02666111e6f2eb1c0ed2?s=96&d=mm&r=g\",\"url\":\"https:\\\/\\\/secure.gravatar.com\\\/avatar\\\/741433ce07ba5c431e994c0ec0272d414a5d1a9dafeb02666111e6f2eb1c0ed2?s=96&d=mm&r=g\",\"contentUrl\":\"https:\\\/\\\/secure.gravatar.com\\\/avatar\\\/741433ce07ba5c431e994c0ec0272d414a5d1a9dafeb02666111e6f2eb1c0ed2?s=96&d=mm&r=g\",\"caption\":\"seocom\"},\"sameAs\":[\"http:\\\/\\\/qa-dosde.qamoon.es\"],\"url\":\"https:\\\/\\\/pre.dosde.com\\\/fr\\\/author\\\/seocom\\\/\"}]}<\/script>\n<!-- \/ Yoast SEO plugin. -->","yoast_head_json":{"title":"10 particularit\u00e9s que personne ou presque ne conna\u00eet de la Sagrada Familia - Dosde","robots":{"index":"noindex","follow":"follow","max-snippet":"max-snippet:-1","max-image-preview":"max-image-preview:large","max-video-preview":"max-video-preview:-1"},"og_locale":"fr_FR","og_type":"article","og_title":"10 particularit\u00e9s que personne ou presque ne conna\u00eet de la Sagrada Familia - Dosde","og_description":"&nbsp; L\u2019\u00e9dification de la Sagrada Familia d\u00e9buta en 1882 sur un terrain du nouvel Ensanche de Barcelone. Pens\u00e9e pour devenir la construction la plus haute de la ville de Barcelone, Antoni Gaud\u00ed \u2013inspir\u00e9 par la hauteur et la monumentalit\u00e9 des temples gothiques- dota la basilique de la Sagrada Familia de 18 tours colossales servant \u00e0 ... Lire la suite","og_url":"https:\/\/pre.dosde.com\/fr\/10-particularites-que-personne-ou-presque-ne-connait-de-la-sagrada-familia\/","og_site_name":"Dosde","article_published_time":"2017-12-11T16:46:04+00:00","article_modified_time":"2026-08-11T08:01:32+00:00","og_image":[{"url":"https:\/\/qa-dosde.qamoon.es\/wp-content\/uploads\/2017\/12\/primera-piedra-de-la-Sagrada-Familia-dosde-publishing.jpg","type":"","width":"","height":""}],"author":"seocom","twitter_card":"summary_large_image","twitter_misc":{"\u00c9crit par":"seocom","Dur\u00e9e de lecture estim\u00e9e":"7 minutes"},"schema":{"@context":"https:\/\/schema.org","@graph":[{"@type":"Article","@id":"https:\/\/pre.dosde.com\/fr\/10-particularites-que-personne-ou-presque-ne-connait-de-la-sagrada-familia\/#article","isPartOf":{"@id":"https:\/\/pre.dosde.com\/fr\/10-particularites-que-personne-ou-presque-ne-connait-de-la-sagrada-familia\/"},"author":{"name":"seocom","@id":"https:\/\/pre.dosde.com\/fr\/#\/schema\/person\/9d33726ab714fecb297e38b515472088"},"headline":"10 particularit\u00e9s que personne ou presque ne conna\u00eet de la Sagrada Familia","datePublished":"2017-12-11T16:46:04+00:00","dateModified":"2026-08-11T08:01:32+00:00","mainEntityOfPage":{"@id":"https:\/\/pre.dosde.com\/fr\/10-particularites-que-personne-ou-presque-ne-connait-de-la-sagrada-familia\/"},"wordCount":1351,"commentCount":0,"publisher":{"@id":"https:\/\/pre.dosde.com\/fr\/#organization"},"image":{"@id":"https:\/\/pre.dosde.com\/fr\/10-particularites-que-personne-ou-presque-ne-connait-de-la-sagrada-familia\/#primaryimage"},"thumbnailUrl":"https:\/\/qa-dosde.qamoon.es\/wp-content\/uploads\/2017\/12\/primera-piedra-de-la-Sagrada-Familia-dosde-publishing.jpg","articleSection":["Barcelone"],"inLanguage":"fr-FR","potentialAction":[{"@type":"CommentAction","name":"Comment","target":["https:\/\/pre.dosde.com\/fr\/10-particularites-que-personne-ou-presque-ne-connait-de-la-sagrada-familia\/#respond"]}]},{"@type":"WebPage","@id":"https:\/\/pre.dosde.com\/fr\/10-particularites-que-personne-ou-presque-ne-connait-de-la-sagrada-familia\/","url":"https:\/\/pre.dosde.com\/fr\/10-particularites-que-personne-ou-presque-ne-connait-de-la-sagrada-familia\/","name":"10 particularit\u00e9s que personne ou presque ne conna\u00eet de la Sagrada Familia - Dosde","isPartOf":{"@id":"https:\/\/pre.dosde.com\/fr\/#website"},"primaryImageOfPage":{"@id":"https:\/\/pre.dosde.com\/fr\/10-particularites-que-personne-ou-presque-ne-connait-de-la-sagrada-familia\/#primaryimage"},"image":{"@id":"https:\/\/pre.dosde.com\/fr\/10-particularites-que-personne-ou-presque-ne-connait-de-la-sagrada-familia\/#primaryimage"},"thumbnailUrl":"https:\/\/qa-dosde.qamoon.es\/wp-content\/uploads\/2017\/12\/primera-piedra-de-la-Sagrada-Familia-dosde-publishing.jpg","datePublished":"2017-12-11T16:46:04+00:00","dateModified":"2026-08-11T08:01:32+00:00","breadcrumb":{"@id":"https:\/\/pre.dosde.com\/fr\/10-particularites-que-personne-ou-presque-ne-connait-de-la-sagrada-familia\/#breadcrumb"},"inLanguage":"fr-FR","potentialAction":[{"@type":"ReadAction","target":["https:\/\/pre.dosde.com\/fr\/10-particularites-que-personne-ou-presque-ne-connait-de-la-sagrada-familia\/"]}]},{"@type":"ImageObject","inLanguage":"fr-FR","@id":"https:\/\/pre.dosde.com\/fr\/10-particularites-que-personne-ou-presque-ne-connait-de-la-sagrada-familia\/#primaryimage","url":"https:\/\/qa-dosde.qamoon.es\/wp-content\/uploads\/2017\/12\/primera-piedra-de-la-Sagrada-Familia-dosde-publishing.jpg","contentUrl":"https:\/\/qa-dosde.qamoon.es\/wp-content\/uploads\/2017\/12\/primera-piedra-de-la-Sagrada-Familia-dosde-publishing.jpg"},{"@type":"BreadcrumbList","@id":"https:\/\/pre.dosde.com\/fr\/10-particularites-que-personne-ou-presque-ne-connait-de-la-sagrada-familia\/#breadcrumb","itemListElement":[{"@type":"ListItem","position":1,"name":"Home","item":"https:\/\/pre.dosde.com\/fr\/"},{"@type":"ListItem","position":2,"name":"10 particularit\u00e9s que personne ou presque ne conna\u00eet de la Sagrada Familia"}]},{"@type":"WebSite","@id":"https:\/\/pre.dosde.com\/fr\/#website","url":"https:\/\/pre.dosde.com\/fr\/","name":"Dosde","description":"","publisher":{"@id":"https:\/\/pre.dosde.com\/fr\/#organization"},"potentialAction":[{"@type":"SearchAction","target":{"@type":"EntryPoint","urlTemplate":"https:\/\/pre.dosde.com\/fr\/?s={search_term_string}"},"query-input":{"@type":"PropertyValueSpecification","valueRequired":true,"valueName":"search_term_string"}}],"inLanguage":"fr-FR"},{"@type":"Organization","@id":"https:\/\/pre.dosde.com\/fr\/#organization","name":"Dosde","url":"https:\/\/pre.dosde.com\/fr\/","logo":{"@type":"ImageObject","inLanguage":"fr-FR","@id":"https:\/\/pre.dosde.com\/fr\/#\/schema\/logo\/image\/","url":"https:\/\/pre.dosde.com\/wp-content\/uploads\/2026\/06\/Logo.webp","contentUrl":"https:\/\/pre.dosde.com\/wp-content\/uploads\/2026\/06\/Logo.webp","width":248,"height":80,"caption":"Dosde"},"image":{"@id":"https:\/\/pre.dosde.com\/fr\/#\/schema\/logo\/image\/"}},{"@type":"Person","@id":"https:\/\/pre.dosde.com\/fr\/#\/schema\/person\/9d33726ab714fecb297e38b515472088","name":"seocom","image":{"@type":"ImageObject","inLanguage":"fr-FR","@id":"https:\/\/secure.gravatar.com\/avatar\/741433ce07ba5c431e994c0ec0272d414a5d1a9dafeb02666111e6f2eb1c0ed2?s=96&d=mm&r=g","url":"https:\/\/secure.gravatar.com\/avatar\/741433ce07ba5c431e994c0ec0272d414a5d1a9dafeb02666111e6f2eb1c0ed2?s=96&d=mm&r=g","contentUrl":"https:\/\/secure.gravatar.com\/avatar\/741433ce07ba5c431e994c0ec0272d414a5d1a9dafeb02666111e6f2eb1c0ed2?s=96&d=mm&r=g","caption":"seocom"},"sameAs":["http:\/\/qa-dosde.qamoon.es"],"url":"https:\/\/pre.dosde.com\/fr\/author\/seocom\/"}]}},"_links":{"self":[{"href":"https:\/\/pre.dosde.com\/fr\/wp-json\/wp\/v2\/posts\/2035","targetHints":{"allow":["GET"]}}],"collection":[{"href":"https:\/\/pre.dosde.com\/fr\/wp-json\/wp\/v2\/posts"}],"about":[{"href":"https:\/\/pre.dosde.com\/fr\/wp-json\/wp\/v2\/types\/post"}],"author":[{"embeddable":true,"href":"https:\/\/pre.dosde.com\/fr\/wp-json\/wp\/v2\/users\/1"}],"replies":[{"embeddable":true,"href":"https:\/\/pre.dosde.com\/fr\/wp-json\/wp\/v2\/comments?post=2035"}],"version-history":[{"count":1,"href":"https:\/\/pre.dosde.com\/fr\/wp-json\/wp\/v2\/posts\/2035\/revisions"}],"predecessor-version":[{"id":3674,"href":"https:\/\/pre.dosde.com\/fr\/wp-json\/wp\/v2\/posts\/2035\/revisions\/3674"}],"wp:attachment":[{"href":"https:\/\/pre.dosde.com\/fr\/wp-json\/wp\/v2\/media?parent=2035"}],"wp:term":[{"taxonomy":"category","embeddable":true,"href":"https:\/\/pre.dosde.com\/fr\/wp-json\/wp\/v2\/categories?post=2035"},{"taxonomy":"post_tag","embeddable":true,"href":"https:\/\/pre.dosde.com\/fr\/wp-json\/wp\/v2\/tags?post=2035"}],"curies":[{"name":"wp","href":"https:\/\/api.w.org\/{rel}","templated":true}]}}