{"id":2052,"date":"2017-12-11T16:18:06","date_gmt":"2017-12-11T16:18:06","guid":{"rendered":"https:\/\/www.dosde.com\/discover\/?p=2052\/"},"modified":"2026-08-11T08:01:54","modified_gmt":"2026-08-11T08:01:54","slug":"les-5-oeuvres-les-moins-connues-de-gaudi","status":"publish","type":"post","link":"https:\/\/pre.dosde.com\/fr\/les-5-oeuvres-les-moins-connues-de-gaudi\/","title":{"rendered":"Les 5 \u0153uvres les moins connues de Gaud\u00ed"},"content":{"rendered":"<p>&nbsp;<\/p>\n<p>Vous connaissez certainement les \u0153uvres les plus populaires d\u2019Antoni Gaud\u00ed : la basilique de la Sagrada Familia, la Casa Batll\u00f3, La Pedrera\u2026 Mais quelles sont ses \u0153uvres moins connues ?<\/p>\n<p>Dans cet article, nous vous pr\u00e9sentons <strong>les projets de Gaud\u00ed qui n\u2019ont pas acquis autant de notori\u00e9t\u00e9<\/strong> mais qui arborent tout de m\u00eame le style caract\u00e9ristique de l\u2019architecte.<\/p>\n<p>&nbsp;<\/p>\n<h2>LE COLL\u00c8GE DES TH\u00c9R\u00c9SIENNES<\/h2>\n<p><img loading=\"lazy\" decoding=\"async\" class=\"aligncenter wp-image-2066 size-full\" src=\"https:\/\/qa-dosde.qamoon.es\/wp-content\/uploads\/2017\/12\/college-des-theresiennes-antoni-gaudi-dosde-publishing.jpg\" alt=\"Le Coll\u00e8ge des Th\u00e9r\u00e9siennes, par Antoni Gaud\u00ed\" width=\"900\" height=\"600\" \/><\/p>\n<p>&nbsp;<\/p>\n<p>Le coll\u00e8ge des Th\u00e9r\u00e9siennes est <strong>le projet le plus aust\u00e8re de Gaud\u00ed<\/strong>, mais le petit budget allou\u00e9 n\u2019emp\u00eacha pas l\u2019architecte de cr\u00e9er une \u0153uvre caract\u00e9ris\u00e9 par le symbolisme et l\u2019usage de l\u2019arc cat\u00e9naire.<\/p>\n<p>&nbsp;<\/p>\n<p>En 1889, Enric d\u2019Oss\u00f3, fondateur de la congr\u00e9gation des Th\u00e9r\u00e9siennes, chargea Gaud\u00ed de la continuation du projet d\u2019un grand \u00e9difice dans le village de Sant Gervasi de Cassoles \u2013int\u00e9gr\u00e9 \u00e0 Barcelone peu de temps apr\u00e8s\u2013 qui <strong>devait abriter une \u00e9cole de filles avec un internat<\/strong> mais aussi le si\u00e8ge de la congr\u00e9gation et un lieu d\u2019\u00e9tude pour les s\u0153urs.<\/p>\n<p>&nbsp;<\/p>\n<p>Du pr\u00e9c\u00e9dent architecte, Gaud\u00ed h\u00e9rita des fondations et d\u2019\u00e0 peine 80 centim\u00e8tres de mur et il accepta les conditions d\u2019Oss\u00f3 : une rigueur budg\u00e9taire conforme au v\u0153u de pauvret\u00e9 de la congr\u00e9gation, contrairement \u00e0 l\u2019opulence des projets dont le chargeait Eusebi G\u00fcell, son m\u00e9c\u00e8ne.<\/p>\n<p>&nbsp;<\/p>\n<p>Malgr\u00e9 le petit budget,<strong> l\u2019artiste ne renon\u00e7a pas \u00e0 son ing\u00e9nieux esprit de construction<\/strong> et parvint \u00e0 concevoir des \u00e9l\u00e9ments ornementaux en brique d\u2019une grande richesse artistique. Gaud\u00ed termina le projet en un peu plus d\u2019un an.<\/p>\n<p>&nbsp;<\/p>\n<h2>LA MIRANDA<\/h2>\n<p><img loading=\"lazy\" decoding=\"async\" class=\"aligncenter wp-image-2058 size-full\" src=\"https:\/\/qa-dosde.qamoon.es\/wp-content\/uploads\/2017\/11\/casa-miranda-antoni-gaudi-dosde-publishing.jpg\" alt=\"La Miranda, par Antoni Gaud\u00ed\" width=\"900\" height=\"600\" \/><\/p>\n<p>&nbsp;<\/p>\n<p>En 1906, Gaud\u00ed et son collaborateur Francesc Berenguer con\u00e7urent cette<strong> villa d\u2019\u00e9t\u00e9 dans la localit\u00e9 de Llinars del Vall\u00e8s<\/strong>, pr\u00e8s de Barcelone, pour l\u2019entrepreneur Dami\u00e0 Mateu.<\/p>\n<p>&nbsp;<\/p>\n<p>Gaud\u00ed et Berenguer con\u00e7urent une petite demeure d\u2019environ cent m\u00e8tres carr\u00e9s dont l\u2019\u00e9l\u00e9ment le plus remarquable est sa<strong> tour-mirador cylindrique \u00e0 cinq \u00e9tages<\/strong>, couronn\u00e9e d\u2019une coupole rev\u00eatue de trencadis. Gaud\u00ed allia le ciment et la brique pour la fa\u00e7ade dont les formes rappellent celles de la Casa Vicens.<\/p>\n<p>&nbsp;<\/p>\n<p>En 1939, une bombe explosa sur le pont mitoyen et d\u00e9truisit toutes les constructions alentour except\u00e9 la tour-mirador con\u00e7ue par les architectes <a href=\"https:\/\/www.dosde.com\/fr\/biographie-illustree-d-antoni-gaudi.html\">Antoni Gaud\u00ed<\/a> et Berenguer. <strong>Elle fut d\u00e9molie en 1962<\/strong>. Une association locale pr\u00e9voit actuellement sa reconstruction.<\/p>\n<p>&nbsp;<\/p>\n<p><a href=\"https:\/\/www.dosde.com\/fr\/gaudi-ensemble-oeuvres-architecte-visuelle.html\"><img decoding=\"async\" class=\"aligncenter size-full wp-image-3641\" src=\"https:\/\/qa-dosde.qamoon.es\/wp-content\/uploads\/2017\/02\/Boton-descubrir-mas-FR.png\" alt=\"\" \/><\/a><\/p>\n<p>&nbsp;<\/p>\n<p>&nbsp;<\/p>\n<h2>LES CAVES G\u00dcELL<\/h2>\n<p><img loading=\"lazy\" decoding=\"async\" class=\"aligncenter wp-image-2067 size-full\" src=\"https:\/\/qa-dosde.qamoon.es\/wp-content\/uploads\/2017\/12\/les-caves-guell-antoni-gaudi-dosde-publishing.jpg\" alt=\"Les caves G\u00fcell par Antoni Gaud\u00ed\" width=\"900\" height=\"600\" \/><\/p>\n<p>&nbsp;<\/p>\n<p>En 1895, l\u2019industriel Eusebi G\u00fcell commanda \u00e0 Gaud\u00ed <strong>la construction de caves dans une propri\u00e9t\u00e9<\/strong> situ\u00e9e dans la r\u00e9gion c\u00f4ti\u00e8re <strong>du Garraf<\/strong>, au sud de Barcelone. Avec son collaborateur Francesc Berenguer, l\u2019artiste con\u00e7ut <strong>un \u00e9difice tr\u00e8s original, en forme de prisme triangulaire<\/strong> avec une toiture \u00e0 deux pentes tr\u00e8s inclin\u00e9e, semblable \u00e0 une tente.<\/p>\n<p>&nbsp;<\/p>\n<p>Cet aspect anguleux et l\u2019usage de la pierre de la carri\u00e8re limitrophe permit \u00e0 l\u2019\u00e9difice de se fondre dans le paysage rocheux et de s\u2019int\u00e9grer parfaitement \u00e0 l\u2019environnement aride, \u00e0 200 m\u00e8tres \u00e0 peine de la plage et au pied des contreforts du massif.<\/p>\n<p>&nbsp;<\/p>\n<p>L\u2019\u00e9difice, constitu\u00e9 de deux sous-sols et trois \u00e9tages, abritait les caves, le garage, deux logements et une curieuse chapelle au premier \u00e9tage. Contrairement \u00e0 d\u2019autres projets, <strong>Gaud\u00ed a utilis\u00e9 un seul mat\u00e9riau pour le rev\u00eatement<\/strong> de tout l\u2019\u00e9difice : la <strong>pierre calcaire grise du Garraf<\/strong>.<\/p>\n<p>&nbsp;<\/p>\n<h2>JARDINS ARTIGAS<\/h2>\n<p><img loading=\"lazy\" decoding=\"async\" class=\"aligncenter wp-image-2060 size-full\" src=\"https:\/\/qa-dosde.qamoon.es\/wp-content\/uploads\/2017\/11\/jardines-artigas-antoni-gaudi-dosde-publishing.jpg\" alt=\"Pont Jardins Artigas, par Antoni Gaud\u00ed\" width=\"900\" height=\"598\" \/><\/p>\n<p>&nbsp;<\/p>\n<p>Gaud\u00ed <a href=\"https:\/\/www.dosde.com\/fr\/livres\/park-guell-cite-jardin-visuelle.html\" target=\"_blank\">s\u2019inspira du Park G\u00fcell<\/a> pour am\u00e9nager un site bois\u00e9 dans les pr\u00e9-Pyr\u00e9n\u00e9es, le long de la rivi\u00e8re Llobregat. Le projet fut command\u00e9 par l\u2019industriel textile Joan Artigas Alart, qui avait \u00e9t\u00e9 impressionn\u00e9 par le Park G\u00fcell \u00e0 Barcelone, qui \u00e9tait \u00e0 l\u2019\u00e9poque en travaux.<\/p>\n<p>&nbsp;<\/p>\n<p>Gaud\u00ed envisagea le projet d\u2019am\u00e9nagement des terrains de l\u2019industriel Joan Artigas \u00e0 La Pobla de Lillet comme<strong> un parcours le long de la rivi\u00e8re Llobregat<\/strong> ponctu\u00e9 de nombreuses fontaines et miradors. Antoni Gaud\u00ed concentra presque toute son attention sur les sources et les points d\u2019eau qui permettraient de profiter de pr\u00e8s du spectacle de l\u2019eau s\u2019\u00e9coulant avec force en aval.<\/p>\n<p>&nbsp;<\/p>\n<p><strong>Fid\u00e8le \u00e0 sa grande source d\u2019inspiration, la nature<\/strong>, Gaud\u00ed construisit les \u00e9l\u00e9ments du jardin \u00e0 l\u2019aide des mat\u00e9riaux du site ou bien en imitant les formes de la v\u00e9g\u00e9tation locale avec d\u2019autres mat\u00e9riaux comme le ciment.<\/p>\n<p>&nbsp;<\/p>\n<p>Les Jardins Artigas <strong>occupent une surface de 40\u00a0000 m\u00e8tres carr\u00e9s<\/strong>, soit l\u2019\u00e9quivalent d\u2019environ quatre terrains de football. Apr\u00e8s 50 ans d\u2019existence, en 1992 un projet de r\u00e9novation de ce parc fut envisag\u00e9 par Gaud\u00ed.<\/p>\n<p>&nbsp;<\/p>\n<h2>CASA BOTINES<\/h2>\n<p><img loading=\"lazy\" decoding=\"async\" class=\"aligncenter wp-image-2057 size-full\" src=\"https:\/\/qa-dosde.qamoon.es\/wp-content\/uploads\/2017\/11\/casa-botines-leon-antoni-gaudi-dosde-publishing.jpg\" alt=\"Fa\u00e7ade de la Casa Botines, par Antoni Gaud\u00ed\" width=\"900\" height=\"600\" \/><\/p>\n<p>&nbsp;<\/p>\n<p>L\u2019aspect n\u00e9ogothique de cet \u00e9difice de Le\u00f3n renferme des techniques de construction tr\u00e8s \u00e9volu\u00e9es pour l\u2019\u00e9poque. Situ\u00e9 au centre-ville de Le\u00f3n, cet \u00e9difice <strong>fut con\u00e7u pour abriter \u00e0 la fois un commerce et des logements<\/strong>. En 1891, la soci\u00e9t\u00e9 textile Fern\u00e1ndez y Andr\u00e9s choisit Gaud\u00ed comme ma\u00eetre d\u2019\u0153uvre. Cette entreprise commer\u00e7ait avec l\u2019homme d\u2019affaires Eusebi G\u00fcell, m\u00e9c\u00e8ne de l\u2019artiste.<\/p>\n<p>&nbsp;<\/p>\n<p>Les travaux d\u00e9but\u00e8rent en janvier 1892 et se termin\u00e8rent en un temps record de dix mois. Gaud\u00ed, \u00e2g\u00e9 de 39 ans, con\u00e7ut une fa\u00e7ade n\u00e9ogothique et parsema l\u2019\u00e9difice d\u2019\u00e9l\u00e9ments symboliques, une caract\u00e9ristique de ses \u0153uvres. Mais sa structure interne est encore plus remarquable : au lieu de soutenir l\u2019\u00e9difice avec de lourds murs porteurs, l\u2019architecte imagina <strong>une structure l\u00e9g\u00e8re et solide soutenue par des piliers en fonte<\/strong>.<\/p>\n<p>&nbsp;<\/p>\n<p>La Casa Botines, \u00e9difi\u00e9e sur un terrain trap\u00e9zo\u00efdal et orient\u00e9e aux quatre vents, <strong>allie usage commercial et r\u00e9sidentiel<\/strong>. Le sous-sol et le rez-de-chauss\u00e9e \u00e9taient destin\u00e9s aux bureaux, au magasin et aux entrep\u00f4ts de la soci\u00e9t\u00e9 de Fern\u00e1ndez et Andr\u00e9s.<\/p>\n<p>&nbsp;<\/p>\n<p>Comme dans beaucoup d\u2019\u0153uvres de sa premi\u00e8re \u00e9poque, Gaud\u00ed s\u2019inspire du style gothique pour la fa\u00e7ade de la Casa Botines, \u00e0 laquelle <strong>il donne une allure de ch\u00e2teau m\u00e9di\u00e9val<\/strong> en plein centre-ville de Le\u00f3n.<\/p>\n<p>&nbsp;<\/p>\n<h2>Toutes les \u0153uvres de Gaud\u00ed dans un livre illustr\u00e9<\/h2>\n<p>Avec plus de 750 photos,\u00a0<a href=\"https:\/\/www.dosde.com\/fr\/gaudi-ensemble-oeuvres-architecte-visuelle.html\">ce guide visuel<\/a>\u00a0vous fera d\u00e9couvrir toute l\u2019\u0152uvre d\u2019Antoni Gaud\u00ed, de ses projets les plus embl\u00e9matiques \u00e0 ceux moins connus. Il aborde toutes les \u0153uvres de l\u2019architecte et les analyse une \u00e0 une.\u00a0<strong>Indispensable pour tout savoir sur Gaud\u00ed.<\/strong><\/p>\n<p><a href=\"https:\/\/www.dosde.com\/fr\/gaudi-ensemble-oeuvres-architecte-visuelle.html\"><img loading=\"lazy\" decoding=\"async\" class=\"alignnone wp-image-1845 size-full\" src=\"https:\/\/qa-dosde.qamoon.es\/wp-content\/uploads\/2017\/02\/couverture-antoni-gaudi-livre-francais-dosde-publishing_978-84-96783-86-7_20-011-02_B14.jpg\" alt=\"Livre L'ensemble des oeuvres d'Antoni Gaud\u00ed, Dosde \u00c9ditorial\" width=\"700\" height=\"388\" \/><\/a><\/p>\n<p>&nbsp;<\/p>\n","protected":false},"excerpt":{"rendered":"&nbsp; Vous connaissez certainement les \u0153uvres les plus populaires d\u2019Antoni Gaud\u00ed : la basilique de la Sagrada Familia, la Casa Batll\u00f3, La Pedrera\u2026 Mais quelles sont ses \u0153uvres moins connues ? Dans cet article, nous vous pr\u00e9sentons les projets de Gaud\u00ed qui n\u2019ont pas acquis autant de notori\u00e9t\u00e9 mais qui arborent tout de m\u00eame le &#8230; <a title=\"Les 5 \u0153uvres les moins connues de Gaud\u00ed\" class=\"read-more\" href=\"https:\/\/pre.dosde.com\/fr\/les-5-oeuvres-les-moins-connues-de-gaudi\/\" aria-label=\"En savoir plus sur Les 5 \u0153uvres les moins connues de Gaud\u00ed\">Lire la suite<\/a>","protected":false},"author":1,"featured_media":0,"comment_status":"open","ping_status":"open","sticky":false,"template":"","format":"standard","meta":{"_acf_changed":false,"footnotes":""},"categories":[68],"tags":[],"class_list":["post-2052","post","type-post","status-publish","format-standard","hentry","category-gaudi"],"acf":[],"yoast_head":"<!-- This site is optimized with the Yoast SEO plugin v28.3 - https:\/\/yoast.com\/product\/yoast-seo-wordpress\/ -->\n<title>Les 5 \u0153uvres les moins connues de Gaud\u00ed - Dosde<\/title>\n<meta name=\"robots\" content=\"noindex, follow, max-snippet:-1, max-image-preview:large, max-video-preview:-1\" \/>\n<meta property=\"og:locale\" content=\"fr_FR\" \/>\n<meta property=\"og:type\" content=\"article\" \/>\n<meta property=\"og:title\" content=\"Les 5 \u0153uvres les moins connues de Gaud\u00ed - Dosde\" \/>\n<meta property=\"og:description\" content=\"&nbsp; Vous connaissez certainement les \u0153uvres les plus populaires d\u2019Antoni Gaud\u00ed : la basilique de la Sagrada Familia, la Casa Batll\u00f3, La Pedrera\u2026 Mais quelles sont ses \u0153uvres moins connues ? Dans cet article, nous vous pr\u00e9sentons les projets de Gaud\u00ed qui n\u2019ont pas acquis autant de notori\u00e9t\u00e9 mais qui arborent tout de m\u00eame le ... Lire la suite\" \/>\n<meta property=\"og:url\" content=\"https:\/\/pre.dosde.com\/fr\/les-5-oeuvres-les-moins-connues-de-gaudi\/\" \/>\n<meta property=\"og:site_name\" content=\"Dosde\" \/>\n<meta property=\"article:published_time\" content=\"2017-12-11T16:18:06+00:00\" \/>\n<meta property=\"article:modified_time\" content=\"2026-08-11T08:01:54+00:00\" \/>\n<meta property=\"og:image\" content=\"https:\/\/qa-dosde.qamoon.es\/wp-content\/uploads\/2017\/12\/college-des-theresiennes-antoni-gaudi-dosde-publishing.jpg\" \/>\n<meta name=\"author\" content=\"seocom\" \/>\n<meta name=\"twitter:card\" content=\"summary_large_image\" \/>\n<meta name=\"twitter:label1\" content=\"\u00c9crit par\" \/>\n\t<meta name=\"twitter:data1\" content=\"seocom\" \/>\n\t<meta name=\"twitter:label2\" content=\"Dur\u00e9e de lecture estim\u00e9e\" \/>\n\t<meta name=\"twitter:data2\" content=\"6 minutes\" \/>\n<script type=\"application\/ld+json\" class=\"yoast-schema-graph\">{\"@context\":\"https:\\\/\\\/schema.org\",\"@graph\":[{\"@type\":\"Article\",\"@id\":\"https:\\\/\\\/pre.dosde.com\\\/fr\\\/les-5-oeuvres-les-moins-connues-de-gaudi\\\/#article\",\"isPartOf\":{\"@id\":\"https:\\\/\\\/pre.dosde.com\\\/fr\\\/les-5-oeuvres-les-moins-connues-de-gaudi\\\/\"},\"author\":{\"name\":\"seocom\",\"@id\":\"https:\\\/\\\/pre.dosde.com\\\/fr\\\/#\\\/schema\\\/person\\\/9d33726ab714fecb297e38b515472088\"},\"headline\":\"Les 5 \u0153uvres les moins connues de Gaud\u00ed\",\"datePublished\":\"2017-12-11T16:18:06+00:00\",\"dateModified\":\"2026-08-11T08:01:54+00:00\",\"mainEntityOfPage\":{\"@id\":\"https:\\\/\\\/pre.dosde.com\\\/fr\\\/les-5-oeuvres-les-moins-connues-de-gaudi\\\/\"},\"wordCount\":1107,\"commentCount\":0,\"publisher\":{\"@id\":\"https:\\\/\\\/pre.dosde.com\\\/fr\\\/#organization\"},\"image\":{\"@id\":\"https:\\\/\\\/pre.dosde.com\\\/fr\\\/les-5-oeuvres-les-moins-connues-de-gaudi\\\/#primaryimage\"},\"thumbnailUrl\":\"https:\\\/\\\/qa-dosde.qamoon.es\\\/wp-content\\\/uploads\\\/2017\\\/12\\\/college-des-theresiennes-antoni-gaudi-dosde-publishing.jpg\",\"articleSection\":[\"Gaud\u00ed\"],\"inLanguage\":\"fr-FR\",\"potentialAction\":[{\"@type\":\"CommentAction\",\"name\":\"Comment\",\"target\":[\"https:\\\/\\\/pre.dosde.com\\\/fr\\\/les-5-oeuvres-les-moins-connues-de-gaudi\\\/#respond\"]}]},{\"@type\":\"WebPage\",\"@id\":\"https:\\\/\\\/pre.dosde.com\\\/fr\\\/les-5-oeuvres-les-moins-connues-de-gaudi\\\/\",\"url\":\"https:\\\/\\\/pre.dosde.com\\\/fr\\\/les-5-oeuvres-les-moins-connues-de-gaudi\\\/\",\"name\":\"Les 5 \u0153uvres les moins connues de Gaud\u00ed - Dosde\",\"isPartOf\":{\"@id\":\"https:\\\/\\\/pre.dosde.com\\\/fr\\\/#website\"},\"primaryImageOfPage\":{\"@id\":\"https:\\\/\\\/pre.dosde.com\\\/fr\\\/les-5-oeuvres-les-moins-connues-de-gaudi\\\/#primaryimage\"},\"image\":{\"@id\":\"https:\\\/\\\/pre.dosde.com\\\/fr\\\/les-5-oeuvres-les-moins-connues-de-gaudi\\\/#primaryimage\"},\"thumbnailUrl\":\"https:\\\/\\\/qa-dosde.qamoon.es\\\/wp-content\\\/uploads\\\/2017\\\/12\\\/college-des-theresiennes-antoni-gaudi-dosde-publishing.jpg\",\"datePublished\":\"2017-12-11T16:18:06+00:00\",\"dateModified\":\"2026-08-11T08:01:54+00:00\",\"breadcrumb\":{\"@id\":\"https:\\\/\\\/pre.dosde.com\\\/fr\\\/les-5-oeuvres-les-moins-connues-de-gaudi\\\/#breadcrumb\"},\"inLanguage\":\"fr-FR\",\"potentialAction\":[{\"@type\":\"ReadAction\",\"target\":[\"https:\\\/\\\/pre.dosde.com\\\/fr\\\/les-5-oeuvres-les-moins-connues-de-gaudi\\\/\"]}]},{\"@type\":\"ImageObject\",\"inLanguage\":\"fr-FR\",\"@id\":\"https:\\\/\\\/pre.dosde.com\\\/fr\\\/les-5-oeuvres-les-moins-connues-de-gaudi\\\/#primaryimage\",\"url\":\"https:\\\/\\\/qa-dosde.qamoon.es\\\/wp-content\\\/uploads\\\/2017\\\/12\\\/college-des-theresiennes-antoni-gaudi-dosde-publishing.jpg\",\"contentUrl\":\"https:\\\/\\\/qa-dosde.qamoon.es\\\/wp-content\\\/uploads\\\/2017\\\/12\\\/college-des-theresiennes-antoni-gaudi-dosde-publishing.jpg\"},{\"@type\":\"BreadcrumbList\",\"@id\":\"https:\\\/\\\/pre.dosde.com\\\/fr\\\/les-5-oeuvres-les-moins-connues-de-gaudi\\\/#breadcrumb\",\"itemListElement\":[{\"@type\":\"ListItem\",\"position\":1,\"name\":\"Home\",\"item\":\"https:\\\/\\\/pre.dosde.com\\\/fr\\\/\"},{\"@type\":\"ListItem\",\"position\":2,\"name\":\"Les 5 \u0153uvres les moins connues de Gaud\u00ed\"}]},{\"@type\":\"WebSite\",\"@id\":\"https:\\\/\\\/pre.dosde.com\\\/fr\\\/#website\",\"url\":\"https:\\\/\\\/pre.dosde.com\\\/fr\\\/\",\"name\":\"Dosde\",\"description\":\"\",\"publisher\":{\"@id\":\"https:\\\/\\\/pre.dosde.com\\\/fr\\\/#organization\"},\"potentialAction\":[{\"@type\":\"SearchAction\",\"target\":{\"@type\":\"EntryPoint\",\"urlTemplate\":\"https:\\\/\\\/pre.dosde.com\\\/fr\\\/?s={search_term_string}\"},\"query-input\":{\"@type\":\"PropertyValueSpecification\",\"valueRequired\":true,\"valueName\":\"search_term_string\"}}],\"inLanguage\":\"fr-FR\"},{\"@type\":\"Organization\",\"@id\":\"https:\\\/\\\/pre.dosde.com\\\/fr\\\/#organization\",\"name\":\"Dosde\",\"url\":\"https:\\\/\\\/pre.dosde.com\\\/fr\\\/\",\"logo\":{\"@type\":\"ImageObject\",\"inLanguage\":\"fr-FR\",\"@id\":\"https:\\\/\\\/pre.dosde.com\\\/fr\\\/#\\\/schema\\\/logo\\\/image\\\/\",\"url\":\"https:\\\/\\\/pre.dosde.com\\\/wp-content\\\/uploads\\\/2026\\\/06\\\/Logo.webp\",\"contentUrl\":\"https:\\\/\\\/pre.dosde.com\\\/wp-content\\\/uploads\\\/2026\\\/06\\\/Logo.webp\",\"width\":248,\"height\":80,\"caption\":\"Dosde\"},\"image\":{\"@id\":\"https:\\\/\\\/pre.dosde.com\\\/fr\\\/#\\\/schema\\\/logo\\\/image\\\/\"}},{\"@type\":\"Person\",\"@id\":\"https:\\\/\\\/pre.dosde.com\\\/fr\\\/#\\\/schema\\\/person\\\/9d33726ab714fecb297e38b515472088\",\"name\":\"seocom\",\"image\":{\"@type\":\"ImageObject\",\"inLanguage\":\"fr-FR\",\"@id\":\"https:\\\/\\\/secure.gravatar.com\\\/avatar\\\/741433ce07ba5c431e994c0ec0272d414a5d1a9dafeb02666111e6f2eb1c0ed2?s=96&d=mm&r=g\",\"url\":\"https:\\\/\\\/secure.gravatar.com\\\/avatar\\\/741433ce07ba5c431e994c0ec0272d414a5d1a9dafeb02666111e6f2eb1c0ed2?s=96&d=mm&r=g\",\"contentUrl\":\"https:\\\/\\\/secure.gravatar.com\\\/avatar\\\/741433ce07ba5c431e994c0ec0272d414a5d1a9dafeb02666111e6f2eb1c0ed2?s=96&d=mm&r=g\",\"caption\":\"seocom\"},\"sameAs\":[\"http:\\\/\\\/qa-dosde.qamoon.es\"],\"url\":\"https:\\\/\\\/pre.dosde.com\\\/fr\\\/author\\\/seocom\\\/\"}]}<\/script>\n<!-- \/ Yoast SEO plugin. -->","yoast_head_json":{"title":"Les 5 \u0153uvres les moins connues de Gaud\u00ed - Dosde","robots":{"index":"noindex","follow":"follow","max-snippet":"max-snippet:-1","max-image-preview":"max-image-preview:large","max-video-preview":"max-video-preview:-1"},"og_locale":"fr_FR","og_type":"article","og_title":"Les 5 \u0153uvres les moins connues de Gaud\u00ed - Dosde","og_description":"&nbsp; Vous connaissez certainement les \u0153uvres les plus populaires d\u2019Antoni Gaud\u00ed : la basilique de la Sagrada Familia, la Casa Batll\u00f3, La Pedrera\u2026 Mais quelles sont ses \u0153uvres moins connues ? Dans cet article, nous vous pr\u00e9sentons les projets de Gaud\u00ed qui n\u2019ont pas acquis autant de notori\u00e9t\u00e9 mais qui arborent tout de m\u00eame le ... Lire la suite","og_url":"https:\/\/pre.dosde.com\/fr\/les-5-oeuvres-les-moins-connues-de-gaudi\/","og_site_name":"Dosde","article_published_time":"2017-12-11T16:18:06+00:00","article_modified_time":"2026-08-11T08:01:54+00:00","og_image":[{"url":"https:\/\/qa-dosde.qamoon.es\/wp-content\/uploads\/2017\/12\/college-des-theresiennes-antoni-gaudi-dosde-publishing.jpg","type":"","width":"","height":""}],"author":"seocom","twitter_card":"summary_large_image","twitter_misc":{"\u00c9crit par":"seocom","Dur\u00e9e de lecture estim\u00e9e":"6 minutes"},"schema":{"@context":"https:\/\/schema.org","@graph":[{"@type":"Article","@id":"https:\/\/pre.dosde.com\/fr\/les-5-oeuvres-les-moins-connues-de-gaudi\/#article","isPartOf":{"@id":"https:\/\/pre.dosde.com\/fr\/les-5-oeuvres-les-moins-connues-de-gaudi\/"},"author":{"name":"seocom","@id":"https:\/\/pre.dosde.com\/fr\/#\/schema\/person\/9d33726ab714fecb297e38b515472088"},"headline":"Les 5 \u0153uvres les moins connues de Gaud\u00ed","datePublished":"2017-12-11T16:18:06+00:00","dateModified":"2026-08-11T08:01:54+00:00","mainEntityOfPage":{"@id":"https:\/\/pre.dosde.com\/fr\/les-5-oeuvres-les-moins-connues-de-gaudi\/"},"wordCount":1107,"commentCount":0,"publisher":{"@id":"https:\/\/pre.dosde.com\/fr\/#organization"},"image":{"@id":"https:\/\/pre.dosde.com\/fr\/les-5-oeuvres-les-moins-connues-de-gaudi\/#primaryimage"},"thumbnailUrl":"https:\/\/qa-dosde.qamoon.es\/wp-content\/uploads\/2017\/12\/college-des-theresiennes-antoni-gaudi-dosde-publishing.jpg","articleSection":["Gaud\u00ed"],"inLanguage":"fr-FR","potentialAction":[{"@type":"CommentAction","name":"Comment","target":["https:\/\/pre.dosde.com\/fr\/les-5-oeuvres-les-moins-connues-de-gaudi\/#respond"]}]},{"@type":"WebPage","@id":"https:\/\/pre.dosde.com\/fr\/les-5-oeuvres-les-moins-connues-de-gaudi\/","url":"https:\/\/pre.dosde.com\/fr\/les-5-oeuvres-les-moins-connues-de-gaudi\/","name":"Les 5 \u0153uvres les moins connues de Gaud\u00ed - Dosde","isPartOf":{"@id":"https:\/\/pre.dosde.com\/fr\/#website"},"primaryImageOfPage":{"@id":"https:\/\/pre.dosde.com\/fr\/les-5-oeuvres-les-moins-connues-de-gaudi\/#primaryimage"},"image":{"@id":"https:\/\/pre.dosde.com\/fr\/les-5-oeuvres-les-moins-connues-de-gaudi\/#primaryimage"},"thumbnailUrl":"https:\/\/qa-dosde.qamoon.es\/wp-content\/uploads\/2017\/12\/college-des-theresiennes-antoni-gaudi-dosde-publishing.jpg","datePublished":"2017-12-11T16:18:06+00:00","dateModified":"2026-08-11T08:01:54+00:00","breadcrumb":{"@id":"https:\/\/pre.dosde.com\/fr\/les-5-oeuvres-les-moins-connues-de-gaudi\/#breadcrumb"},"inLanguage":"fr-FR","potentialAction":[{"@type":"ReadAction","target":["https:\/\/pre.dosde.com\/fr\/les-5-oeuvres-les-moins-connues-de-gaudi\/"]}]},{"@type":"ImageObject","inLanguage":"fr-FR","@id":"https:\/\/pre.dosde.com\/fr\/les-5-oeuvres-les-moins-connues-de-gaudi\/#primaryimage","url":"https:\/\/qa-dosde.qamoon.es\/wp-content\/uploads\/2017\/12\/college-des-theresiennes-antoni-gaudi-dosde-publishing.jpg","contentUrl":"https:\/\/qa-dosde.qamoon.es\/wp-content\/uploads\/2017\/12\/college-des-theresiennes-antoni-gaudi-dosde-publishing.jpg"},{"@type":"BreadcrumbList","@id":"https:\/\/pre.dosde.com\/fr\/les-5-oeuvres-les-moins-connues-de-gaudi\/#breadcrumb","itemListElement":[{"@type":"ListItem","position":1,"name":"Home","item":"https:\/\/pre.dosde.com\/fr\/"},{"@type":"ListItem","position":2,"name":"Les 5 \u0153uvres les moins connues de Gaud\u00ed"}]},{"@type":"WebSite","@id":"https:\/\/pre.dosde.com\/fr\/#website","url":"https:\/\/pre.dosde.com\/fr\/","name":"Dosde","description":"","publisher":{"@id":"https:\/\/pre.dosde.com\/fr\/#organization"},"potentialAction":[{"@type":"SearchAction","target":{"@type":"EntryPoint","urlTemplate":"https:\/\/pre.dosde.com\/fr\/?s={search_term_string}"},"query-input":{"@type":"PropertyValueSpecification","valueRequired":true,"valueName":"search_term_string"}}],"inLanguage":"fr-FR"},{"@type":"Organization","@id":"https:\/\/pre.dosde.com\/fr\/#organization","name":"Dosde","url":"https:\/\/pre.dosde.com\/fr\/","logo":{"@type":"ImageObject","inLanguage":"fr-FR","@id":"https:\/\/pre.dosde.com\/fr\/#\/schema\/logo\/image\/","url":"https:\/\/pre.dosde.com\/wp-content\/uploads\/2026\/06\/Logo.webp","contentUrl":"https:\/\/pre.dosde.com\/wp-content\/uploads\/2026\/06\/Logo.webp","width":248,"height":80,"caption":"Dosde"},"image":{"@id":"https:\/\/pre.dosde.com\/fr\/#\/schema\/logo\/image\/"}},{"@type":"Person","@id":"https:\/\/pre.dosde.com\/fr\/#\/schema\/person\/9d33726ab714fecb297e38b515472088","name":"seocom","image":{"@type":"ImageObject","inLanguage":"fr-FR","@id":"https:\/\/secure.gravatar.com\/avatar\/741433ce07ba5c431e994c0ec0272d414a5d1a9dafeb02666111e6f2eb1c0ed2?s=96&d=mm&r=g","url":"https:\/\/secure.gravatar.com\/avatar\/741433ce07ba5c431e994c0ec0272d414a5d1a9dafeb02666111e6f2eb1c0ed2?s=96&d=mm&r=g","contentUrl":"https:\/\/secure.gravatar.com\/avatar\/741433ce07ba5c431e994c0ec0272d414a5d1a9dafeb02666111e6f2eb1c0ed2?s=96&d=mm&r=g","caption":"seocom"},"sameAs":["http:\/\/qa-dosde.qamoon.es"],"url":"https:\/\/pre.dosde.com\/fr\/author\/seocom\/"}]}},"_links":{"self":[{"href":"https:\/\/pre.dosde.com\/fr\/wp-json\/wp\/v2\/posts\/2052","targetHints":{"allow":["GET"]}}],"collection":[{"href":"https:\/\/pre.dosde.com\/fr\/wp-json\/wp\/v2\/posts"}],"about":[{"href":"https:\/\/pre.dosde.com\/fr\/wp-json\/wp\/v2\/types\/post"}],"author":[{"embeddable":true,"href":"https:\/\/pre.dosde.com\/fr\/wp-json\/wp\/v2\/users\/1"}],"replies":[{"embeddable":true,"href":"https:\/\/pre.dosde.com\/fr\/wp-json\/wp\/v2\/comments?post=2052"}],"version-history":[{"count":1,"href":"https:\/\/pre.dosde.com\/fr\/wp-json\/wp\/v2\/posts\/2052\/revisions"}],"predecessor-version":[{"id":3678,"href":"https:\/\/pre.dosde.com\/fr\/wp-json\/wp\/v2\/posts\/2052\/revisions\/3678"}],"wp:attachment":[{"href":"https:\/\/pre.dosde.com\/fr\/wp-json\/wp\/v2\/media?parent=2052"}],"wp:term":[{"taxonomy":"category","embeddable":true,"href":"https:\/\/pre.dosde.com\/fr\/wp-json\/wp\/v2\/categories?post=2052"},{"taxonomy":"post_tag","embeddable":true,"href":"https:\/\/pre.dosde.com\/fr\/wp-json\/wp\/v2\/tags?post=2052"}],"curies":[{"name":"wp","href":"https:\/\/api.w.org\/{rel}","templated":true}]}}