{"id":207,"date":"2017-02-17T11:58:36","date_gmt":"2017-02-17T11:58:36","guid":{"rendered":"https:\/\/www.dosde.com\/blog\/?p=207\/"},"modified":"2026-08-11T08:02:51","modified_gmt":"2026-08-11T08:02:51","slug":"casa-batllo","status":"publish","type":"post","link":"https:\/\/pre.dosde.com\/fr\/casa-batllo\/","title":{"rendered":"Casa Batll\u00f3"},"content":{"rendered":"<h2>Un \u00e9difice transform\u00e9 en \u0153uvre d\u2019art<\/h2>\n<p>Situ\u00e9e sur le Passeig de Gr\u00e0cia, l\u2019avenue la plus importante de Barcelone,<strong> la Casa Batll\u00f3 est consid\u00e9r\u00e9e comme l\u2019une des \u0153uvres les plus originales de l\u2019architecte Antoni Gaud\u00ed<\/strong>, grand repr\u00e9sentant du modernisme catalan.<\/p>\n<p>&nbsp;<\/p>\n<p>L\u2019\u00e9difice fut construit entre 1904 et 1906, p\u00e9riode <strong>correspondant \u00e0 l\u2019\u00e9tape de maturit\u00e9 de l\u2019architecture de Gaud\u00ed<\/strong>, et il doit son nom \u00e0 son promoteur, l\u2019industriel textile Josep Batll\u00f3. Depuis 2005, la Casa Batll\u00f3 figure sur la liste du patrimoine mondial de l\u2019Unesco.<\/p>\n<p>&nbsp;<\/p>\n<h2>Histoire de la Casa Batll\u00f3<\/h2>\n<p><a href=\"https:\/\/qa-dosde.qamoon.es\/wp-content\/uploads\/2017\/02\/vestibulo-casa-batllo-gaudi-barcelona-dosde-publishing.jpg\"><img loading=\"lazy\" decoding=\"async\" class=\"alignnone wp-image-784 size-full\" src=\"https:\/\/qa-dosde.qamoon.es\/wp-content\/uploads\/2017\/02\/vestibulo-casa-batllo-gaudi-barcelona-dosde-publishing.jpg\" alt=\"Interieur de la Casa Batll\u00f3 Antoni Gaud\u00ed\" width=\"900\" height=\"600\" \/><\/a><\/p>\n<p>&nbsp;<\/p>\n<p>Au d\u00e9but du XX<sup>e<\/sup> si\u00e8cle, <strong>le Passeig de Gr\u00e0cia<\/strong>, con\u00e7u par l\u2019urbaniste Ildefons Cerd\u00e0 comme l\u2019un des grands axes de l\u2019Eixample barcelonais, <strong>\u00e9tait devenu la rue pr\u00e9f\u00e9r\u00e9e des grandes familles bourgeoises<\/strong>. Les entrepreneurs les plus fortun\u00e9s, d\u00e9sireux d\u2019exhiber leur puissance, faisaient construire de grandes demeures sur cette avenue par certains des architectes les plus renomm\u00e9s de l\u2019\u00e9poque moderniste.<\/p>\n<p>&nbsp;<\/p>\n<p>L\u2019un de ces industriels, Josep Batll\u00f3, acheta en 1903 un \u00e9difice construit en 1877 par Emili Salas Cort\u00e8s, ancien professeur de Gaud\u00ed \u00e0 l\u2019\u00e9cole d\u2019architecture. Cependant, la sobri\u00e9t\u00e9 de l\u2019\u0153uvre contrastait avec la spectaculaire Casa Amatller voisine, de Puig i Cadafalch. Ainsi, en 1904, <strong>Batll\u00f3 d\u00e9cida d\u2019embaucher Gaud\u00ed qui, \u00e0 52 ans, \u00e9tait \u00e0 l\u2019apog\u00e9e de sa popularit\u00e9<\/strong>.<\/p>\n<p>&nbsp;<\/p>\n<p>Au d\u00e9part, Batll\u00f3 sugg\u00e9ra \u00e0 Gaud\u00ed de d\u00e9truire totalement l\u2019ancien \u00e9difice, mais <strong>l\u2019architecte le convainquit de conserver la structure et de r\u00e9aliser une r\u00e9novation int\u00e9grale<\/strong> en ajoutant deux niveaux suppl\u00e9mentaires \u2013un \u00e9tage et un grenier\u2013 et en refaisant totalement la fa\u00e7ade, la cour int\u00e9rieure, le rez-de-chauss\u00e9e et le premier \u00e9tage destin\u00e9 \u00e0 la famille Batll\u00f3. Telle est l\u2019origine de la Casa Batll\u00f3, devenue aujourd\u2019hui tout un symbole du modernisme \u00e0 Barcelone.<\/p>\n<p>&nbsp;<\/p>\n<h2>La fa\u00e7ade de la Casa Batll\u00f3<\/h2>\n<p><a href=\"https:\/\/qa-dosde.qamoon.es\/wp-content\/uploads\/2017\/02\/fachada-casa-batllo-gaudi-barcelona-dosde-publishing.jpg\"><img loading=\"lazy\" decoding=\"async\" class=\"alignnone wp-image-785 size-full\" src=\"https:\/\/qa-dosde.qamoon.es\/wp-content\/uploads\/2017\/02\/fachada-casa-batllo-gaudi-barcelona-dosde-publishing.jpg\" alt=\"Fa\u00e7ade de la Casa Batll\u00f3 Antoni Gaud\u00ed\" width=\"900\" height=\"600\" \/><\/a><\/p>\n<p>&nbsp;<\/p>\n<p>Antoni Gaud\u00ed employa tout son g\u00e9nie cr\u00e9atif \u00e0 la r\u00e9novation de la Casa Batll\u00f3, notamment de la fa\u00e7ade principale puisque l\u2019objectif \u00e9tait de conserver la structure originale tout en cr\u00e9ant quelque chose de totalement innovant. <strong>L\u2019architecte r\u00e9alisa des maquettes en pl\u00e2tre qu\u2019il modela de ses propres mains jusqu\u2019\u00e0 obtenir les formes recherch\u00e9es<\/strong> et dirigea personnellement la disposition du trencadis et des disques en c\u00e9ramique depuis le Passeig de Gr\u00e0cia m\u00eame.<\/p>\n<p>&nbsp;<\/p>\n<p>Cela donna lieu \u00e0 une architecture qui associe dans <strong>la Casa Batll\u00f3 des formes surprenantes et des couleurs intenses, provoquant une agr\u00e9able sensation de mouvement<\/strong>. Fervent observateur de la nature, Gaud\u00ed combina les mat\u00e9riaux comme la pierre, le verre, la c\u00e9ramique polychrome et le fer de telle sorte que les reflets du soleil sur la fa\u00e7ade de la Casa Batll\u00f3 produisent un po\u00e9tique jeu d\u2019ombres et de lumi\u00e8res. La fa\u00e7ade de la maison suscita diverses interpr\u00e9tations. Pour certains, elle s\u2019apparente \u00e0 la douce houle de la mer M\u00e9diterran\u00e9e, pour d\u2019autres \u00e0 la montagne de Montserrat ou \u00e0 une all\u00e9gorie du carnaval.<\/p>\n<p>&nbsp;<\/p>\n<p>Puis il y a ceux qui la connaissent uniquement comme la \u00ab\u00a0maison des os\u00a0\u00bb en r\u00e9f\u00e9rence \u00e0 la forme des embrasures et des colonnes de la galerie. Mais l\u2019une des interpr\u00e9tations les plus plausibles reste sans aucun doute la comparaison de cette fa\u00e7ade avec la s\u00e9rie de peintures Les Nymph\u00e9as de Claude Monet.<\/p>\n<p>&nbsp;<\/p>\n<p><a href=\"https:\/\/www.dosde.com\/fr\/livres\/casa-batllo.html\"><img loading=\"lazy\" decoding=\"async\" class=\"aligncenter wp-image-3641 size-full\" src=\"https:\/\/qa-dosde.qamoon.es\/wp-content\/uploads\/2017\/02\/Boton-descubrir-mas-FR.png\" alt=\"\" width=\"250\" height=\"56\" \/><\/a><\/p>\n<h2>Le vestibule<\/h2>\n<p>Un fois \u00e0 l\u2019int\u00e9rieur de la Casa Batll\u00f3, <strong>le vestibule communautaire aux formes douces et aux tons bleut\u00e9s articule la circulation vers les diff\u00e9rents appartements<\/strong> par le biais de deux escaliers : l\u2019un, privatif, pour les propri\u00e9taires, l\u2019autre destin\u00e9 aux locataires.<\/p>\n<p>&nbsp;<\/p>\n<p>De plan rectangulaire, cet espace aux plafonds courbes ressemblant \u00e0 une grotte dessert directement le vestibule priv\u00e9 du premier \u00e9tage et abrite la loge du concierge et quelques d\u00e9barras. C\u2019est de l\u00e0 \u00e9galement que part l\u2019escalier communautaire destin\u00e9 aux locataires et aux domestiques de la famille Batll\u00f3.<\/p>\n<p>&nbsp;<\/p>\n<h2>La cour centrale de la Casa Batll\u00f3<\/h2>\n<p><a href=\"https:\/\/qa-dosde.qamoon.es\/wp-content\/uploads\/2017\/02\/patio-interior-casa-batllo-gaudi-barcelona-dosde-publishing.jpg\"><img loading=\"lazy\" decoding=\"async\" class=\"alignnone wp-image-786 size-full\" src=\"https:\/\/qa-dosde.qamoon.es\/wp-content\/uploads\/2017\/02\/patio-interior-casa-batllo-gaudi-barcelona-dosde-publishing.jpg\" alt=\"Cour centrale de la Casa Batll\u00f3 Antoni Gaud\u00ed\" width=\"900\" height=\"600\" \/><\/a><\/p>\n<p>&nbsp;<\/p>\n<p>L\u2019une des interventions les plus remarquables de la r\u00e9novation moderniste de la Casa Batll\u00f3 fut <strong>l\u2019agrandissement de la cour int\u00e9rieure<\/strong> qui, avec ses nouvelles dimensions de 13 m\u00e8tres de long sur 4 m\u00e8tres de large et 26 m\u00e8tres de haut, <strong>devint le grand \u00e9l\u00e9ment d\u2019articulation de l\u2019\u00e9difice<\/strong>, l\u2019axe de communication verticale entre les diff\u00e9rents \u00e9tages par le biais de l\u2019ascenseur et de l\u2019escalier communautaire.<\/p>\n<p>&nbsp;<\/p>\n<p>L\u2019agrandissement permit \u00e9galement d\u2019am\u00e9liorer substantiellement la ventilation et l\u2019\u00e9clairage des appartements, aspect souvent n\u00e9glig\u00e9 dans les constructions de l\u2019\u00e9poque. Dans cette optique, l\u2019architecte habilla les murs de grandes fen\u00eatres dot\u00e9es de soupiraux et appliqua <strong>un rev\u00eatement d\u2019azulejos dans les tons clairs, dont l\u2019\u00e9clat refl\u00e8te la lumi\u00e8re naturelle<\/strong> provenant de la grande lucarne rectangulaire situ\u00e9e au niveau du grenier.<\/p>\n<p>&nbsp;<\/p>\n<h2>La Casa Batll\u00f3 de l\u2019int\u00e9rieur<\/h2>\n<p><a href=\"https:\/\/qa-dosde.qamoon.es\/wp-content\/uploads\/2017\/02\/salon-interior-casa-batllo-gaudi-barcelona-dosde-publishing.jpg\"><img loading=\"lazy\" decoding=\"async\" class=\"alignnone wp-image-787 size-full\" src=\"https:\/\/qa-dosde.qamoon.es\/wp-content\/uploads\/2017\/02\/salon-interior-casa-batllo-gaudi-barcelona-dosde-publishing.jpg\" alt=\"Salon principal de la Casa Batll\u00f3 Antoni Gaud\u00ed\" width=\"900\" height=\"600\" \/><\/a><\/p>\n<p>&nbsp;<\/p>\n<p>Guid\u00e9 par des crit\u00e8res d\u2019ordre fonctionnel, Gaud\u00ed structura l\u2019\u00e9tage de l\u2019appartement de la famille Batll\u00f3 en trois parties distinctes, chacune dot\u00e9es de grandes pi\u00e8ces adapt\u00e9es \u00e0 leurs diff\u00e9rents usages. <strong>Les salons principaux<\/strong> furent orient\u00e9s vers le Passeig de Gr\u00e0cia puisqu\u2019ils <strong>recevaient la lumi\u00e8re naturelle qui filtrait \u00e0 travers les grandes baies vitr\u00e9es de la galerie<\/strong> ; la salle \u00e0 manger et les chambres donnaient sur la fa\u00e7ade arri\u00e8re et dans une cour r\u00e9serv\u00e9e exclusivement aux Batll\u00f3 ; et, dans l\u2019espace central, une zone de services fut habilit\u00e9e avec la cuisine et la salle de bain ainsi que les acc\u00e8s aux autres \u00e9tages de l\u2019\u00e9difice.<\/p>\n<p>&nbsp;<\/p>\n<h2>Le grenier<\/h2>\n<p><a href=\"https:\/\/qa-dosde.qamoon.es\/wp-content\/uploads\/2017\/02\/desvan-casa-batllo-gaudi-barcelona-dosde-publishing.jpg\"><img loading=\"lazy\" decoding=\"async\" class=\"alignnone wp-image-857 size-full\" src=\"https:\/\/qa-dosde.qamoon.es\/wp-content\/uploads\/2017\/02\/desvan-casa-batllo-gaudi-barcelona-dosde-publishing.jpg\" alt=\"Le grenier de la Casa Batll\u00f3 Antoni Gaud\u00ed\" width=\"900\" height=\"600\" \/><\/a><\/p>\n<p>&nbsp;<\/p>\n<p>Gaud\u00ed aborde<strong> le dernier \u00e9tage<\/strong> de la Casa Batll\u00f3, les combles, tant du point de vue plastique que fonctionnel <strong>comme une pi\u00e8ce venant couronner l\u2019\u00e9difice<\/strong>, de telle sorte qu\u2019il dote ce niveau d\u2019un syst\u00e8me architectonique propre et de formes singuli\u00e8res \u00e0 l\u2019int\u00e9rieur comme \u00e0 l\u2019ext\u00e9rieur. Il s\u2019agit d\u2019une construction ind\u00e9pendante des autres \u00e9tages inf\u00e9rieurs.<\/p>\n<p>&nbsp;<\/p>\n<p>La structure des \u00e9tages de logement est totalement diff\u00e9rente de celle du grenier, en partie parce qu\u2019il s\u2019agit d\u2019espaces pens\u00e9s pour diff\u00e9rents usages. Sur le plan fonctionnel, <strong>Gaud\u00ed con\u00e7oit le grenier comme une chambre isolante destin\u00e9e aux zones de services<\/strong>. Il est construit \u00e0 partir d\u2019une succession d\u2019arcs cat\u00e9naires \u00e9labor\u00e9s uniquement en brique, enduits par la suite de pl\u00e2tre et au-dessus desquels reposent les vo\u00fbtes du toit, qui \u00e0 leur tour supportent le niveau de la terrasse.<\/p>\n<p>&nbsp;<\/p>\n<p>Cette <strong>nouveaut\u00e9 structurelle<\/strong> \u00e0 la fois simple et ing\u00e9nieuse que l\u2019architecte catalan utilisa dans plusieurs de ses \u0153uvres comme le coll\u00e8ge des Th\u00e9r\u00e9siennes et La Pedrera, a la particularit\u00e9 de g\u00e9n\u00e9rer des espaces continus tr\u00e8s \u00e9vocateurs <strong>qui semblent ici reproduire le flanc d\u2019un grand animal<\/strong>. Cela donna lieu \u00e0 diverses interpr\u00e9tations, certaines affirmant qu\u2019il pourrait s\u2019agir de l\u2019int\u00e9rieur du dragon repr\u00e9sent\u00e9 sur le toit typiquement gaudinien de la Casa Batll\u00f3 de Barcelone.<\/p>\n<p>&nbsp;<\/p>\n<h2>La terrasse<\/h2>\n<p>[metaslider id=1315]<\/p>\n<p><strong>Sur la terrasse de la Casa Batll\u00f3, Gaud\u00ed donne libre cours \u00e0 son imagination<\/strong> et d\u00e9ploya toute sa cr\u00e9ativit\u00e9 pour transformer cet espace \u2013souvent laiss\u00e9-pour-compte au d\u00e9but du XX<sup>e<\/sup> si\u00e8cle lors de la construction d\u2019un \u00e9difice\u2013 en un univers de formes, de <strong>silhouettes et de textures originales qui transcendent l\u2019architecture<\/strong> et deviennent de v\u00e9ritables pi\u00e8ces sculpturales d\u2019une grande valeur artistique.<\/p>\n<p>&nbsp;<\/p>\n<p>Outre le sens po\u00e9tique donn\u00e9 \u00e0 la terrasse, l\u2019architecte d\u00e9finit l\u2019aspect fonctionnel de cette partie de la maison en l\u2019organisant de fa\u00e7on logique et en r\u00e9pondant aux diff\u00e9rents besoins de l\u2019ensemble \u00e0 l\u2019aide de solutions rationnelles. Ainsi, Gaud\u00ed dispose sur la terrasse deux sorties d\u2019escalier, quatre groupes de chemin\u00e9es et conduits d\u2019a\u00e9ration et un petit grenier sous la terrasse, <strong>le tout rev\u00eatu de trencadis<\/strong>.<\/p>\n<p>&nbsp;<\/p>\n<p>Ces pi\u00e8ces sculpturales furent \u00e9labor\u00e9es \u00e0 partir de l\u2019observation des formes courbes, ductiles et organiques et s\u2019inspir\u00e8rent des lois de la Nature, point de d\u00e9part de l\u2019univers suggestif et \u00e9vocateur d\u2019Antoni Gaud\u00ed.<\/p>\n<p>&nbsp;<\/p>\n<h2>Un livre sur la Casa Batll\u00f3 comme vous n\u2019en avez jamais vu<\/h2>\n<p>L\u2019originalit\u00e9 de la\u00a0Casa\u00a0Batll\u00f3 n\u2019a pas fini de nous surprendre, malgr\u00e9 ses\u00a0plus de 110\u00a0ans d\u2019existence. Situ\u00e9e dans la ville de Barcelone,\u00a0c\u2019est <strong>l\u2019une des \u0153uvres les plus connues et les plus appr\u00e9ci\u00e9es d\u2019Antoni Gaud\u00ed\u00a0<\/strong>qu\u2019il faut in\u00e9vitablement visiter pour percevoir l\u2019imagination d\u00e9bordante de son cr\u00e9ateur.<\/p>\n<p>&nbsp;<\/p>\n<p>Entrez dans la\u00a0<strong><a href=\"https:\/\/www.dosde.com\/fr\/casa-batllo-originale-gaudi-deluxe.html\">Casa Batll\u00f3 avec ce livre Deluxe<\/a><\/strong>\u00a0qui vous permettra de d\u00e9couvrir chaque recoin de cette maison. Les incroyables photos, les illustrations et\u00a0infographies en 3D r\u00e9alis\u00e9es exclusivement pour ce livre\u00a0ne manqueront pas de vous surprendre.<\/p>\n<p>&nbsp;<\/p>\n<p>\u00c9dit\u00e9 par <a href=\"https:\/\/www.dosde.com\/fr\/\">Dosde<\/a>, ce libre aborde tous les espaces de l\u2019\u00e9difice et d\u00e9crit les innovations en termes de construction appliqu\u00e9es par Gaud\u00ed qui fusionnent esth\u00e9tique et fonctionnalit\u00e9.<\/p>\n<p><a href=\"https:\/\/www.dosde.com\/fr\/casa-batllo-originale-gaudi-deluxe.html\"><img loading=\"lazy\" decoding=\"async\" class=\"alignnone wp-image-1888 size-full\" src=\"https:\/\/qa-dosde.qamoon.es\/wp-content\/uploads\/2017\/02\/couverture-casa-batllo-gaudi-barcelone-livre-francais-edition-deluxe-dosde-publishing_978-84-9103-058-4_25-007-02_B09.jpg\" alt=\"Livre de la Casa Batll\u00f3 de Gaud\u00ed Dosde \u00e9ditorial\" width=\"700\" height=\"345\" \/><\/a><\/p>\n","protected":false},"excerpt":{"rendered":"Un \u00e9difice transform\u00e9 en \u0153uvre d\u2019art Situ\u00e9e sur le Passeig de Gr\u00e0cia, l\u2019avenue la plus importante de Barcelone, la Casa Batll\u00f3 est consid\u00e9r\u00e9e comme l\u2019une des \u0153uvres les plus originales de l\u2019architecte Antoni Gaud\u00ed, grand repr\u00e9sentant du modernisme catalan. &nbsp; L\u2019\u00e9difice fut construit entre 1904 et 1906, p\u00e9riode correspondant \u00e0 l\u2019\u00e9tape de maturit\u00e9 de l\u2019architecture &#8230; <a title=\"Casa Batll\u00f3\" class=\"read-more\" href=\"https:\/\/pre.dosde.com\/fr\/casa-batllo\/\" aria-label=\"En savoir plus sur Casa Batll\u00f3\">Lire la suite<\/a>","protected":false},"author":1,"featured_media":706,"comment_status":"open","ping_status":"open","sticky":false,"template":"","format":"standard","meta":{"_acf_changed":false,"footnotes":""},"categories":[53],"tags":[],"class_list":["post-207","post","type-post","status-publish","format-standard","has-post-thumbnail","hentry","category-barcelone"],"acf":[],"yoast_head":"<!-- This site is optimized with the Yoast SEO plugin v28.3 - https:\/\/yoast.com\/product\/yoast-seo-wordpress\/ -->\n<title>Casa Batll\u00f3 - Dosde<\/title>\n<meta name=\"robots\" content=\"noindex, follow, max-snippet:-1, max-image-preview:large, max-video-preview:-1\" \/>\n<meta property=\"og:locale\" content=\"fr_FR\" \/>\n<meta property=\"og:type\" content=\"article\" \/>\n<meta property=\"og:title\" content=\"Casa Batll\u00f3 - Dosde\" \/>\n<meta property=\"og:description\" content=\"Un \u00e9difice transform\u00e9 en \u0153uvre d\u2019art Situ\u00e9e sur le Passeig de Gr\u00e0cia, l\u2019avenue la plus importante de Barcelone, la Casa Batll\u00f3 est consid\u00e9r\u00e9e comme l\u2019une des \u0153uvres les plus originales de l\u2019architecte Antoni Gaud\u00ed, grand repr\u00e9sentant du modernisme catalan. &nbsp; L\u2019\u00e9difice fut construit entre 1904 et 1906, p\u00e9riode correspondant \u00e0 l\u2019\u00e9tape de maturit\u00e9 de l\u2019architecture ... Lire la suite\" \/>\n<meta property=\"og:url\" content=\"https:\/\/pre.dosde.com\/fr\/casa-batllo\/\" \/>\n<meta property=\"og:site_name\" content=\"Dosde\" \/>\n<meta property=\"article:published_time\" content=\"2017-02-17T11:58:36+00:00\" \/>\n<meta property=\"article:modified_time\" content=\"2026-08-11T08:02:51+00:00\" \/>\n<meta name=\"author\" content=\"seocom\" \/>\n<meta name=\"twitter:card\" content=\"summary_large_image\" \/>\n<meta name=\"twitter:label1\" content=\"\u00c9crit par\" \/>\n\t<meta name=\"twitter:data1\" content=\"seocom\" \/>\n\t<meta name=\"twitter:label2\" content=\"Dur\u00e9e de lecture estim\u00e9e\" \/>\n\t<meta name=\"twitter:data2\" content=\"8 minutes\" \/>\n<script type=\"application\/ld+json\" class=\"yoast-schema-graph\">{\"@context\":\"https:\\\/\\\/schema.org\",\"@graph\":[{\"@type\":\"Article\",\"@id\":\"https:\\\/\\\/pre.dosde.com\\\/fr\\\/casa-batllo\\\/#article\",\"isPartOf\":{\"@id\":\"https:\\\/\\\/pre.dosde.com\\\/fr\\\/casa-batllo\\\/\"},\"author\":{\"name\":\"seocom\",\"@id\":\"https:\\\/\\\/pre.dosde.com\\\/fr\\\/#\\\/schema\\\/person\\\/9d33726ab714fecb297e38b515472088\"},\"headline\":\"Casa Batll\u00f3\",\"datePublished\":\"2017-02-17T11:58:36+00:00\",\"dateModified\":\"2026-08-11T08:02:51+00:00\",\"mainEntityOfPage\":{\"@id\":\"https:\\\/\\\/pre.dosde.com\\\/fr\\\/casa-batllo\\\/\"},\"wordCount\":1558,\"commentCount\":0,\"publisher\":{\"@id\":\"https:\\\/\\\/pre.dosde.com\\\/fr\\\/#organization\"},\"image\":{\"@id\":\"https:\\\/\\\/pre.dosde.com\\\/fr\\\/casa-batllo\\\/#primaryimage\"},\"thumbnailUrl\":\"\",\"articleSection\":[\"Barcelone\"],\"inLanguage\":\"fr-FR\",\"potentialAction\":[{\"@type\":\"CommentAction\",\"name\":\"Comment\",\"target\":[\"https:\\\/\\\/pre.dosde.com\\\/fr\\\/casa-batllo\\\/#respond\"]}]},{\"@type\":\"WebPage\",\"@id\":\"https:\\\/\\\/pre.dosde.com\\\/fr\\\/casa-batllo\\\/\",\"url\":\"https:\\\/\\\/pre.dosde.com\\\/fr\\\/casa-batllo\\\/\",\"name\":\"Casa Batll\u00f3 - Dosde\",\"isPartOf\":{\"@id\":\"https:\\\/\\\/pre.dosde.com\\\/fr\\\/#website\"},\"primaryImageOfPage\":{\"@id\":\"https:\\\/\\\/pre.dosde.com\\\/fr\\\/casa-batllo\\\/#primaryimage\"},\"image\":{\"@id\":\"https:\\\/\\\/pre.dosde.com\\\/fr\\\/casa-batllo\\\/#primaryimage\"},\"thumbnailUrl\":\"\",\"datePublished\":\"2017-02-17T11:58:36+00:00\",\"dateModified\":\"2026-08-11T08:02:51+00:00\",\"breadcrumb\":{\"@id\":\"https:\\\/\\\/pre.dosde.com\\\/fr\\\/casa-batllo\\\/#breadcrumb\"},\"inLanguage\":\"fr-FR\",\"potentialAction\":[{\"@type\":\"ReadAction\",\"target\":[\"https:\\\/\\\/pre.dosde.com\\\/fr\\\/casa-batllo\\\/\"]}]},{\"@type\":\"ImageObject\",\"inLanguage\":\"fr-FR\",\"@id\":\"https:\\\/\\\/pre.dosde.com\\\/fr\\\/casa-batllo\\\/#primaryimage\",\"url\":\"\",\"contentUrl\":\"\"},{\"@type\":\"BreadcrumbList\",\"@id\":\"https:\\\/\\\/pre.dosde.com\\\/fr\\\/casa-batllo\\\/#breadcrumb\",\"itemListElement\":[{\"@type\":\"ListItem\",\"position\":1,\"name\":\"Home\",\"item\":\"https:\\\/\\\/pre.dosde.com\\\/fr\\\/\"},{\"@type\":\"ListItem\",\"position\":2,\"name\":\"Casa Batll\u00f3\"}]},{\"@type\":\"WebSite\",\"@id\":\"https:\\\/\\\/pre.dosde.com\\\/fr\\\/#website\",\"url\":\"https:\\\/\\\/pre.dosde.com\\\/fr\\\/\",\"name\":\"Dosde\",\"description\":\"\",\"publisher\":{\"@id\":\"https:\\\/\\\/pre.dosde.com\\\/fr\\\/#organization\"},\"potentialAction\":[{\"@type\":\"SearchAction\",\"target\":{\"@type\":\"EntryPoint\",\"urlTemplate\":\"https:\\\/\\\/pre.dosde.com\\\/fr\\\/?s={search_term_string}\"},\"query-input\":{\"@type\":\"PropertyValueSpecification\",\"valueRequired\":true,\"valueName\":\"search_term_string\"}}],\"inLanguage\":\"fr-FR\"},{\"@type\":\"Organization\",\"@id\":\"https:\\\/\\\/pre.dosde.com\\\/fr\\\/#organization\",\"name\":\"Dosde\",\"url\":\"https:\\\/\\\/pre.dosde.com\\\/fr\\\/\",\"logo\":{\"@type\":\"ImageObject\",\"inLanguage\":\"fr-FR\",\"@id\":\"https:\\\/\\\/pre.dosde.com\\\/fr\\\/#\\\/schema\\\/logo\\\/image\\\/\",\"url\":\"https:\\\/\\\/pre.dosde.com\\\/wp-content\\\/uploads\\\/2026\\\/06\\\/Logo.webp\",\"contentUrl\":\"https:\\\/\\\/pre.dosde.com\\\/wp-content\\\/uploads\\\/2026\\\/06\\\/Logo.webp\",\"width\":248,\"height\":80,\"caption\":\"Dosde\"},\"image\":{\"@id\":\"https:\\\/\\\/pre.dosde.com\\\/fr\\\/#\\\/schema\\\/logo\\\/image\\\/\"}},{\"@type\":\"Person\",\"@id\":\"https:\\\/\\\/pre.dosde.com\\\/fr\\\/#\\\/schema\\\/person\\\/9d33726ab714fecb297e38b515472088\",\"name\":\"seocom\",\"image\":{\"@type\":\"ImageObject\",\"inLanguage\":\"fr-FR\",\"@id\":\"https:\\\/\\\/secure.gravatar.com\\\/avatar\\\/741433ce07ba5c431e994c0ec0272d414a5d1a9dafeb02666111e6f2eb1c0ed2?s=96&d=mm&r=g\",\"url\":\"https:\\\/\\\/secure.gravatar.com\\\/avatar\\\/741433ce07ba5c431e994c0ec0272d414a5d1a9dafeb02666111e6f2eb1c0ed2?s=96&d=mm&r=g\",\"contentUrl\":\"https:\\\/\\\/secure.gravatar.com\\\/avatar\\\/741433ce07ba5c431e994c0ec0272d414a5d1a9dafeb02666111e6f2eb1c0ed2?s=96&d=mm&r=g\",\"caption\":\"seocom\"},\"sameAs\":[\"http:\\\/\\\/qa-dosde.qamoon.es\"],\"url\":\"https:\\\/\\\/pre.dosde.com\\\/fr\\\/author\\\/seocom\\\/\"}]}<\/script>\n<!-- \/ Yoast SEO plugin. -->","yoast_head_json":{"title":"Casa Batll\u00f3 - Dosde","robots":{"index":"noindex","follow":"follow","max-snippet":"max-snippet:-1","max-image-preview":"max-image-preview:large","max-video-preview":"max-video-preview:-1"},"og_locale":"fr_FR","og_type":"article","og_title":"Casa Batll\u00f3 - Dosde","og_description":"Un \u00e9difice transform\u00e9 en \u0153uvre d\u2019art Situ\u00e9e sur le Passeig de Gr\u00e0cia, l\u2019avenue la plus importante de Barcelone, la Casa Batll\u00f3 est consid\u00e9r\u00e9e comme l\u2019une des \u0153uvres les plus originales de l\u2019architecte Antoni Gaud\u00ed, grand repr\u00e9sentant du modernisme catalan. &nbsp; L\u2019\u00e9difice fut construit entre 1904 et 1906, p\u00e9riode correspondant \u00e0 l\u2019\u00e9tape de maturit\u00e9 de l\u2019architecture ... Lire la suite","og_url":"https:\/\/pre.dosde.com\/fr\/casa-batllo\/","og_site_name":"Dosde","article_published_time":"2017-02-17T11:58:36+00:00","article_modified_time":"2026-08-11T08:02:51+00:00","author":"seocom","twitter_card":"summary_large_image","twitter_misc":{"\u00c9crit par":"seocom","Dur\u00e9e de lecture estim\u00e9e":"8 minutes"},"schema":{"@context":"https:\/\/schema.org","@graph":[{"@type":"Article","@id":"https:\/\/pre.dosde.com\/fr\/casa-batllo\/#article","isPartOf":{"@id":"https:\/\/pre.dosde.com\/fr\/casa-batllo\/"},"author":{"name":"seocom","@id":"https:\/\/pre.dosde.com\/fr\/#\/schema\/person\/9d33726ab714fecb297e38b515472088"},"headline":"Casa Batll\u00f3","datePublished":"2017-02-17T11:58:36+00:00","dateModified":"2026-08-11T08:02:51+00:00","mainEntityOfPage":{"@id":"https:\/\/pre.dosde.com\/fr\/casa-batllo\/"},"wordCount":1558,"commentCount":0,"publisher":{"@id":"https:\/\/pre.dosde.com\/fr\/#organization"},"image":{"@id":"https:\/\/pre.dosde.com\/fr\/casa-batllo\/#primaryimage"},"thumbnailUrl":"","articleSection":["Barcelone"],"inLanguage":"fr-FR","potentialAction":[{"@type":"CommentAction","name":"Comment","target":["https:\/\/pre.dosde.com\/fr\/casa-batllo\/#respond"]}]},{"@type":"WebPage","@id":"https:\/\/pre.dosde.com\/fr\/casa-batllo\/","url":"https:\/\/pre.dosde.com\/fr\/casa-batllo\/","name":"Casa Batll\u00f3 - Dosde","isPartOf":{"@id":"https:\/\/pre.dosde.com\/fr\/#website"},"primaryImageOfPage":{"@id":"https:\/\/pre.dosde.com\/fr\/casa-batllo\/#primaryimage"},"image":{"@id":"https:\/\/pre.dosde.com\/fr\/casa-batllo\/#primaryimage"},"thumbnailUrl":"","datePublished":"2017-02-17T11:58:36+00:00","dateModified":"2026-08-11T08:02:51+00:00","breadcrumb":{"@id":"https:\/\/pre.dosde.com\/fr\/casa-batllo\/#breadcrumb"},"inLanguage":"fr-FR","potentialAction":[{"@type":"ReadAction","target":["https:\/\/pre.dosde.com\/fr\/casa-batllo\/"]}]},{"@type":"ImageObject","inLanguage":"fr-FR","@id":"https:\/\/pre.dosde.com\/fr\/casa-batllo\/#primaryimage","url":"","contentUrl":""},{"@type":"BreadcrumbList","@id":"https:\/\/pre.dosde.com\/fr\/casa-batllo\/#breadcrumb","itemListElement":[{"@type":"ListItem","position":1,"name":"Home","item":"https:\/\/pre.dosde.com\/fr\/"},{"@type":"ListItem","position":2,"name":"Casa Batll\u00f3"}]},{"@type":"WebSite","@id":"https:\/\/pre.dosde.com\/fr\/#website","url":"https:\/\/pre.dosde.com\/fr\/","name":"Dosde","description":"","publisher":{"@id":"https:\/\/pre.dosde.com\/fr\/#organization"},"potentialAction":[{"@type":"SearchAction","target":{"@type":"EntryPoint","urlTemplate":"https:\/\/pre.dosde.com\/fr\/?s={search_term_string}"},"query-input":{"@type":"PropertyValueSpecification","valueRequired":true,"valueName":"search_term_string"}}],"inLanguage":"fr-FR"},{"@type":"Organization","@id":"https:\/\/pre.dosde.com\/fr\/#organization","name":"Dosde","url":"https:\/\/pre.dosde.com\/fr\/","logo":{"@type":"ImageObject","inLanguage":"fr-FR","@id":"https:\/\/pre.dosde.com\/fr\/#\/schema\/logo\/image\/","url":"https:\/\/pre.dosde.com\/wp-content\/uploads\/2026\/06\/Logo.webp","contentUrl":"https:\/\/pre.dosde.com\/wp-content\/uploads\/2026\/06\/Logo.webp","width":248,"height":80,"caption":"Dosde"},"image":{"@id":"https:\/\/pre.dosde.com\/fr\/#\/schema\/logo\/image\/"}},{"@type":"Person","@id":"https:\/\/pre.dosde.com\/fr\/#\/schema\/person\/9d33726ab714fecb297e38b515472088","name":"seocom","image":{"@type":"ImageObject","inLanguage":"fr-FR","@id":"https:\/\/secure.gravatar.com\/avatar\/741433ce07ba5c431e994c0ec0272d414a5d1a9dafeb02666111e6f2eb1c0ed2?s=96&d=mm&r=g","url":"https:\/\/secure.gravatar.com\/avatar\/741433ce07ba5c431e994c0ec0272d414a5d1a9dafeb02666111e6f2eb1c0ed2?s=96&d=mm&r=g","contentUrl":"https:\/\/secure.gravatar.com\/avatar\/741433ce07ba5c431e994c0ec0272d414a5d1a9dafeb02666111e6f2eb1c0ed2?s=96&d=mm&r=g","caption":"seocom"},"sameAs":["http:\/\/qa-dosde.qamoon.es"],"url":"https:\/\/pre.dosde.com\/fr\/author\/seocom\/"}]}},"_links":{"self":[{"href":"https:\/\/pre.dosde.com\/fr\/wp-json\/wp\/v2\/posts\/207","targetHints":{"allow":["GET"]}}],"collection":[{"href":"https:\/\/pre.dosde.com\/fr\/wp-json\/wp\/v2\/posts"}],"about":[{"href":"https:\/\/pre.dosde.com\/fr\/wp-json\/wp\/v2\/types\/post"}],"author":[{"embeddable":true,"href":"https:\/\/pre.dosde.com\/fr\/wp-json\/wp\/v2\/users\/1"}],"replies":[{"embeddable":true,"href":"https:\/\/pre.dosde.com\/fr\/wp-json\/wp\/v2\/comments?post=207"}],"version-history":[{"count":1,"href":"https:\/\/pre.dosde.com\/fr\/wp-json\/wp\/v2\/posts\/207\/revisions"}],"predecessor-version":[{"id":3581,"href":"https:\/\/pre.dosde.com\/fr\/wp-json\/wp\/v2\/posts\/207\/revisions\/3581"}],"wp:attachment":[{"href":"https:\/\/pre.dosde.com\/fr\/wp-json\/wp\/v2\/media?parent=207"}],"wp:term":[{"taxonomy":"category","embeddable":true,"href":"https:\/\/pre.dosde.com\/fr\/wp-json\/wp\/v2\/categories?post=207"},{"taxonomy":"post_tag","embeddable":true,"href":"https:\/\/pre.dosde.com\/fr\/wp-json\/wp\/v2\/tags?post=207"}],"curies":[{"name":"wp","href":"https:\/\/api.w.org\/{rel}","templated":true}]}}