{"id":2220,"date":"2018-01-30T09:48:00","date_gmt":"2018-01-30T09:48:00","guid":{"rendered":"https:\/\/www.dosde.com\/discover\/?p=2220\/"},"modified":"2026-08-11T08:01:05","modified_gmt":"2026-08-11T08:01:05","slug":"5-choses-que-vous-ignoriez-sur-dali","status":"publish","type":"post","link":"https:\/\/pre.dosde.com\/fr\/5-choses-que-vous-ignoriez-sur-dali\/","title":{"rendered":"5 choses que vous ignoriez sur Dal\u00ed"},"content":{"rendered":"<p>&nbsp;<\/p>\n<p>Admir\u00e9 pour son imagination d\u00e9bordante, Salvador Dal\u00ed devint une ic\u00f4ne de l\u2019art moderne gr\u00e2ce \u00e0 son immense capacit\u00e9 cr\u00e9ative et au magn\u00e9tisme de son personnage public.<\/p>\n<p>&nbsp;<\/p>\n<p>Dans cet article, nous vous d\u00e9voilons<strong> cinq curiosit\u00e9s \u00e0 propos de Salvador Dal\u00ed<\/strong>, consid\u00e9r\u00e9 comme l\u2019un des cr\u00e9ateurs les plus versatiles du XXe si\u00e8cle.<\/p>\n<p>&nbsp;<\/p>\n<hr \/>\n<p>&nbsp;<\/p>\n<p><span style=\"font-size: 18pt;\">1. IL FUT RENVOY\u00c9 DE L\u2019\u00c9COLE DES BEAUX-ARTS<\/span><\/p>\n<p>&nbsp;<\/p>\n<p>\u00c9tudiant, Dal\u00ed exhibait d\u00e9j\u00e0 une forte personnalit\u00e9 artistique. Sa profonde connaissance de la tradition et des tendances culturelles alternatives le firent se rebeller \u00e0 plusieurs reprises contre un syst\u00e8me acad\u00e9mique qu&rsquo;il consid\u00e9rait obsol\u00e8te, allant jusqu&rsquo;\u00e0 se faire <strong>renvoyer de l&rsquo;acad\u00e9mie des beaux-arts de Madrid<\/strong> pour avoir discr\u00e9diter ses professeurs.<\/p>\n<p>&nbsp;<\/p>\n<p>En m\u00eame temps, sa <a href=\"https:\/\/www.dosde.com\/fr\/biographie-ilustree-de-salvador-dali.html\">capacit\u00e9 inn\u00e9e \u00e0 s&rsquo;approprier les styles<\/a> les plus divers le situa rapidement comme <strong>l&rsquo;un des artistes les plus prometteurs de sa g\u00e9n\u00e9ration.<\/strong><\/p>\n<hr \/>\n<p>&nbsp;<\/p>\n<p><span style=\"font-size: 18pt;\">2. C\u2019\u00c9TAIT UNE V\u00c9RITABLE STAR M\u00c9DIATIQUE<\/span><\/p>\n<p>&nbsp;<\/p>\n<p>Dal\u00ed fit des apparitions r\u00e9guli\u00e8res \u00e0 la t\u00e9l\u00e9vision, notamment aux \u00c9tats-Unis, et l&rsquo;une des plus marquantes se produisit en 1961 dans le programme <em>The Ed Sullivan show<\/em>, o\u00f9 il montra sa m\u00e9thode de peinture au pistolet.<\/p>\n<hr \/>\n<p>&nbsp;<\/p>\n<p><span style=\"font-size: 18pt;\">3. IL A DES AMIS C\u00c9L\u00c8BRES DURANT SA JEUNESSE<\/span><\/p>\n<p>&nbsp;<\/p>\n<p>Conform\u00e9ment aux ordres de son p\u00e8re, Dal\u00ed d\u00e9m\u00e9nagea en 1922 \u00e0 Madrid pour <strong>commencer ses \u00e9tudes aux Beaux-Arts \u00e0 la Real Academia de San Fernando<\/strong>, l\u2019institution la plus prestigieuse du pays o\u00f9 se rendaient tous les peintres qui voulaient s\u2019assurer un avenir professionnel stable.<\/p>\n<p>&nbsp;<\/p>\n<p>Dans ce cadre dynamique et propice au d\u00e9veloppement intellectuel, Dal\u00ed se lia d\u2019amiti\u00e9 avec d\u2019autres jeunes ayant des pr\u00e9occupations similaires, notamment avec <strong>le cin\u00e9aste Luis Bu\u00f1uel et le po\u00e8te Federico Garc\u00eda Lorca.<\/strong><\/p>\n<hr \/>\n<p>&nbsp;<\/p>\n<p><span style=\"font-size: 18pt;\">4. DAL\u00cd, UN PEINTRE CIN\u00c9MATOGRAPHIQUE<\/span><\/p>\n<p>&nbsp;<\/p>\n<p>En avril 1929 Dal\u00ed retourna \u00e0 Paris pour <strong>collaborer avec son ami Luis Bu\u00f1uel<\/strong> \u00e0 l\u2019\u00e9laboration du sc\u00e9nario du court-m\u00e9trage Un chien andalou. Le film fut projet\u00e9 au cin\u00e9ma et re\u00e7ut un tr\u00e8s bon accueil de la part du public, c\u2019est ainsi que le nom de Dal\u00ed commen\u00e7a \u00e0 \u00eatre connu dans les cercles avant-gardistes.<\/p>\n<p>&nbsp;<\/p>\n<p>Une fois sa r\u00e9putation consolid\u00e9e, Dal\u00ed travailla pour le cin\u00e9aste am\u00e9ricain \u00e0 un projet avort\u00e9. <strong>Harpo Marx et Alfred Hitchcock firent \u00e9galement appel \u00e0 ses services.<\/strong><\/p>\n<hr \/>\n<p>&nbsp;<\/p>\n<p><span style=\"font-size: 18pt;\">5. UN ARTISTE QUI TRIOMPHE AUX \u00c9TATS-UNIS<\/span><\/p>\n<p>&nbsp;<\/p>\n<p>Trois semaines apr\u00e8s l\u2019inauguration de sa premi\u00e8re exposition individuelle \u00e0 Londres, le 14 novembre 1934 <strong>Dal\u00ed d\u00e9barqua \u00e0 New York<\/strong> en compagnie de son ins\u00e9parable Gala. Avant son arriv\u00e9e, le public am\u00e9ricain avait pu se familiariser avec son \u0153uvre gr\u00e2ce au travail de promotion de l\u2019infatigable marchand d\u2019art Julien Levy.<\/p>\n<p>&nbsp;<\/p>\n<p><strong>L\u2019\u00e9v\u00e9nement fut un v\u00e9ritable succ\u00e8s en termes de ventes<\/strong> et fit l\u2019objet d\u2019une bonne couverture m\u00e9diatique \u00e0 New York avec la publication d\u2019interviews et d\u2019articles \u00e9logieux.<\/p>\n<p>&nbsp;<\/p>\n<p>Conscient des possibilit\u00e9s commerciales qui se pr\u00e9sentaient aux \u00c9tats-Unis, pays ouvert aux id\u00e9es innovantes, Dal\u00ed renfor\u00e7a sa facette la plus extravagante pour attirer l\u2019attention du public.<\/p>\n<p>&nbsp;<\/p>\n<p>De la m\u00eame mani\u00e8re, le peintre consolida sa position au sein du surr\u00e9alisme en <strong>donnant des conf\u00e9rences dans des centres de prestige comme le mus\u00e9e d\u2019art moderne de New York<\/strong>, institution qui devint fondamentale pour la diffusion de son \u0153uvre.<\/p>\n<p>&nbsp;<\/p>\n<h2>Le livre sur Salvador Dal\u00ed, le g\u00e9nie du surr\u00e9alisme<\/h2>\n<p>Salvador Dal\u00ed est l\u2019un des plus grands repr\u00e9sentants artistiques du XXe si\u00e8cle.\u00a0<a href=\"https:\/\/www.dosde.com\/fr\/dali-oeuvres-de-sa-vie.html\">Ce livre visuel qui rassemble<\/a>\u00a0plus de\u00a0<strong>80 reproductions de Salvador Dal\u00ed<\/strong>\u00a0analyse en d\u00e9tail les \u0153uvres de ce g\u00e9nie du surr\u00e9alisme.<\/p>\n<p>D\u00e9couvrez\u00a0<strong>la signification de ses tableaux, leurs influences\u00a0<\/strong>et\u00a0d\u2019autres particularit\u00e9s concernant la vie et l\u2019\u0153uvre du g\u00e9nial cr\u00e9ateur.<\/p>\n<p><a href=\"https:\/\/www.dosde.com\/fr\/dali-oeuvres-de-sa-vie.html\"><img loading=\"lazy\" decoding=\"async\" class=\"alignnone wp-image-1841 size-full\" src=\"https:\/\/qa-dosde.qamoon.es\/wp-content\/uploads\/2017\/02\/couverture-salvador-dali-les-oeuvres-de-sa-vie-livre-francais-art-dosde-publishing_978-84-9103-034-8_45-002-02_B17.jpg\" alt=\"Livre Salvador Dali Les oeuvres de sa vie, Dosde \u00c9ditorial\" width=\"700\" height=\"441\" \/><\/a><\/p>\n","protected":false},"excerpt":{"rendered":"&nbsp; Admir\u00e9 pour son imagination d\u00e9bordante, Salvador Dal\u00ed devint une ic\u00f4ne de l\u2019art moderne gr\u00e2ce \u00e0 son immense capacit\u00e9 cr\u00e9ative et au magn\u00e9tisme de son personnage public. &nbsp; Dans cet article, nous vous d\u00e9voilons cinq curiosit\u00e9s \u00e0 propos de Salvador Dal\u00ed, consid\u00e9r\u00e9 comme l\u2019un des cr\u00e9ateurs les plus versatiles du XXe si\u00e8cle. &nbsp; &nbsp; 1. &#8230; <a title=\"5 choses que vous ignoriez sur Dal\u00ed\" class=\"read-more\" href=\"https:\/\/pre.dosde.com\/fr\/5-choses-que-vous-ignoriez-sur-dali\/\" aria-label=\"En savoir plus sur 5 choses que vous ignoriez sur Dal\u00ed\">Lire la suite<\/a>","protected":false},"author":1,"featured_media":0,"comment_status":"open","ping_status":"open","sticky":false,"template":"","format":"standard","meta":{"_acf_changed":false,"footnotes":""},"categories":[66],"tags":[],"class_list":["post-2220","post","type-post","status-publish","format-standard","hentry","category-dali"],"acf":[],"yoast_head":"<!-- This site is optimized with the Yoast SEO plugin v28.3 - https:\/\/yoast.com\/product\/yoast-seo-wordpress\/ -->\n<title>5 choses que vous ignoriez sur Dal\u00ed - Dosde<\/title>\n<meta name=\"robots\" content=\"noindex, follow, max-snippet:-1, max-image-preview:large, max-video-preview:-1\" \/>\n<meta property=\"og:locale\" content=\"fr_FR\" \/>\n<meta property=\"og:type\" content=\"article\" \/>\n<meta property=\"og:title\" content=\"5 choses que vous ignoriez sur Dal\u00ed - Dosde\" \/>\n<meta property=\"og:description\" content=\"&nbsp; Admir\u00e9 pour son imagination d\u00e9bordante, Salvador Dal\u00ed devint une ic\u00f4ne de l\u2019art moderne gr\u00e2ce \u00e0 son immense capacit\u00e9 cr\u00e9ative et au magn\u00e9tisme de son personnage public. &nbsp; Dans cet article, nous vous d\u00e9voilons cinq curiosit\u00e9s \u00e0 propos de Salvador Dal\u00ed, consid\u00e9r\u00e9 comme l\u2019un des cr\u00e9ateurs les plus versatiles du XXe si\u00e8cle. &nbsp; &nbsp; 1. ... Lire la suite\" \/>\n<meta property=\"og:url\" content=\"https:\/\/pre.dosde.com\/fr\/5-choses-que-vous-ignoriez-sur-dali\/\" \/>\n<meta property=\"og:site_name\" content=\"Dosde\" \/>\n<meta property=\"article:published_time\" content=\"2018-01-30T09:48:00+00:00\" \/>\n<meta property=\"article:modified_time\" content=\"2026-08-11T08:01:05+00:00\" \/>\n<meta property=\"og:image\" content=\"https:\/\/qa-dosde.qamoon.es\/wp-content\/uploads\/2017\/02\/couverture-salvador-dali-les-oeuvres-de-sa-vie-livre-francais-art-dosde-publishing_978-84-9103-034-8_45-002-02_B17.jpg\" \/>\n<meta name=\"author\" content=\"seocom\" \/>\n<meta name=\"twitter:card\" content=\"summary_large_image\" \/>\n<meta name=\"twitter:label1\" content=\"\u00c9crit par\" \/>\n\t<meta name=\"twitter:data1\" content=\"seocom\" \/>\n\t<meta name=\"twitter:label2\" content=\"Dur\u00e9e de lecture estim\u00e9e\" \/>\n\t<meta name=\"twitter:data2\" content=\"3 minutes\" \/>\n<script type=\"application\/ld+json\" class=\"yoast-schema-graph\">{\"@context\":\"https:\\\/\\\/schema.org\",\"@graph\":[{\"@type\":\"Article\",\"@id\":\"https:\\\/\\\/pre.dosde.com\\\/fr\\\/5-choses-que-vous-ignoriez-sur-dali\\\/#article\",\"isPartOf\":{\"@id\":\"https:\\\/\\\/pre.dosde.com\\\/fr\\\/5-choses-que-vous-ignoriez-sur-dali\\\/\"},\"author\":{\"name\":\"seocom\",\"@id\":\"https:\\\/\\\/pre.dosde.com\\\/fr\\\/#\\\/schema\\\/person\\\/9d33726ab714fecb297e38b515472088\"},\"headline\":\"5 choses que vous ignoriez sur Dal\u00ed\",\"datePublished\":\"2018-01-30T09:48:00+00:00\",\"dateModified\":\"2026-08-11T08:01:05+00:00\",\"mainEntityOfPage\":{\"@id\":\"https:\\\/\\\/pre.dosde.com\\\/fr\\\/5-choses-que-vous-ignoriez-sur-dali\\\/\"},\"wordCount\":668,\"commentCount\":0,\"publisher\":{\"@id\":\"https:\\\/\\\/pre.dosde.com\\\/fr\\\/#organization\"},\"image\":{\"@id\":\"https:\\\/\\\/pre.dosde.com\\\/fr\\\/5-choses-que-vous-ignoriez-sur-dali\\\/#primaryimage\"},\"thumbnailUrl\":\"https:\\\/\\\/qa-dosde.qamoon.es\\\/wp-content\\\/uploads\\\/2017\\\/02\\\/couverture-salvador-dali-les-oeuvres-de-sa-vie-livre-francais-art-dosde-publishing_978-84-9103-034-8_45-002-02_B17.jpg\",\"articleSection\":[\"Dal\u00ed\"],\"inLanguage\":\"fr-FR\",\"potentialAction\":[{\"@type\":\"CommentAction\",\"name\":\"Comment\",\"target\":[\"https:\\\/\\\/pre.dosde.com\\\/fr\\\/5-choses-que-vous-ignoriez-sur-dali\\\/#respond\"]}]},{\"@type\":\"WebPage\",\"@id\":\"https:\\\/\\\/pre.dosde.com\\\/fr\\\/5-choses-que-vous-ignoriez-sur-dali\\\/\",\"url\":\"https:\\\/\\\/pre.dosde.com\\\/fr\\\/5-choses-que-vous-ignoriez-sur-dali\\\/\",\"name\":\"5 choses que vous ignoriez sur Dal\u00ed - Dosde\",\"isPartOf\":{\"@id\":\"https:\\\/\\\/pre.dosde.com\\\/fr\\\/#website\"},\"primaryImageOfPage\":{\"@id\":\"https:\\\/\\\/pre.dosde.com\\\/fr\\\/5-choses-que-vous-ignoriez-sur-dali\\\/#primaryimage\"},\"image\":{\"@id\":\"https:\\\/\\\/pre.dosde.com\\\/fr\\\/5-choses-que-vous-ignoriez-sur-dali\\\/#primaryimage\"},\"thumbnailUrl\":\"https:\\\/\\\/qa-dosde.qamoon.es\\\/wp-content\\\/uploads\\\/2017\\\/02\\\/couverture-salvador-dali-les-oeuvres-de-sa-vie-livre-francais-art-dosde-publishing_978-84-9103-034-8_45-002-02_B17.jpg\",\"datePublished\":\"2018-01-30T09:48:00+00:00\",\"dateModified\":\"2026-08-11T08:01:05+00:00\",\"breadcrumb\":{\"@id\":\"https:\\\/\\\/pre.dosde.com\\\/fr\\\/5-choses-que-vous-ignoriez-sur-dali\\\/#breadcrumb\"},\"inLanguage\":\"fr-FR\",\"potentialAction\":[{\"@type\":\"ReadAction\",\"target\":[\"https:\\\/\\\/pre.dosde.com\\\/fr\\\/5-choses-que-vous-ignoriez-sur-dali\\\/\"]}]},{\"@type\":\"ImageObject\",\"inLanguage\":\"fr-FR\",\"@id\":\"https:\\\/\\\/pre.dosde.com\\\/fr\\\/5-choses-que-vous-ignoriez-sur-dali\\\/#primaryimage\",\"url\":\"https:\\\/\\\/qa-dosde.qamoon.es\\\/wp-content\\\/uploads\\\/2017\\\/02\\\/couverture-salvador-dali-les-oeuvres-de-sa-vie-livre-francais-art-dosde-publishing_978-84-9103-034-8_45-002-02_B17.jpg\",\"contentUrl\":\"https:\\\/\\\/qa-dosde.qamoon.es\\\/wp-content\\\/uploads\\\/2017\\\/02\\\/couverture-salvador-dali-les-oeuvres-de-sa-vie-livre-francais-art-dosde-publishing_978-84-9103-034-8_45-002-02_B17.jpg\"},{\"@type\":\"BreadcrumbList\",\"@id\":\"https:\\\/\\\/pre.dosde.com\\\/fr\\\/5-choses-que-vous-ignoriez-sur-dali\\\/#breadcrumb\",\"itemListElement\":[{\"@type\":\"ListItem\",\"position\":1,\"name\":\"Home\",\"item\":\"https:\\\/\\\/pre.dosde.com\\\/fr\\\/\"},{\"@type\":\"ListItem\",\"position\":2,\"name\":\"5 choses que vous ignoriez sur Dal\u00ed\"}]},{\"@type\":\"WebSite\",\"@id\":\"https:\\\/\\\/pre.dosde.com\\\/fr\\\/#website\",\"url\":\"https:\\\/\\\/pre.dosde.com\\\/fr\\\/\",\"name\":\"Dosde\",\"description\":\"\",\"publisher\":{\"@id\":\"https:\\\/\\\/pre.dosde.com\\\/fr\\\/#organization\"},\"potentialAction\":[{\"@type\":\"SearchAction\",\"target\":{\"@type\":\"EntryPoint\",\"urlTemplate\":\"https:\\\/\\\/pre.dosde.com\\\/fr\\\/?s={search_term_string}\"},\"query-input\":{\"@type\":\"PropertyValueSpecification\",\"valueRequired\":true,\"valueName\":\"search_term_string\"}}],\"inLanguage\":\"fr-FR\"},{\"@type\":\"Organization\",\"@id\":\"https:\\\/\\\/pre.dosde.com\\\/fr\\\/#organization\",\"name\":\"Dosde\",\"url\":\"https:\\\/\\\/pre.dosde.com\\\/fr\\\/\",\"logo\":{\"@type\":\"ImageObject\",\"inLanguage\":\"fr-FR\",\"@id\":\"https:\\\/\\\/pre.dosde.com\\\/fr\\\/#\\\/schema\\\/logo\\\/image\\\/\",\"url\":\"https:\\\/\\\/pre.dosde.com\\\/wp-content\\\/uploads\\\/2026\\\/06\\\/Logo.webp\",\"contentUrl\":\"https:\\\/\\\/pre.dosde.com\\\/wp-content\\\/uploads\\\/2026\\\/06\\\/Logo.webp\",\"width\":248,\"height\":80,\"caption\":\"Dosde\"},\"image\":{\"@id\":\"https:\\\/\\\/pre.dosde.com\\\/fr\\\/#\\\/schema\\\/logo\\\/image\\\/\"}},{\"@type\":\"Person\",\"@id\":\"https:\\\/\\\/pre.dosde.com\\\/fr\\\/#\\\/schema\\\/person\\\/9d33726ab714fecb297e38b515472088\",\"name\":\"seocom\",\"image\":{\"@type\":\"ImageObject\",\"inLanguage\":\"fr-FR\",\"@id\":\"https:\\\/\\\/secure.gravatar.com\\\/avatar\\\/741433ce07ba5c431e994c0ec0272d414a5d1a9dafeb02666111e6f2eb1c0ed2?s=96&d=mm&r=g\",\"url\":\"https:\\\/\\\/secure.gravatar.com\\\/avatar\\\/741433ce07ba5c431e994c0ec0272d414a5d1a9dafeb02666111e6f2eb1c0ed2?s=96&d=mm&r=g\",\"contentUrl\":\"https:\\\/\\\/secure.gravatar.com\\\/avatar\\\/741433ce07ba5c431e994c0ec0272d414a5d1a9dafeb02666111e6f2eb1c0ed2?s=96&d=mm&r=g\",\"caption\":\"seocom\"},\"sameAs\":[\"http:\\\/\\\/qa-dosde.qamoon.es\"],\"url\":\"https:\\\/\\\/pre.dosde.com\\\/fr\\\/author\\\/seocom\\\/\"}]}<\/script>\n<!-- \/ Yoast SEO plugin. -->","yoast_head_json":{"title":"5 choses que vous ignoriez sur Dal\u00ed - Dosde","robots":{"index":"noindex","follow":"follow","max-snippet":"max-snippet:-1","max-image-preview":"max-image-preview:large","max-video-preview":"max-video-preview:-1"},"og_locale":"fr_FR","og_type":"article","og_title":"5 choses que vous ignoriez sur Dal\u00ed - Dosde","og_description":"&nbsp; Admir\u00e9 pour son imagination d\u00e9bordante, Salvador Dal\u00ed devint une ic\u00f4ne de l\u2019art moderne gr\u00e2ce \u00e0 son immense capacit\u00e9 cr\u00e9ative et au magn\u00e9tisme de son personnage public. &nbsp; Dans cet article, nous vous d\u00e9voilons cinq curiosit\u00e9s \u00e0 propos de Salvador Dal\u00ed, consid\u00e9r\u00e9 comme l\u2019un des cr\u00e9ateurs les plus versatiles du XXe si\u00e8cle. &nbsp; &nbsp; 1. ... Lire la suite","og_url":"https:\/\/pre.dosde.com\/fr\/5-choses-que-vous-ignoriez-sur-dali\/","og_site_name":"Dosde","article_published_time":"2018-01-30T09:48:00+00:00","article_modified_time":"2026-08-11T08:01:05+00:00","og_image":[{"url":"https:\/\/qa-dosde.qamoon.es\/wp-content\/uploads\/2017\/02\/couverture-salvador-dali-les-oeuvres-de-sa-vie-livre-francais-art-dosde-publishing_978-84-9103-034-8_45-002-02_B17.jpg","type":"","width":"","height":""}],"author":"seocom","twitter_card":"summary_large_image","twitter_misc":{"\u00c9crit par":"seocom","Dur\u00e9e de lecture estim\u00e9e":"3 minutes"},"schema":{"@context":"https:\/\/schema.org","@graph":[{"@type":"Article","@id":"https:\/\/pre.dosde.com\/fr\/5-choses-que-vous-ignoriez-sur-dali\/#article","isPartOf":{"@id":"https:\/\/pre.dosde.com\/fr\/5-choses-que-vous-ignoriez-sur-dali\/"},"author":{"name":"seocom","@id":"https:\/\/pre.dosde.com\/fr\/#\/schema\/person\/9d33726ab714fecb297e38b515472088"},"headline":"5 choses que vous ignoriez sur Dal\u00ed","datePublished":"2018-01-30T09:48:00+00:00","dateModified":"2026-08-11T08:01:05+00:00","mainEntityOfPage":{"@id":"https:\/\/pre.dosde.com\/fr\/5-choses-que-vous-ignoriez-sur-dali\/"},"wordCount":668,"commentCount":0,"publisher":{"@id":"https:\/\/pre.dosde.com\/fr\/#organization"},"image":{"@id":"https:\/\/pre.dosde.com\/fr\/5-choses-que-vous-ignoriez-sur-dali\/#primaryimage"},"thumbnailUrl":"https:\/\/qa-dosde.qamoon.es\/wp-content\/uploads\/2017\/02\/couverture-salvador-dali-les-oeuvres-de-sa-vie-livre-francais-art-dosde-publishing_978-84-9103-034-8_45-002-02_B17.jpg","articleSection":["Dal\u00ed"],"inLanguage":"fr-FR","potentialAction":[{"@type":"CommentAction","name":"Comment","target":["https:\/\/pre.dosde.com\/fr\/5-choses-que-vous-ignoriez-sur-dali\/#respond"]}]},{"@type":"WebPage","@id":"https:\/\/pre.dosde.com\/fr\/5-choses-que-vous-ignoriez-sur-dali\/","url":"https:\/\/pre.dosde.com\/fr\/5-choses-que-vous-ignoriez-sur-dali\/","name":"5 choses que vous ignoriez sur Dal\u00ed - Dosde","isPartOf":{"@id":"https:\/\/pre.dosde.com\/fr\/#website"},"primaryImageOfPage":{"@id":"https:\/\/pre.dosde.com\/fr\/5-choses-que-vous-ignoriez-sur-dali\/#primaryimage"},"image":{"@id":"https:\/\/pre.dosde.com\/fr\/5-choses-que-vous-ignoriez-sur-dali\/#primaryimage"},"thumbnailUrl":"https:\/\/qa-dosde.qamoon.es\/wp-content\/uploads\/2017\/02\/couverture-salvador-dali-les-oeuvres-de-sa-vie-livre-francais-art-dosde-publishing_978-84-9103-034-8_45-002-02_B17.jpg","datePublished":"2018-01-30T09:48:00+00:00","dateModified":"2026-08-11T08:01:05+00:00","breadcrumb":{"@id":"https:\/\/pre.dosde.com\/fr\/5-choses-que-vous-ignoriez-sur-dali\/#breadcrumb"},"inLanguage":"fr-FR","potentialAction":[{"@type":"ReadAction","target":["https:\/\/pre.dosde.com\/fr\/5-choses-que-vous-ignoriez-sur-dali\/"]}]},{"@type":"ImageObject","inLanguage":"fr-FR","@id":"https:\/\/pre.dosde.com\/fr\/5-choses-que-vous-ignoriez-sur-dali\/#primaryimage","url":"https:\/\/qa-dosde.qamoon.es\/wp-content\/uploads\/2017\/02\/couverture-salvador-dali-les-oeuvres-de-sa-vie-livre-francais-art-dosde-publishing_978-84-9103-034-8_45-002-02_B17.jpg","contentUrl":"https:\/\/qa-dosde.qamoon.es\/wp-content\/uploads\/2017\/02\/couverture-salvador-dali-les-oeuvres-de-sa-vie-livre-francais-art-dosde-publishing_978-84-9103-034-8_45-002-02_B17.jpg"},{"@type":"BreadcrumbList","@id":"https:\/\/pre.dosde.com\/fr\/5-choses-que-vous-ignoriez-sur-dali\/#breadcrumb","itemListElement":[{"@type":"ListItem","position":1,"name":"Home","item":"https:\/\/pre.dosde.com\/fr\/"},{"@type":"ListItem","position":2,"name":"5 choses que vous ignoriez sur Dal\u00ed"}]},{"@type":"WebSite","@id":"https:\/\/pre.dosde.com\/fr\/#website","url":"https:\/\/pre.dosde.com\/fr\/","name":"Dosde","description":"","publisher":{"@id":"https:\/\/pre.dosde.com\/fr\/#organization"},"potentialAction":[{"@type":"SearchAction","target":{"@type":"EntryPoint","urlTemplate":"https:\/\/pre.dosde.com\/fr\/?s={search_term_string}"},"query-input":{"@type":"PropertyValueSpecification","valueRequired":true,"valueName":"search_term_string"}}],"inLanguage":"fr-FR"},{"@type":"Organization","@id":"https:\/\/pre.dosde.com\/fr\/#organization","name":"Dosde","url":"https:\/\/pre.dosde.com\/fr\/","logo":{"@type":"ImageObject","inLanguage":"fr-FR","@id":"https:\/\/pre.dosde.com\/fr\/#\/schema\/logo\/image\/","url":"https:\/\/pre.dosde.com\/wp-content\/uploads\/2026\/06\/Logo.webp","contentUrl":"https:\/\/pre.dosde.com\/wp-content\/uploads\/2026\/06\/Logo.webp","width":248,"height":80,"caption":"Dosde"},"image":{"@id":"https:\/\/pre.dosde.com\/fr\/#\/schema\/logo\/image\/"}},{"@type":"Person","@id":"https:\/\/pre.dosde.com\/fr\/#\/schema\/person\/9d33726ab714fecb297e38b515472088","name":"seocom","image":{"@type":"ImageObject","inLanguage":"fr-FR","@id":"https:\/\/secure.gravatar.com\/avatar\/741433ce07ba5c431e994c0ec0272d414a5d1a9dafeb02666111e6f2eb1c0ed2?s=96&d=mm&r=g","url":"https:\/\/secure.gravatar.com\/avatar\/741433ce07ba5c431e994c0ec0272d414a5d1a9dafeb02666111e6f2eb1c0ed2?s=96&d=mm&r=g","contentUrl":"https:\/\/secure.gravatar.com\/avatar\/741433ce07ba5c431e994c0ec0272d414a5d1a9dafeb02666111e6f2eb1c0ed2?s=96&d=mm&r=g","caption":"seocom"},"sameAs":["http:\/\/qa-dosde.qamoon.es"],"url":"https:\/\/pre.dosde.com\/fr\/author\/seocom\/"}]}},"_links":{"self":[{"href":"https:\/\/pre.dosde.com\/fr\/wp-json\/wp\/v2\/posts\/2220","targetHints":{"allow":["GET"]}}],"collection":[{"href":"https:\/\/pre.dosde.com\/fr\/wp-json\/wp\/v2\/posts"}],"about":[{"href":"https:\/\/pre.dosde.com\/fr\/wp-json\/wp\/v2\/types\/post"}],"author":[{"embeddable":true,"href":"https:\/\/pre.dosde.com\/fr\/wp-json\/wp\/v2\/users\/1"}],"replies":[{"embeddable":true,"href":"https:\/\/pre.dosde.com\/fr\/wp-json\/wp\/v2\/comments?post=2220"}],"version-history":[{"count":1,"href":"https:\/\/pre.dosde.com\/fr\/wp-json\/wp\/v2\/posts\/2220\/revisions"}],"predecessor-version":[{"id":3671,"href":"https:\/\/pre.dosde.com\/fr\/wp-json\/wp\/v2\/posts\/2220\/revisions\/3671"}],"wp:attachment":[{"href":"https:\/\/pre.dosde.com\/fr\/wp-json\/wp\/v2\/media?parent=2220"}],"wp:term":[{"taxonomy":"category","embeddable":true,"href":"https:\/\/pre.dosde.com\/fr\/wp-json\/wp\/v2\/categories?post=2220"},{"taxonomy":"post_tag","embeddable":true,"href":"https:\/\/pre.dosde.com\/fr\/wp-json\/wp\/v2\/tags?post=2220"}],"curies":[{"name":"wp","href":"https:\/\/api.w.org\/{rel}","templated":true}]}}