{"id":327,"date":"2017-02-20T11:09:34","date_gmt":"2017-02-20T11:09:34","guid":{"rendered":"https:\/\/www.dosde.com\/blog\/?p=327\/"},"modified":"2026-08-11T08:02:51","modified_gmt":"2026-08-11T08:02:51","slug":"jardins-artigas","status":"publish","type":"post","link":"https:\/\/pre.dosde.com\/fr\/jardins-artigas\/","title":{"rendered":"Jardins Artigas"},"content":{"rendered":"<h2>Histoire des jardins Artigas<\/h2>\n<p><a href=\"https:\/\/qa-dosde.qamoon.es\/wp-content\/uploads\/2017\/03\/camino-jardines-artigas-gaudi-pobla-lillet-dosde-publishing.jpg\"><img loading=\"lazy\" decoding=\"async\" class=\"alignnone wp-image-1017 size-full\" src=\"https:\/\/qa-dosde.qamoon.es\/wp-content\/uploads\/2017\/03\/camino-jardines-artigas-gaudi-pobla-lillet-dosde-publishing.jpg\" alt=\"sculptures dans les jardins d'Artigas antoni gaudi\" width=\"900\" height=\"600\" \/><\/a><\/p>\n<p>&nbsp;<\/p>\n<p>Durant les premi\u00e8res ann\u00e9es du XXe si\u00e8cle, <strong>Gaud\u00ed voyagea \u00e0 plusieurs reprises \u00e0 la Pobla de Lillet<\/strong>, localit\u00e9 situ\u00e9e dans les pr\u00e9-Pyr\u00e9n\u00e9es catalanes, pour superviser les travaux du chalet-refuge du Catllar\u00e0s. Ce projet \u00e9tait destin\u00e9 \u00e0 loger les techniciens qui travaillaient dans la cimenterie voisine du Clot del Moro, propri\u00e9t\u00e9 d\u2019Eusebi G\u00fcell. Un industriel de la r\u00e9gion, Joan Artigas Alart, ami du m\u00e9c\u00e8ne, avait \u00e9t\u00e9 fascin\u00e9 par le\u00a0<a href=\"https:\/\/www.dosde.com\/fr\/livres\/park-guell.html\">Park G\u00fcell<\/a> de Barcelone, encore en travaux \u00e0 l\u2019\u00e9poque.<\/p>\n<p>&nbsp;<\/p>\n<p>En 1902, lors d\u2019une des visites de Gaud\u00ed \u00e0 la Pobla de Lillet, <strong>Artigas voulut rencontrer l\u2019architecte afin de lui demander conseil pour am\u00e9nager les terrains<\/strong> situ\u00e9s derri\u00e8re l\u2019usine de sa propri\u00e9t\u00e9, sur les rives de la rivi\u00e8re Llobregat qui prend sa source six kilom\u00e8tres en amont et traverse le site tel un torrent vigoureux entre les roches et la dense v\u00e9g\u00e9tation. Gaud\u00ed accepta la proposition et profita de sa prochaine visite \u00e0 la Pobla de Lillet, h\u00e9berg\u00e9 alors dans la r\u00e9sidence d\u2019Artigas, pour se rendre sur le site.<\/p>\n<p>&nbsp;<\/p>\n<p>De retour \u00e0 Barcelone, <strong>l\u2019architecte s\u2019inspira des id\u00e9es qu\u2019il appliquait au Park G\u00fcell<\/strong> pour faire l\u2019\u00e9bauche des futurs jardins Artigas, qu\u2019il fit envoyer \u00e0 l\u2019entrepreneur de La Pobla de Lillet. Gaud\u00ed envoya \u00e9galement deux ma\u00e7ons qui travaillaient dans le parc de Barcelone pour d\u00e9marrer les travaux et former pendant quelques mois les ouvriers locaux, charg\u00e9s de prendre la rel\u00e8ve apr\u00e8s le d\u00e9part des Barcelonais. Artigas d\u00e9c\u00e9da en 1903, peu de temps apr\u00e8s le d\u00e9but des travaux des jardins Artigas, qui ne s\u2019achev\u00e8rent qu\u2019en 1910.<\/p>\n<p>&nbsp;<\/p>\n<p>La mort de son h\u00e9ritier en 1934, l\u2019incendie de l\u2019usine en 1939 et le d\u00e9m\u00e9nagement de la Famille Artigas \u00e0 Barcelone dans les ann\u00e9es 1950, marqu\u00e8rent d\u00e9finitivement l\u2019abandon de cette version du Park G\u00fcell qui ne serait r\u00e9nov\u00e9e qu\u2019\u00e0 partir de 1992.<\/p>\n<p>&nbsp;<\/p>\n<p><a href=\"https:\/\/www.dosde.com\/fr\/livres\/antoni-gaudi.html\"><img decoding=\"async\" class=\"aligncenter size-full wp-image-3641\" src=\"https:\/\/qa-dosde.qamoon.es\/wp-content\/uploads\/2017\/02\/Boton-descubrir-mas-FR.png\" alt=\"\" \/><\/a><\/p>\n<h2>Hommage \u00e0 l\u2019eau<\/h2>\n<p><a href=\"https:\/\/qa-dosde.qamoon.es\/wp-content\/uploads\/2017\/02\/puente-jardines-artigas-gaudi-pobla-lillet-dosde-publishing.jpg\"><img loading=\"lazy\" decoding=\"async\" class=\"alignnone wp-image-1015 size-full\" src=\"https:\/\/qa-dosde.qamoon.es\/wp-content\/uploads\/2017\/02\/puente-jardines-artigas-gaudi-pobla-lillet-dosde-publishing.jpg\" alt=\"pont jardins d'Artigas d'Antoni Gaud\u00ed\" width=\"900\" height=\"600\" \/><\/a><\/p>\n<p>&nbsp;<\/p>\n<p>\u00c0 la diff\u00e9rence du Park G\u00fcell, jardin sec o\u00f9 l\u2019eau est canalis\u00e9e, <strong>les jardins Artigas rendent hommage \u00e0 la rivi\u00e8re<\/strong> et aux multiples sources qui y affluent. Antoni Gaud\u00ed concentra presque toute son attention sur les sources et les points d\u2019eau qui permettraient d\u2019assister de pr\u00e8s au spectacle de l\u2019eau s\u2019\u00e9coulant avec force en aval.<\/p>\n<p>&nbsp;<\/p>\n<p>Il n\u2019est donc pas \u00e9tonnant que <strong>l\u2019architecte ait install\u00e9 tout le long du parcours des jardins Artigas de nombreuses balustrades<\/strong> qui suivent le cours d\u2019eau, une gloriette-mirador en tronc cylindrique avec une toiture conique et deux ponts : l\u2019un con\u00e7u \u00e0 partir d\u2019un arc bris\u00e9 original afin de combler la grande d\u00e9nivel\u00e9e entre les deux rives, et l\u2019autre, en aval, tr\u00e8s \u00e9vocateur, orn\u00e9 d\u2019un ensemble d\u2019arcs en plein cintre rev\u00eatus de pierres non d\u00e9grossies plac\u00e9es aussi bien de fa\u00e7on parall\u00e8le que transversale, en guise de pergola.<\/p>\n<p>&nbsp;<\/p>\n<h2>Sobri\u00e9t\u00e9 chromatique des jardins Artigas<\/h2>\n<p>[metaslider id=1292]<\/p>\n<p>En contraste avec le trencadis color\u00e9 pr\u00e9sent dans bon nombre de ses \u0153uvres, Gaud\u00ed respecta dans les jardins Artigas la sobri\u00e9t\u00e9 chromatique de la vall\u00e9e et la pr\u00e9dominance du vert de la v\u00e9g\u00e9tation p\u00e9renne en utilisant la pierre du site. Il associa les pierres les plus polies de la rivi\u00e8re \u00e0 celles plus rugueuses des alentours.<\/p>\n<p>&nbsp;<\/p>\n<p>M\u00eame lorsqu\u2019il utilisait du ciment de la carri\u00e8re voisine du Clot del Moro pour construire les rambardes des chemins et les balustrades, il imitait les formes organiques des troncs des pins. <strong>En pierre \u00e9galement sont les images des quatre \u00e9vang\u00e9listes dont l\u2019iconographie<\/strong> \u2013le taureau (Luc), l\u2019aigle (Jean), le lion (Marc) et l\u2019homme (Matthieu), sculpture ayant disparu apr\u00e8s la guerre civile\u2013 forme une croix imaginaire sur le terrain, dans l\u2019une des repr\u00e9sentations symboliques tant appr\u00e9ci\u00e9es de l\u2019artiste.<\/p>\n<p>&nbsp;<\/p>\n<h2>Le livre visuel le plus complet sur l\u2019\u0153uvre de Gaud\u00ed<\/h2>\n<p>Antoni Gaud\u00ed est consid\u00e9r\u00e9 comme l&rsquo;un des architectes les plus influents de tous les temps. Les \u0153uvres de Gaud\u00ed se caract\u00e9risent par une identit\u00e9 propre.<\/p>\n<p>&nbsp;<\/p>\n<p><strong>Le livre \u201c<a href=\"https:\/\/www.dosde.com\/fr\/gaudi-ensemble-oeuvres-architecte-visuelle.html\">L\u2019ensemble des \u0153uvres d\u2019Antoni Gaudi<\/a>\u201d <\/strong>aborde tous les projets que l\u2019architecte a r\u00e9alis\u00e9s tout au long de sa vie et les explique de fa\u00e7on tr\u00e8s d\u00e9taill\u00e9e. \u00c9dit\u00e9 par <a href=\"https:\/\/www.dosde.com\/fr\/\">Dosde<\/a>, le livre rassemble plus de 750\u00a0photos, illustrations\u00a03D et informations pr\u00e9cises.\u00a0Indispensable pour tout savoir sur Gaud\u00ed.<\/p>\n<p><a href=\"https:\/\/www.dosde.com\/fr\/gaudi-ensemble-oeuvres-architecte-visuelle.html\"><img loading=\"lazy\" decoding=\"async\" class=\"alignnone wp-image-1845 size-full\" src=\"https:\/\/qa-dosde.qamoon.es\/wp-content\/uploads\/2017\/02\/couverture-antoni-gaudi-livre-francais-dosde-publishing_978-84-96783-86-7_20-011-02_B14.jpg\" alt=\"livre oeuvre complete d'antoni gaudi dosde publishing\" width=\"700\" height=\"388\" \/><\/a><\/p>\n","protected":false},"excerpt":{"rendered":"Histoire des jardins Artigas &nbsp; Durant les premi\u00e8res ann\u00e9es du XXe si\u00e8cle, Gaud\u00ed voyagea \u00e0 plusieurs reprises \u00e0 la Pobla de Lillet, localit\u00e9 situ\u00e9e dans les pr\u00e9-Pyr\u00e9n\u00e9es catalanes, pour superviser les travaux du chalet-refuge du Catllar\u00e0s. Ce projet \u00e9tait destin\u00e9 \u00e0 loger les techniciens qui travaillaient dans la cimenterie voisine du Clot del Moro, propri\u00e9t\u00e9 &#8230; <a title=\"Jardins Artigas\" class=\"read-more\" href=\"https:\/\/pre.dosde.com\/fr\/jardins-artigas\/\" aria-label=\"En savoir plus sur Jardins Artigas\">Lire la suite<\/a>","protected":false},"author":1,"featured_media":911,"comment_status":"open","ping_status":"open","sticky":false,"template":"","format":"standard","meta":{"_acf_changed":false,"footnotes":""},"categories":[53],"tags":[],"class_list":["post-327","post","type-post","status-publish","format-standard","has-post-thumbnail","hentry","category-barcelone"],"acf":[],"yoast_head":"<!-- This site is optimized with the Yoast SEO plugin v28.3 - https:\/\/yoast.com\/product\/yoast-seo-wordpress\/ -->\n<title>Jardins Artigas - Dosde<\/title>\n<meta name=\"robots\" content=\"noindex, follow, max-snippet:-1, max-image-preview:large, max-video-preview:-1\" \/>\n<meta property=\"og:locale\" content=\"fr_FR\" \/>\n<meta property=\"og:type\" content=\"article\" \/>\n<meta property=\"og:title\" content=\"Jardins Artigas - Dosde\" \/>\n<meta property=\"og:description\" content=\"Histoire des jardins Artigas &nbsp; Durant les premi\u00e8res ann\u00e9es du XXe si\u00e8cle, Gaud\u00ed voyagea \u00e0 plusieurs reprises \u00e0 la Pobla de Lillet, localit\u00e9 situ\u00e9e dans les pr\u00e9-Pyr\u00e9n\u00e9es catalanes, pour superviser les travaux du chalet-refuge du Catllar\u00e0s. Ce projet \u00e9tait destin\u00e9 \u00e0 loger les techniciens qui travaillaient dans la cimenterie voisine du Clot del Moro, propri\u00e9t\u00e9 ... Lire la suite\" \/>\n<meta property=\"og:url\" content=\"https:\/\/pre.dosde.com\/fr\/jardins-artigas\/\" \/>\n<meta property=\"og:site_name\" content=\"Dosde\" \/>\n<meta property=\"article:published_time\" content=\"2017-02-20T11:09:34+00:00\" \/>\n<meta property=\"article:modified_time\" content=\"2026-08-11T08:02:51+00:00\" \/>\n<meta name=\"author\" content=\"seocom\" \/>\n<meta name=\"twitter:card\" content=\"summary_large_image\" \/>\n<meta name=\"twitter:label1\" content=\"\u00c9crit par\" \/>\n\t<meta name=\"twitter:data1\" content=\"seocom\" \/>\n\t<meta name=\"twitter:label2\" content=\"Dur\u00e9e de lecture estim\u00e9e\" \/>\n\t<meta name=\"twitter:data2\" content=\"4 minutes\" \/>\n<script type=\"application\/ld+json\" class=\"yoast-schema-graph\">{\"@context\":\"https:\\\/\\\/schema.org\",\"@graph\":[{\"@type\":\"Article\",\"@id\":\"https:\\\/\\\/pre.dosde.com\\\/fr\\\/jardins-artigas\\\/#article\",\"isPartOf\":{\"@id\":\"https:\\\/\\\/pre.dosde.com\\\/fr\\\/jardins-artigas\\\/\"},\"author\":{\"name\":\"seocom\",\"@id\":\"https:\\\/\\\/pre.dosde.com\\\/fr\\\/#\\\/schema\\\/person\\\/9d33726ab714fecb297e38b515472088\"},\"headline\":\"Jardins Artigas\",\"datePublished\":\"2017-02-20T11:09:34+00:00\",\"dateModified\":\"2026-08-11T08:02:51+00:00\",\"mainEntityOfPage\":{\"@id\":\"https:\\\/\\\/pre.dosde.com\\\/fr\\\/jardins-artigas\\\/\"},\"wordCount\":780,\"commentCount\":0,\"publisher\":{\"@id\":\"https:\\\/\\\/pre.dosde.com\\\/fr\\\/#organization\"},\"image\":{\"@id\":\"https:\\\/\\\/pre.dosde.com\\\/fr\\\/jardins-artigas\\\/#primaryimage\"},\"thumbnailUrl\":\"\",\"articleSection\":[\"Barcelone\"],\"inLanguage\":\"fr-FR\",\"potentialAction\":[{\"@type\":\"CommentAction\",\"name\":\"Comment\",\"target\":[\"https:\\\/\\\/pre.dosde.com\\\/fr\\\/jardins-artigas\\\/#respond\"]}]},{\"@type\":\"WebPage\",\"@id\":\"https:\\\/\\\/pre.dosde.com\\\/fr\\\/jardins-artigas\\\/\",\"url\":\"https:\\\/\\\/pre.dosde.com\\\/fr\\\/jardins-artigas\\\/\",\"name\":\"Jardins Artigas - Dosde\",\"isPartOf\":{\"@id\":\"https:\\\/\\\/pre.dosde.com\\\/fr\\\/#website\"},\"primaryImageOfPage\":{\"@id\":\"https:\\\/\\\/pre.dosde.com\\\/fr\\\/jardins-artigas\\\/#primaryimage\"},\"image\":{\"@id\":\"https:\\\/\\\/pre.dosde.com\\\/fr\\\/jardins-artigas\\\/#primaryimage\"},\"thumbnailUrl\":\"\",\"datePublished\":\"2017-02-20T11:09:34+00:00\",\"dateModified\":\"2026-08-11T08:02:51+00:00\",\"breadcrumb\":{\"@id\":\"https:\\\/\\\/pre.dosde.com\\\/fr\\\/jardins-artigas\\\/#breadcrumb\"},\"inLanguage\":\"fr-FR\",\"potentialAction\":[{\"@type\":\"ReadAction\",\"target\":[\"https:\\\/\\\/pre.dosde.com\\\/fr\\\/jardins-artigas\\\/\"]}]},{\"@type\":\"ImageObject\",\"inLanguage\":\"fr-FR\",\"@id\":\"https:\\\/\\\/pre.dosde.com\\\/fr\\\/jardins-artigas\\\/#primaryimage\",\"url\":\"\",\"contentUrl\":\"\"},{\"@type\":\"BreadcrumbList\",\"@id\":\"https:\\\/\\\/pre.dosde.com\\\/fr\\\/jardins-artigas\\\/#breadcrumb\",\"itemListElement\":[{\"@type\":\"ListItem\",\"position\":1,\"name\":\"Home\",\"item\":\"https:\\\/\\\/pre.dosde.com\\\/fr\\\/\"},{\"@type\":\"ListItem\",\"position\":2,\"name\":\"Jardins Artigas\"}]},{\"@type\":\"WebSite\",\"@id\":\"https:\\\/\\\/pre.dosde.com\\\/fr\\\/#website\",\"url\":\"https:\\\/\\\/pre.dosde.com\\\/fr\\\/\",\"name\":\"Dosde\",\"description\":\"\",\"publisher\":{\"@id\":\"https:\\\/\\\/pre.dosde.com\\\/fr\\\/#organization\"},\"potentialAction\":[{\"@type\":\"SearchAction\",\"target\":{\"@type\":\"EntryPoint\",\"urlTemplate\":\"https:\\\/\\\/pre.dosde.com\\\/fr\\\/?s={search_term_string}\"},\"query-input\":{\"@type\":\"PropertyValueSpecification\",\"valueRequired\":true,\"valueName\":\"search_term_string\"}}],\"inLanguage\":\"fr-FR\"},{\"@type\":\"Organization\",\"@id\":\"https:\\\/\\\/pre.dosde.com\\\/fr\\\/#organization\",\"name\":\"Dosde\",\"url\":\"https:\\\/\\\/pre.dosde.com\\\/fr\\\/\",\"logo\":{\"@type\":\"ImageObject\",\"inLanguage\":\"fr-FR\",\"@id\":\"https:\\\/\\\/pre.dosde.com\\\/fr\\\/#\\\/schema\\\/logo\\\/image\\\/\",\"url\":\"https:\\\/\\\/pre.dosde.com\\\/wp-content\\\/uploads\\\/2026\\\/06\\\/Logo.webp\",\"contentUrl\":\"https:\\\/\\\/pre.dosde.com\\\/wp-content\\\/uploads\\\/2026\\\/06\\\/Logo.webp\",\"width\":248,\"height\":80,\"caption\":\"Dosde\"},\"image\":{\"@id\":\"https:\\\/\\\/pre.dosde.com\\\/fr\\\/#\\\/schema\\\/logo\\\/image\\\/\"}},{\"@type\":\"Person\",\"@id\":\"https:\\\/\\\/pre.dosde.com\\\/fr\\\/#\\\/schema\\\/person\\\/9d33726ab714fecb297e38b515472088\",\"name\":\"seocom\",\"image\":{\"@type\":\"ImageObject\",\"inLanguage\":\"fr-FR\",\"@id\":\"https:\\\/\\\/secure.gravatar.com\\\/avatar\\\/741433ce07ba5c431e994c0ec0272d414a5d1a9dafeb02666111e6f2eb1c0ed2?s=96&d=mm&r=g\",\"url\":\"https:\\\/\\\/secure.gravatar.com\\\/avatar\\\/741433ce07ba5c431e994c0ec0272d414a5d1a9dafeb02666111e6f2eb1c0ed2?s=96&d=mm&r=g\",\"contentUrl\":\"https:\\\/\\\/secure.gravatar.com\\\/avatar\\\/741433ce07ba5c431e994c0ec0272d414a5d1a9dafeb02666111e6f2eb1c0ed2?s=96&d=mm&r=g\",\"caption\":\"seocom\"},\"sameAs\":[\"http:\\\/\\\/qa-dosde.qamoon.es\"],\"url\":\"https:\\\/\\\/pre.dosde.com\\\/fr\\\/author\\\/seocom\\\/\"}]}<\/script>\n<!-- \/ Yoast SEO plugin. -->","yoast_head_json":{"title":"Jardins Artigas - Dosde","robots":{"index":"noindex","follow":"follow","max-snippet":"max-snippet:-1","max-image-preview":"max-image-preview:large","max-video-preview":"max-video-preview:-1"},"og_locale":"fr_FR","og_type":"article","og_title":"Jardins Artigas - Dosde","og_description":"Histoire des jardins Artigas &nbsp; Durant les premi\u00e8res ann\u00e9es du XXe si\u00e8cle, Gaud\u00ed voyagea \u00e0 plusieurs reprises \u00e0 la Pobla de Lillet, localit\u00e9 situ\u00e9e dans les pr\u00e9-Pyr\u00e9n\u00e9es catalanes, pour superviser les travaux du chalet-refuge du Catllar\u00e0s. Ce projet \u00e9tait destin\u00e9 \u00e0 loger les techniciens qui travaillaient dans la cimenterie voisine du Clot del Moro, propri\u00e9t\u00e9 ... Lire la suite","og_url":"https:\/\/pre.dosde.com\/fr\/jardins-artigas\/","og_site_name":"Dosde","article_published_time":"2017-02-20T11:09:34+00:00","article_modified_time":"2026-08-11T08:02:51+00:00","author":"seocom","twitter_card":"summary_large_image","twitter_misc":{"\u00c9crit par":"seocom","Dur\u00e9e de lecture estim\u00e9e":"4 minutes"},"schema":{"@context":"https:\/\/schema.org","@graph":[{"@type":"Article","@id":"https:\/\/pre.dosde.com\/fr\/jardins-artigas\/#article","isPartOf":{"@id":"https:\/\/pre.dosde.com\/fr\/jardins-artigas\/"},"author":{"name":"seocom","@id":"https:\/\/pre.dosde.com\/fr\/#\/schema\/person\/9d33726ab714fecb297e38b515472088"},"headline":"Jardins Artigas","datePublished":"2017-02-20T11:09:34+00:00","dateModified":"2026-08-11T08:02:51+00:00","mainEntityOfPage":{"@id":"https:\/\/pre.dosde.com\/fr\/jardins-artigas\/"},"wordCount":780,"commentCount":0,"publisher":{"@id":"https:\/\/pre.dosde.com\/fr\/#organization"},"image":{"@id":"https:\/\/pre.dosde.com\/fr\/jardins-artigas\/#primaryimage"},"thumbnailUrl":"","articleSection":["Barcelone"],"inLanguage":"fr-FR","potentialAction":[{"@type":"CommentAction","name":"Comment","target":["https:\/\/pre.dosde.com\/fr\/jardins-artigas\/#respond"]}]},{"@type":"WebPage","@id":"https:\/\/pre.dosde.com\/fr\/jardins-artigas\/","url":"https:\/\/pre.dosde.com\/fr\/jardins-artigas\/","name":"Jardins Artigas - Dosde","isPartOf":{"@id":"https:\/\/pre.dosde.com\/fr\/#website"},"primaryImageOfPage":{"@id":"https:\/\/pre.dosde.com\/fr\/jardins-artigas\/#primaryimage"},"image":{"@id":"https:\/\/pre.dosde.com\/fr\/jardins-artigas\/#primaryimage"},"thumbnailUrl":"","datePublished":"2017-02-20T11:09:34+00:00","dateModified":"2026-08-11T08:02:51+00:00","breadcrumb":{"@id":"https:\/\/pre.dosde.com\/fr\/jardins-artigas\/#breadcrumb"},"inLanguage":"fr-FR","potentialAction":[{"@type":"ReadAction","target":["https:\/\/pre.dosde.com\/fr\/jardins-artigas\/"]}]},{"@type":"ImageObject","inLanguage":"fr-FR","@id":"https:\/\/pre.dosde.com\/fr\/jardins-artigas\/#primaryimage","url":"","contentUrl":""},{"@type":"BreadcrumbList","@id":"https:\/\/pre.dosde.com\/fr\/jardins-artigas\/#breadcrumb","itemListElement":[{"@type":"ListItem","position":1,"name":"Home","item":"https:\/\/pre.dosde.com\/fr\/"},{"@type":"ListItem","position":2,"name":"Jardins Artigas"}]},{"@type":"WebSite","@id":"https:\/\/pre.dosde.com\/fr\/#website","url":"https:\/\/pre.dosde.com\/fr\/","name":"Dosde","description":"","publisher":{"@id":"https:\/\/pre.dosde.com\/fr\/#organization"},"potentialAction":[{"@type":"SearchAction","target":{"@type":"EntryPoint","urlTemplate":"https:\/\/pre.dosde.com\/fr\/?s={search_term_string}"},"query-input":{"@type":"PropertyValueSpecification","valueRequired":true,"valueName":"search_term_string"}}],"inLanguage":"fr-FR"},{"@type":"Organization","@id":"https:\/\/pre.dosde.com\/fr\/#organization","name":"Dosde","url":"https:\/\/pre.dosde.com\/fr\/","logo":{"@type":"ImageObject","inLanguage":"fr-FR","@id":"https:\/\/pre.dosde.com\/fr\/#\/schema\/logo\/image\/","url":"https:\/\/pre.dosde.com\/wp-content\/uploads\/2026\/06\/Logo.webp","contentUrl":"https:\/\/pre.dosde.com\/wp-content\/uploads\/2026\/06\/Logo.webp","width":248,"height":80,"caption":"Dosde"},"image":{"@id":"https:\/\/pre.dosde.com\/fr\/#\/schema\/logo\/image\/"}},{"@type":"Person","@id":"https:\/\/pre.dosde.com\/fr\/#\/schema\/person\/9d33726ab714fecb297e38b515472088","name":"seocom","image":{"@type":"ImageObject","inLanguage":"fr-FR","@id":"https:\/\/secure.gravatar.com\/avatar\/741433ce07ba5c431e994c0ec0272d414a5d1a9dafeb02666111e6f2eb1c0ed2?s=96&d=mm&r=g","url":"https:\/\/secure.gravatar.com\/avatar\/741433ce07ba5c431e994c0ec0272d414a5d1a9dafeb02666111e6f2eb1c0ed2?s=96&d=mm&r=g","contentUrl":"https:\/\/secure.gravatar.com\/avatar\/741433ce07ba5c431e994c0ec0272d414a5d1a9dafeb02666111e6f2eb1c0ed2?s=96&d=mm&r=g","caption":"seocom"},"sameAs":["http:\/\/qa-dosde.qamoon.es"],"url":"https:\/\/pre.dosde.com\/fr\/author\/seocom\/"}]}},"_links":{"self":[{"href":"https:\/\/pre.dosde.com\/fr\/wp-json\/wp\/v2\/posts\/327","targetHints":{"allow":["GET"]}}],"collection":[{"href":"https:\/\/pre.dosde.com\/fr\/wp-json\/wp\/v2\/posts"}],"about":[{"href":"https:\/\/pre.dosde.com\/fr\/wp-json\/wp\/v2\/types\/post"}],"author":[{"embeddable":true,"href":"https:\/\/pre.dosde.com\/fr\/wp-json\/wp\/v2\/users\/1"}],"replies":[{"embeddable":true,"href":"https:\/\/pre.dosde.com\/fr\/wp-json\/wp\/v2\/comments?post=327"}],"version-history":[{"count":1,"href":"https:\/\/pre.dosde.com\/fr\/wp-json\/wp\/v2\/posts\/327\/revisions"}],"predecessor-version":[{"id":3682,"href":"https:\/\/pre.dosde.com\/fr\/wp-json\/wp\/v2\/posts\/327\/revisions\/3682"}],"wp:attachment":[{"href":"https:\/\/pre.dosde.com\/fr\/wp-json\/wp\/v2\/media?parent=327"}],"wp:term":[{"taxonomy":"category","embeddable":true,"href":"https:\/\/pre.dosde.com\/fr\/wp-json\/wp\/v2\/categories?post=327"},{"taxonomy":"post_tag","embeddable":true,"href":"https:\/\/pre.dosde.com\/fr\/wp-json\/wp\/v2\/tags?post=327"}],"curies":[{"name":"wp","href":"https:\/\/api.w.org\/{rel}","templated":true}]}}