{"id":334,"date":"2017-02-20T11:14:09","date_gmt":"2017-02-20T11:14:09","guid":{"rendered":"https:\/\/www.dosde.com\/blog\/?p=334\/"},"modified":"2026-08-11T08:02:51","modified_gmt":"2026-08-11T08:02:51","slug":"gran-teatre-del-liceu","status":"publish","type":"post","link":"https:\/\/pre.dosde.com\/fr\/gran-teatre-del-liceu\/","title":{"rendered":"Gran Teatre del Liceu"},"content":{"rendered":"<h2><strong>Qu\u2019est-ce que le Gran Teatre del Liceu de Barcelone ?<\/strong><\/h2>\n<p>Inaugur\u00e9 en 1847 sur la Rambla, au c\u0153ur de Barcelone, <strong>le Gran Teatre del Liceu est un th\u00e9\u00e2tre d\u2019op\u00e9ra, consid\u00e9r\u00e9 comme l\u2019un des plus prestigieux au monde<\/strong>. Victime de deux graves incendies, l\u2019\u00e9difice conserve sa fa\u00e7ade originale, \u0153uvre de l\u2019architecte Josep Oriol Mestres, alors que son int\u00e9rieur est le r\u00e9sultat d\u2019un minutieux travail de r\u00e9novation et de reconstruction.<\/p>\n<p>&nbsp;<\/p>\n<p>Sa salle de concerts a accueilli les repr\u00e9sentations de certains des plus grands noms de l\u2019histoire de l\u2019op\u00e9ra, du ballet et de la musique symphonique. Aujourd\u2019hui, le Liceu de Barcelone continue de proposer une vaste programmation allant des grands classiques de l\u2019op\u00e9ra \u00e0 des projets \u00e9mergents.<\/p>\n<p>&nbsp;<\/p>\n<h2><strong>L\u2019histoire du Gran Teatre del Liceu<\/strong><\/h2>\n<p>L\u2019origine du th\u00e9\u00e2tre remonte \u00e0 1837, alors qu\u2019un bataillon de la Milice nationale \u2013corps militaire form\u00e9 de civils d\u2019id\u00e9ologie lib\u00e9rale\u2013 d\u00e9cide de cr\u00e9er une association destin\u00e9e \u00e0 promouvoir le chant et la musique \u00e0 travers des cours et des concerts. Baptis\u00e9e du nom de <em>Liceo Filodram\u00e1tico de Montesi\u00f3n<\/em>, l\u2019institution avait son si\u00e8ge dans l\u2019ancien couvent de Montsi\u00f3, autrefois occup\u00e9 par les s\u0153urs dominicaines, mais il fallut construire tr\u00e8s vite un \u00e9tablissement plus spacieux et moderne.<\/p>\n<p>&nbsp;<\/p>\n<p>Pour r\u00e9aliser le projet, les responsables du Th\u00e9atre du Liceu compt\u00e8rent sur le soutien de certains membres notables de la bourgeoisie, qui voulaient \u00e9quiper Barcelone d\u2019un auditorium comparable \u00e0 ceux des grandes capitales europ\u00e9ennes.<\/p>\n<p>&nbsp;<\/p>\n<p>La construction de la nouvelle infrastructure d\u00e9buta en 1845, sur les terrains d\u2019un ancien couvent de la Rambla. Les travaux, dirig\u00e9s par Manuel Garriga i Roca et Josep Oriol Mestres, s\u2019achev\u00e8rent en 1847, date \u00e0 laquelle le Gran Teatre del Liceu fit pour la premi\u00e8re fois son lever de rideau. Le bon fonctionnement de l\u2019auditorium se brisa en 1861 lorsqu\u2019<strong>un incendie d\u00e9clar\u00e9 dans l\u2019atelier de couture ravagea la salle et la sc\u00e8ne<\/strong>, qui furent reconstruites par le m\u00eame Oriol Mestres.<\/p>\n<p>&nbsp;<\/p>\n<p>En 1994, le Liceu de Barcelone fut de nouveau r\u00e9duit en cendres mais cette fois les administrations publiques d\u00e9cid\u00e8rent de reconstruire compl\u00e8tement le th\u00e9\u00e2tre, devenu un symbole de la soci\u00e9t\u00e9 barcelonaise.<\/p>\n<p>&nbsp;<\/p>\n<p><a href=\"https:\/\/www.dosde.com\/fr\/livres\/antoni-gaudi.html\"><img decoding=\"async\" class=\"aligncenter size-full wp-image-3641\" src=\"https:\/\/qa-dosde.qamoon.es\/wp-content\/uploads\/2017\/02\/Boton-descubrir-mas-FR.png\" alt=\"\" \/><\/a><\/p>\n<h2><strong>La salle du Liceu de Barcelone<\/strong><\/h2>\n<p><a href=\"https:\/\/qa-dosde.qamoon.es\/wp-content\/uploads\/2017\/02\/sala-principal-teatro-liceo-barcelona-liceu-dosde-publishing.jpg\"><img loading=\"lazy\" decoding=\"async\" class=\"alignnone wp-image-967 size-full\" src=\"https:\/\/qa-dosde.qamoon.es\/wp-content\/uploads\/2017\/02\/sala-principal-teatro-liceo-barcelona-liceu-dosde-publishing.jpg\" alt=\"La salle du Liceu de Barcelone\" width=\"900\" height=\"600\" \/><\/a><\/p>\n<p>&nbsp;<\/p>\n<p><strong>Inspir\u00e9e de La Scala de Milan<\/strong>, la salle qui accueille les spectacles du Liceo est en forme de fer \u00e0 cheval, avec un parterre et cinq niveaux. Cette structure apporte un caract\u00e8re tr\u00e8s solennel \u00e0 l&rsquo;espace qui a int\u00e9gr\u00e9 les derni\u00e8res avanc\u00e9es techniques pour pouvoir r\u00e9pondre \u00e0 tous les types de productions.<\/p>\n<p>&nbsp;<\/p>\n<p><strong>Sa structure permet de monter et de d\u00e9monter les d\u00e9cors tr\u00e8s rapidement<\/strong>, ce qui facilite l\u2019organisation des spectacles plus ambitieux et, en m\u00eame temps, contribue \u00e0 l\u2019alternance des titres dans la programmation. Cette salle du Liceo se caract\u00e9rise \u00e9galement par sa capacit\u00e9 d\u2019accueil de 2\u00a0292\u00a0spectateurs, l\u2019une des plus grandes d\u2019Europe.<\/p>\n<p>&nbsp;<\/p>\n<h2><strong>Le Cercle du Liceu de Barcelone <\/strong><\/h2>\n<p><a href=\"https:\/\/qa-dosde.qamoon.es\/wp-content\/uploads\/2017\/02\/circulo-liceo-barcelona-liceu-dosde-publishing.jpg\"><img loading=\"lazy\" decoding=\"async\" class=\"alignnone wp-image-1042 size-full\" src=\"https:\/\/qa-dosde.qamoon.es\/wp-content\/uploads\/2017\/02\/circulo-liceo-barcelona-liceu-dosde-publishing.jpg\" alt=\"Cercle du Liceu de Barcelone\" width=\"900\" height=\"600\" \/><\/a><\/p>\n<p>&nbsp;<\/p>\n<p>Ce club de style anglais fond\u00e9 en 1847 par des membres de la haute bourgeoisie occupa diverses d\u00e9pendances annexes au Gran Teatre del Liceu. Les pi\u00e8ces con\u00e7ues pour accueillir les activit\u00e9s des membres de l\u2019entit\u00e9 furent agrandies et r\u00e9nov\u00e9es au d\u00e9but du XX<sup>e<\/sup> si\u00e8cle, \u00e9poque de splendeur du\u00a0modernisme catalan.<\/p>\n<p>&nbsp;<\/p>\n<p>Cette r\u00e9novation r\u00e9alis\u00e9e par des artisans et d\u00e9corateurs de prestige, permit d\u2019<strong>incorporer de nombreux d\u00e9tails adapt\u00e9s aux nouveaux go\u00fbts esth\u00e9tiques<\/strong>, comme la chemin\u00e9e, les marqueteries et les mosa\u00efques qui d\u00e9corent La Pecera (l\u2019aquarium), salle donnant sur la rue r\u00e9nov\u00e9e par le d\u00e9corateur et illustrateur catalan\u00a0 Josep Pasc\u00f3 i Mensa.<\/p>\n<p>&nbsp;<\/p>\n<h2>Un livre pour d\u00e9couvrir de pr\u00e8s la beaut\u00e9 du modernisme<\/h2>\n<p>Consid\u00e9r\u00e9 comme l&rsquo;\u00e9quivalent de l&rsquo;art nouveau, le modernisme catalan fut un mouvement artistique d&rsquo;une grande beaut\u00e9 qui atteignit son apog\u00e9e \u00e0 Barcelone. Le modernisme qui pr\u00f4nait la valeur du travail manuel\u00a0s\u2019inspira des \u00e9l\u00e9ments de la nature.<\/p>\n<p>&nbsp;<\/p>\n<p><a href=\"https:\/\/www.dosde.com\/fr\/modernisme-mouvement-artistique-photo.html\">Le livre comprend<\/a> plus de 300 photos qui pr\u00e9sentent <strong>le modernisme appliqu\u00e9 aux diff\u00e9rents arts<\/strong>, de la sculpture \u00e0 la peinture en passant par la joaillerie et la d\u00e9coration.<\/p>\n<p>&nbsp;<\/p>\n<p>\u00c9dit\u00e9 par <a href=\"https:\/\/www.dosde.com\/fr\/\">Dosde<\/a>, le livre inclut de nombreuses photos et illustrations\u00a0<strong>3D<\/strong>\u00a0r\u00e9alis\u00e9es exclusivement pour ce livre gr\u00e2ce auquel le lecteur pourra d\u00e9couvrir les \u0153uvres les plus repr\u00e9sentatives de ce mouvement artistique.<\/p>\n<p><a href=\"https:\/\/www.dosde.com\/fr\/modernisme-mouvement-artistique-photo.html\"><img loading=\"lazy\" decoding=\"async\" class=\"alignnone wp-image-1829 size-full\" src=\"https:\/\/qa-dosde.qamoon.es\/wp-content\/uploads\/2017\/02\/couverture-modernisme-barcelone-art-livre-francais-dosde-publishing_978-84-9103-093-5_35-017-02_B09.jpg\" alt=\"Livre sur le modernisme, art et architecture, Dosde \u00c9ditorial\" width=\"700\" height=\"321\" \/><\/a><\/p>\n","protected":false},"excerpt":{"rendered":"Qu\u2019est-ce que le Gran Teatre del Liceu de Barcelone ? Inaugur\u00e9 en 1847 sur la Rambla, au c\u0153ur de Barcelone, le Gran Teatre del Liceu est un th\u00e9\u00e2tre d\u2019op\u00e9ra, consid\u00e9r\u00e9 comme l\u2019un des plus prestigieux au monde. Victime de deux graves incendies, l\u2019\u00e9difice conserve sa fa\u00e7ade originale, \u0153uvre de l\u2019architecte Josep Oriol Mestres, alors que &#8230; <a title=\"Gran Teatre del Liceu\" class=\"read-more\" href=\"https:\/\/pre.dosde.com\/fr\/gran-teatre-del-liceu\/\" aria-label=\"En savoir plus sur Gran Teatre del Liceu\">Lire la suite<\/a>","protected":false},"author":1,"featured_media":914,"comment_status":"open","ping_status":"open","sticky":false,"template":"","format":"standard","meta":{"_acf_changed":false,"footnotes":""},"categories":[53],"tags":[],"class_list":["post-334","post","type-post","status-publish","format-standard","has-post-thumbnail","hentry","category-barcelone"],"acf":[],"yoast_head":"<!-- This site is optimized with the Yoast SEO plugin v28.3 - https:\/\/yoast.com\/product\/yoast-seo-wordpress\/ -->\n<title>Gran Teatre del Liceu - Dosde<\/title>\n<meta name=\"robots\" content=\"noindex, follow, max-snippet:-1, max-image-preview:large, max-video-preview:-1\" \/>\n<meta property=\"og:locale\" content=\"fr_FR\" \/>\n<meta property=\"og:type\" content=\"article\" \/>\n<meta property=\"og:title\" content=\"Gran Teatre del Liceu - Dosde\" \/>\n<meta property=\"og:description\" content=\"Qu\u2019est-ce que le Gran Teatre del Liceu de Barcelone ? Inaugur\u00e9 en 1847 sur la Rambla, au c\u0153ur de Barcelone, le Gran Teatre del Liceu est un th\u00e9\u00e2tre d\u2019op\u00e9ra, consid\u00e9r\u00e9 comme l\u2019un des plus prestigieux au monde. Victime de deux graves incendies, l\u2019\u00e9difice conserve sa fa\u00e7ade originale, \u0153uvre de l\u2019architecte Josep Oriol Mestres, alors que ... Lire la suite\" \/>\n<meta property=\"og:url\" content=\"https:\/\/pre.dosde.com\/fr\/gran-teatre-del-liceu\/\" \/>\n<meta property=\"og:site_name\" content=\"Dosde\" \/>\n<meta property=\"article:published_time\" content=\"2017-02-20T11:14:09+00:00\" \/>\n<meta property=\"article:modified_time\" content=\"2026-08-11T08:02:51+00:00\" \/>\n<meta name=\"author\" content=\"seocom\" \/>\n<meta name=\"twitter:card\" content=\"summary_large_image\" \/>\n<meta name=\"twitter:label1\" content=\"\u00c9crit par\" \/>\n\t<meta name=\"twitter:data1\" content=\"seocom\" \/>\n\t<meta name=\"twitter:label2\" content=\"Dur\u00e9e de lecture estim\u00e9e\" \/>\n\t<meta name=\"twitter:data2\" content=\"4 minutes\" \/>\n<script type=\"application\/ld+json\" class=\"yoast-schema-graph\">{\"@context\":\"https:\\\/\\\/schema.org\",\"@graph\":[{\"@type\":\"Article\",\"@id\":\"https:\\\/\\\/pre.dosde.com\\\/fr\\\/gran-teatre-del-liceu\\\/#article\",\"isPartOf\":{\"@id\":\"https:\\\/\\\/pre.dosde.com\\\/fr\\\/gran-teatre-del-liceu\\\/\"},\"author\":{\"name\":\"seocom\",\"@id\":\"https:\\\/\\\/pre.dosde.com\\\/fr\\\/#\\\/schema\\\/person\\\/9d33726ab714fecb297e38b515472088\"},\"headline\":\"Gran Teatre del Liceu\",\"datePublished\":\"2017-02-20T11:14:09+00:00\",\"dateModified\":\"2026-08-11T08:02:51+00:00\",\"mainEntityOfPage\":{\"@id\":\"https:\\\/\\\/pre.dosde.com\\\/fr\\\/gran-teatre-del-liceu\\\/\"},\"wordCount\":781,\"commentCount\":0,\"publisher\":{\"@id\":\"https:\\\/\\\/pre.dosde.com\\\/fr\\\/#organization\"},\"image\":{\"@id\":\"https:\\\/\\\/pre.dosde.com\\\/fr\\\/gran-teatre-del-liceu\\\/#primaryimage\"},\"thumbnailUrl\":\"\",\"articleSection\":[\"Barcelone\"],\"inLanguage\":\"fr-FR\",\"potentialAction\":[{\"@type\":\"CommentAction\",\"name\":\"Comment\",\"target\":[\"https:\\\/\\\/pre.dosde.com\\\/fr\\\/gran-teatre-del-liceu\\\/#respond\"]}]},{\"@type\":\"WebPage\",\"@id\":\"https:\\\/\\\/pre.dosde.com\\\/fr\\\/gran-teatre-del-liceu\\\/\",\"url\":\"https:\\\/\\\/pre.dosde.com\\\/fr\\\/gran-teatre-del-liceu\\\/\",\"name\":\"Gran Teatre del Liceu - Dosde\",\"isPartOf\":{\"@id\":\"https:\\\/\\\/pre.dosde.com\\\/fr\\\/#website\"},\"primaryImageOfPage\":{\"@id\":\"https:\\\/\\\/pre.dosde.com\\\/fr\\\/gran-teatre-del-liceu\\\/#primaryimage\"},\"image\":{\"@id\":\"https:\\\/\\\/pre.dosde.com\\\/fr\\\/gran-teatre-del-liceu\\\/#primaryimage\"},\"thumbnailUrl\":\"\",\"datePublished\":\"2017-02-20T11:14:09+00:00\",\"dateModified\":\"2026-08-11T08:02:51+00:00\",\"breadcrumb\":{\"@id\":\"https:\\\/\\\/pre.dosde.com\\\/fr\\\/gran-teatre-del-liceu\\\/#breadcrumb\"},\"inLanguage\":\"fr-FR\",\"potentialAction\":[{\"@type\":\"ReadAction\",\"target\":[\"https:\\\/\\\/pre.dosde.com\\\/fr\\\/gran-teatre-del-liceu\\\/\"]}]},{\"@type\":\"ImageObject\",\"inLanguage\":\"fr-FR\",\"@id\":\"https:\\\/\\\/pre.dosde.com\\\/fr\\\/gran-teatre-del-liceu\\\/#primaryimage\",\"url\":\"\",\"contentUrl\":\"\"},{\"@type\":\"BreadcrumbList\",\"@id\":\"https:\\\/\\\/pre.dosde.com\\\/fr\\\/gran-teatre-del-liceu\\\/#breadcrumb\",\"itemListElement\":[{\"@type\":\"ListItem\",\"position\":1,\"name\":\"Home\",\"item\":\"https:\\\/\\\/pre.dosde.com\\\/fr\\\/\"},{\"@type\":\"ListItem\",\"position\":2,\"name\":\"Gran Teatre del Liceu\"}]},{\"@type\":\"WebSite\",\"@id\":\"https:\\\/\\\/pre.dosde.com\\\/fr\\\/#website\",\"url\":\"https:\\\/\\\/pre.dosde.com\\\/fr\\\/\",\"name\":\"Dosde\",\"description\":\"\",\"publisher\":{\"@id\":\"https:\\\/\\\/pre.dosde.com\\\/fr\\\/#organization\"},\"potentialAction\":[{\"@type\":\"SearchAction\",\"target\":{\"@type\":\"EntryPoint\",\"urlTemplate\":\"https:\\\/\\\/pre.dosde.com\\\/fr\\\/?s={search_term_string}\"},\"query-input\":{\"@type\":\"PropertyValueSpecification\",\"valueRequired\":true,\"valueName\":\"search_term_string\"}}],\"inLanguage\":\"fr-FR\"},{\"@type\":\"Organization\",\"@id\":\"https:\\\/\\\/pre.dosde.com\\\/fr\\\/#organization\",\"name\":\"Dosde\",\"url\":\"https:\\\/\\\/pre.dosde.com\\\/fr\\\/\",\"logo\":{\"@type\":\"ImageObject\",\"inLanguage\":\"fr-FR\",\"@id\":\"https:\\\/\\\/pre.dosde.com\\\/fr\\\/#\\\/schema\\\/logo\\\/image\\\/\",\"url\":\"https:\\\/\\\/pre.dosde.com\\\/wp-content\\\/uploads\\\/2026\\\/06\\\/Logo.webp\",\"contentUrl\":\"https:\\\/\\\/pre.dosde.com\\\/wp-content\\\/uploads\\\/2026\\\/06\\\/Logo.webp\",\"width\":248,\"height\":80,\"caption\":\"Dosde\"},\"image\":{\"@id\":\"https:\\\/\\\/pre.dosde.com\\\/fr\\\/#\\\/schema\\\/logo\\\/image\\\/\"}},{\"@type\":\"Person\",\"@id\":\"https:\\\/\\\/pre.dosde.com\\\/fr\\\/#\\\/schema\\\/person\\\/9d33726ab714fecb297e38b515472088\",\"name\":\"seocom\",\"image\":{\"@type\":\"ImageObject\",\"inLanguage\":\"fr-FR\",\"@id\":\"https:\\\/\\\/secure.gravatar.com\\\/avatar\\\/741433ce07ba5c431e994c0ec0272d414a5d1a9dafeb02666111e6f2eb1c0ed2?s=96&d=mm&r=g\",\"url\":\"https:\\\/\\\/secure.gravatar.com\\\/avatar\\\/741433ce07ba5c431e994c0ec0272d414a5d1a9dafeb02666111e6f2eb1c0ed2?s=96&d=mm&r=g\",\"contentUrl\":\"https:\\\/\\\/secure.gravatar.com\\\/avatar\\\/741433ce07ba5c431e994c0ec0272d414a5d1a9dafeb02666111e6f2eb1c0ed2?s=96&d=mm&r=g\",\"caption\":\"seocom\"},\"sameAs\":[\"http:\\\/\\\/qa-dosde.qamoon.es\"],\"url\":\"https:\\\/\\\/pre.dosde.com\\\/fr\\\/author\\\/seocom\\\/\"}]}<\/script>\n<!-- \/ Yoast SEO plugin. -->","yoast_head_json":{"title":"Gran Teatre del Liceu - Dosde","robots":{"index":"noindex","follow":"follow","max-snippet":"max-snippet:-1","max-image-preview":"max-image-preview:large","max-video-preview":"max-video-preview:-1"},"og_locale":"fr_FR","og_type":"article","og_title":"Gran Teatre del Liceu - Dosde","og_description":"Qu\u2019est-ce que le Gran Teatre del Liceu de Barcelone ? Inaugur\u00e9 en 1847 sur la Rambla, au c\u0153ur de Barcelone, le Gran Teatre del Liceu est un th\u00e9\u00e2tre d\u2019op\u00e9ra, consid\u00e9r\u00e9 comme l\u2019un des plus prestigieux au monde. Victime de deux graves incendies, l\u2019\u00e9difice conserve sa fa\u00e7ade originale, \u0153uvre de l\u2019architecte Josep Oriol Mestres, alors que ... Lire la suite","og_url":"https:\/\/pre.dosde.com\/fr\/gran-teatre-del-liceu\/","og_site_name":"Dosde","article_published_time":"2017-02-20T11:14:09+00:00","article_modified_time":"2026-08-11T08:02:51+00:00","author":"seocom","twitter_card":"summary_large_image","twitter_misc":{"\u00c9crit par":"seocom","Dur\u00e9e de lecture estim\u00e9e":"4 minutes"},"schema":{"@context":"https:\/\/schema.org","@graph":[{"@type":"Article","@id":"https:\/\/pre.dosde.com\/fr\/gran-teatre-del-liceu\/#article","isPartOf":{"@id":"https:\/\/pre.dosde.com\/fr\/gran-teatre-del-liceu\/"},"author":{"name":"seocom","@id":"https:\/\/pre.dosde.com\/fr\/#\/schema\/person\/9d33726ab714fecb297e38b515472088"},"headline":"Gran Teatre del Liceu","datePublished":"2017-02-20T11:14:09+00:00","dateModified":"2026-08-11T08:02:51+00:00","mainEntityOfPage":{"@id":"https:\/\/pre.dosde.com\/fr\/gran-teatre-del-liceu\/"},"wordCount":781,"commentCount":0,"publisher":{"@id":"https:\/\/pre.dosde.com\/fr\/#organization"},"image":{"@id":"https:\/\/pre.dosde.com\/fr\/gran-teatre-del-liceu\/#primaryimage"},"thumbnailUrl":"","articleSection":["Barcelone"],"inLanguage":"fr-FR","potentialAction":[{"@type":"CommentAction","name":"Comment","target":["https:\/\/pre.dosde.com\/fr\/gran-teatre-del-liceu\/#respond"]}]},{"@type":"WebPage","@id":"https:\/\/pre.dosde.com\/fr\/gran-teatre-del-liceu\/","url":"https:\/\/pre.dosde.com\/fr\/gran-teatre-del-liceu\/","name":"Gran Teatre del Liceu - Dosde","isPartOf":{"@id":"https:\/\/pre.dosde.com\/fr\/#website"},"primaryImageOfPage":{"@id":"https:\/\/pre.dosde.com\/fr\/gran-teatre-del-liceu\/#primaryimage"},"image":{"@id":"https:\/\/pre.dosde.com\/fr\/gran-teatre-del-liceu\/#primaryimage"},"thumbnailUrl":"","datePublished":"2017-02-20T11:14:09+00:00","dateModified":"2026-08-11T08:02:51+00:00","breadcrumb":{"@id":"https:\/\/pre.dosde.com\/fr\/gran-teatre-del-liceu\/#breadcrumb"},"inLanguage":"fr-FR","potentialAction":[{"@type":"ReadAction","target":["https:\/\/pre.dosde.com\/fr\/gran-teatre-del-liceu\/"]}]},{"@type":"ImageObject","inLanguage":"fr-FR","@id":"https:\/\/pre.dosde.com\/fr\/gran-teatre-del-liceu\/#primaryimage","url":"","contentUrl":""},{"@type":"BreadcrumbList","@id":"https:\/\/pre.dosde.com\/fr\/gran-teatre-del-liceu\/#breadcrumb","itemListElement":[{"@type":"ListItem","position":1,"name":"Home","item":"https:\/\/pre.dosde.com\/fr\/"},{"@type":"ListItem","position":2,"name":"Gran Teatre del Liceu"}]},{"@type":"WebSite","@id":"https:\/\/pre.dosde.com\/fr\/#website","url":"https:\/\/pre.dosde.com\/fr\/","name":"Dosde","description":"","publisher":{"@id":"https:\/\/pre.dosde.com\/fr\/#organization"},"potentialAction":[{"@type":"SearchAction","target":{"@type":"EntryPoint","urlTemplate":"https:\/\/pre.dosde.com\/fr\/?s={search_term_string}"},"query-input":{"@type":"PropertyValueSpecification","valueRequired":true,"valueName":"search_term_string"}}],"inLanguage":"fr-FR"},{"@type":"Organization","@id":"https:\/\/pre.dosde.com\/fr\/#organization","name":"Dosde","url":"https:\/\/pre.dosde.com\/fr\/","logo":{"@type":"ImageObject","inLanguage":"fr-FR","@id":"https:\/\/pre.dosde.com\/fr\/#\/schema\/logo\/image\/","url":"https:\/\/pre.dosde.com\/wp-content\/uploads\/2026\/06\/Logo.webp","contentUrl":"https:\/\/pre.dosde.com\/wp-content\/uploads\/2026\/06\/Logo.webp","width":248,"height":80,"caption":"Dosde"},"image":{"@id":"https:\/\/pre.dosde.com\/fr\/#\/schema\/logo\/image\/"}},{"@type":"Person","@id":"https:\/\/pre.dosde.com\/fr\/#\/schema\/person\/9d33726ab714fecb297e38b515472088","name":"seocom","image":{"@type":"ImageObject","inLanguage":"fr-FR","@id":"https:\/\/secure.gravatar.com\/avatar\/741433ce07ba5c431e994c0ec0272d414a5d1a9dafeb02666111e6f2eb1c0ed2?s=96&d=mm&r=g","url":"https:\/\/secure.gravatar.com\/avatar\/741433ce07ba5c431e994c0ec0272d414a5d1a9dafeb02666111e6f2eb1c0ed2?s=96&d=mm&r=g","contentUrl":"https:\/\/secure.gravatar.com\/avatar\/741433ce07ba5c431e994c0ec0272d414a5d1a9dafeb02666111e6f2eb1c0ed2?s=96&d=mm&r=g","caption":"seocom"},"sameAs":["http:\/\/qa-dosde.qamoon.es"],"url":"https:\/\/pre.dosde.com\/fr\/author\/seocom\/"}]}},"_links":{"self":[{"href":"https:\/\/pre.dosde.com\/fr\/wp-json\/wp\/v2\/posts\/334","targetHints":{"allow":["GET"]}}],"collection":[{"href":"https:\/\/pre.dosde.com\/fr\/wp-json\/wp\/v2\/posts"}],"about":[{"href":"https:\/\/pre.dosde.com\/fr\/wp-json\/wp\/v2\/types\/post"}],"author":[{"embeddable":true,"href":"https:\/\/pre.dosde.com\/fr\/wp-json\/wp\/v2\/users\/1"}],"replies":[{"embeddable":true,"href":"https:\/\/pre.dosde.com\/fr\/wp-json\/wp\/v2\/comments?post=334"}],"version-history":[{"count":1,"href":"https:\/\/pre.dosde.com\/fr\/wp-json\/wp\/v2\/posts\/334\/revisions"}],"predecessor-version":[{"id":3681,"href":"https:\/\/pre.dosde.com\/fr\/wp-json\/wp\/v2\/posts\/334\/revisions\/3681"}],"wp:attachment":[{"href":"https:\/\/pre.dosde.com\/fr\/wp-json\/wp\/v2\/media?parent=334"}],"wp:term":[{"taxonomy":"category","embeddable":true,"href":"https:\/\/pre.dosde.com\/fr\/wp-json\/wp\/v2\/categories?post=334"},{"taxonomy":"post_tag","embeddable":true,"href":"https:\/\/pre.dosde.com\/fr\/wp-json\/wp\/v2\/tags?post=334"}],"curies":[{"name":"wp","href":"https:\/\/api.w.org\/{rel}","templated":true}]}}