{"id":3403,"date":"2018-07-23T09:53:48","date_gmt":"2018-07-23T09:53:48","guid":{"rendered":"https:\/\/www.dosde.com\/discover\/?p=3403\/"},"modified":"2026-08-11T07:59:04","modified_gmt":"2026-08-11T07:59:04","slug":"bilbao","status":"publish","type":"post","link":"https:\/\/pre.dosde.com\/fr\/bilbao\/","title":{"rendered":"Bilbao"},"content":{"rendered":"<h2>Bilbao, une ville en constante \u00e9volution<\/h2>\n<p>La ville la plus importante du Pays basque <strong>s\u2019est toujours d\u00e9marqu\u00e9e par son esprit d\u2019entreprise.<\/strong> D\u2019abord port de commerce et centre industriel, elle s\u2019est peu \u00e0 peu consolid\u00e9e comme l\u2019une des villes les plus attractives d\u2019Europe gr\u00e2ce \u00e0 un processus de changement qui lui a permis de devenir <strong>un p\u00f4le financier et culturel de premier niveau<\/strong>.<\/p>\n<p>&nbsp;<\/p>\n<h2>Les\u00a0origines de\u00a0Bilbao<\/h2>\n<p>Les origines de Bilbao sont incertaines m\u00eame si certains ont la conviction qu\u2019il existait d\u00e9j\u00e0 au XIIIe si\u00e8cle, avant la fondation de la ville, un petit village de p\u00eacheurs sur la rive droite de la ria du Nervion, o\u00f9 se trouve actuellement le centre historique.<\/p>\n<p>&nbsp;<\/p>\n<p>Depuis sa fondation, <strong>Bilbao n\u2019a cess\u00e9 de d\u00e9velopper son activit\u00e9 autour de la ria<\/strong>, principal moteur de croissance de la ville et conna\u00eetrait une croissance \u00e9conomique r\u00e9guli\u00e8re qui allait favoriser l\u2019apparition d\u2019une puissante bourgeoisie locale qui terminerait par conditionner de fa\u00e7on d\u00e9cisive l\u2019\u00e9volution de la ville.<\/p>\n<p>&nbsp;<\/p>\n<p>Au milieu du XIXe si\u00e8cle, <strong>les progr\u00e8s dans la fabrication de l\u2019acier firent grimper en fl\u00e8che la demande du fer de Biscaye<\/strong>, ce qui favorisa l\u2019implantation \u00e0 Bilbao d\u2019importantes entreprises m\u00e9tallurgiques et navales, dont les activit\u00e9s g\u00e9n\u00e9r\u00e8rent une richesse sans pr\u00e9c\u00e9dent. Parall\u00e8lement, <strong>la trame urbaine se modernisa avec de nouvelles constructions<\/strong> financ\u00e9es par la bourgeoisie qui s\u2019\u00e9tablirent au-del\u00e0 des limites de la ville gr\u00e2ce au plan d\u2019extension de l\u2019Ensanche.<\/p>\n<p>&nbsp;<\/p>\n<p>Cet esprit de transformation refit surface \u00e0 la fin du XXe si\u00e8cle lorsque <strong>Bilbao s\u2019\u00e9mancipa du secteur industriel pour se consolider comme une nouvelle capitale<\/strong> financi\u00e8re et culturelle pr\u00eate \u00e0 relever les d\u00e9fis du futur.<\/p>\n<p>&nbsp;<\/p>\n<p><img decoding=\"async\" class=\"aligncenter size-full wp-image-3338\" src=\"https:\/\/qa-dosde.qamoon.es\/wp-content\/uploads\/2018\/07\/01_historia-de-bilbao-dosde-publishing.jpg\" alt=\"\" \/><\/p>\n<h2><strong>Le vieux centre\u00a0de Bilbao<\/strong><\/h2>\n<p>Les origines du centre historique se refl\u00e8tent dans sa structure de rues parall\u00e8les, <strong>un mod\u00e8le fr\u00e9quent dans les villes m\u00e9di\u00e9vales du Pays basque<\/strong>. La rue de Somera, situ\u00e9e \u00e0 l\u2019extr\u00eame est, pr\u00e8s du pont de San Ant\u00f3n, \u00e9tait l\u2019une des plus peupl\u00e9es et se caract\u00e9risait par la pr\u00e9sence de ses dizaines de cordonniers, ses fabricants d\u2019armes, ses commer\u00e7ants et notaires.<\/p>\n<p>&nbsp;<\/p>\n<p>La rue de Tender\u00eda abritait les magasins de v\u00eatements et les ateliers textiles et la rue Belosticalle concentrait les poissonneries. \u00a0La rue Carnicer\u00eda Vieja, quant \u00e0 elle, \u00e9tait le si\u00e8ge de l\u2019abattoir et la rue Barrencalle \u00e9tait occup\u00e9e principalement par les tonneliers et les distributeurs d\u2019huile et d\u2019eau-de-vie.<\/p>\n<p>&nbsp;<\/p>\n<p>\u00c0 partir du XVIe si\u00e8cle, <strong>l\u2019augmentation de la population supposa la n\u00e9cessit\u00e9 d\u2019\u00e9tendre la ville au-del\u00e0 de ses fortifications<\/strong>, de telle sorte que de nouvelles rues firent leur apparition vers les quartiers de San Nicol\u00e1s, l\u2019Arenal et Ibeni, qui s\u2019\u00e9taient d\u00e9velopp\u00e9s parall\u00e8lement \u00e0 la ville. Cette expansion fixa les limites actuelles du centre historique de Bilbao.<\/p>\n<p>&nbsp;<\/p>\n<p>La Plaza Nueva, la cath\u00e9drale de Saint-Jacques, le march\u00e9 de la Ribera, la biblioth\u00e8que de Bidebarrieta et le luxueux th\u00e9\u00e2tre Arriaga sont certains des lieux d\u2019int\u00e9r\u00eat les plus remarquables de Bilbao.<\/p>\n<p>&nbsp;<\/p>\n<p><a href=\"https:\/\/www.dosde.com\/fr\/livres\/bilbao.html\"><img decoding=\"async\" class=\"aligncenter size-full wp-image-3641\" src=\"https:\/\/qa-dosde.qamoon.es\/wp-content\/uploads\/2017\/02\/Boton-descubrir-mas-FR.png\" alt=\"\" \/><\/a><\/p>\n<p>&nbsp;<\/p>\n<p><img decoding=\"async\" class=\"aligncenter size-full wp-image-3339\" src=\"https:\/\/qa-dosde.qamoon.es\/wp-content\/uploads\/2018\/07\/02_el-casco-viejo-de-bilbao-dosde-publishing.jpg\" alt=\"\" \/><\/p>\n<h2><strong>L&rsquo; Arenal\u00a0et\u00a0l&rsquo;Ensanche<\/strong><\/h2>\n<p>Au XIXe si\u00e8cle, \u00e0 la suite de l\u2019industrialisation, Bilbao enregistra une croissance d\u00e9mographique sans pr\u00e9c\u00e9dent qui entra\u00eena l\u2019explosion du centre historique. Le r\u00e9cent prolongement de la trame urbaine vers la zone de l\u2019Arenal \u2013ancienne plage int\u00e9rieure\u2013 ne fut pas m\u00eame en mesure de contenir la forte croissance de la population.<\/p>\n<p>&nbsp;<\/p>\n<p>Pour tenter de r\u00e9pondre \u00e0 cette explosion d\u00e9mographique, en 1861 <strong>le gouvernement espagnol conc\u00e9da \u00e0 la ville le droit d\u2019\u00e9largir ses limites territoriales<\/strong> au d\u00e9triment des localit\u00e9s voisines, qui n\u2019avaient toujours pas \u00e9t\u00e9 annex\u00e9es. <strong>Cette r\u00e9solution d\u00e9boucha sur la cr\u00e9ation en 1876 du quartier de l\u2019Ensanche<\/strong>, un quartier form\u00e9 de grandes rues et avenues au trac\u00e9 g\u00e9om\u00e9trique et reli\u00e9 au centre historique par l\u2019Arenal.<\/p>\n<p>&nbsp;<\/p>\n<p><strong>Il attira aussit\u00f4t les grandes fortunes et les institutions officielles <\/strong>qui encourag\u00e8rent la construction de somptueux \u00e9difices afin de refl\u00e9ter la richesse de la ville. C\u2019est ainsi que le quartier de l\u2019Ensanche finit par devenir le nouveau c\u0153ur de la ville, une position qu\u2019il occupe encore aujourd\u2019hui.<\/p>\n<p>&nbsp;<\/p>\n<p>La construction de la nouvelle mairie fut attribu\u00e9e \u00e0 Joaqu\u00edn Rucoba, auteur \u00e9galement du th\u00e9\u00e2tre Arriaga. Celui-ci recourut au style \u00e9clectique de l\u2019\u00e9poque pour r\u00e9aliser un \u00e9difice monumental de forme rectangulaire surmont\u00e9 d\u2019un clocher. L\u2019\u0153uvre, achev\u00e9e en 1892, fut tr\u00e8s on\u00e9reuse, en raison principalement du d\u00e9licat programme d\u00e9coratif d\u00e9fini par l\u2019architecte qui \u00e9voque l\u2019essor de la ville de Bilbao \u00e0 la fin du XIXe si\u00e8cle.<\/p>\n<p>&nbsp;<\/p>\n<p>Les \u00e9difices de l\u2019Ensanche t\u00e9moignent de la modernisation de la ville. La construction de <strong>la gare de la Concordia, la gare d\u2019Abando, le palais de la d\u00e9putation forale de Biscaye ou l\u2019universit\u00e9 de Deusto<\/strong> refl\u00e8tent la croissance d\u2019une ville qui s\u2019est peu \u00e0 peu dot\u00e9e des infrastructures et des \u00e9difices administratifs n\u00e9cessaires aux citoyens.<\/p>\n<p>&nbsp;<\/p>\n<p><img decoding=\"async\" class=\"aligncenter size-full wp-image-3340\" src=\"https:\/\/qa-dosde.qamoon.es\/wp-content\/uploads\/2018\/07\/03_el-arenal-y-el-ensanche-bilbao-dosde-publishing.jpg\" alt=\"\" \/><\/p>\n<h2>Mus\u00e9e Guggenheim Bilbao<\/h2>\n<p>Con\u00e7ue comme une sculpture, la fa\u00e7ade du Mus\u00e9e Guggenheim Bilbao donnant sur la ria est devenue <strong>l&rsquo;un des signes distinctifs de la ville.<\/strong><\/p>\n<p>&nbsp;<\/p>\n<p>La construction du mus\u00e9e date de 1991, avec un programme destin\u00e9 \u00e0 revitaliser la ville de Bilbao apr\u00e8s le marasme industriel des ann\u00e9es 1980. Au d\u00e9but de l&rsquo;ann\u00e9e 1991, les institutions basques prirent contact avec la prestigieuse Fondation Solomon R. Guggenheim bas\u00e9e \u00e0 New York pour lui proposer de collaborer \u00e0 l&rsquo;\u00e9dification d&rsquo;un mus\u00e9e d&rsquo;art contemporain.<\/p>\n<p>&nbsp;<\/p>\n<p><strong>L\u2019architecte qui sera charg\u00e9 de sa conception sera le Nord-Am\u00e9ricain Frank O. Gehry<\/strong>, qui r\u00e9alisera un \u00e9difice r\u00e9volutionnaire. Depuis son inauguration en 1997, la seule pr\u00e9sence du Mus\u00e9e Guggenheim a en effet permis de transformer compl\u00e8tement Bilbao et, plus concr\u00e8tement, de redorer le blason de la ria en lui rendant sa fonction essentielle d&rsquo;axe structurant de la ville.<\/p>\n<p>&nbsp;<\/p>\n<p><img decoding=\"async\" class=\"aligncenter size-full wp-image-3341\" src=\"https:\/\/qa-dosde.qamoon.es\/wp-content\/uploads\/2018\/07\/04_Museo-Guggenheim-bilbao-dosde-publishing.jpg\" alt=\"\" \/><\/p>\n<h2>La nouvelle ville de\u00a0Bilbao<\/h2>\n<p>Dans les ann\u00e9es 1980, la ville \u00e9tait un lieu gris et conflictuel, sans aucun attrait. <strong>Les secteurs sid\u00e9rurgique et naval<\/strong>, qui \u00e9taient jusqu\u2019alors les principaux moteurs de croissance de la ville, <strong>commenc\u00e8rent \u00e0 r\u00e9gresser de fa\u00e7on irr\u00e9versible<\/strong>, finissant par provoquer la disparition de certaines des entreprises les plus embl\u00e9matiques de l\u2019industrie.<\/p>\n<p>&nbsp;<\/p>\n<p>Cette crise \u00e9conomique et sociale <strong>obligea les institutions basques \u00e0 \u00e9laborer un programme pour garantir le futur de la ville<\/strong>: faire de Bilbao une capitale touristique et commerciale de premier ordre en Europe.<\/p>\n<p>&nbsp;<\/p>\n<p>Pour cela<strong>, les administrations publiques<\/strong> \u2013en collaboration avec des architectes de prestige international\u2013 <strong>investirent dans l\u2019am\u00e9lioration des infrastructures <\/strong>et encourag\u00e8rent d\u2019ambitieux projets urbanistiques qui permirent de revitaliser compl\u00e8tement la ria et de donner un nouveau souffle aux espaces autrefois r\u00e9serv\u00e9s \u00e0 un usage industriel. <strong>Ces interventions jet\u00e8rent les bases de la ville contemporaine<\/strong>, moderne et cosmopolite fa\u00e7onn\u00e9e \u00e0 partir des derni\u00e8res tendances artistiques et architectoniques.<\/p>\n<p>&nbsp;<\/p>\n<p>La tour Iberdrola, l\u2019Alh\u00f3ndiga de Bilbao, le palais Euskalduna, la biblioth\u00e8que de l\u2019universit\u00e9 de Deusto et le parc d\u2019Abandoibarra sont certaines des constructions qui sont devenues de v\u00e9ritables monuments de Bilbao.<\/p>\n<p>&nbsp;<\/p>\n<p><img decoding=\"async\" class=\"aligncenter size-full wp-image-3342\" src=\"https:\/\/qa-dosde.qamoon.es\/wp-content\/uploads\/2018\/07\/05_el-nuevo-bilbao-dosde-publishing.jpg\" alt=\"\" \/><\/p>\n<h2>Portugalete\u00a0et Getxo<\/h2>\n<p>La r\u00e9gion m\u00e9tropolitaine de Bilbao s\u2019\u00e9tend actuellement jusqu\u2019\u00e0 l\u2019embouchure du Nervion, o\u00f9 se trouvent Portugalete et Getxo, deux localit\u00e9s situ\u00e9es respectivement sur la rive gauche et droite.<\/p>\n<p>&nbsp;<\/p>\n<p>\u00c9tant donn\u00e9 leur localisation c\u00f4ti\u00e8re, d\u00e8s le milieu du XIXe si\u00e8cle, aussi bien Portugalete que Getxo connurent <strong>un nouveau souffle en tant que lieux de vill\u00e9giatures<\/strong>, attirant alors des membres notables de l\u2019aristocratie espagnole et de la haute bourgeoisie enrichie avec l\u2019industrialisation de Bilbao. Durant ces ann\u00e9es de gloire \u00e9conomique, les deux localit\u00e9s assist\u00e8rent \u00e0 la <strong>cr\u00e9ation de luxueuses stations thermales et d\u2019h\u00f4tels particuliers<\/strong> destin\u00e9s \u00e0 accueillir les grandes fortunes qui souhaitaient profiter de la mer et respirer l\u2019air pur de cette partie de la ria.<\/p>\n<p>&nbsp;<\/p>\n<p><strong>Portugalete et Getxo ont r\u00e9ussi \u00e0 conserver encore aujourd\u2019hui leur statut de centres touristiques <\/strong>de premier niveau gr\u00e2ce \u00e0 leur emplacement privil\u00e9gi\u00e9 et \u00e0 leur grande offre culturelle et de loisirs, certainement l\u2019une des plus int\u00e9ressantes du d\u00e9nomm\u00e9 Grand Bilbao.<\/p>\n<p>&nbsp;<\/p>\n<p><img decoding=\"async\" class=\"aligncenter size-full wp-image-3343\" src=\"https:\/\/qa-dosde.qamoon.es\/wp-content\/uploads\/2018\/07\/06_portugalete-getxo-dosde-publishing.jpg\" alt=\"\" \/><\/p>\n<h2>Le livre sur\u00a0Bilbao pour explorer toute la\u00a0ville<\/h2>\n<p>Caracterizada por su constante evoluci\u00f3n y modernizaci\u00f3n,\u00a0<strong>Bilbao se ha convertido en una de las ciudades m\u00e1s din\u00e1micas de Europa<\/strong>. Tras destacar como puerto mercantil y centro industrial, hoy Bilbao se ha consolidado como una ciudad emprendedora y din\u00e1mica, donde la arquitectura ha adquirido un relevante papel.<\/p>\n<p>&nbsp;<\/p>\n<p><strong>Ce <\/strong><a href=\"https:\/\/www.dosde.com\/fr\/bilbao-ville-constante-evolution-photo.html\">livre de photos de Bilbao<\/a><strong>\u00a0<\/strong>propose <strong>d\u2019explorer visuellement la ville \u00e0 travers d\u2019incroyables photos, des informations d\u00e9taill\u00e9es et d\u2019autres curiosit\u00e9s sur <\/strong>ses lieux les plus embl\u00e9matiques.<\/p>\n<p>&nbsp;<\/p>\n<p>\u00c9dit\u00e9 dans un format maniable et compact, ce livre de photos de\u00a0<a href=\"https:\/\/www.dosde.com\/fr\/\">Dosde<\/a>\u00a0pr\u00e9sente une ville qui a acquis une grande reconnaissance mondiale. Le livre compl\u00e8te la collection de <a href=\"https:\/\/www.dosde.com\/fr\/livres\/bilbao.html\">livres sur Bilbao<\/a> publi\u00e9s par la maison d\u2019\u00e9dition.<\/p>\n<p><a href=\"https:\/\/www.dosde.com\/fr\/bilbao-ville-constante-evolution-photo.html\"><img decoding=\"async\" class=\"aligncenter size-full wp-image-3405\" src=\"https:\/\/qa-dosde.qamoon.es\/wp-content\/uploads\/2018\/07\/couverture-bilbao-photo-edition-livre-francais-dosde-publishing_978-84-9103-122-2_35-016-02_B07.jpg\" alt=\"\" \/><\/a><\/p>\n","protected":false},"excerpt":{"rendered":"Bilbao, une ville en constante \u00e9volution La ville la plus importante du Pays basque s\u2019est toujours d\u00e9marqu\u00e9e par son esprit d\u2019entreprise. D\u2019abord port de commerce et centre industriel, elle s\u2019est peu \u00e0 peu consolid\u00e9e comme l\u2019une des villes les plus attractives d\u2019Europe gr\u00e2ce \u00e0 un processus de changement qui lui a permis de devenir un &#8230; <a title=\"Bilbao\" class=\"read-more\" href=\"https:\/\/pre.dosde.com\/fr\/bilbao\/\" aria-label=\"En savoir plus sur Bilbao\">Lire la suite<\/a>","protected":false},"author":1,"featured_media":3347,"comment_status":"open","ping_status":"open","sticky":false,"template":"","format":"standard","meta":{"_acf_changed":false,"footnotes":""},"categories":[65],"tags":[],"class_list":["post-3403","post","type-post","status-publish","format-standard","has-post-thumbnail","hentry","category-bilbao"],"acf":[],"yoast_head":"<!-- This site is optimized with the Yoast SEO plugin v28.3 - https:\/\/yoast.com\/product\/yoast-seo-wordpress\/ -->\n<title>Bilbao - Dosde<\/title>\n<meta name=\"robots\" content=\"noindex, follow, max-snippet:-1, max-image-preview:large, max-video-preview:-1\" \/>\n<meta property=\"og:locale\" content=\"fr_FR\" \/>\n<meta property=\"og:type\" content=\"article\" \/>\n<meta property=\"og:title\" content=\"Bilbao - Dosde\" \/>\n<meta property=\"og:description\" content=\"Bilbao, une ville en constante \u00e9volution La ville la plus importante du Pays basque s\u2019est toujours d\u00e9marqu\u00e9e par son esprit d\u2019entreprise. D\u2019abord port de commerce et centre industriel, elle s\u2019est peu \u00e0 peu consolid\u00e9e comme l\u2019une des villes les plus attractives d\u2019Europe gr\u00e2ce \u00e0 un processus de changement qui lui a permis de devenir un ... Lire la suite\" \/>\n<meta property=\"og:url\" content=\"https:\/\/pre.dosde.com\/fr\/bilbao\/\" \/>\n<meta property=\"og:site_name\" content=\"Dosde\" \/>\n<meta property=\"article:published_time\" content=\"2018-07-23T09:53:48+00:00\" \/>\n<meta property=\"article:modified_time\" content=\"2026-08-11T07:59:04+00:00\" \/>\n<meta name=\"author\" content=\"seocom\" \/>\n<meta name=\"twitter:card\" content=\"summary_large_image\" \/>\n<meta name=\"twitter:label1\" content=\"\u00c9crit par\" \/>\n\t<meta name=\"twitter:data1\" content=\"seocom\" \/>\n\t<meta name=\"twitter:label2\" content=\"Dur\u00e9e de lecture estim\u00e9e\" \/>\n\t<meta name=\"twitter:data2\" content=\"8 minutes\" \/>\n<script type=\"application\/ld+json\" class=\"yoast-schema-graph\">{\"@context\":\"https:\\\/\\\/schema.org\",\"@graph\":[{\"@type\":\"Article\",\"@id\":\"https:\\\/\\\/pre.dosde.com\\\/fr\\\/bilbao\\\/#article\",\"isPartOf\":{\"@id\":\"https:\\\/\\\/pre.dosde.com\\\/fr\\\/bilbao\\\/\"},\"author\":{\"name\":\"seocom\",\"@id\":\"https:\\\/\\\/pre.dosde.com\\\/fr\\\/#\\\/schema\\\/person\\\/9d33726ab714fecb297e38b515472088\"},\"headline\":\"Bilbao\",\"datePublished\":\"2018-07-23T09:53:48+00:00\",\"dateModified\":\"2026-08-11T07:59:04+00:00\",\"mainEntityOfPage\":{\"@id\":\"https:\\\/\\\/pre.dosde.com\\\/fr\\\/bilbao\\\/\"},\"wordCount\":1585,\"commentCount\":0,\"publisher\":{\"@id\":\"https:\\\/\\\/pre.dosde.com\\\/fr\\\/#organization\"},\"image\":{\"@id\":\"https:\\\/\\\/pre.dosde.com\\\/fr\\\/bilbao\\\/#primaryimage\"},\"thumbnailUrl\":\"\",\"articleSection\":[\"Bilbao\"],\"inLanguage\":\"fr-FR\",\"potentialAction\":[{\"@type\":\"CommentAction\",\"name\":\"Comment\",\"target\":[\"https:\\\/\\\/pre.dosde.com\\\/fr\\\/bilbao\\\/#respond\"]}]},{\"@type\":\"WebPage\",\"@id\":\"https:\\\/\\\/pre.dosde.com\\\/fr\\\/bilbao\\\/\",\"url\":\"https:\\\/\\\/pre.dosde.com\\\/fr\\\/bilbao\\\/\",\"name\":\"Bilbao - Dosde\",\"isPartOf\":{\"@id\":\"https:\\\/\\\/pre.dosde.com\\\/fr\\\/#website\"},\"primaryImageOfPage\":{\"@id\":\"https:\\\/\\\/pre.dosde.com\\\/fr\\\/bilbao\\\/#primaryimage\"},\"image\":{\"@id\":\"https:\\\/\\\/pre.dosde.com\\\/fr\\\/bilbao\\\/#primaryimage\"},\"thumbnailUrl\":\"\",\"datePublished\":\"2018-07-23T09:53:48+00:00\",\"dateModified\":\"2026-08-11T07:59:04+00:00\",\"breadcrumb\":{\"@id\":\"https:\\\/\\\/pre.dosde.com\\\/fr\\\/bilbao\\\/#breadcrumb\"},\"inLanguage\":\"fr-FR\",\"potentialAction\":[{\"@type\":\"ReadAction\",\"target\":[\"https:\\\/\\\/pre.dosde.com\\\/fr\\\/bilbao\\\/\"]}]},{\"@type\":\"ImageObject\",\"inLanguage\":\"fr-FR\",\"@id\":\"https:\\\/\\\/pre.dosde.com\\\/fr\\\/bilbao\\\/#primaryimage\",\"url\":\"\",\"contentUrl\":\"\"},{\"@type\":\"BreadcrumbList\",\"@id\":\"https:\\\/\\\/pre.dosde.com\\\/fr\\\/bilbao\\\/#breadcrumb\",\"itemListElement\":[{\"@type\":\"ListItem\",\"position\":1,\"name\":\"Home\",\"item\":\"https:\\\/\\\/pre.dosde.com\\\/fr\\\/\"},{\"@type\":\"ListItem\",\"position\":2,\"name\":\"Bilbao\"}]},{\"@type\":\"WebSite\",\"@id\":\"https:\\\/\\\/pre.dosde.com\\\/fr\\\/#website\",\"url\":\"https:\\\/\\\/pre.dosde.com\\\/fr\\\/\",\"name\":\"Dosde\",\"description\":\"\",\"publisher\":{\"@id\":\"https:\\\/\\\/pre.dosde.com\\\/fr\\\/#organization\"},\"potentialAction\":[{\"@type\":\"SearchAction\",\"target\":{\"@type\":\"EntryPoint\",\"urlTemplate\":\"https:\\\/\\\/pre.dosde.com\\\/fr\\\/?s={search_term_string}\"},\"query-input\":{\"@type\":\"PropertyValueSpecification\",\"valueRequired\":true,\"valueName\":\"search_term_string\"}}],\"inLanguage\":\"fr-FR\"},{\"@type\":\"Organization\",\"@id\":\"https:\\\/\\\/pre.dosde.com\\\/fr\\\/#organization\",\"name\":\"Dosde\",\"url\":\"https:\\\/\\\/pre.dosde.com\\\/fr\\\/\",\"logo\":{\"@type\":\"ImageObject\",\"inLanguage\":\"fr-FR\",\"@id\":\"https:\\\/\\\/pre.dosde.com\\\/fr\\\/#\\\/schema\\\/logo\\\/image\\\/\",\"url\":\"https:\\\/\\\/pre.dosde.com\\\/wp-content\\\/uploads\\\/2026\\\/06\\\/Logo.webp\",\"contentUrl\":\"https:\\\/\\\/pre.dosde.com\\\/wp-content\\\/uploads\\\/2026\\\/06\\\/Logo.webp\",\"width\":248,\"height\":80,\"caption\":\"Dosde\"},\"image\":{\"@id\":\"https:\\\/\\\/pre.dosde.com\\\/fr\\\/#\\\/schema\\\/logo\\\/image\\\/\"}},{\"@type\":\"Person\",\"@id\":\"https:\\\/\\\/pre.dosde.com\\\/fr\\\/#\\\/schema\\\/person\\\/9d33726ab714fecb297e38b515472088\",\"name\":\"seocom\",\"image\":{\"@type\":\"ImageObject\",\"inLanguage\":\"fr-FR\",\"@id\":\"https:\\\/\\\/secure.gravatar.com\\\/avatar\\\/741433ce07ba5c431e994c0ec0272d414a5d1a9dafeb02666111e6f2eb1c0ed2?s=96&d=mm&r=g\",\"url\":\"https:\\\/\\\/secure.gravatar.com\\\/avatar\\\/741433ce07ba5c431e994c0ec0272d414a5d1a9dafeb02666111e6f2eb1c0ed2?s=96&d=mm&r=g\",\"contentUrl\":\"https:\\\/\\\/secure.gravatar.com\\\/avatar\\\/741433ce07ba5c431e994c0ec0272d414a5d1a9dafeb02666111e6f2eb1c0ed2?s=96&d=mm&r=g\",\"caption\":\"seocom\"},\"sameAs\":[\"http:\\\/\\\/qa-dosde.qamoon.es\"],\"url\":\"https:\\\/\\\/pre.dosde.com\\\/fr\\\/author\\\/seocom\\\/\"}]}<\/script>\n<!-- \/ Yoast SEO plugin. -->","yoast_head_json":{"title":"Bilbao - Dosde","robots":{"index":"noindex","follow":"follow","max-snippet":"max-snippet:-1","max-image-preview":"max-image-preview:large","max-video-preview":"max-video-preview:-1"},"og_locale":"fr_FR","og_type":"article","og_title":"Bilbao - Dosde","og_description":"Bilbao, une ville en constante \u00e9volution La ville la plus importante du Pays basque s\u2019est toujours d\u00e9marqu\u00e9e par son esprit d\u2019entreprise. D\u2019abord port de commerce et centre industriel, elle s\u2019est peu \u00e0 peu consolid\u00e9e comme l\u2019une des villes les plus attractives d\u2019Europe gr\u00e2ce \u00e0 un processus de changement qui lui a permis de devenir un ... Lire la suite","og_url":"https:\/\/pre.dosde.com\/fr\/bilbao\/","og_site_name":"Dosde","article_published_time":"2018-07-23T09:53:48+00:00","article_modified_time":"2026-08-11T07:59:04+00:00","author":"seocom","twitter_card":"summary_large_image","twitter_misc":{"\u00c9crit par":"seocom","Dur\u00e9e de lecture estim\u00e9e":"8 minutes"},"schema":{"@context":"https:\/\/schema.org","@graph":[{"@type":"Article","@id":"https:\/\/pre.dosde.com\/fr\/bilbao\/#article","isPartOf":{"@id":"https:\/\/pre.dosde.com\/fr\/bilbao\/"},"author":{"name":"seocom","@id":"https:\/\/pre.dosde.com\/fr\/#\/schema\/person\/9d33726ab714fecb297e38b515472088"},"headline":"Bilbao","datePublished":"2018-07-23T09:53:48+00:00","dateModified":"2026-08-11T07:59:04+00:00","mainEntityOfPage":{"@id":"https:\/\/pre.dosde.com\/fr\/bilbao\/"},"wordCount":1585,"commentCount":0,"publisher":{"@id":"https:\/\/pre.dosde.com\/fr\/#organization"},"image":{"@id":"https:\/\/pre.dosde.com\/fr\/bilbao\/#primaryimage"},"thumbnailUrl":"","articleSection":["Bilbao"],"inLanguage":"fr-FR","potentialAction":[{"@type":"CommentAction","name":"Comment","target":["https:\/\/pre.dosde.com\/fr\/bilbao\/#respond"]}]},{"@type":"WebPage","@id":"https:\/\/pre.dosde.com\/fr\/bilbao\/","url":"https:\/\/pre.dosde.com\/fr\/bilbao\/","name":"Bilbao - Dosde","isPartOf":{"@id":"https:\/\/pre.dosde.com\/fr\/#website"},"primaryImageOfPage":{"@id":"https:\/\/pre.dosde.com\/fr\/bilbao\/#primaryimage"},"image":{"@id":"https:\/\/pre.dosde.com\/fr\/bilbao\/#primaryimage"},"thumbnailUrl":"","datePublished":"2018-07-23T09:53:48+00:00","dateModified":"2026-08-11T07:59:04+00:00","breadcrumb":{"@id":"https:\/\/pre.dosde.com\/fr\/bilbao\/#breadcrumb"},"inLanguage":"fr-FR","potentialAction":[{"@type":"ReadAction","target":["https:\/\/pre.dosde.com\/fr\/bilbao\/"]}]},{"@type":"ImageObject","inLanguage":"fr-FR","@id":"https:\/\/pre.dosde.com\/fr\/bilbao\/#primaryimage","url":"","contentUrl":""},{"@type":"BreadcrumbList","@id":"https:\/\/pre.dosde.com\/fr\/bilbao\/#breadcrumb","itemListElement":[{"@type":"ListItem","position":1,"name":"Home","item":"https:\/\/pre.dosde.com\/fr\/"},{"@type":"ListItem","position":2,"name":"Bilbao"}]},{"@type":"WebSite","@id":"https:\/\/pre.dosde.com\/fr\/#website","url":"https:\/\/pre.dosde.com\/fr\/","name":"Dosde","description":"","publisher":{"@id":"https:\/\/pre.dosde.com\/fr\/#organization"},"potentialAction":[{"@type":"SearchAction","target":{"@type":"EntryPoint","urlTemplate":"https:\/\/pre.dosde.com\/fr\/?s={search_term_string}"},"query-input":{"@type":"PropertyValueSpecification","valueRequired":true,"valueName":"search_term_string"}}],"inLanguage":"fr-FR"},{"@type":"Organization","@id":"https:\/\/pre.dosde.com\/fr\/#organization","name":"Dosde","url":"https:\/\/pre.dosde.com\/fr\/","logo":{"@type":"ImageObject","inLanguage":"fr-FR","@id":"https:\/\/pre.dosde.com\/fr\/#\/schema\/logo\/image\/","url":"https:\/\/pre.dosde.com\/wp-content\/uploads\/2026\/06\/Logo.webp","contentUrl":"https:\/\/pre.dosde.com\/wp-content\/uploads\/2026\/06\/Logo.webp","width":248,"height":80,"caption":"Dosde"},"image":{"@id":"https:\/\/pre.dosde.com\/fr\/#\/schema\/logo\/image\/"}},{"@type":"Person","@id":"https:\/\/pre.dosde.com\/fr\/#\/schema\/person\/9d33726ab714fecb297e38b515472088","name":"seocom","image":{"@type":"ImageObject","inLanguage":"fr-FR","@id":"https:\/\/secure.gravatar.com\/avatar\/741433ce07ba5c431e994c0ec0272d414a5d1a9dafeb02666111e6f2eb1c0ed2?s=96&d=mm&r=g","url":"https:\/\/secure.gravatar.com\/avatar\/741433ce07ba5c431e994c0ec0272d414a5d1a9dafeb02666111e6f2eb1c0ed2?s=96&d=mm&r=g","contentUrl":"https:\/\/secure.gravatar.com\/avatar\/741433ce07ba5c431e994c0ec0272d414a5d1a9dafeb02666111e6f2eb1c0ed2?s=96&d=mm&r=g","caption":"seocom"},"sameAs":["http:\/\/qa-dosde.qamoon.es"],"url":"https:\/\/pre.dosde.com\/fr\/author\/seocom\/"}]}},"_links":{"self":[{"href":"https:\/\/pre.dosde.com\/fr\/wp-json\/wp\/v2\/posts\/3403","targetHints":{"allow":["GET"]}}],"collection":[{"href":"https:\/\/pre.dosde.com\/fr\/wp-json\/wp\/v2\/posts"}],"about":[{"href":"https:\/\/pre.dosde.com\/fr\/wp-json\/wp\/v2\/types\/post"}],"author":[{"embeddable":true,"href":"https:\/\/pre.dosde.com\/fr\/wp-json\/wp\/v2\/users\/1"}],"replies":[{"embeddable":true,"href":"https:\/\/pre.dosde.com\/fr\/wp-json\/wp\/v2\/comments?post=3403"}],"version-history":[{"count":1,"href":"https:\/\/pre.dosde.com\/fr\/wp-json\/wp\/v2\/posts\/3403\/revisions"}],"predecessor-version":[{"id":3605,"href":"https:\/\/pre.dosde.com\/fr\/wp-json\/wp\/v2\/posts\/3403\/revisions\/3605"}],"wp:attachment":[{"href":"https:\/\/pre.dosde.com\/fr\/wp-json\/wp\/v2\/media?parent=3403"}],"wp:term":[{"taxonomy":"category","embeddable":true,"href":"https:\/\/pre.dosde.com\/fr\/wp-json\/wp\/v2\/categories?post=3403"},{"taxonomy":"post_tag","embeddable":true,"href":"https:\/\/pre.dosde.com\/fr\/wp-json\/wp\/v2\/tags?post=3403"}],"curies":[{"name":"wp","href":"https:\/\/api.w.org\/{rel}","templated":true}]}}