{"id":3419,"date":"2018-07-23T09:53:45","date_gmt":"2018-07-23T09:53:45","guid":{"rendered":"https:\/\/www.dosde.com\/discover\/?p=3419\/"},"modified":"2026-08-11T07:58:26","modified_gmt":"2026-08-11T07:58:26","slug":"cathedrale-de-seville","status":"publish","type":"post","link":"https:\/\/pre.dosde.com\/fr\/cathedrale-de-seville\/","title":{"rendered":"Cath\u00e9drale de S\u00e9ville"},"content":{"rendered":"<h2><strong>Cath\u00e9drale de S\u00e9ville, un symbole de la ville<\/strong><\/h2>\n<p>Inscrite au patrimoine mondial de l\u2019Unesco, <strong>la cath\u00e9drale de S\u00e9ville est l\u2019un des ensembles architectoniques les plus admir\u00e9s au monde<\/strong>. Son importance se refl\u00e8te tant au niveau de ses dimensions monumentales qu\u2019\u00e0 travers ses riches tr\u00e9sors artistiques, h\u00e9rit\u00e9s du lourd pass\u00e9 historique du temple.<\/p>\n<h2><strong>Histoire de la cath\u00e9drale de S\u00e9ville<\/strong><\/h2>\n<p>En 1147, S\u00e9ville, qui \u00e9tait depuis plus de quatre si\u00e8cles sous la domination musulmane, <strong>passa sous le contr\u00f4le de la dynastie almohade<\/strong>, originaire d\u2019Afrique du Nord, qui encouragea l\u2019amorce d\u2019une \u00e9tape dor\u00e9e pour la ville, notamment en mati\u00e8re d\u2019architecture.<\/p>\n<p>&nbsp;<\/p>\n<p>L\u2019un des projets les plus ambitieux r\u00e9alis\u00e9s \u00e0 cette \u00e9poque fut <strong>la construction d\u2019une grande mosqu\u00e9e <\/strong>sur des terrains annexes aux murailles de l\u2019Alcazar, la forteresse dans laquelle vivaient les gouverneurs\u00a0 musulmans. Inaugur\u00e9 \u00e0 la fin du XIIe si\u00e8cle, <strong>le temple fut l\u2019un des plus imposants de la p\u00e9ninsule Ib\u00e9rique<\/strong>, avec des dimensions conformes \u00e0 l\u2019importance qu\u2019avait acquise S\u00e9ville durant le mandat des Almohades.<\/p>\n<p>&nbsp;<\/p>\n<p>Lorsque les troupes du royaume de Castille conquirent la ville en 1248, la mosqu\u00e9e fut \u00e9pargn\u00e9e puisque les autorit\u00e9s chr\u00e9tiennes d\u00e9cid\u00e8rent d\u2019en faire la cath\u00e9drale de l\u2019archev\u00each\u00e9 de S\u00e9ville. Objet de l\u00e9g\u00e8res modifications, comme l\u2019ajout d\u2019une chapelle royale, l\u2019\u00e9difice s\u2019adapta facilement \u00e0 sa nouvelle fonction mais finit par se d\u00e9t\u00e9riorer avec le temps.<\/p>\n<p>&nbsp;<\/p>\n<p>C\u2019est la raison pour laquelle, au d\u00e9but du<strong> XVe si\u00e8cle, ses responsables propos\u00e8rent de la remplacer par une nouvelle cath\u00e9drale de style gothique<\/strong> qui, une fois termin\u00e9e, deviendrait le principal symbole du d\u00e9veloppement religieux, artistique et \u00e9conomique de la ville.<\/p>\n<p>&nbsp;<\/p>\n<p><img decoding=\"async\" class=\"aligncenter size-full wp-image-3331\" src=\"https:\/\/qa-dosde.qamoon.es\/wp-content\/uploads\/2018\/07\/01_historia-de-la-catedral-de-sevilla-dosde-publishing.jpg\" alt=\"\" \/><\/p>\n<h2><strong>Le\u00a0style de la cath\u00e9drale de S\u00e9ville<\/strong><\/h2>\n<p>L\u2019ensemble correspondant \u00e0 la cath\u00e9drale de S\u00e9ville r\u00e9pond \u00e0 l\u2019id\u00e9e de monumentalit\u00e9 qui servit de base au projet gothique. <strong>La nouvelle cath\u00e9drale<\/strong> d\u00e9passa toutes les attentes puisqu\u2019elle finit par <strong>devenir la plus grande \u00e9glise gothique <\/strong>au monde, tout un exploit dans l\u2019histoire de l\u2019architecture qui se refl\u00e8te dans le surnom qui lui fut attribu\u00e9 : Magna Hispalensis, c\u2019est-\u00e0-dire \u00ab la grande de S\u00e9ville \u00bb.<\/p>\n<p>&nbsp;<\/p>\n<p>La cath\u00e9drale de S\u00e9ville <strong>pr\u00e9sente une structure peu habituelle dans l\u2019architecture gothique<\/strong>. \u00c9tant donn\u00e9 la volont\u00e9 d\u2019utiliser toute la surface de l\u2019ancienne mosqu\u00e9e, cela donna lieu \u00e0 un <strong>temple de plan rectangulaire <\/strong>d\u00e9pourvu du typique chevet avec tour pr\u00e9sent dans la plupart des cath\u00e9drales gothiques.<\/p>\n<p>&nbsp;<\/p>\n<p><strong>Au XVIe si\u00e8cle<\/strong>, l\u2019ensemble original de la cath\u00e9drale \u2013qui comprenait le temple gothique et divers vestiges de l\u2019\u00e9poque almohade, comme la cour des Orangers et la tour de la Giralda\u2013 <strong>int\u00e9gra une s\u00e9rie de d\u00e9pendances de style Renaissance<\/strong>, dont la chapelle royale, les pi\u00e8ces capitulaires et les sacristies.<\/p>\n<p>&nbsp;<\/p>\n<p>L\u2019enceinte connut une nouvelle transformation <strong>au XVIIe si\u00e8cle avec la cr\u00e9ation de l\u2019\u00e9glise du Sanctuaire, de style baroque<\/strong>, et entre le XVIIIe et le XXe si\u00e8cle, le pavillon n\u00e9oclassique qui abrite aujourd\u2019hui les bureaux et le mus\u00e9e fut \u00e9difi\u00e9.<\/p>\n<p>&nbsp;<\/p>\n<p><a href=\"https:\/\/www.dosde.com\/fr\/livres\/seville.html\"><img decoding=\"async\" class=\"aligncenter size-full wp-image-3641\" src=\"https:\/\/qa-dosde.qamoon.es\/wp-content\/uploads\/2017\/02\/Boton-descubrir-mas-FR.png\" alt=\"\" \/><\/a><\/p>\n<p>&nbsp;<\/p>\n<p>&nbsp;<\/p>\n<p><img decoding=\"async\" class=\"aligncenter size-full wp-image-3332\" src=\"https:\/\/qa-dosde.qamoon.es\/wp-content\/uploads\/2018\/07\/02_el-estilo-de-la-catedral-de-sevilla-dosde-publishing.jpg\" alt=\"\" \/><\/p>\n<h2><strong>La Giralda, symbole de S\u00e9ville<\/strong><\/h2>\n<p><strong>Devenue le principal symbole de S\u00e9ville<\/strong>, la tour-clocher situ\u00e9e dans l\u2019angle nord-est de la cath\u00e9drale \u00e9tait le minaret de la mosqu\u00e9e almohade, r\u00e9nov\u00e9 \u00e0 l\u2019\u00e9poque chr\u00e9tienne.<\/p>\n<p>&nbsp;<\/p>\n<p>La construction de la Giralda commen\u00e7a en 1184 sous la direction de l\u2019architecte Ahmad Ben Baso, qui se chargea uniquement des fondations en pierre, et se termina 14 ans plus tard avec Al\u00ed de Gomara, qui opta pour la brique massive. <strong>La tour s\u2019\u00e9levait alors \u00e0 82 m\u00e8tres<\/strong>, des dimensions qui en faisaient l\u2019\u00e9dification la plus haute d\u2019Europe\u2013 et elle \u00e9tait couronn\u00e9e d\u2019une coupole rev\u00eatue d\u2019azulejos et de quatre sph\u00e8res dor\u00e9es.<\/p>\n<p>&nbsp;<\/p>\n<p>En 1356, <strong>un tremblement de terre provoqua l\u2019effondrement de la coupole et, \u00e0 sa place, un simple clocher fut construit<\/strong>. Cette structure aust\u00e8re \u00f4tait de la valeur visuelle \u00e0 la tour, si bien qu\u2019en 1558 les responsables de la cath\u00e9drale d\u00e9cid\u00e8rent de la remplacer par une construction de style Renaissance plus monumentale, qui permit de renforcer le profil stylis\u00e9 de la Giralda <strong>en associant de fa\u00e7on harmonieuse l\u2019architecture musulmane et chr\u00e9tienne<\/strong>.<\/p>\n<p>&nbsp;<\/p>\n<p><img decoding=\"async\" class=\"aligncenter size-full wp-image-3333\" src=\"https:\/\/qa-dosde.qamoon.es\/wp-content\/uploads\/2018\/07\/03_la-giralda-catedral-de-sevilla-dosde-publishing.jpg\" alt=\"\" \/><\/p>\n<h2><strong>L&rsquo;ext\u00e9riur de la cath\u00e9drale de S\u00e9ville<\/strong><\/h2>\n<p>Devenue le centre de l\u2019activit\u00e9 religieuse, \u00e9conomique et sociale de S\u00e9ville, la cath\u00e9drale \u00e9tait reli\u00e9e \u00e0 son environnement ext\u00e9rieur par le biais des portes situ\u00e9es sur ses quatre fa\u00e7ades.<\/p>\n<p>&nbsp;<\/p>\n<p><strong>La plus ancienne porte de l\u2019ensemble de la cath\u00e9drale est celle du Pardon<\/strong>, qui se situe sur la fa\u00e7ade nord et qui correspond \u00e0 l\u2019ancienne entr\u00e9e principale de la mosqu\u00e9e almohade. <strong>Les portes du Bapt\u00eame et de saint Michel, sur la fa\u00e7ade occidentale, sont des \u0153uvres gothiques du XVe si\u00e8cle<\/strong>, tandis que la porte de la Clochette et celle des B\u00e2tons, situ\u00e9es au niveau du chevet, furent termin\u00e9es au XVIe si\u00e8cle.<\/p>\n<p>&nbsp;<\/p>\n<p>Les deux portes du transept \u2013celle du Prince, situ\u00e9e c\u00f4t\u00e9 sud, et celle de la Conception, c\u00f4t\u00e9 nord\u2013 furent achev\u00e9es fin XIXe d\u00e9but XXe, en m\u00eame temps que l\u2019entr\u00e9e centrale de la fa\u00e7ade occidentale, plus connue comme <strong>la porte de l\u2019Assomption<\/strong>. Ce porte <strong>s&rsquo;ouvre uniquement pour les grandes occasions<\/strong>, notamment au d\u00e9but des ann\u00e9es jubilaires ou pour recevoir les nouveaux archev\u00eaques.<\/p>\n<p>&nbsp;<\/p>\n<p>Malgr\u00e9 son importance, la porte ne fut achev\u00e9e qu\u2019en 1831, dans le style n\u00e9ogothique. Sa d\u00e9coration sculpturale fut r\u00e9alis\u00e9e plus d\u2019un demi-si\u00e8cle plus tard par Ricardo Bellver, dans le cadre d\u2019une r\u00e9novation qui se prolongea jusqu\u2019en 1898.<\/p>\n<p>&nbsp;<\/p>\n<p><img decoding=\"async\" class=\"aligncenter size-full wp-image-3334\" src=\"https:\/\/qa-dosde.qamoon.es\/wp-content\/uploads\/2018\/07\/04_el-exterior-de-la-catedral-de-sevilla-dosde-publishing.jpg\" alt=\"\" \/><\/p>\n<h2><strong>L&rsquo;int\u00e9rieur de la cath\u00e9drale de S\u00e9ville<\/strong><\/h2>\n<p>L\u2019ext\u00e9rieur grandiose de la cath\u00e9drale correspond \u00e0 son int\u00e9rieur, con\u00e7u comme un grand salon rectangulaire. <strong>L\u2019organisation de l\u2019enceinte sacr\u00e9e fut conditionn\u00e9e par la structure de la mosqu\u00e9e almohade<\/strong>. Selon le chapitre, le nouveau temple gothique devait occuper tout le p\u00e9rim\u00e8tre de l\u2019\u00e9dification d\u2019origine musulmane, de sorte qu\u2019il fallut chercher une solution qui permettait de contenir tous les \u00e9l\u00e9ments li\u00e9s \u00e0 l\u2019activit\u00e9 de la cath\u00e9drale dans la grande surface disponible.<\/p>\n<p>&nbsp;<\/p>\n<p>\u00c0 cet effet, le plan rectangulaire de l\u2019ancienne mosqu\u00e9e fut divis\u00e9 en cinq nefs longitudinales de neuf tron\u00e7ons, auxquelles vinrent s\u2019ajouter deux rang\u00e9es de chapelles sur les c\u00f4t\u00e9s. <strong>Cette organisation \u2013peu habituelle<\/strong> dans les cath\u00e9drales m\u00e9di\u00e9vales de la p\u00e9ninsule Ib\u00e9rique, o\u00f9 pr\u00e9domine la typologie en forme de croix latine \u00e0 trois nefs\u2013 <strong>g\u00e9n\u00e9ra un cadre unifi\u00e9 et compact<\/strong>, conforme \u00e0 l\u2019id\u00e9e du temple en tant que repr\u00e9sentation du paradis c\u00e9leste, et garantit en m\u00eame temps le bon d\u00e9roulement des rites religieux.<\/p>\n<p>&nbsp;<\/p>\n<p><strong>L\u2019\u00e9quilibre de l\u2019architecture gothique et l\u2019abondance d\u2019\u00e9l\u00e9ments d\u00e9coratifs <\/strong>conf\u00e8rent un aspect solennel \u00e0 l\u2019int\u00e9rieur de la cath\u00e9drale, dont l\u2019organisation ob\u00e9it \u00e0 un minutieux programme symbolique. <strong>La grande chapelle,<\/strong> qui abrite le<strong> plus grand retable du monde chr\u00e9tien,<\/strong> et le ch\u0153ur, form\u00e9 de 117\u00a0stalles sculpt\u00e9es en bois entre les XV<sup>e<\/sup> et XVI<sup>e<\/sup> si\u00e8cles, constituent l\u2019\u00e9picentre symbolique de la cath\u00e9drale de S\u00e9ville.<\/p>\n<p>&nbsp;<\/p>\n<p><img decoding=\"async\" class=\"aligncenter size-full wp-image-3335\" src=\"https:\/\/qa-dosde.qamoon.es\/wp-content\/uploads\/2018\/07\/05_el-interior-de-la-catedral-de-sevilla-dosde-publishing.jpg\" alt=\"\" \/><\/p>\n<h2><strong>Le livre de la cath\u00e9drale de\u00a0S\u00e9ville, d\u00e9couvrez l&rsquo;\u0153uvre\u00a0dans son int\u00e9gralite<\/strong><\/h2>\n<p>Cet <a href=\"https:\/\/www.dosde.com\/fr\/cathedrale-de-seville-guide-visuelle.html\"><strong>ouvrage sur la cath\u00e9drale de S\u00e9ville<\/strong><\/a>\u00a0permet de s\u2019aventurer dans chaque espace du temple et de conna\u00eetre ainsi en d\u00e9tail son histoire et son architecture. Ses pages incluent de nombreuses photos, des illustrations 3D exclusives, des informations rigoureuses et une multitude de donn\u00e9es et curiosit\u00e9s.<\/p>\n<p>&nbsp;<\/p>\n<p>Ce livre \u00e9dit\u00e9 par\u00a0<a href=\"https:\/\/www.dosde.com\/fr\/\">Dosde<\/a> dans un format compact et maniable compl\u00e8te la collection de <a href=\"https:\/\/www.dosde.com\/fr\/livres\/seville.html\">livres sur S\u00e9ville<\/a> qui ont \u00e9t\u00e9 publi\u00e9s par la maison d\u2019\u00e9dition.<\/p>\n<p><a href=\"https:\/\/www.dosde.com\/fr\/cathedrale-de-seville-guide-visuelle.html\"><img loading=\"lazy\" decoding=\"async\" class=\"aligncenter wp-image-3422 size-full\" src=\"https:\/\/qa-dosde.qamoon.es\/wp-content\/uploads\/2018\/07\/cathedrale-de-seville-livre-francais-dosde-publishing_978-84-9103-131-4_20-019-02_B08.jpg\" alt=\"\" width=\"700\" height=\"388\" \/><\/a><\/p>\n","protected":false},"excerpt":{"rendered":"Cath\u00e9drale de S\u00e9ville, un symbole de la ville Inscrite au patrimoine mondial de l\u2019Unesco, la cath\u00e9drale de S\u00e9ville est l\u2019un des ensembles architectoniques les plus admir\u00e9s au monde. Son importance se refl\u00e8te tant au niveau de ses dimensions monumentales qu\u2019\u00e0 travers ses riches tr\u00e9sors artistiques, h\u00e9rit\u00e9s du lourd pass\u00e9 historique du temple. Histoire de la &#8230; <a title=\"Cath\u00e9drale de S\u00e9ville\" class=\"read-more\" href=\"https:\/\/pre.dosde.com\/fr\/cathedrale-de-seville\/\" aria-label=\"En savoir plus sur Cath\u00e9drale de S\u00e9ville\">Lire la suite<\/a>","protected":false},"author":1,"featured_media":3350,"comment_status":"open","ping_status":"open","sticky":false,"template":"","format":"standard","meta":{"_acf_changed":false,"footnotes":""},"categories":[70],"tags":[],"class_list":["post-3419","post","type-post","status-publish","format-standard","has-post-thumbnail","hentry","category-seville"],"acf":[],"yoast_head":"<!-- This site is optimized with the Yoast SEO plugin v28.3 - https:\/\/yoast.com\/product\/yoast-seo-wordpress\/ -->\n<title>Cath\u00e9drale de S\u00e9ville - Dosde<\/title>\n<meta name=\"robots\" content=\"noindex, follow, max-snippet:-1, max-image-preview:large, max-video-preview:-1\" \/>\n<meta property=\"og:locale\" content=\"fr_FR\" \/>\n<meta property=\"og:type\" content=\"article\" \/>\n<meta property=\"og:title\" content=\"Cath\u00e9drale de S\u00e9ville - Dosde\" \/>\n<meta property=\"og:description\" content=\"Cath\u00e9drale de S\u00e9ville, un symbole de la ville Inscrite au patrimoine mondial de l\u2019Unesco, la cath\u00e9drale de S\u00e9ville est l\u2019un des ensembles architectoniques les plus admir\u00e9s au monde. Son importance se refl\u00e8te tant au niveau de ses dimensions monumentales qu\u2019\u00e0 travers ses riches tr\u00e9sors artistiques, h\u00e9rit\u00e9s du lourd pass\u00e9 historique du temple. Histoire de la ... Lire la suite\" \/>\n<meta property=\"og:url\" content=\"https:\/\/pre.dosde.com\/fr\/cathedrale-de-seville\/\" \/>\n<meta property=\"og:site_name\" content=\"Dosde\" \/>\n<meta property=\"article:published_time\" content=\"2018-07-23T09:53:45+00:00\" \/>\n<meta property=\"article:modified_time\" content=\"2026-08-11T07:58:26+00:00\" \/>\n<meta name=\"author\" content=\"seocom\" \/>\n<meta name=\"twitter:card\" content=\"summary_large_image\" \/>\n<meta name=\"twitter:label1\" content=\"\u00c9crit par\" \/>\n\t<meta name=\"twitter:data1\" content=\"seocom\" \/>\n\t<meta name=\"twitter:label2\" content=\"Dur\u00e9e de lecture estim\u00e9e\" \/>\n\t<meta name=\"twitter:data2\" content=\"7 minutes\" \/>\n<script type=\"application\/ld+json\" class=\"yoast-schema-graph\">{\"@context\":\"https:\\\/\\\/schema.org\",\"@graph\":[{\"@type\":\"Article\",\"@id\":\"https:\\\/\\\/pre.dosde.com\\\/fr\\\/cathedrale-de-seville\\\/#article\",\"isPartOf\":{\"@id\":\"https:\\\/\\\/pre.dosde.com\\\/fr\\\/cathedrale-de-seville\\\/\"},\"author\":{\"name\":\"seocom\",\"@id\":\"https:\\\/\\\/pre.dosde.com\\\/fr\\\/#\\\/schema\\\/person\\\/9d33726ab714fecb297e38b515472088\"},\"headline\":\"Cath\u00e9drale de S\u00e9ville\",\"datePublished\":\"2018-07-23T09:53:45+00:00\",\"dateModified\":\"2026-08-11T07:58:26+00:00\",\"mainEntityOfPage\":{\"@id\":\"https:\\\/\\\/pre.dosde.com\\\/fr\\\/cathedrale-de-seville\\\/\"},\"wordCount\":1390,\"commentCount\":0,\"publisher\":{\"@id\":\"https:\\\/\\\/pre.dosde.com\\\/fr\\\/#organization\"},\"image\":{\"@id\":\"https:\\\/\\\/pre.dosde.com\\\/fr\\\/cathedrale-de-seville\\\/#primaryimage\"},\"thumbnailUrl\":\"\",\"articleSection\":[\"S\u00e9ville\"],\"inLanguage\":\"fr-FR\",\"potentialAction\":[{\"@type\":\"CommentAction\",\"name\":\"Comment\",\"target\":[\"https:\\\/\\\/pre.dosde.com\\\/fr\\\/cathedrale-de-seville\\\/#respond\"]}]},{\"@type\":\"WebPage\",\"@id\":\"https:\\\/\\\/pre.dosde.com\\\/fr\\\/cathedrale-de-seville\\\/\",\"url\":\"https:\\\/\\\/pre.dosde.com\\\/fr\\\/cathedrale-de-seville\\\/\",\"name\":\"Cath\u00e9drale de S\u00e9ville - Dosde\",\"isPartOf\":{\"@id\":\"https:\\\/\\\/pre.dosde.com\\\/fr\\\/#website\"},\"primaryImageOfPage\":{\"@id\":\"https:\\\/\\\/pre.dosde.com\\\/fr\\\/cathedrale-de-seville\\\/#primaryimage\"},\"image\":{\"@id\":\"https:\\\/\\\/pre.dosde.com\\\/fr\\\/cathedrale-de-seville\\\/#primaryimage\"},\"thumbnailUrl\":\"\",\"datePublished\":\"2018-07-23T09:53:45+00:00\",\"dateModified\":\"2026-08-11T07:58:26+00:00\",\"breadcrumb\":{\"@id\":\"https:\\\/\\\/pre.dosde.com\\\/fr\\\/cathedrale-de-seville\\\/#breadcrumb\"},\"inLanguage\":\"fr-FR\",\"potentialAction\":[{\"@type\":\"ReadAction\",\"target\":[\"https:\\\/\\\/pre.dosde.com\\\/fr\\\/cathedrale-de-seville\\\/\"]}]},{\"@type\":\"ImageObject\",\"inLanguage\":\"fr-FR\",\"@id\":\"https:\\\/\\\/pre.dosde.com\\\/fr\\\/cathedrale-de-seville\\\/#primaryimage\",\"url\":\"\",\"contentUrl\":\"\"},{\"@type\":\"BreadcrumbList\",\"@id\":\"https:\\\/\\\/pre.dosde.com\\\/fr\\\/cathedrale-de-seville\\\/#breadcrumb\",\"itemListElement\":[{\"@type\":\"ListItem\",\"position\":1,\"name\":\"Home\",\"item\":\"https:\\\/\\\/pre.dosde.com\\\/fr\\\/\"},{\"@type\":\"ListItem\",\"position\":2,\"name\":\"Cath\u00e9drale de S\u00e9ville\"}]},{\"@type\":\"WebSite\",\"@id\":\"https:\\\/\\\/pre.dosde.com\\\/fr\\\/#website\",\"url\":\"https:\\\/\\\/pre.dosde.com\\\/fr\\\/\",\"name\":\"Dosde\",\"description\":\"\",\"publisher\":{\"@id\":\"https:\\\/\\\/pre.dosde.com\\\/fr\\\/#organization\"},\"potentialAction\":[{\"@type\":\"SearchAction\",\"target\":{\"@type\":\"EntryPoint\",\"urlTemplate\":\"https:\\\/\\\/pre.dosde.com\\\/fr\\\/?s={search_term_string}\"},\"query-input\":{\"@type\":\"PropertyValueSpecification\",\"valueRequired\":true,\"valueName\":\"search_term_string\"}}],\"inLanguage\":\"fr-FR\"},{\"@type\":\"Organization\",\"@id\":\"https:\\\/\\\/pre.dosde.com\\\/fr\\\/#organization\",\"name\":\"Dosde\",\"url\":\"https:\\\/\\\/pre.dosde.com\\\/fr\\\/\",\"logo\":{\"@type\":\"ImageObject\",\"inLanguage\":\"fr-FR\",\"@id\":\"https:\\\/\\\/pre.dosde.com\\\/fr\\\/#\\\/schema\\\/logo\\\/image\\\/\",\"url\":\"https:\\\/\\\/pre.dosde.com\\\/wp-content\\\/uploads\\\/2026\\\/06\\\/Logo.webp\",\"contentUrl\":\"https:\\\/\\\/pre.dosde.com\\\/wp-content\\\/uploads\\\/2026\\\/06\\\/Logo.webp\",\"width\":248,\"height\":80,\"caption\":\"Dosde\"},\"image\":{\"@id\":\"https:\\\/\\\/pre.dosde.com\\\/fr\\\/#\\\/schema\\\/logo\\\/image\\\/\"}},{\"@type\":\"Person\",\"@id\":\"https:\\\/\\\/pre.dosde.com\\\/fr\\\/#\\\/schema\\\/person\\\/9d33726ab714fecb297e38b515472088\",\"name\":\"seocom\",\"image\":{\"@type\":\"ImageObject\",\"inLanguage\":\"fr-FR\",\"@id\":\"https:\\\/\\\/secure.gravatar.com\\\/avatar\\\/741433ce07ba5c431e994c0ec0272d414a5d1a9dafeb02666111e6f2eb1c0ed2?s=96&d=mm&r=g\",\"url\":\"https:\\\/\\\/secure.gravatar.com\\\/avatar\\\/741433ce07ba5c431e994c0ec0272d414a5d1a9dafeb02666111e6f2eb1c0ed2?s=96&d=mm&r=g\",\"contentUrl\":\"https:\\\/\\\/secure.gravatar.com\\\/avatar\\\/741433ce07ba5c431e994c0ec0272d414a5d1a9dafeb02666111e6f2eb1c0ed2?s=96&d=mm&r=g\",\"caption\":\"seocom\"},\"sameAs\":[\"http:\\\/\\\/qa-dosde.qamoon.es\"],\"url\":\"https:\\\/\\\/pre.dosde.com\\\/fr\\\/author\\\/seocom\\\/\"}]}<\/script>\n<!-- \/ Yoast SEO plugin. -->","yoast_head_json":{"title":"Cath\u00e9drale de S\u00e9ville - Dosde","robots":{"index":"noindex","follow":"follow","max-snippet":"max-snippet:-1","max-image-preview":"max-image-preview:large","max-video-preview":"max-video-preview:-1"},"og_locale":"fr_FR","og_type":"article","og_title":"Cath\u00e9drale de S\u00e9ville - Dosde","og_description":"Cath\u00e9drale de S\u00e9ville, un symbole de la ville Inscrite au patrimoine mondial de l\u2019Unesco, la cath\u00e9drale de S\u00e9ville est l\u2019un des ensembles architectoniques les plus admir\u00e9s au monde. Son importance se refl\u00e8te tant au niveau de ses dimensions monumentales qu\u2019\u00e0 travers ses riches tr\u00e9sors artistiques, h\u00e9rit\u00e9s du lourd pass\u00e9 historique du temple. Histoire de la ... Lire la suite","og_url":"https:\/\/pre.dosde.com\/fr\/cathedrale-de-seville\/","og_site_name":"Dosde","article_published_time":"2018-07-23T09:53:45+00:00","article_modified_time":"2026-08-11T07:58:26+00:00","author":"seocom","twitter_card":"summary_large_image","twitter_misc":{"\u00c9crit par":"seocom","Dur\u00e9e de lecture estim\u00e9e":"7 minutes"},"schema":{"@context":"https:\/\/schema.org","@graph":[{"@type":"Article","@id":"https:\/\/pre.dosde.com\/fr\/cathedrale-de-seville\/#article","isPartOf":{"@id":"https:\/\/pre.dosde.com\/fr\/cathedrale-de-seville\/"},"author":{"name":"seocom","@id":"https:\/\/pre.dosde.com\/fr\/#\/schema\/person\/9d33726ab714fecb297e38b515472088"},"headline":"Cath\u00e9drale de S\u00e9ville","datePublished":"2018-07-23T09:53:45+00:00","dateModified":"2026-08-11T07:58:26+00:00","mainEntityOfPage":{"@id":"https:\/\/pre.dosde.com\/fr\/cathedrale-de-seville\/"},"wordCount":1390,"commentCount":0,"publisher":{"@id":"https:\/\/pre.dosde.com\/fr\/#organization"},"image":{"@id":"https:\/\/pre.dosde.com\/fr\/cathedrale-de-seville\/#primaryimage"},"thumbnailUrl":"","articleSection":["S\u00e9ville"],"inLanguage":"fr-FR","potentialAction":[{"@type":"CommentAction","name":"Comment","target":["https:\/\/pre.dosde.com\/fr\/cathedrale-de-seville\/#respond"]}]},{"@type":"WebPage","@id":"https:\/\/pre.dosde.com\/fr\/cathedrale-de-seville\/","url":"https:\/\/pre.dosde.com\/fr\/cathedrale-de-seville\/","name":"Cath\u00e9drale de S\u00e9ville - Dosde","isPartOf":{"@id":"https:\/\/pre.dosde.com\/fr\/#website"},"primaryImageOfPage":{"@id":"https:\/\/pre.dosde.com\/fr\/cathedrale-de-seville\/#primaryimage"},"image":{"@id":"https:\/\/pre.dosde.com\/fr\/cathedrale-de-seville\/#primaryimage"},"thumbnailUrl":"","datePublished":"2018-07-23T09:53:45+00:00","dateModified":"2026-08-11T07:58:26+00:00","breadcrumb":{"@id":"https:\/\/pre.dosde.com\/fr\/cathedrale-de-seville\/#breadcrumb"},"inLanguage":"fr-FR","potentialAction":[{"@type":"ReadAction","target":["https:\/\/pre.dosde.com\/fr\/cathedrale-de-seville\/"]}]},{"@type":"ImageObject","inLanguage":"fr-FR","@id":"https:\/\/pre.dosde.com\/fr\/cathedrale-de-seville\/#primaryimage","url":"","contentUrl":""},{"@type":"BreadcrumbList","@id":"https:\/\/pre.dosde.com\/fr\/cathedrale-de-seville\/#breadcrumb","itemListElement":[{"@type":"ListItem","position":1,"name":"Home","item":"https:\/\/pre.dosde.com\/fr\/"},{"@type":"ListItem","position":2,"name":"Cath\u00e9drale de S\u00e9ville"}]},{"@type":"WebSite","@id":"https:\/\/pre.dosde.com\/fr\/#website","url":"https:\/\/pre.dosde.com\/fr\/","name":"Dosde","description":"","publisher":{"@id":"https:\/\/pre.dosde.com\/fr\/#organization"},"potentialAction":[{"@type":"SearchAction","target":{"@type":"EntryPoint","urlTemplate":"https:\/\/pre.dosde.com\/fr\/?s={search_term_string}"},"query-input":{"@type":"PropertyValueSpecification","valueRequired":true,"valueName":"search_term_string"}}],"inLanguage":"fr-FR"},{"@type":"Organization","@id":"https:\/\/pre.dosde.com\/fr\/#organization","name":"Dosde","url":"https:\/\/pre.dosde.com\/fr\/","logo":{"@type":"ImageObject","inLanguage":"fr-FR","@id":"https:\/\/pre.dosde.com\/fr\/#\/schema\/logo\/image\/","url":"https:\/\/pre.dosde.com\/wp-content\/uploads\/2026\/06\/Logo.webp","contentUrl":"https:\/\/pre.dosde.com\/wp-content\/uploads\/2026\/06\/Logo.webp","width":248,"height":80,"caption":"Dosde"},"image":{"@id":"https:\/\/pre.dosde.com\/fr\/#\/schema\/logo\/image\/"}},{"@type":"Person","@id":"https:\/\/pre.dosde.com\/fr\/#\/schema\/person\/9d33726ab714fecb297e38b515472088","name":"seocom","image":{"@type":"ImageObject","inLanguage":"fr-FR","@id":"https:\/\/secure.gravatar.com\/avatar\/741433ce07ba5c431e994c0ec0272d414a5d1a9dafeb02666111e6f2eb1c0ed2?s=96&d=mm&r=g","url":"https:\/\/secure.gravatar.com\/avatar\/741433ce07ba5c431e994c0ec0272d414a5d1a9dafeb02666111e6f2eb1c0ed2?s=96&d=mm&r=g","contentUrl":"https:\/\/secure.gravatar.com\/avatar\/741433ce07ba5c431e994c0ec0272d414a5d1a9dafeb02666111e6f2eb1c0ed2?s=96&d=mm&r=g","caption":"seocom"},"sameAs":["http:\/\/qa-dosde.qamoon.es"],"url":"https:\/\/pre.dosde.com\/fr\/author\/seocom\/"}]}},"_links":{"self":[{"href":"https:\/\/pre.dosde.com\/fr\/wp-json\/wp\/v2\/posts\/3419","targetHints":{"allow":["GET"]}}],"collection":[{"href":"https:\/\/pre.dosde.com\/fr\/wp-json\/wp\/v2\/posts"}],"about":[{"href":"https:\/\/pre.dosde.com\/fr\/wp-json\/wp\/v2\/types\/post"}],"author":[{"embeddable":true,"href":"https:\/\/pre.dosde.com\/fr\/wp-json\/wp\/v2\/users\/1"}],"replies":[{"embeddable":true,"href":"https:\/\/pre.dosde.com\/fr\/wp-json\/wp\/v2\/comments?post=3419"}],"version-history":[{"count":1,"href":"https:\/\/pre.dosde.com\/fr\/wp-json\/wp\/v2\/posts\/3419\/revisions"}],"predecessor-version":[{"id":3665,"href":"https:\/\/pre.dosde.com\/fr\/wp-json\/wp\/v2\/posts\/3419\/revisions\/3665"}],"wp:attachment":[{"href":"https:\/\/pre.dosde.com\/fr\/wp-json\/wp\/v2\/media?parent=3419"}],"wp:term":[{"taxonomy":"category","embeddable":true,"href":"https:\/\/pre.dosde.com\/fr\/wp-json\/wp\/v2\/categories?post=3419"},{"taxonomy":"post_tag","embeddable":true,"href":"https:\/\/pre.dosde.com\/fr\/wp-json\/wp\/v2\/tags?post=3419"}],"curies":[{"name":"wp","href":"https:\/\/api.w.org\/{rel}","templated":true}]}}