{"id":342,"date":"2017-02-20T11:21:23","date_gmt":"2017-02-20T11:21:23","guid":{"rendered":"https:\/\/www.dosde.com\/blog\/?p=342\/"},"modified":"2026-08-11T08:03:04","modified_gmt":"2026-08-11T08:03:04","slug":"joan-miro","status":"publish","type":"post","link":"https:\/\/pre.dosde.com\/fr\/joan-miro\/","title":{"rendered":"Joan Mir\u00f3"},"content":{"rendered":"<h2>Mir\u00f3, un artiste inimitable<\/h2>\n<p>N\u00e9 \u00e0 Barcelone en 1893, le peintre Joan Mir\u00f3 exp\u00e9rimenta diverses tendances avant d\u2019entrer en contact avec <strong>le surr\u00e9alisme, le mouvement qui le m\u00e8nera \u00e0 sa maturit\u00e9 artistique. <\/strong><\/p>\n<p>&nbsp;<\/p>\n<p>Dans un d\u00e9sir iconoclaste de d\u00e9velopper de nouveaux moyens d\u2019expression pour d\u00e9fier les techniques traditionnelles, Mir\u00f3 r\u00e9inventa constamment son style et ne cessa jamais de cr\u00e9er de nouvelles \u0153uvres peu de temps encore avant sa mort le 25\u00a0d\u00e9cembre\u00a01983 \u00e0 Palma de Majorque.<\/p>\n<p>&nbsp;<\/p>\n<h2>L\u2019influence des avant-gardes chez Mir\u00f3<\/h2>\n<p>Passionn\u00e9 par le dessin et l\u2019illustration d\u00e8s sa plus tendre enfance, ce n\u2019est qu\u2019\u00e0 partir de 1912 que <a href=\"https:\/\/www.dosde.com\/fr\/livres\/joan-miro.html\">Joan Mir\u00f3<\/a> put satisfaire sa vocation artistique lorsque, apr\u00e8s avoir endur\u00e9 une d\u00e9pression nerveuse due \u00e0 l\u2019insatisfaction que lui g\u00e9n\u00e9rait son travail de comptable, il r\u00e9ussit \u00e0 convaincre son p\u00e8re de le laisser se consacrer exclusivement \u00e0 la peinture, condition sine qua non \u00e0 son bien-\u00eatre personnel et \u00e0 son avenir professionnel.<\/p>\n<p>&nbsp;<\/p>\n<p>Avec l\u2019accord de son p\u00e8re, Mir\u00f3, qui avait alors 19 ans,<strong> s\u2019inscrivit \u00e0 l\u2019acad\u00e9mie du peintre barcelonais Francesc Gal\u00ed. Celui-ci l\u2019aida \u00e0 d\u00e9velopper son potentiel cr\u00e9atif<\/strong> et lui fit d\u00e9couvrir les derni\u00e8res tendances en vigueur \u00e0 Paris, comme le fauvisme et le cubisme.<\/p>\n<p>&nbsp;<\/p>\n<p><strong>Ce contact avec les avant-gardes fut d\u00e9cisif pour l\u2019\u00e9volution du jeune Mir\u00f3<\/strong>, qui se rendit m\u00eame dans la capitale fran\u00e7aise pour approfondir ses connaissances et exploiter les possibilit\u00e9s plastiques qu\u2019offraient les nouveaux courants picturaux afin de se forger un style cr\u00e9atif propre caract\u00e9ris\u00e9 par la r\u00e9invention constante.<\/p>\n<p>&nbsp;<\/p>\n<h2>Mir\u00f3 et le surr\u00e9alisme<\/h2>\n<p>Pr\u00e9sent\u00e9 comme une alternative au dada\u00efsme, courant qui \u00e9tait pr\u00e9destin\u00e9 \u00e0 dispara\u00eetre en raison de son esprit destructif, le surr\u00e9alisme bouleversa la sc\u00e8ne culturelle de Paris durant les ann\u00e9es 1920. D\u00e8s ses d\u00e9buts, <strong>le mouvement surr\u00e9aliste eut pour chef de file le po\u00e8te fran\u00e7ais Andr\u00e9 Breton<\/strong> qui, influenc\u00e9 par les th\u00e9ories psychanalytiques du docteur Sigmund Freud, d\u00e9fendait la validit\u00e9 du monde des r\u00eaves et des \u00e9lans irrationnels.<\/p>\n<p>&nbsp;<\/p>\n<p>D\u2019apr\u00e8s Breton et ses adeptes, les artistes devaient op\u00e9rer en marge des filtres impos\u00e9s par la raison et des consid\u00e9rations esth\u00e9tiques et morales, acc\u00e9dant directement \u00e0 l\u2019inconscient pour exprimer leurs pens\u00e9es librement.<\/p>\n<p>&nbsp;<\/p>\n<p>Toujours attentif aux courants intellectuels alternatifs, <strong>Mir\u00f3 se rapprocha rapidement du surr\u00e9alisme et exp\u00e9rimenta une \u00e9volution cr\u00e9ative qui l\u2019incita \u00e0 red\u00e9finir compl\u00e8tement son style<\/strong> et \u00e0 commencer une nouvelle \u00e9tape picturale domin\u00e9e par la pr\u00e9sence d\u2019images oniriques et de symboles de plus en plus personnels.<\/p>\n<p>&nbsp;<\/p>\n<p><a href=\"https:\/\/www.dosde.com\/fr\/livres\/joan-miro.html\"><img decoding=\"async\" class=\"aligncenter size-full wp-image-3641\" src=\"https:\/\/qa-dosde.qamoon.es\/wp-content\/uploads\/2017\/02\/Boton-descubrir-mas-FR.png\" alt=\"\" \/><\/a><\/p>\n<h2>Les peintures sauvages de Mir\u00f3<\/h2>\n<p>Au milieu des ann\u00e9es 1930, alors que Joan Mir\u00f3 retournait sur sa terre natale, <strong>la vie politique espagnole se d\u00e9t\u00e9riora et les cons\u00e9quences furent dramatiques<\/strong>. \u00c9tant donn\u00e9 leurs postures antagoniques quant \u00e0 certains th\u00e8mes comme le r\u00f4le de l&rsquo;\u00c9glise dans la soci\u00e9t\u00e9 et la propri\u00e9t\u00e9 des moyens de production, les forces de gauche et de droite renforc\u00e8rent leurs positions, g\u00e9n\u00e9rant une situation d&rsquo;instabilit\u00e9 qui, ajout\u00e9e \u00e0 la fragilit\u00e9 de l&rsquo;\u00e9conomie, frustra les tentatives de modernisation du pays.<\/p>\n<p>&nbsp;<\/p>\n<p>La tension arriva \u00e0 son comble en juillet 1936, lorsque le soul\u00e8vement d&rsquo;un groupe de militaires contre le gouvernement l\u00e9gitime de la R\u00e9publique marqua le d\u00e9but d&rsquo;une cruelle guerre civile qui allait durer jusqu&rsquo;en 1939.<\/p>\n<p>&nbsp;<\/p>\n<p><strong>C&rsquo;est dans ce climat de tensions que Mir\u00f3<\/strong> \u2013obs\u00e9d\u00e9 par l&rsquo;id\u00e9e de d\u00e9passer la fa\u00e7on traditionnelle de composer\u2013 <strong>cr\u00e9a certaines de ses \u0153uvres les plus expressives<\/strong>, domin\u00e9es par des figures \u00e0 l&rsquo;aspect monstrueux qui semblaient chercher la confrontation avec le spectateur.<\/p>\n<p>&nbsp;<\/p>\n<h2>L&rsquo;univers des \u0153uvres de Mir\u00f3<\/h2>\n<p>L&rsquo;\u00e9clatement de <strong>la Seconde Guerre mondiale en 1939 entra\u00eena la d\u00e9sint\u00e9gration de la sc\u00e8ne avant-gardiste europ\u00e9enne<\/strong>, qui avait eu jusqu&rsquo;alors son \u00e9picentre \u00e0 Paris. En Espagne, o\u00f9 la guerre civile c\u00e9da le pas \u00e0 une cruelle dictature dirig\u00e9e par le g\u00e9n\u00e9ral Francisco Franco, l&rsquo;art traversait \u00e9galement une situation critique, constamment menac\u00e9 par la r\u00e9pression et la censure.<\/p>\n<p>&nbsp;<\/p>\n<p>Paradoxalement, <strong>c&rsquo;est dans ce contexte peu propice \u00e0 l&rsquo;innovation que Mir\u00f3 jeta les bases du style qui allait le mener sur le devant de la sc\u00e8ne internationale<\/strong>. Isol\u00e9 du monde externe, l&rsquo;artiste qui travaillait sans rel\u00e2che d\u00e9finit une iconographie tr\u00e8s singuli\u00e8re qui am\u00e9liorait bon nombre des ressources plastiques d\u00e9velopp\u00e9es les ann\u00e9es auparavant.<\/p>\n<p>&nbsp;<\/p>\n<p>Gr\u00e2ce \u00e0 cette maturit\u00e9 cr\u00e9ative, Joan Mir\u00f3 r\u00e9ussit \u00e0 s\u00e9duire la critique et le public tout en se consolidant comme <strong>l&rsquo;un des artistes les plus int\u00e9ressants de sa g\u00e9n\u00e9ration<\/strong>, d\u00e9tenteur d&rsquo;un univers aussi reconnaissable qu&rsquo;inimitable.<\/p>\n<p>&nbsp;<\/p>\n<h2>Le langage de la simplicit\u00e9<\/h2>\n<p>L\u2019installation de Joan Mir\u00f3 \u00e0 Palma de Majorque durant la seconde moiti\u00e9 des ann\u00e9es cinquante supposa un changement d\u2019environnement mais \u00e9galement l\u2019occasion de m\u00e9diter sur sa carri\u00e8re artistique.<\/p>\n<p>&nbsp;<\/p>\n<p>Durant le d\u00e9m\u00e9nagement \u00e0 l\u2019atelier con\u00e7u par son ami Josep Llu\u00eds Sert, le peintre red\u00e9couvrit les dessins et peintures qu\u2019il avait stock\u00e9s depuis ses d\u00e9buts et, apr\u00e8s avoir analys\u00e9 tout ce mat\u00e9riel, il ressentit le besoin de se d\u00e9tacher de son propre pass\u00e9 en donnant une nouvelle orientation \u00e0 son \u0153uvre. Cette volont\u00e9 de rupture, accentu\u00e9e par son \u00e9troite relation avec la sc\u00e8ne artistique am\u00e9ricaine et la culture orientale, devint le moteur de son activit\u00e9 durant les ann\u00e9es soixante.<\/p>\n<p>&nbsp;<\/p>\n<p>Sans renoncer \u00e0 son iconographie habituelle, le peintre \u2013qui \u00e0 cette \u00e9poque connut un regain de popularit\u00e9 gr\u00e2ce \u00e0 la c\u00e9l\u00e9bration de r\u00e9trospectives dans les principaux mus\u00e9es du monde\u2013 \u00e9volua vers un style plus direct, qui cherchait \u00e0 produire le plus d\u2019effet possible en partant des ressources plastiques les plus minimes.<\/p>\n<p>&nbsp;<\/p>\n<h2>Les derni\u00e8res ann\u00e9es de Mir\u00f3<\/h2>\n<p><a href=\"https:\/\/qa-dosde.qamoon.es\/wp-content\/uploads\/2017\/02\/fundacion-joan-miro-barcelona.jpg\"><img loading=\"lazy\" decoding=\"async\" class=\"alignnone wp-image-1230 size-full\" src=\"https:\/\/qa-dosde.qamoon.es\/wp-content\/uploads\/2017\/02\/fundacion-joan-miro-barcelona.jpg\" alt=\"B\u00e2timent de la Fondation Joan Mir\u00f3 \u00e0 Barcelone\" width=\"900\" height=\"600\" \/><\/a><\/p>\n<p>&nbsp;<\/p>\n<p>Admir\u00e9 pour sa libert\u00e9 cr\u00e9ative aussi bien \u00e0 l\u2019\u00e9tranger que dans son pays d\u2019origine \u2013o\u00f9 il avait \u00e9t\u00e9 ignor\u00e9 durant des ann\u00e9es par les organismes officiels en raison de son opposition au r\u00e9gime franquiste\u2013, durant les derni\u00e8res ann\u00e9es de sa vie, Joan Mir\u00f3 \u00e9vita de tomber dans l\u2019autosatisfaction et continua de travailler en utilisant des techniques et des mat\u00e9riaux divers afin d\u2019\u00e9largir ses horizons artistiques.<\/p>\n<p>&nbsp;<\/p>\n<p>Fid\u00e8le \u00e0 son ind\u00e9pendance,<strong> le peintre se maintint en marge des diktats du march\u00e9<\/strong>, sans r\u00e9aliser de concessions, se laissant guider exclusivement par son instinct et ses pr\u00e9occupations intellectuelles, qui le men\u00e8rent \u00e0 centrer son attention sur la <strong>recherche de la nature du processus de cr\u00e9ation.<\/strong><\/p>\n<p>&nbsp;<\/p>\n<p>Son int\u00e9r\u00eat pour les m\u00e9canismes et le sens de l\u2019art se refl\u00e9ta non seulement dans ses \u0153uvres, toujours con\u00e7ues comme un champ d\u2019exp\u00e9rimentation, mais \u00e9galement dans <strong>la concr\u00e9tisation de deux fondations, \u00e0 Barcelone et Palma de Majorque<\/strong>, destin\u00e9es \u00e0 devenir des centres de diffusion de la culture contemporaine.<\/p>\n<p>&nbsp;<\/p>\n<h2>Le livre pour d\u00e9couvrir l\u2019\u0153uvre de Joan Mir\u00f3<\/h2>\n<p>Ce <a href=\"https:\/\/www.dosde.com\/fr\/miro-oeuvres-de-sa-vie.html\">livre sur Joan Mir\u00f3<\/a> rassemble les \u0153uvres les plus importantes de ce grand artiste, cr\u00e9ateur de l&rsquo;un des univers artistiques les plus fascinants du XXe si\u00e8cle.<br \/>\nEn associant l&rsquo;analyse artistique et les donn\u00e9es biographiques, <strong>le libre retrace le portrait complet de Mir\u00f3<\/strong> avec plus de 90 photos des \u0153uvres les plus transcendantales.<\/p>\n<p><a href=\"https:\/\/www.dosde.com\/fr\/miro-oeuvres-de-sa-vie.html\"><img loading=\"lazy\" decoding=\"async\" class=\"alignnone wp-image-1836 size-full\" src=\"https:\/\/qa-dosde.qamoon.es\/wp-content\/uploads\/2017\/02\/couverture-joan-miro-les-oeuvres-de-sa-vie-livre-francais-art-dosde-publishing_978-84-9103-074-4_45-003-02_B07.jpg\" alt=\"Livre Oeuvres de Joan Mir\u00f3, Dosde \u00c9ditorial\" width=\"700\" height=\"441\" \/><\/a><\/p>\n","protected":false},"excerpt":{"rendered":"Mir\u00f3, un artiste inimitable N\u00e9 \u00e0 Barcelone en 1893, le peintre Joan Mir\u00f3 exp\u00e9rimenta diverses tendances avant d\u2019entrer en contact avec le surr\u00e9alisme, le mouvement qui le m\u00e8nera \u00e0 sa maturit\u00e9 artistique. &nbsp; Dans un d\u00e9sir iconoclaste de d\u00e9velopper de nouveaux moyens d\u2019expression pour d\u00e9fier les techniques traditionnelles, Mir\u00f3 r\u00e9inventa constamment son style et ne &#8230; <a title=\"Joan Mir\u00f3\" class=\"read-more\" href=\"https:\/\/pre.dosde.com\/fr\/joan-miro\/\" aria-label=\"En savoir plus sur Joan Mir\u00f3\">Lire la suite<\/a>","protected":false},"author":1,"featured_media":1228,"comment_status":"open","ping_status":"open","sticky":false,"template":"","format":"standard","meta":{"_acf_changed":false,"footnotes":""},"categories":[78],"tags":[],"class_list":["post-342","post","type-post","status-publish","format-standard","has-post-thumbnail","hentry","category-miro"],"acf":[],"yoast_head":"<!-- This site is optimized with the Yoast SEO plugin v28.3 - https:\/\/yoast.com\/product\/yoast-seo-wordpress\/ -->\n<title>Joan Mir\u00f3 - Dosde<\/title>\n<meta name=\"robots\" content=\"noindex, follow, max-snippet:-1, max-image-preview:large, max-video-preview:-1\" \/>\n<meta property=\"og:locale\" content=\"fr_FR\" \/>\n<meta property=\"og:type\" content=\"article\" \/>\n<meta property=\"og:title\" content=\"Joan Mir\u00f3 - Dosde\" \/>\n<meta property=\"og:description\" content=\"Mir\u00f3, un artiste inimitable N\u00e9 \u00e0 Barcelone en 1893, le peintre Joan Mir\u00f3 exp\u00e9rimenta diverses tendances avant d\u2019entrer en contact avec le surr\u00e9alisme, le mouvement qui le m\u00e8nera \u00e0 sa maturit\u00e9 artistique. &nbsp; Dans un d\u00e9sir iconoclaste de d\u00e9velopper de nouveaux moyens d\u2019expression pour d\u00e9fier les techniques traditionnelles, Mir\u00f3 r\u00e9inventa constamment son style et ne ... Lire la suite\" \/>\n<meta property=\"og:url\" content=\"https:\/\/pre.dosde.com\/fr\/joan-miro\/\" \/>\n<meta property=\"og:site_name\" content=\"Dosde\" \/>\n<meta property=\"article:published_time\" content=\"2017-02-20T11:21:23+00:00\" \/>\n<meta property=\"article:modified_time\" content=\"2026-08-11T08:03:04+00:00\" \/>\n<meta property=\"og:image\" content=\"https:\/\/pre.dosde.com\/wp-content\/uploads\/2026\/07\/arrow-carrusel-hover.webp\" \/>\n\t<meta property=\"og:image:width\" content=\"40\" \/>\n\t<meta property=\"og:image:height\" content=\"40\" \/>\n\t<meta property=\"og:image:type\" content=\"image\/webp\" \/>\n<meta name=\"author\" content=\"seocom\" \/>\n<meta name=\"twitter:card\" content=\"summary_large_image\" \/>\n<meta name=\"twitter:label1\" content=\"\u00c9crit par\" \/>\n\t<meta name=\"twitter:data1\" content=\"seocom\" \/>\n\t<meta name=\"twitter:label2\" content=\"Dur\u00e9e de lecture estim\u00e9e\" \/>\n\t<meta name=\"twitter:data2\" content=\"6 minutes\" \/>\n<script type=\"application\/ld+json\" class=\"yoast-schema-graph\">{\"@context\":\"https:\\\/\\\/schema.org\",\"@graph\":[{\"@type\":\"Article\",\"@id\":\"https:\\\/\\\/pre.dosde.com\\\/fr\\\/joan-miro\\\/#article\",\"isPartOf\":{\"@id\":\"https:\\\/\\\/pre.dosde.com\\\/fr\\\/joan-miro\\\/\"},\"author\":{\"name\":\"seocom\",\"@id\":\"https:\\\/\\\/pre.dosde.com\\\/fr\\\/#\\\/schema\\\/person\\\/9d33726ab714fecb297e38b515472088\"},\"headline\":\"Joan Mir\u00f3\",\"datePublished\":\"2017-02-20T11:21:23+00:00\",\"dateModified\":\"2026-08-11T08:03:04+00:00\",\"mainEntityOfPage\":{\"@id\":\"https:\\\/\\\/pre.dosde.com\\\/fr\\\/joan-miro\\\/\"},\"wordCount\":1267,\"commentCount\":0,\"publisher\":{\"@id\":\"https:\\\/\\\/pre.dosde.com\\\/fr\\\/#organization\"},\"image\":{\"@id\":\"https:\\\/\\\/pre.dosde.com\\\/fr\\\/joan-miro\\\/#primaryimage\"},\"thumbnailUrl\":\"https:\\\/\\\/pre.dosde.com\\\/wp-content\\\/uploads\\\/2026\\\/07\\\/arrow-carrusel-hover.webp\",\"articleSection\":[\"Mir\u00f3\"],\"inLanguage\":\"fr-FR\",\"potentialAction\":[{\"@type\":\"CommentAction\",\"name\":\"Comment\",\"target\":[\"https:\\\/\\\/pre.dosde.com\\\/fr\\\/joan-miro\\\/#respond\"]}]},{\"@type\":\"WebPage\",\"@id\":\"https:\\\/\\\/pre.dosde.com\\\/fr\\\/joan-miro\\\/\",\"url\":\"https:\\\/\\\/pre.dosde.com\\\/fr\\\/joan-miro\\\/\",\"name\":\"Joan Mir\u00f3 - Dosde\",\"isPartOf\":{\"@id\":\"https:\\\/\\\/pre.dosde.com\\\/fr\\\/#website\"},\"primaryImageOfPage\":{\"@id\":\"https:\\\/\\\/pre.dosde.com\\\/fr\\\/joan-miro\\\/#primaryimage\"},\"image\":{\"@id\":\"https:\\\/\\\/pre.dosde.com\\\/fr\\\/joan-miro\\\/#primaryimage\"},\"thumbnailUrl\":\"https:\\\/\\\/pre.dosde.com\\\/wp-content\\\/uploads\\\/2026\\\/07\\\/arrow-carrusel-hover.webp\",\"datePublished\":\"2017-02-20T11:21:23+00:00\",\"dateModified\":\"2026-08-11T08:03:04+00:00\",\"breadcrumb\":{\"@id\":\"https:\\\/\\\/pre.dosde.com\\\/fr\\\/joan-miro\\\/#breadcrumb\"},\"inLanguage\":\"fr-FR\",\"potentialAction\":[{\"@type\":\"ReadAction\",\"target\":[\"https:\\\/\\\/pre.dosde.com\\\/fr\\\/joan-miro\\\/\"]}]},{\"@type\":\"ImageObject\",\"inLanguage\":\"fr-FR\",\"@id\":\"https:\\\/\\\/pre.dosde.com\\\/fr\\\/joan-miro\\\/#primaryimage\",\"url\":\"https:\\\/\\\/pre.dosde.com\\\/wp-content\\\/uploads\\\/2026\\\/07\\\/arrow-carrusel-hover.webp\",\"contentUrl\":\"https:\\\/\\\/pre.dosde.com\\\/wp-content\\\/uploads\\\/2026\\\/07\\\/arrow-carrusel-hover.webp\",\"width\":40,\"height\":40},{\"@type\":\"BreadcrumbList\",\"@id\":\"https:\\\/\\\/pre.dosde.com\\\/fr\\\/joan-miro\\\/#breadcrumb\",\"itemListElement\":[{\"@type\":\"ListItem\",\"position\":1,\"name\":\"Home\",\"item\":\"https:\\\/\\\/pre.dosde.com\\\/fr\\\/\"},{\"@type\":\"ListItem\",\"position\":2,\"name\":\"Joan Mir\u00f3\"}]},{\"@type\":\"WebSite\",\"@id\":\"https:\\\/\\\/pre.dosde.com\\\/fr\\\/#website\",\"url\":\"https:\\\/\\\/pre.dosde.com\\\/fr\\\/\",\"name\":\"Dosde\",\"description\":\"\",\"publisher\":{\"@id\":\"https:\\\/\\\/pre.dosde.com\\\/fr\\\/#organization\"},\"potentialAction\":[{\"@type\":\"SearchAction\",\"target\":{\"@type\":\"EntryPoint\",\"urlTemplate\":\"https:\\\/\\\/pre.dosde.com\\\/fr\\\/?s={search_term_string}\"},\"query-input\":{\"@type\":\"PropertyValueSpecification\",\"valueRequired\":true,\"valueName\":\"search_term_string\"}}],\"inLanguage\":\"fr-FR\"},{\"@type\":\"Organization\",\"@id\":\"https:\\\/\\\/pre.dosde.com\\\/fr\\\/#organization\",\"name\":\"Dosde\",\"url\":\"https:\\\/\\\/pre.dosde.com\\\/fr\\\/\",\"logo\":{\"@type\":\"ImageObject\",\"inLanguage\":\"fr-FR\",\"@id\":\"https:\\\/\\\/pre.dosde.com\\\/fr\\\/#\\\/schema\\\/logo\\\/image\\\/\",\"url\":\"https:\\\/\\\/pre.dosde.com\\\/wp-content\\\/uploads\\\/2026\\\/06\\\/Logo.webp\",\"contentUrl\":\"https:\\\/\\\/pre.dosde.com\\\/wp-content\\\/uploads\\\/2026\\\/06\\\/Logo.webp\",\"width\":248,\"height\":80,\"caption\":\"Dosde\"},\"image\":{\"@id\":\"https:\\\/\\\/pre.dosde.com\\\/fr\\\/#\\\/schema\\\/logo\\\/image\\\/\"}},{\"@type\":\"Person\",\"@id\":\"https:\\\/\\\/pre.dosde.com\\\/fr\\\/#\\\/schema\\\/person\\\/9d33726ab714fecb297e38b515472088\",\"name\":\"seocom\",\"image\":{\"@type\":\"ImageObject\",\"inLanguage\":\"fr-FR\",\"@id\":\"https:\\\/\\\/secure.gravatar.com\\\/avatar\\\/741433ce07ba5c431e994c0ec0272d414a5d1a9dafeb02666111e6f2eb1c0ed2?s=96&d=mm&r=g\",\"url\":\"https:\\\/\\\/secure.gravatar.com\\\/avatar\\\/741433ce07ba5c431e994c0ec0272d414a5d1a9dafeb02666111e6f2eb1c0ed2?s=96&d=mm&r=g\",\"contentUrl\":\"https:\\\/\\\/secure.gravatar.com\\\/avatar\\\/741433ce07ba5c431e994c0ec0272d414a5d1a9dafeb02666111e6f2eb1c0ed2?s=96&d=mm&r=g\",\"caption\":\"seocom\"},\"sameAs\":[\"http:\\\/\\\/qa-dosde.qamoon.es\"],\"url\":\"https:\\\/\\\/pre.dosde.com\\\/fr\\\/author\\\/seocom\\\/\"}]}<\/script>\n<!-- \/ Yoast SEO plugin. -->","yoast_head_json":{"title":"Joan Mir\u00f3 - Dosde","robots":{"index":"noindex","follow":"follow","max-snippet":"max-snippet:-1","max-image-preview":"max-image-preview:large","max-video-preview":"max-video-preview:-1"},"og_locale":"fr_FR","og_type":"article","og_title":"Joan Mir\u00f3 - Dosde","og_description":"Mir\u00f3, un artiste inimitable N\u00e9 \u00e0 Barcelone en 1893, le peintre Joan Mir\u00f3 exp\u00e9rimenta diverses tendances avant d\u2019entrer en contact avec le surr\u00e9alisme, le mouvement qui le m\u00e8nera \u00e0 sa maturit\u00e9 artistique. &nbsp; Dans un d\u00e9sir iconoclaste de d\u00e9velopper de nouveaux moyens d\u2019expression pour d\u00e9fier les techniques traditionnelles, Mir\u00f3 r\u00e9inventa constamment son style et ne ... Lire la suite","og_url":"https:\/\/pre.dosde.com\/fr\/joan-miro\/","og_site_name":"Dosde","article_published_time":"2017-02-20T11:21:23+00:00","article_modified_time":"2026-08-11T08:03:04+00:00","og_image":[{"width":40,"height":40,"url":"https:\/\/pre.dosde.com\/wp-content\/uploads\/2026\/07\/arrow-carrusel-hover.webp","type":"image\/webp"}],"author":"seocom","twitter_card":"summary_large_image","twitter_misc":{"\u00c9crit par":"seocom","Dur\u00e9e de lecture estim\u00e9e":"6 minutes"},"schema":{"@context":"https:\/\/schema.org","@graph":[{"@type":"Article","@id":"https:\/\/pre.dosde.com\/fr\/joan-miro\/#article","isPartOf":{"@id":"https:\/\/pre.dosde.com\/fr\/joan-miro\/"},"author":{"name":"seocom","@id":"https:\/\/pre.dosde.com\/fr\/#\/schema\/person\/9d33726ab714fecb297e38b515472088"},"headline":"Joan Mir\u00f3","datePublished":"2017-02-20T11:21:23+00:00","dateModified":"2026-08-11T08:03:04+00:00","mainEntityOfPage":{"@id":"https:\/\/pre.dosde.com\/fr\/joan-miro\/"},"wordCount":1267,"commentCount":0,"publisher":{"@id":"https:\/\/pre.dosde.com\/fr\/#organization"},"image":{"@id":"https:\/\/pre.dosde.com\/fr\/joan-miro\/#primaryimage"},"thumbnailUrl":"https:\/\/pre.dosde.com\/wp-content\/uploads\/2026\/07\/arrow-carrusel-hover.webp","articleSection":["Mir\u00f3"],"inLanguage":"fr-FR","potentialAction":[{"@type":"CommentAction","name":"Comment","target":["https:\/\/pre.dosde.com\/fr\/joan-miro\/#respond"]}]},{"@type":"WebPage","@id":"https:\/\/pre.dosde.com\/fr\/joan-miro\/","url":"https:\/\/pre.dosde.com\/fr\/joan-miro\/","name":"Joan Mir\u00f3 - Dosde","isPartOf":{"@id":"https:\/\/pre.dosde.com\/fr\/#website"},"primaryImageOfPage":{"@id":"https:\/\/pre.dosde.com\/fr\/joan-miro\/#primaryimage"},"image":{"@id":"https:\/\/pre.dosde.com\/fr\/joan-miro\/#primaryimage"},"thumbnailUrl":"https:\/\/pre.dosde.com\/wp-content\/uploads\/2026\/07\/arrow-carrusel-hover.webp","datePublished":"2017-02-20T11:21:23+00:00","dateModified":"2026-08-11T08:03:04+00:00","breadcrumb":{"@id":"https:\/\/pre.dosde.com\/fr\/joan-miro\/#breadcrumb"},"inLanguage":"fr-FR","potentialAction":[{"@type":"ReadAction","target":["https:\/\/pre.dosde.com\/fr\/joan-miro\/"]}]},{"@type":"ImageObject","inLanguage":"fr-FR","@id":"https:\/\/pre.dosde.com\/fr\/joan-miro\/#primaryimage","url":"https:\/\/pre.dosde.com\/wp-content\/uploads\/2026\/07\/arrow-carrusel-hover.webp","contentUrl":"https:\/\/pre.dosde.com\/wp-content\/uploads\/2026\/07\/arrow-carrusel-hover.webp","width":40,"height":40},{"@type":"BreadcrumbList","@id":"https:\/\/pre.dosde.com\/fr\/joan-miro\/#breadcrumb","itemListElement":[{"@type":"ListItem","position":1,"name":"Home","item":"https:\/\/pre.dosde.com\/fr\/"},{"@type":"ListItem","position":2,"name":"Joan Mir\u00f3"}]},{"@type":"WebSite","@id":"https:\/\/pre.dosde.com\/fr\/#website","url":"https:\/\/pre.dosde.com\/fr\/","name":"Dosde","description":"","publisher":{"@id":"https:\/\/pre.dosde.com\/fr\/#organization"},"potentialAction":[{"@type":"SearchAction","target":{"@type":"EntryPoint","urlTemplate":"https:\/\/pre.dosde.com\/fr\/?s={search_term_string}"},"query-input":{"@type":"PropertyValueSpecification","valueRequired":true,"valueName":"search_term_string"}}],"inLanguage":"fr-FR"},{"@type":"Organization","@id":"https:\/\/pre.dosde.com\/fr\/#organization","name":"Dosde","url":"https:\/\/pre.dosde.com\/fr\/","logo":{"@type":"ImageObject","inLanguage":"fr-FR","@id":"https:\/\/pre.dosde.com\/fr\/#\/schema\/logo\/image\/","url":"https:\/\/pre.dosde.com\/wp-content\/uploads\/2026\/06\/Logo.webp","contentUrl":"https:\/\/pre.dosde.com\/wp-content\/uploads\/2026\/06\/Logo.webp","width":248,"height":80,"caption":"Dosde"},"image":{"@id":"https:\/\/pre.dosde.com\/fr\/#\/schema\/logo\/image\/"}},{"@type":"Person","@id":"https:\/\/pre.dosde.com\/fr\/#\/schema\/person\/9d33726ab714fecb297e38b515472088","name":"seocom","image":{"@type":"ImageObject","inLanguage":"fr-FR","@id":"https:\/\/secure.gravatar.com\/avatar\/741433ce07ba5c431e994c0ec0272d414a5d1a9dafeb02666111e6f2eb1c0ed2?s=96&d=mm&r=g","url":"https:\/\/secure.gravatar.com\/avatar\/741433ce07ba5c431e994c0ec0272d414a5d1a9dafeb02666111e6f2eb1c0ed2?s=96&d=mm&r=g","contentUrl":"https:\/\/secure.gravatar.com\/avatar\/741433ce07ba5c431e994c0ec0272d414a5d1a9dafeb02666111e6f2eb1c0ed2?s=96&d=mm&r=g","caption":"seocom"},"sameAs":["http:\/\/qa-dosde.qamoon.es"],"url":"https:\/\/pre.dosde.com\/fr\/author\/seocom\/"}]}},"_links":{"self":[{"href":"https:\/\/pre.dosde.com\/fr\/wp-json\/wp\/v2\/posts\/342","targetHints":{"allow":["GET"]}}],"collection":[{"href":"https:\/\/pre.dosde.com\/fr\/wp-json\/wp\/v2\/posts"}],"about":[{"href":"https:\/\/pre.dosde.com\/fr\/wp-json\/wp\/v2\/types\/post"}],"author":[{"embeddable":true,"href":"https:\/\/pre.dosde.com\/fr\/wp-json\/wp\/v2\/users\/1"}],"replies":[{"embeddable":true,"href":"https:\/\/pre.dosde.com\/fr\/wp-json\/wp\/v2\/comments?post=342"}],"version-history":[{"count":1,"href":"https:\/\/pre.dosde.com\/fr\/wp-json\/wp\/v2\/posts\/342\/revisions"}],"predecessor-version":[{"id":3592,"href":"https:\/\/pre.dosde.com\/fr\/wp-json\/wp\/v2\/posts\/342\/revisions\/3592"}],"wp:featuredmedia":[{"embeddable":true,"href":"https:\/\/pre.dosde.com\/fr\/wp-json\/wp\/v2\/media\/1228"}],"wp:attachment":[{"href":"https:\/\/pre.dosde.com\/fr\/wp-json\/wp\/v2\/media?parent=342"}],"wp:term":[{"taxonomy":"category","embeddable":true,"href":"https:\/\/pre.dosde.com\/fr\/wp-json\/wp\/v2\/categories?post=342"},{"taxonomy":"post_tag","embeddable":true,"href":"https:\/\/pre.dosde.com\/fr\/wp-json\/wp\/v2\/tags?post=342"}],"curies":[{"name":"wp","href":"https:\/\/api.w.org\/{rel}","templated":true}]}}