{"id":3446,"date":"2018-07-23T09:53:50","date_gmt":"2018-07-23T09:53:50","guid":{"rendered":"https:\/\/www.dosde.com\/discover\/?p=3446\/"},"modified":"2026-08-11T07:58:26","modified_gmt":"2026-08-11T07:58:26","slug":"seville","status":"publish","type":"post","link":"https:\/\/pre.dosde.com\/fr\/seville\/","title":{"rendered":"S\u00e9ville"},"content":{"rendered":"<h2>S\u00e9ville, une ville monumentale<\/h2>\n<p>Fond\u00e9e par Hercule, selon la l\u00e9gende, la capitale d\u2019Andalousie se caract\u00e9rise par <strong>sa beaut\u00e9 monumentale <\/strong>et son lourd pass\u00e9 historique. Le m\u00e9lange des <strong>diff\u00e9rentes cultures<\/strong> qu\u2019elle a accueillies au fil des si\u00e8cles se refl\u00e8te dans son architecture, qui <strong>associe des<\/strong>\u00a0 <strong>styles d\u2019\u00e9poques tr\u00e8s diverses.<\/strong> Cette richesse artistique et architectonique attire aujourd\u2019hui des milliers de visiteurs.<\/p>\n<h2>L&rsquo;histoire de S\u00e9ville<\/h2>\n<p>L\u2019\u00e9volution historique de S\u00e9ville est \u00e9troitement li\u00e9e \u00e0 la pr\u00e9sence du fleuve, moteur \u00e9conomique de la ville. <strong>La l\u00e9gende raconte qu\u2019elle fut fond\u00e9e par Hercule<\/strong>, bien que les recherches scientifiques s\u2019accordent \u00e0 dire que ce serait l\u2019\u0153uvre des Ph\u00e9niciens et qu\u2019elle daterait du VIII<sup>e<\/sup> si\u00e8cle av. J.-C. environ.<\/p>\n<p>&nbsp;<\/p>\n<p>Les Romains cr\u00e9\u00e8rent dans cette enclave la colonie d\u2019Hispalis, qui deviendrait au I<sup>er<\/sup> si\u00e8cle apr\u00e8s J.-C. <strong>l<\/strong><strong>\u2019un des principaux centres de commerce de la p\u00e9ninsule Ib\u00e9rique<\/strong>. \u00c0 partir de l\u2019ann\u00e9e 712, S\u00e9ville int\u00e9gra le nouvel \u00c9tat arabo-musulman et enregistra une croissance progressive, notamment apr\u00e8s avoir endoss\u00e9 le r\u00f4le de <strong>capitale europ<\/strong><strong>\u00e9enne de l\u2019Empire almohade<\/strong>, ce dernier envahissant la P\u00e9ninsule en 1147.<\/p>\n<p>&nbsp;<\/p>\n<p>Apr\u00e8s l\u2019avoir conquise en 1248, <strong>le roi Ferdinand III de Cast<\/strong><strong>ille repeupla la ville de juifs et de chr\u00e9tiens<\/strong>. D\u00e8s lors, S\u00e9ville resta \u00e9troitement li\u00e9e \u00e0 la monarchie et commen\u00e7a une nouvelle \u00e9tape d\u2019expansion gr\u00e2ce \u00e0 sa position strat\u00e9gique puis se consolida comme centre commercial et financier lorsque, apr\u00e8s la d\u00e9couverte de l\u2019Am\u00e9rique, la ville fut choisie comme si\u00e8ge de<strong> la Casa de Contrataci<\/strong><strong>\u00f3n<\/strong>, l\u2019organisme cr\u00e9\u00e9 en 1503 pour monopoliser le commerce et les relations avec l\u2019Am\u00e9rique.<\/p>\n<p>&nbsp;<\/p>\n<p><strong>Cet \u00e2ge d\u2019or arriverait \u00e0 son comble entre les XVII<sup>e<\/sup> et XVIII<sup>e<\/sup> si\u00e8cles<\/strong>, au moment o\u00f9 les \u00e9pid\u00e9mies de peste, la crise de la monarchie et le transfert \u00e0 Cadix de la Casa de Contrataci\u00f3n plong\u00e8rent S\u00e9ville dans une profonde d\u00e9cadence. <strong>\u00c0 partir du XIX<sup>e<\/sup> si\u00e8cle, elle commen<\/strong><strong>\u00e7a \u00e0 retrouver sa vitalit\u00e9 allant<\/strong> jusqu\u2019\u00e0 redevenir l\u2019une des villes europ\u00e9ennes de r\u00e9f\u00e9rence.<\/p>\n<p>&nbsp;<\/p>\n<p><img decoding=\"async\" class=\"aligncenter size-full wp-image-3321\" src=\"https:\/\/qa-dosde.qamoon.es\/wp-content\/uploads\/2018\/07\/01_La-historia-de-Sevilla-dosde-publishing.jpg\" alt=\"\" \/><\/p>\n<h2><strong>Le centre historique<\/strong><\/h2>\n<p>Avec une extension qui fr\u00f4le les quatre kilom\u00e8tres carr\u00e9s, <strong>le centre historique de S\u00e9ville est le plus grand d\u2019Espagne et l\u2019un des plus grands d\u2019Europe<\/strong>. Cette surface correspond approximativement au centre urbain que d\u00e9limitait l\u2019ancienne fortification du XIIe si\u00e8cle, et ses dimensions d\u00e9montrent l\u2019importance urbaine et \u00e9conomique de S\u00e9ville \u00e0 la fin du Moyen \u00c2ge d\u00e9j\u00e0, lorsque son port entretenait des connexions avec le monde entier, tel qu\u2019on le connaissait \u00e0 l\u2019\u00e9poque, puis lorsque la ville monopolisa le commerce avec les colonies am\u00e9ricaines.<\/p>\n<p>&nbsp;<\/p>\n<p>Parall\u00e8lement \u00e0 cette importance historique, <strong>le vieux centre r<\/strong><strong>\u00e9unit \u00e9galement les principaux monuments de la ville<\/strong>, dont la cath\u00e9drale, le palais archi\u00e9piscopal, l\u2019Alcazar et les Archives g\u00e9n\u00e9rales des Indes, des symboles architectoniques de l\u2019\u00c9glise et de la monarchie, les pouvoirs qui dominaient la ville \u00e0 l\u2019\u00e9poque de la couronne de Castille puis de la Couronne espagnole.<\/p>\n<p>&nbsp;<\/p>\n<p><strong>\u00c0 c\u00f4t\u00e9 de ces monuments de S\u00e9ville vient s\u2019ajouter un ensemble de temples, d\u2019\u00e9difices publics et de maisons seigneuriales<\/strong> de grandes dimensions, mettant au jour d\u2019autres lieux d\u2019int\u00e9r\u00eat comme la Plaza del Triunfo ou la Plaza del Cabildo.<\/p>\n<p>&nbsp;<\/p>\n<p><a href=\"https:\/\/www.dosde.com\/fr\/livres\/seville.html\"><img decoding=\"async\" class=\"aligncenter size-full wp-image-3641\" src=\"https:\/\/qa-dosde.qamoon.es\/wp-content\/uploads\/2017\/02\/Boton-descubrir-mas-FR.png\" alt=\"\" \/><\/a><\/p>\n<p>&nbsp;<\/p>\n<p><strong><img decoding=\"async\" class=\"aligncenter size-full wp-image-3322\" src=\"https:\/\/qa-dosde.qamoon.es\/wp-content\/uploads\/2018\/07\/02_Casco-antiguo-Sevilla-dosde-publishing.jpg\" alt=\"\" \/>\u00a0<\/strong><\/p>\n<h2><strong>L&rsquo;Alc\u00e1zar de S\u00e9ville<\/strong><\/h2>\n<p>\u00c9tant donn\u00e9 sa localisation strat\u00e9gique, <strong>S\u00e9ville dut se doter d\u2019une grande forteresse<\/strong> pour se prot\u00e9ger des \u00e9ventuelles incursions ennemies. L\u2019ancien palais des gouverneurs musulmans du IXe si\u00e8cle, fut substitu\u00e9 au XIe si\u00e8cle, sur le terrain actuel, par le d\u00e9nomm\u00e9 Alcazar b\u00e9ni des Abbadides.<\/p>\n<p>&nbsp;<\/p>\n<p>Plus tard, entre les XIIe et XIIIe si\u00e8cles, avec l\u2019arriv\u00e9e des Almohades et le statut de capitale de la ville, <strong>l\u2019Alcazar fut r\u00e9form\u00e9 et agrandi<\/strong>, jusqu\u2019\u00e0 atteindre pratiquement ses dimensions actuelles<\/p>\n<p>&nbsp;<\/p>\n<p>C\u2019est le roi Alphonse X le Sage qui introduisit l\u2019art gothique tandis que Pierre Ier envisagea sa r\u00e9sidence dans le style mud\u00e9jar, synth\u00e8se de l\u2019art chr\u00e9tien et islamique. Les Rois Catholiques et l\u2019empereur Charles Quint entreprirent \u00e9galement certaines r\u00e9novations dans l\u2019enceinte, conformes au go\u00fbt classique de la Renaissance, et plus tard divers \u00e9l\u00e9ments baroques furent ajout\u00e9s.<\/p>\n<p>&nbsp;<\/p>\n<p>Les interventions architectoniques et d\u00e9coratives reprirent sous la dynastie des Bourbons, tant au XIXe si\u00e8cle que durant le r\u00e8gne d\u2019Isabelle II ou au XXe si\u00e8cle avec Alphonse XIII. <strong>Inscrit au patrimoine mondial de l\u2019Unesco en 1987<\/strong>, l\u2019Alcazar est toujours utilis\u00e9 aujourd\u2019hui comme r\u00e9sidence des monarques espagnols en visite \u00e0 S\u00e9ville. De fait, cet ensemble architectonique est <strong>le palais royal en usage le plus ancien d\u2019Europe<\/strong>.<\/p>\n<p>&nbsp;<\/p>\n<p><img decoding=\"async\" class=\"aligncenter size-full wp-image-3323\" src=\"https:\/\/qa-dosde.qamoon.es\/wp-content\/uploads\/2018\/07\/03_Real-Alcazar-de-Sevilla-dosde-publishing.jpg\" alt=\"\" \/><\/p>\n<h2><strong>La cath\u00e9drale de S\u00e9ville<\/strong><\/h2>\n<p>La cath\u00e9drale constitue l\u2019\u00e9picentre de la trame urbaine du centre historique, h\u00e9rit\u00e9e de l\u2019\u00e9poque m\u00e9di\u00e9vale. Surnomm\u00e9e la Magna Hispalensis (la Grande de S\u00e9ville), <strong>la cath<\/strong><strong>\u00e9<\/strong><strong>drale est le plus grand temple gothique au monde<\/strong> et elle est apparu en remplacement d\u2019une ancienne mosqu\u00e9e du XII<sup>e<\/sup> si\u00e8cle.<\/p>\n<p>&nbsp;<\/p>\n<p><strong>Son \u00e9l\u00e9ment le plus caract\u00e9ristique est <\/strong><strong>la Giralda<\/strong>, la tour-clocher situ\u00e9e dans l\u2019angle nord-est de la cath\u00e9drale qui est devenue le principal symbole de S\u00e9ville.<\/p>\n<p>&nbsp;<\/p>\n<p><img decoding=\"async\" class=\"aligncenter size-full wp-image-3324\" src=\"https:\/\/qa-dosde.qamoon.es\/wp-content\/uploads\/2018\/07\/04_Catedral-de-Sevilla-dosde-publishing.jpg\" alt=\"\" \/><\/p>\n<h2><strong>Les palais de S\u00e9ville<\/strong><\/h2>\n<p>Entre les XIIIe et XVe si\u00e8cles, apr\u00e8s la prise de S\u00e9ville par le roi Ferdinand III, les maisons-palais <strong>commenc\u00e8rent \u00e0 prolif\u00e9rer dans la ville, rattach\u00e9es \u00e0 l\u2019origine aux membres de l\u2019aristocratie castillane<\/strong> qui avaient re\u00e7u des terres et des privil\u00e8ges en guise de r\u00e9compense pour leurs m\u00e9rites lors de la conqu\u00eate de l\u2019Andalousie. Ces \u00e9difications englobaient un ou plusieurs \u00e9difices que l\u2019on agrandissait et r\u00e9novait au fil du temps, sans suivre de sch\u00e9ma pr\u00e9\u00e9tabli, jusqu\u2019\u00e0 obtenir une allure labyrinthique.<\/p>\n<p>&nbsp;<\/p>\n<p>\u00c0 partir du XVIe si\u00e8cle <strong>le sch\u00e9ma de la maison-palais s\u00e9villane \u00e9tait pleinement consolid\u00e9<\/strong>. L\u2019espace domestique \u00e9tait organis\u00e9 autour d\u2019une grande cour centrale, souvent occup\u00e9e par une fontaine, et les pi\u00e8ces \u00e9taient distribu\u00e9es sur deux \u00e9tages. De la m\u00eame mani\u00e8re, afin de refl\u00e9ter le statut \u00e9conomique et social de leurs propri\u00e9taires, <strong>les maisons \u00e9taient profus\u00e9ment d\u00e9cor\u00e9es de stucs, d\u2019azulejos et de sculptures<\/strong>, incorporant les tendances stylistiques propres de l\u2019\u00e9poque \u00e0 laquelle elles \u00e9taient construites ou r\u00e9nov\u00e9es<\/p>\n<p>&nbsp;<\/p>\n<p>Cette richesse artistique est manifeste dans certaines \u00e9difications comme <strong>la maison de Pilate, la Casa Salinas, le palais de las Due\u00f1as et le palais de la Condesa de Lebrija<\/strong>, dont la somptueuse conception a contribu\u00e9 \u00e0 faire de S\u00e9ville la \u00ab nouvelle Rome \u00bb des XVIe et XVIIe si\u00e8cles.<\/p>\n<p>&nbsp;<\/p>\n<p><img decoding=\"async\" class=\"aligncenter size-full wp-image-3325\" src=\"https:\/\/qa-dosde.qamoon.es\/wp-content\/uploads\/2018\/07\/05_Los-palacios-de-Sevilla-dosde-publishing.jpg\" alt=\"\" \/><\/p>\n<h2><strong>Le centre de la ville<\/strong><\/h2>\n<p>L\u2019actuel c\u0153ur administratif et commercial \u00a0de S\u00e9ville correspond \u00e0 l\u2019environnement de la cath\u00e9drale de l\u2019ancienne ville musulmane. <strong>Le centre de S\u00e9ville enregistra au Moyen \u00c2ge et \u00e0 l\u2019\u00e9poque moderne une intense activit\u00e9 li\u00e9e \u00e0 la construction<\/strong>, et l\u2019on assista \u00e0 la construction de somptueux palais ainsi que de maisons plus modestes.<\/p>\n<p>&nbsp;<\/p>\n<p><strong>C\u2019est au centre que se trouvent aujourd\u2019hui diverses institutions officielles<\/strong>, comme l\u2019h\u00f4tel de ville de S\u00e9ville, ainsi que certaines des rues les plus transit\u00e9es de la ville. L\u2019histoire et l\u2019architecture monumentale <strong>dans ces espaces se m\u00ealent \u00e0 l\u2019effervescence commerciale et aux loisirs des s\u00e9villans<\/strong>.<\/p>\n<p><strong>\u00a0<\/strong><\/p>\n<p>La Plaza Nueva, l\u2019\u00c9glise du Divin Sauveur et l\u2019\u00c9glise Saint-Louis-des-Fran\u00e7ais sont quelques-uns des monuments historiques de S\u00e9ville, qui contrastent <strong>avec des constructions contemporaines comme l\u2019iconique <\/strong><strong>Metropol Parasol<\/strong>, la gigantesque structure en bois et b\u00e9ton qui couvre depuis 2011 la Plaza de la Encarnaci\u00f3n, \u0153uvre de l\u2019architecte allemand J\u00fcrgen Mayer.<\/p>\n<p>&nbsp;<\/p>\n<p><img decoding=\"async\" class=\"aligncenter size-full wp-image-3326\" src=\"https:\/\/qa-dosde.qamoon.es\/wp-content\/uploads\/2018\/07\/06_El-centro-de-la-ciudad-de-Sevilla-dosde-publishing.jpg\" alt=\"\" \/><\/p>\n<h2><strong>Le\u00a0parc de Mar\u00eda Luisa et la Plaza de Espa\u00f1a<\/strong><\/h2>\n<p>Au sud du centre historique se trouve <strong>le parc de Maria Lu\u00edsa, le plus grand de S\u00e9ville<\/strong>. Les terrains qu\u2019il occupe faisaient partie \u00e0 l\u2019origine des jardins du palais de San Telmo, qui devint un si\u00e8cle plus tard le domicile priv\u00e9 d\u2019Antoine d\u2019Orl\u00e9ans, duc de Montpensier, et de son \u00e9pouse, l\u2019infante Marie-Louise-Fernande de Bourbon.<\/p>\n<p>&nbsp;<\/p>\n<p>C\u2019est l\u2019infante Marie-Louise qui d\u00e9cida de c\u00e9der la majeure partie des jardins \u00e0 la ville pour cr\u00e9er un grand parc public. La transformation int\u00e9grale des jardins d\u00e9buta au d\u00e9but du XXe si\u00e8cle \u00e0 l\u2019occasion de l\u2019exposition ib\u00e9ro-am\u00e9ricaine de 1929.<\/p>\n<p>&nbsp;<\/p>\n<p>Le remodelage comprenait <strong>la cr<\/strong><strong>\u00e9<\/strong><strong>ation de la monumentale Plaza de Espa<\/strong><strong>\u00f1<\/strong><strong>a<\/strong>, con\u00e7ue comme l\u2019espace le plus embl\u00e9matique de l\u2019exposition, ainsi que la construction de divers pavillons qui furent r\u00e9serv\u00e9s \u00e0 de nouveaux usages apr\u00e8s la c\u00e9l\u00e9bration de l\u2019\u00e9v\u00e9nement. Actuellement, <strong>la Plaza de Espa<\/strong><strong>\u00f1<\/strong><strong>a est l\u2019<\/strong><strong>un des monuments les plus admir<\/strong><strong>\u00e9<\/strong><strong>s de la ville<\/strong>.<\/p>\n<p>&nbsp;<\/p>\n<p><img decoding=\"async\" class=\"aligncenter size-full wp-image-3327\" src=\"https:\/\/qa-dosde.qamoon.es\/wp-content\/uploads\/2018\/07\/07_Plaza-de-Espan%CC%83a-de-Sevilla-dosde-publishing.jpg\" alt=\"\" \/><\/p>\n<h2>Le livre de photos de S\u00e9ville\u00a0pour d\u00e9coubrir toute la ville<\/h2>\n<p>Ce <strong><a href=\"https:\/\/www.dosde.com\/fr\/seville-ville-art-traditions-photo.html\">livre de photos de S\u00e9ville<\/a>\u00a0propose une visite exhaustive de la ville et de ses lieux embl\u00e9matiques,\u00a0<\/strong>avec de magnifiques photos, des contenus d\u00e9taill\u00e9s et autres curiosit\u00e9s. Ses pages brossent le portrait de la S\u00e9ville la plus traditionnelle \u00e0 la plus actuelle, avec les constructions contemporaines qui en ont fait une ville moderne et cosmopolite.<\/p>\n<p>&nbsp;<\/p>\n<p>\u00c9dit\u00e9 par\u00a0<a href=\"https:\/\/www.dosde.com\/fr\/\">Dosde<\/a>, ce livre de photos compact et maniable\u00a0d\u00e9peint <strong>une ville unique d\u00e9tentrice d\u2019un riche patrimoine<\/strong>\u00a0artistique et architectonique. Le livre compl\u00e8te la collection de <a href=\"https:\/\/www.dosde.com\/fr\/livres\/seville.html\">livres de S\u00e9ville<\/a> publi\u00e9s par la maison d\u2019\u00e9dition.<\/p>\n<p><a href=\"https:\/\/www.dosde.com\/fr\/seville-ville-art-traditions-photo.html\"><img decoding=\"async\" class=\"aligncenter size-full wp-image-3456\" src=\"https:\/\/qa-dosde.qamoon.es\/wp-content\/uploads\/2018\/07\/seville-photo-edition-livre-francais-dosde-publishing_978-84-9103-150-5_35-021-02_B07.jpg\" alt=\"\" \/><\/a><\/p>\n","protected":false},"excerpt":{"rendered":"S\u00e9ville, une ville monumentale Fond\u00e9e par Hercule, selon la l\u00e9gende, la capitale d\u2019Andalousie se caract\u00e9rise par sa beaut\u00e9 monumentale et son lourd pass\u00e9 historique. Le m\u00e9lange des diff\u00e9rentes cultures qu\u2019elle a accueillies au fil des si\u00e8cles se refl\u00e8te dans son architecture, qui associe des\u00a0 styles d\u2019\u00e9poques tr\u00e8s diverses. Cette richesse artistique et architectonique attire aujourd\u2019hui &#8230; <a title=\"S\u00e9ville\" class=\"read-more\" href=\"https:\/\/pre.dosde.com\/fr\/seville\/\" aria-label=\"En savoir plus sur S\u00e9ville\">Lire la suite<\/a>","protected":false},"author":1,"featured_media":3346,"comment_status":"open","ping_status":"open","sticky":false,"template":"","format":"standard","meta":{"_acf_changed":false,"footnotes":""},"categories":[70],"tags":[],"class_list":["post-3446","post","type-post","status-publish","format-standard","has-post-thumbnail","hentry","category-seville"],"acf":[],"yoast_head":"<!-- This site is optimized with the Yoast SEO plugin v28.3 - https:\/\/yoast.com\/product\/yoast-seo-wordpress\/ -->\n<title>S\u00e9ville - Dosde<\/title>\n<meta name=\"robots\" content=\"noindex, follow, max-snippet:-1, max-image-preview:large, max-video-preview:-1\" \/>\n<meta property=\"og:locale\" content=\"fr_FR\" \/>\n<meta property=\"og:type\" content=\"article\" \/>\n<meta property=\"og:title\" content=\"S\u00e9ville - Dosde\" \/>\n<meta property=\"og:description\" content=\"S\u00e9ville, une ville monumentale Fond\u00e9e par Hercule, selon la l\u00e9gende, la capitale d\u2019Andalousie se caract\u00e9rise par sa beaut\u00e9 monumentale et son lourd pass\u00e9 historique. Le m\u00e9lange des diff\u00e9rentes cultures qu\u2019elle a accueillies au fil des si\u00e8cles se refl\u00e8te dans son architecture, qui associe des\u00a0 styles d\u2019\u00e9poques tr\u00e8s diverses. Cette richesse artistique et architectonique attire aujourd\u2019hui ... Lire la suite\" \/>\n<meta property=\"og:url\" content=\"https:\/\/pre.dosde.com\/fr\/seville\/\" \/>\n<meta property=\"og:site_name\" content=\"Dosde\" \/>\n<meta property=\"article:published_time\" content=\"2018-07-23T09:53:50+00:00\" \/>\n<meta property=\"article:modified_time\" content=\"2026-08-11T07:58:26+00:00\" \/>\n<meta name=\"author\" content=\"seocom\" \/>\n<meta name=\"twitter:card\" content=\"summary_large_image\" \/>\n<meta name=\"twitter:label1\" content=\"\u00c9crit par\" \/>\n\t<meta name=\"twitter:data1\" content=\"seocom\" \/>\n\t<meta name=\"twitter:label2\" content=\"Dur\u00e9e de lecture estim\u00e9e\" \/>\n\t<meta name=\"twitter:data2\" content=\"8 minutes\" \/>\n<script type=\"application\/ld+json\" class=\"yoast-schema-graph\">{\"@context\":\"https:\\\/\\\/schema.org\",\"@graph\":[{\"@type\":\"Article\",\"@id\":\"https:\\\/\\\/pre.dosde.com\\\/fr\\\/seville\\\/#article\",\"isPartOf\":{\"@id\":\"https:\\\/\\\/pre.dosde.com\\\/fr\\\/seville\\\/\"},\"author\":{\"name\":\"seocom\",\"@id\":\"https:\\\/\\\/pre.dosde.com\\\/fr\\\/#\\\/schema\\\/person\\\/9d33726ab714fecb297e38b515472088\"},\"headline\":\"S\u00e9ville\",\"datePublished\":\"2018-07-23T09:53:50+00:00\",\"dateModified\":\"2026-08-11T07:58:26+00:00\",\"mainEntityOfPage\":{\"@id\":\"https:\\\/\\\/pre.dosde.com\\\/fr\\\/seville\\\/\"},\"wordCount\":1662,\"commentCount\":0,\"publisher\":{\"@id\":\"https:\\\/\\\/pre.dosde.com\\\/fr\\\/#organization\"},\"image\":{\"@id\":\"https:\\\/\\\/pre.dosde.com\\\/fr\\\/seville\\\/#primaryimage\"},\"thumbnailUrl\":\"\",\"articleSection\":[\"S\u00e9ville\"],\"inLanguage\":\"fr-FR\",\"potentialAction\":[{\"@type\":\"CommentAction\",\"name\":\"Comment\",\"target\":[\"https:\\\/\\\/pre.dosde.com\\\/fr\\\/seville\\\/#respond\"]}]},{\"@type\":\"WebPage\",\"@id\":\"https:\\\/\\\/pre.dosde.com\\\/fr\\\/seville\\\/\",\"url\":\"https:\\\/\\\/pre.dosde.com\\\/fr\\\/seville\\\/\",\"name\":\"S\u00e9ville - Dosde\",\"isPartOf\":{\"@id\":\"https:\\\/\\\/pre.dosde.com\\\/fr\\\/#website\"},\"primaryImageOfPage\":{\"@id\":\"https:\\\/\\\/pre.dosde.com\\\/fr\\\/seville\\\/#primaryimage\"},\"image\":{\"@id\":\"https:\\\/\\\/pre.dosde.com\\\/fr\\\/seville\\\/#primaryimage\"},\"thumbnailUrl\":\"\",\"datePublished\":\"2018-07-23T09:53:50+00:00\",\"dateModified\":\"2026-08-11T07:58:26+00:00\",\"breadcrumb\":{\"@id\":\"https:\\\/\\\/pre.dosde.com\\\/fr\\\/seville\\\/#breadcrumb\"},\"inLanguage\":\"fr-FR\",\"potentialAction\":[{\"@type\":\"ReadAction\",\"target\":[\"https:\\\/\\\/pre.dosde.com\\\/fr\\\/seville\\\/\"]}]},{\"@type\":\"ImageObject\",\"inLanguage\":\"fr-FR\",\"@id\":\"https:\\\/\\\/pre.dosde.com\\\/fr\\\/seville\\\/#primaryimage\",\"url\":\"\",\"contentUrl\":\"\"},{\"@type\":\"BreadcrumbList\",\"@id\":\"https:\\\/\\\/pre.dosde.com\\\/fr\\\/seville\\\/#breadcrumb\",\"itemListElement\":[{\"@type\":\"ListItem\",\"position\":1,\"name\":\"Home\",\"item\":\"https:\\\/\\\/pre.dosde.com\\\/fr\\\/\"},{\"@type\":\"ListItem\",\"position\":2,\"name\":\"S\u00e9ville\"}]},{\"@type\":\"WebSite\",\"@id\":\"https:\\\/\\\/pre.dosde.com\\\/fr\\\/#website\",\"url\":\"https:\\\/\\\/pre.dosde.com\\\/fr\\\/\",\"name\":\"Dosde\",\"description\":\"\",\"publisher\":{\"@id\":\"https:\\\/\\\/pre.dosde.com\\\/fr\\\/#organization\"},\"potentialAction\":[{\"@type\":\"SearchAction\",\"target\":{\"@type\":\"EntryPoint\",\"urlTemplate\":\"https:\\\/\\\/pre.dosde.com\\\/fr\\\/?s={search_term_string}\"},\"query-input\":{\"@type\":\"PropertyValueSpecification\",\"valueRequired\":true,\"valueName\":\"search_term_string\"}}],\"inLanguage\":\"fr-FR\"},{\"@type\":\"Organization\",\"@id\":\"https:\\\/\\\/pre.dosde.com\\\/fr\\\/#organization\",\"name\":\"Dosde\",\"url\":\"https:\\\/\\\/pre.dosde.com\\\/fr\\\/\",\"logo\":{\"@type\":\"ImageObject\",\"inLanguage\":\"fr-FR\",\"@id\":\"https:\\\/\\\/pre.dosde.com\\\/fr\\\/#\\\/schema\\\/logo\\\/image\\\/\",\"url\":\"https:\\\/\\\/pre.dosde.com\\\/wp-content\\\/uploads\\\/2026\\\/06\\\/Logo.webp\",\"contentUrl\":\"https:\\\/\\\/pre.dosde.com\\\/wp-content\\\/uploads\\\/2026\\\/06\\\/Logo.webp\",\"width\":248,\"height\":80,\"caption\":\"Dosde\"},\"image\":{\"@id\":\"https:\\\/\\\/pre.dosde.com\\\/fr\\\/#\\\/schema\\\/logo\\\/image\\\/\"}},{\"@type\":\"Person\",\"@id\":\"https:\\\/\\\/pre.dosde.com\\\/fr\\\/#\\\/schema\\\/person\\\/9d33726ab714fecb297e38b515472088\",\"name\":\"seocom\",\"image\":{\"@type\":\"ImageObject\",\"inLanguage\":\"fr-FR\",\"@id\":\"https:\\\/\\\/secure.gravatar.com\\\/avatar\\\/741433ce07ba5c431e994c0ec0272d414a5d1a9dafeb02666111e6f2eb1c0ed2?s=96&d=mm&r=g\",\"url\":\"https:\\\/\\\/secure.gravatar.com\\\/avatar\\\/741433ce07ba5c431e994c0ec0272d414a5d1a9dafeb02666111e6f2eb1c0ed2?s=96&d=mm&r=g\",\"contentUrl\":\"https:\\\/\\\/secure.gravatar.com\\\/avatar\\\/741433ce07ba5c431e994c0ec0272d414a5d1a9dafeb02666111e6f2eb1c0ed2?s=96&d=mm&r=g\",\"caption\":\"seocom\"},\"sameAs\":[\"http:\\\/\\\/qa-dosde.qamoon.es\"],\"url\":\"https:\\\/\\\/pre.dosde.com\\\/fr\\\/author\\\/seocom\\\/\"}]}<\/script>\n<!-- \/ Yoast SEO plugin. -->","yoast_head_json":{"title":"S\u00e9ville - Dosde","robots":{"index":"noindex","follow":"follow","max-snippet":"max-snippet:-1","max-image-preview":"max-image-preview:large","max-video-preview":"max-video-preview:-1"},"og_locale":"fr_FR","og_type":"article","og_title":"S\u00e9ville - Dosde","og_description":"S\u00e9ville, une ville monumentale Fond\u00e9e par Hercule, selon la l\u00e9gende, la capitale d\u2019Andalousie se caract\u00e9rise par sa beaut\u00e9 monumentale et son lourd pass\u00e9 historique. Le m\u00e9lange des diff\u00e9rentes cultures qu\u2019elle a accueillies au fil des si\u00e8cles se refl\u00e8te dans son architecture, qui associe des\u00a0 styles d\u2019\u00e9poques tr\u00e8s diverses. Cette richesse artistique et architectonique attire aujourd\u2019hui ... Lire la suite","og_url":"https:\/\/pre.dosde.com\/fr\/seville\/","og_site_name":"Dosde","article_published_time":"2018-07-23T09:53:50+00:00","article_modified_time":"2026-08-11T07:58:26+00:00","author":"seocom","twitter_card":"summary_large_image","twitter_misc":{"\u00c9crit par":"seocom","Dur\u00e9e de lecture estim\u00e9e":"8 minutes"},"schema":{"@context":"https:\/\/schema.org","@graph":[{"@type":"Article","@id":"https:\/\/pre.dosde.com\/fr\/seville\/#article","isPartOf":{"@id":"https:\/\/pre.dosde.com\/fr\/seville\/"},"author":{"name":"seocom","@id":"https:\/\/pre.dosde.com\/fr\/#\/schema\/person\/9d33726ab714fecb297e38b515472088"},"headline":"S\u00e9ville","datePublished":"2018-07-23T09:53:50+00:00","dateModified":"2026-08-11T07:58:26+00:00","mainEntityOfPage":{"@id":"https:\/\/pre.dosde.com\/fr\/seville\/"},"wordCount":1662,"commentCount":0,"publisher":{"@id":"https:\/\/pre.dosde.com\/fr\/#organization"},"image":{"@id":"https:\/\/pre.dosde.com\/fr\/seville\/#primaryimage"},"thumbnailUrl":"","articleSection":["S\u00e9ville"],"inLanguage":"fr-FR","potentialAction":[{"@type":"CommentAction","name":"Comment","target":["https:\/\/pre.dosde.com\/fr\/seville\/#respond"]}]},{"@type":"WebPage","@id":"https:\/\/pre.dosde.com\/fr\/seville\/","url":"https:\/\/pre.dosde.com\/fr\/seville\/","name":"S\u00e9ville - Dosde","isPartOf":{"@id":"https:\/\/pre.dosde.com\/fr\/#website"},"primaryImageOfPage":{"@id":"https:\/\/pre.dosde.com\/fr\/seville\/#primaryimage"},"image":{"@id":"https:\/\/pre.dosde.com\/fr\/seville\/#primaryimage"},"thumbnailUrl":"","datePublished":"2018-07-23T09:53:50+00:00","dateModified":"2026-08-11T07:58:26+00:00","breadcrumb":{"@id":"https:\/\/pre.dosde.com\/fr\/seville\/#breadcrumb"},"inLanguage":"fr-FR","potentialAction":[{"@type":"ReadAction","target":["https:\/\/pre.dosde.com\/fr\/seville\/"]}]},{"@type":"ImageObject","inLanguage":"fr-FR","@id":"https:\/\/pre.dosde.com\/fr\/seville\/#primaryimage","url":"","contentUrl":""},{"@type":"BreadcrumbList","@id":"https:\/\/pre.dosde.com\/fr\/seville\/#breadcrumb","itemListElement":[{"@type":"ListItem","position":1,"name":"Home","item":"https:\/\/pre.dosde.com\/fr\/"},{"@type":"ListItem","position":2,"name":"S\u00e9ville"}]},{"@type":"WebSite","@id":"https:\/\/pre.dosde.com\/fr\/#website","url":"https:\/\/pre.dosde.com\/fr\/","name":"Dosde","description":"","publisher":{"@id":"https:\/\/pre.dosde.com\/fr\/#organization"},"potentialAction":[{"@type":"SearchAction","target":{"@type":"EntryPoint","urlTemplate":"https:\/\/pre.dosde.com\/fr\/?s={search_term_string}"},"query-input":{"@type":"PropertyValueSpecification","valueRequired":true,"valueName":"search_term_string"}}],"inLanguage":"fr-FR"},{"@type":"Organization","@id":"https:\/\/pre.dosde.com\/fr\/#organization","name":"Dosde","url":"https:\/\/pre.dosde.com\/fr\/","logo":{"@type":"ImageObject","inLanguage":"fr-FR","@id":"https:\/\/pre.dosde.com\/fr\/#\/schema\/logo\/image\/","url":"https:\/\/pre.dosde.com\/wp-content\/uploads\/2026\/06\/Logo.webp","contentUrl":"https:\/\/pre.dosde.com\/wp-content\/uploads\/2026\/06\/Logo.webp","width":248,"height":80,"caption":"Dosde"},"image":{"@id":"https:\/\/pre.dosde.com\/fr\/#\/schema\/logo\/image\/"}},{"@type":"Person","@id":"https:\/\/pre.dosde.com\/fr\/#\/schema\/person\/9d33726ab714fecb297e38b515472088","name":"seocom","image":{"@type":"ImageObject","inLanguage":"fr-FR","@id":"https:\/\/secure.gravatar.com\/avatar\/741433ce07ba5c431e994c0ec0272d414a5d1a9dafeb02666111e6f2eb1c0ed2?s=96&d=mm&r=g","url":"https:\/\/secure.gravatar.com\/avatar\/741433ce07ba5c431e994c0ec0272d414a5d1a9dafeb02666111e6f2eb1c0ed2?s=96&d=mm&r=g","contentUrl":"https:\/\/secure.gravatar.com\/avatar\/741433ce07ba5c431e994c0ec0272d414a5d1a9dafeb02666111e6f2eb1c0ed2?s=96&d=mm&r=g","caption":"seocom"},"sameAs":["http:\/\/qa-dosde.qamoon.es"],"url":"https:\/\/pre.dosde.com\/fr\/author\/seocom\/"}]}},"_links":{"self":[{"href":"https:\/\/pre.dosde.com\/fr\/wp-json\/wp\/v2\/posts\/3446","targetHints":{"allow":["GET"]}}],"collection":[{"href":"https:\/\/pre.dosde.com\/fr\/wp-json\/wp\/v2\/posts"}],"about":[{"href":"https:\/\/pre.dosde.com\/fr\/wp-json\/wp\/v2\/types\/post"}],"author":[{"embeddable":true,"href":"https:\/\/pre.dosde.com\/fr\/wp-json\/wp\/v2\/users\/1"}],"replies":[{"embeddable":true,"href":"https:\/\/pre.dosde.com\/fr\/wp-json\/wp\/v2\/comments?post=3446"}],"version-history":[{"count":1,"href":"https:\/\/pre.dosde.com\/fr\/wp-json\/wp\/v2\/posts\/3446\/revisions"}],"predecessor-version":[{"id":3664,"href":"https:\/\/pre.dosde.com\/fr\/wp-json\/wp\/v2\/posts\/3446\/revisions\/3664"}],"wp:attachment":[{"href":"https:\/\/pre.dosde.com\/fr\/wp-json\/wp\/v2\/media?parent=3446"}],"wp:term":[{"taxonomy":"category","embeddable":true,"href":"https:\/\/pre.dosde.com\/fr\/wp-json\/wp\/v2\/categories?post=3446"},{"taxonomy":"post_tag","embeddable":true,"href":"https:\/\/pre.dosde.com\/fr\/wp-json\/wp\/v2\/tags?post=3446"}],"curies":[{"name":"wp","href":"https:\/\/api.w.org\/{rel}","templated":true}]}}