{"id":3568,"date":"2018-07-23T09:53:37","date_gmt":"2018-07-23T09:53:37","guid":{"rendered":"https:\/\/www.dosde.com\/discover\/?p=3568\/"},"modified":"2026-08-11T08:00:49","modified_gmt":"2026-08-11T08:00:49","slug":"saint-jacques-de-compostelle","status":"publish","type":"post","link":"https:\/\/pre.dosde.com\/fr\/saint-jacques-de-compostelle\/","title":{"rendered":"Saint Jacques de Compostelle"},"content":{"rendered":"<h2>Saint-Jacques-de-Compostelle,\u00a0ville de p\u00e8lerinage<\/h2>\n<p>Inscrite au patrimoine mondial de l&rsquo;UNESCO despuis 1985, la capitale de la Galice se caract\u00e9rise par sa beaut\u00e9 monumentale et son histoire mill\u00e9naire. <strong>La ville a \u00e9t\u00e9 \u00e9troitement li\u00e9e \u00e0 la religion depuis sa fondation<\/strong>, et le p\u00e8lerinage \u00e0 la cath\u00e9drale est devenu, gr\u00e2ce au <strong>chemin de Saint-Jacques<\/strong>, une activit\u00e9 qui attire chaque ann\u00e9e des milliers de visiteurs.<\/p>\n<p>&nbsp;<\/p>\n<h2><strong>L&rsquo;histoire de\u00a0Saint-Jacques-de-Compostelle<\/strong><\/h2>\n<p>La fondation de Saint-Jacques-de-Compostelle est li\u00e9e \u00e0 la <strong>d\u00e9couverte du s\u00e9pulcre de l\u2019ap\u00f4tre Jacques<\/strong>, l\u2019un des disciples de pr\u00e9dilection de J\u00e9sus-Christ. Aussit\u00f4t valid\u00e9e par l\u2019autorit\u00e9 eccl\u00e9siastique et la monarchie asturienne, la d\u00e9couverte engendra <strong>la construction d\u2019un temple qui prot\u00e8gerait les reliques sacr\u00e9es<\/strong>. Bien qu\u2019il f\u00eet l\u2019objet d\u2019agrandissement, le sanctuaire devint tr\u00e8s vitre exigu face au flux incessant des d\u00e9vots \u00e0 l\u2019ap\u00f4tre, si bien qu\u2019il fut remplac\u00e9 au XI<sup>e<\/sup> si\u00e8cle par une cath\u00e9drale.<\/p>\n<p>&nbsp;<\/p>\n<p>De cette fa\u00e7on, le si\u00e8ge des reliques de l\u2019ap\u00f4tre s\u2019\u00e9rigea en l\u2019<strong>un des hauts lieux de p\u00e8lerinage de la chr\u00e9tient\u00e9<\/strong>, avec Rome et J\u00e9rusalem, un statut qui encouragea l\u2019expansion et la consolidation de la ville que nous connaissons aujourd\u2019hui.<\/p>\n<p><strong> <img decoding=\"async\" class=\"aligncenter size-full wp-image-3304\" src=\"https:\/\/qa-dosde.qamoon.es\/wp-content\/uploads\/2018\/07\/01_La-historia-de-Santiago-de-Compostela-dosde-publishing.jpg\" alt=\"\" \/><\/strong><\/p>\n<p>&nbsp;<\/p>\n<h2><strong>La cath\u00e9drale de Saint-Jacques-de-Compostelle<\/strong><\/h2>\n<p>Apr\u00e8s une s\u00e9rie d\u2019agrandissements du premier temple, construit vers l\u2019ann\u00e9e 834, l\u2019importance que <strong>le culte \u00e0 l\u2019ap\u00f4tre \u00e9tait en train d\u2019acqu\u00e9rir<\/strong> <strong>exigea la construction d\u2019une grande cath\u00e9drale de style roman<\/strong>. Au fil des si\u00e8cles, l\u2019\u00e9dification originale <strong>adopterait des \u00e9l\u00e9ments <\/strong>d\u00e9coratifs et architectoniques <strong>de styles ult\u00e9rieurs, comme les styles Renaissance, baroque et n\u00e9oclassique<\/strong>, qui contribu\u00e8rent \u00e0 rehausser le caract\u00e8re monumental et le profond symbolisme d\u2019un temple parfaitement adapt\u00e9 aux besoins du culte \u00e0 l\u2019ap\u00f4tre.<\/p>\n<p>&nbsp;<\/p>\n<p>La fa\u00e7ade de l\u2019Obradoiro pr\u00e9sente un style baroque, la fa\u00e7ade d\u2019Azabacher\u00eda m\u00eale des \u00e9l\u00e9ments de style baroque et n\u00e9oclassique, la fa\u00e7ade de Plater\u00edas a conserv\u00e9 les \u00e9l\u00e9ments romans originaux et la fa\u00e7ade de la Quintana constitue un ensemble baroque en deux parties diff\u00e9renci\u00e9es \u2013avec la porte royale et la porte sainte- qui forme un grand vestibule de bienvenue \u00e0 la cath\u00e9drale de Saint-Jacques-de-Compostelle.<\/p>\n<p>&nbsp;<\/p>\n<p><strong>Le porche de la Gloire est<\/strong>, par ailleurs, l\u2019un des \u00e9l\u00e9ments les plus remarquables de la cath\u00e9drale. Consid\u00e9r\u00e9 comme l\u2019<strong>un des chefs-d\u2019\u0153uvre de l\u2019art m\u00e9di\u00e9val,<\/strong> il fut \u00e0 l\u2019origine la fa\u00e7ade occidentale de la cath\u00e9drale. Sa conception fut attribu\u00e9e au <strong>ma\u00eetre Matthieu<\/strong>, l\u2019architecte qui vers 1168 prit la direction des travaux du temple. Le porche a r\u00e9cemment fait l\u2019objet d\u2019une profonde r\u00e9novation afin de lui rendre sa polychromie originale, qui s\u2019\u00e9tait estomp\u00e9e au fil des si\u00e8cles.<\/p>\n<p>&nbsp;<\/p>\n<p><a href=\"https:\/\/www.dosde.com\/fr\/livres\/cathedrale-saint-jacques-de-compostelle.html\"><img decoding=\"async\" class=\"aligncenter size-full wp-image-3641\" src=\"https:\/\/qa-dosde.qamoon.es\/wp-content\/uploads\/2017\/02\/Boton-descubrir-mas-FR.png\" alt=\"\" \/><\/a><\/p>\n<p>&nbsp;<\/p>\n<p><img decoding=\"async\" class=\"aligncenter size-full wp-image-3305\" src=\"https:\/\/qa-dosde.qamoon.es\/wp-content\/uploads\/2018\/07\/02_La-catedral-de-Santiago-de-Compostela-dosde-publishing.jpg\" alt=\"\" \/><\/p>\n<h2><strong>Le chemin de Saint-Jacques<\/strong><\/h2>\n<p>La d\u00e9couverte de la tombe de saint Jacques eut lieu \u00e0 <strong>une \u00e9poque o\u00f9 le culte aux reliques \u00e9tait tr\u00e8s r\u00e9pandu<\/strong>.<strong>\u00a0<\/strong>Dans ce sens, l\u2019apparition du corps de l\u2019ap\u00f4tre constituait un \u00e9v\u00e9nement d\u2019une importance majeure. De la m\u00eame mani\u00e8re, la nouvelle supposa une r\u00e9compense morale pour une <strong>Europe qui tentait de consolider sa foi chr\u00e9tienne face \u00e0 l\u2019islam<\/strong>, religion qui s\u2019\u00e9tait consid\u00e9rablement \u00e9tendue en termes de territoire et de prestige culturel.<\/p>\n<p><strong>\u00a0<\/strong><\/p>\n<p><strong>La diffusion du culte \u00e0 saint Jacques favorisa l\u2019apparition de diverses routes de p\u00e8lerinage <\/strong>qui reliaient les reliques au reste de l\u2019Europe. <strong>Le chemin de Saint-Jacques devint un ph\u00e9nom\u00e8ne de masse<\/strong>, qui servit \u00e0 encourager l\u2019\u00e9change culturel et la coh\u00e9sion territoriale. \u00c0 la fin du XX<sup>e<\/sup> si\u00e8cle, le Chemin int\u00e9gra les principaux itin\u00e9raires touristiques mondiaux, au vu de sa valeur paysag\u00e8re, historique et artistique.<\/p>\n<p>&nbsp;<\/p>\n<p><img decoding=\"async\" class=\"aligncenter size-full wp-image-3306\" src=\"https:\/\/qa-dosde.qamoon.es\/wp-content\/uploads\/2018\/07\/03_El-camino-de-Santiago-de-Compostela-dosde-publishing.jpg\" alt=\"\" \/><\/p>\n<p>&nbsp;<\/p>\n<h2><strong>Le centre historique de Saint-Jacques-de-Compostelle<\/strong><\/h2>\n<p>La pr\u00e9sence de la cath\u00e9drale engendra l\u2019apparition de la trame urbaine qui forme aujourd\u2019hui le centre historique de Saint-Jacques-de-Compostelle. De cette fa\u00e7on<strong>, les temples et couvents li\u00e9s au culte \u00e0 l\u2019ap\u00f4tre Jacques cohabitent avec les hospices pr\u00e9vus pour accueillir les p\u00e8lerins<\/strong>, les infrastructures universitaires et les palais de la noblesse et de la hi\u00e9rarchie eccl\u00e9siastique.<\/p>\n<p><strong>\u00a0<\/strong><\/p>\n<p><strong>Le roman et le gothique sont les styles qui pr\u00e9dominent <\/strong>dans les \u00e9difications d\u2019origine m\u00e9di\u00e9vale, tandis que <strong>les travaux ult\u00e9rieurs pr\u00e9sentent les caract\u00e9ristiques typiques des styles Renaissance, baroque et n\u00e9oclassique<\/strong>. La place de l\u2019Obradoiro, c\u0153ur spirituel de la ville, constitue la vitrine des styles artistiques les plus repr\u00e9sentatifs de la ville, puisqu\u2019elle r\u00e9unit la fa\u00e7ade baroque de la cath\u00e9drale, le palais roman de Gelm\u00edrez, l\u2019h\u00f4pital plateresque des Rois Catholiques, le palais n\u00e9oclassique de Rajoy et le coll\u00e8ge gothique-renaissance de San Jer\u00f3nimo.<\/p>\n<p><strong>\u00a0<\/strong><\/p>\n<p>La zone historique de Saint-Jacques-de-Compostelle r\u00e9unit d\u2019autres \u00e9difices d\u2019une grande valeur architectonique, comme la facult\u00e9 de G\u00e9ographie et d\u2019Histoire, le coll\u00e8ge de Fonseca et de nombreuses \u00e9glises, comme l\u2019\u00e9glise de San Paio de Antealtares, l\u2019\u00e9glise de San Francisco et la chapelle de las \u00c1nimas.<\/p>\n<p>&nbsp;<\/p>\n<p>Toute cette richesse fait du <strong>centre historique de Saint-Jacques-de-Compostelle l\u2019un des ensembles historiques et artistiques les plus impressionnants d\u2019Europe<\/strong>, comme en t\u00e9moigne son int\u00e9gration \u00e0 la liste du patrimoine mondial de l\u2019Unesco en 1985.<\/p>\n<p><strong>\u00a0<\/strong><\/p>\n<p>Par ailleurs, l\u2019architecture des diff\u00e9rentes rues et places qui forment le trac\u00e9 du centre historique pr\u00e9sente encore les stigmates du pass\u00e9 m\u00e9di\u00e9val.<\/p>\n<p>Parmi les premi\u00e8res voies r\u00e9sidentielles qui se sont form\u00e9es dans la ville m\u00e9di\u00e9vale figurent les rues de Vilar, Franco et Preguntoiro, auxquelles vinrent s\u2019ajouter par la suite la R\u00faa Nova.<\/p>\n<p>&nbsp;<\/p>\n<p>Les ordonnances municipales d\u00e9finirent tous les d\u00e9tails de l\u2019espace urbain, de sorte que <strong>les commerces se concentr\u00e8rent principalement \u00e0 proximit\u00e9 de la place de Cervantes et des rues Azabacher\u00eda et Moeda<\/strong>. Sans oublier les halles, construites entre 1937 et 1941 apr\u00e8s la d\u00e9molition de l\u2019\u00e9difice original, mais qui adopt\u00e8rent des traits caract\u00e9ristiques de l\u2019architecture m\u00e9di\u00e9vale.<\/p>\n<p>&nbsp;<\/p>\n<p>&nbsp;<\/p>\n<p><img decoding=\"async\" class=\"aligncenter size-full wp-image-3307\" src=\"https:\/\/qa-dosde.qamoon.es\/wp-content\/uploads\/2018\/07\/04_El-casco-antiguo-de-Santiago-de-Compostela-dosde-publishing.jpg\" alt=\"\" \/><\/p>\n<p>&nbsp;<\/p>\n<h2><strong>Quartiers extra-muros<\/strong><\/h2>\n<p>\u00c0 la fin du XX<sup>e<\/sup> si\u00e8cle, la d\u00e9molition des murailles m\u00e9di\u00e9vales <strong>permit d\u2019int\u00e9grer \u00e0 la ville les communes et zones rurales<\/strong> situ\u00e9es dans les environs. C\u2019est \u00e0 cette \u00e9poque que <strong>fut cr\u00e9\u00e9 le parc Alameda<\/strong>, un grand espace vert de loisirs pour les habitants qui fait aujourd\u2019hui le lien entre le centre historique et le campus sud de l\u2019universit\u00e9.<\/p>\n<p>&nbsp;<\/p>\n<p>Entre la fin du XX<sup>e<\/sup> et le d\u00e9but du XXI<sup>e<\/sup> si\u00e8cle, le secteur extra-muros de Saint-Jacques-de-Compostelle <strong>est \u00e9galement devenu la vitrine de l\u2019architecture la plus avant-gardiste<\/strong>, avec de grandes infrastructures comme <strong>le Centre galicien d\u2019art contemporain et la Cit\u00e9 de la Culture<\/strong>, des b\u00e2timents \u00e0 vocation iconique, qui ont contribu\u00e9 \u00e0 renforcer l\u2019attrait culturel et artistique de la ville.<\/p>\n<p>&nbsp;<\/p>\n<p><img decoding=\"async\" class=\"aligncenter size-full wp-image-3308\" src=\"https:\/\/qa-dosde.qamoon.es\/wp-content\/uploads\/2018\/07\/05_extramuros-cidade-da-cultura-Santiago-de-Compostela-dosde-publishing.jpg\" alt=\"\" \/><\/p>\n<p>&nbsp;<\/p>\n","protected":false},"excerpt":{"rendered":"Saint-Jacques-de-Compostelle,\u00a0ville de p\u00e8lerinage Inscrite au patrimoine mondial de l&rsquo;UNESCO despuis 1985, la capitale de la Galice se caract\u00e9rise par sa beaut\u00e9 monumentale et son histoire mill\u00e9naire. La ville a \u00e9t\u00e9 \u00e9troitement li\u00e9e \u00e0 la religion depuis sa fondation, et le p\u00e8lerinage \u00e0 la cath\u00e9drale est devenu, gr\u00e2ce au chemin de Saint-Jacques, une activit\u00e9 qui attire &#8230; <a title=\"Saint Jacques de Compostelle\" class=\"read-more\" href=\"https:\/\/pre.dosde.com\/fr\/saint-jacques-de-compostelle\/\" aria-label=\"En savoir plus sur Saint Jacques de Compostelle\">Lire la suite<\/a>","protected":false},"author":1,"featured_media":3356,"comment_status":"open","ping_status":"open","sticky":false,"template":"","format":"standard","meta":{"_acf_changed":false,"footnotes":""},"categories":[72],"tags":[],"class_list":["post-3568","post","type-post","status-publish","format-standard","has-post-thumbnail","hentry","category-saint-jacques-de-compostelle"],"acf":[],"yoast_head":"<!-- This site is optimized with the Yoast SEO plugin v28.3 - https:\/\/yoast.com\/product\/yoast-seo-wordpress\/ -->\n<title>Saint Jacques de Compostelle - Dosde<\/title>\n<meta name=\"robots\" content=\"noindex, follow, max-snippet:-1, max-image-preview:large, max-video-preview:-1\" \/>\n<meta property=\"og:locale\" content=\"fr_FR\" \/>\n<meta property=\"og:type\" content=\"article\" \/>\n<meta property=\"og:title\" content=\"Saint Jacques de Compostelle - Dosde\" \/>\n<meta property=\"og:description\" content=\"Saint-Jacques-de-Compostelle,\u00a0ville de p\u00e8lerinage Inscrite au patrimoine mondial de l&rsquo;UNESCO despuis 1985, la capitale de la Galice se caract\u00e9rise par sa beaut\u00e9 monumentale et son histoire mill\u00e9naire. La ville a \u00e9t\u00e9 \u00e9troitement li\u00e9e \u00e0 la religion depuis sa fondation, et le p\u00e8lerinage \u00e0 la cath\u00e9drale est devenu, gr\u00e2ce au chemin de Saint-Jacques, une activit\u00e9 qui attire ... Lire la suite\" \/>\n<meta property=\"og:url\" content=\"https:\/\/pre.dosde.com\/fr\/saint-jacques-de-compostelle\/\" \/>\n<meta property=\"og:site_name\" content=\"Dosde\" \/>\n<meta property=\"article:published_time\" content=\"2018-07-23T09:53:37+00:00\" \/>\n<meta property=\"article:modified_time\" content=\"2026-08-11T08:00:49+00:00\" \/>\n<meta name=\"author\" content=\"seocom\" \/>\n<meta name=\"twitter:card\" content=\"summary_large_image\" \/>\n<meta name=\"twitter:label1\" content=\"\u00c9crit par\" \/>\n\t<meta name=\"twitter:data1\" content=\"seocom\" \/>\n\t<meta name=\"twitter:label2\" content=\"Dur\u00e9e de lecture estim\u00e9e\" \/>\n\t<meta name=\"twitter:data2\" content=\"6 minutes\" \/>\n<script type=\"application\/ld+json\" class=\"yoast-schema-graph\">{\"@context\":\"https:\\\/\\\/schema.org\",\"@graph\":[{\"@type\":\"Article\",\"@id\":\"https:\\\/\\\/pre.dosde.com\\\/fr\\\/saint-jacques-de-compostelle\\\/#article\",\"isPartOf\":{\"@id\":\"https:\\\/\\\/pre.dosde.com\\\/fr\\\/saint-jacques-de-compostelle\\\/\"},\"author\":{\"name\":\"seocom\",\"@id\":\"https:\\\/\\\/pre.dosde.com\\\/fr\\\/#\\\/schema\\\/person\\\/9d33726ab714fecb297e38b515472088\"},\"headline\":\"Saint Jacques de Compostelle\",\"datePublished\":\"2018-07-23T09:53:37+00:00\",\"dateModified\":\"2026-08-11T08:00:49+00:00\",\"mainEntityOfPage\":{\"@id\":\"https:\\\/\\\/pre.dosde.com\\\/fr\\\/saint-jacques-de-compostelle\\\/\"},\"wordCount\":1193,\"commentCount\":0,\"publisher\":{\"@id\":\"https:\\\/\\\/pre.dosde.com\\\/fr\\\/#organization\"},\"image\":{\"@id\":\"https:\\\/\\\/pre.dosde.com\\\/fr\\\/saint-jacques-de-compostelle\\\/#primaryimage\"},\"thumbnailUrl\":\"\",\"articleSection\":[\"Saint Jacques de Compostelle\"],\"inLanguage\":\"fr-FR\",\"potentialAction\":[{\"@type\":\"CommentAction\",\"name\":\"Comment\",\"target\":[\"https:\\\/\\\/pre.dosde.com\\\/fr\\\/saint-jacques-de-compostelle\\\/#respond\"]}]},{\"@type\":\"WebPage\",\"@id\":\"https:\\\/\\\/pre.dosde.com\\\/fr\\\/saint-jacques-de-compostelle\\\/\",\"url\":\"https:\\\/\\\/pre.dosde.com\\\/fr\\\/saint-jacques-de-compostelle\\\/\",\"name\":\"Saint Jacques de Compostelle - Dosde\",\"isPartOf\":{\"@id\":\"https:\\\/\\\/pre.dosde.com\\\/fr\\\/#website\"},\"primaryImageOfPage\":{\"@id\":\"https:\\\/\\\/pre.dosde.com\\\/fr\\\/saint-jacques-de-compostelle\\\/#primaryimage\"},\"image\":{\"@id\":\"https:\\\/\\\/pre.dosde.com\\\/fr\\\/saint-jacques-de-compostelle\\\/#primaryimage\"},\"thumbnailUrl\":\"\",\"datePublished\":\"2018-07-23T09:53:37+00:00\",\"dateModified\":\"2026-08-11T08:00:49+00:00\",\"breadcrumb\":{\"@id\":\"https:\\\/\\\/pre.dosde.com\\\/fr\\\/saint-jacques-de-compostelle\\\/#breadcrumb\"},\"inLanguage\":\"fr-FR\",\"potentialAction\":[{\"@type\":\"ReadAction\",\"target\":[\"https:\\\/\\\/pre.dosde.com\\\/fr\\\/saint-jacques-de-compostelle\\\/\"]}]},{\"@type\":\"ImageObject\",\"inLanguage\":\"fr-FR\",\"@id\":\"https:\\\/\\\/pre.dosde.com\\\/fr\\\/saint-jacques-de-compostelle\\\/#primaryimage\",\"url\":\"\",\"contentUrl\":\"\"},{\"@type\":\"BreadcrumbList\",\"@id\":\"https:\\\/\\\/pre.dosde.com\\\/fr\\\/saint-jacques-de-compostelle\\\/#breadcrumb\",\"itemListElement\":[{\"@type\":\"ListItem\",\"position\":1,\"name\":\"Home\",\"item\":\"https:\\\/\\\/pre.dosde.com\\\/fr\\\/\"},{\"@type\":\"ListItem\",\"position\":2,\"name\":\"Saint Jacques de Compostelle\"}]},{\"@type\":\"WebSite\",\"@id\":\"https:\\\/\\\/pre.dosde.com\\\/fr\\\/#website\",\"url\":\"https:\\\/\\\/pre.dosde.com\\\/fr\\\/\",\"name\":\"Dosde\",\"description\":\"\",\"publisher\":{\"@id\":\"https:\\\/\\\/pre.dosde.com\\\/fr\\\/#organization\"},\"potentialAction\":[{\"@type\":\"SearchAction\",\"target\":{\"@type\":\"EntryPoint\",\"urlTemplate\":\"https:\\\/\\\/pre.dosde.com\\\/fr\\\/?s={search_term_string}\"},\"query-input\":{\"@type\":\"PropertyValueSpecification\",\"valueRequired\":true,\"valueName\":\"search_term_string\"}}],\"inLanguage\":\"fr-FR\"},{\"@type\":\"Organization\",\"@id\":\"https:\\\/\\\/pre.dosde.com\\\/fr\\\/#organization\",\"name\":\"Dosde\",\"url\":\"https:\\\/\\\/pre.dosde.com\\\/fr\\\/\",\"logo\":{\"@type\":\"ImageObject\",\"inLanguage\":\"fr-FR\",\"@id\":\"https:\\\/\\\/pre.dosde.com\\\/fr\\\/#\\\/schema\\\/logo\\\/image\\\/\",\"url\":\"https:\\\/\\\/pre.dosde.com\\\/wp-content\\\/uploads\\\/2026\\\/06\\\/Logo.webp\",\"contentUrl\":\"https:\\\/\\\/pre.dosde.com\\\/wp-content\\\/uploads\\\/2026\\\/06\\\/Logo.webp\",\"width\":248,\"height\":80,\"caption\":\"Dosde\"},\"image\":{\"@id\":\"https:\\\/\\\/pre.dosde.com\\\/fr\\\/#\\\/schema\\\/logo\\\/image\\\/\"}},{\"@type\":\"Person\",\"@id\":\"https:\\\/\\\/pre.dosde.com\\\/fr\\\/#\\\/schema\\\/person\\\/9d33726ab714fecb297e38b515472088\",\"name\":\"seocom\",\"image\":{\"@type\":\"ImageObject\",\"inLanguage\":\"fr-FR\",\"@id\":\"https:\\\/\\\/secure.gravatar.com\\\/avatar\\\/741433ce07ba5c431e994c0ec0272d414a5d1a9dafeb02666111e6f2eb1c0ed2?s=96&d=mm&r=g\",\"url\":\"https:\\\/\\\/secure.gravatar.com\\\/avatar\\\/741433ce07ba5c431e994c0ec0272d414a5d1a9dafeb02666111e6f2eb1c0ed2?s=96&d=mm&r=g\",\"contentUrl\":\"https:\\\/\\\/secure.gravatar.com\\\/avatar\\\/741433ce07ba5c431e994c0ec0272d414a5d1a9dafeb02666111e6f2eb1c0ed2?s=96&d=mm&r=g\",\"caption\":\"seocom\"},\"sameAs\":[\"http:\\\/\\\/qa-dosde.qamoon.es\"],\"url\":\"https:\\\/\\\/pre.dosde.com\\\/fr\\\/author\\\/seocom\\\/\"}]}<\/script>\n<!-- \/ Yoast SEO plugin. -->","yoast_head_json":{"title":"Saint Jacques de Compostelle - Dosde","robots":{"index":"noindex","follow":"follow","max-snippet":"max-snippet:-1","max-image-preview":"max-image-preview:large","max-video-preview":"max-video-preview:-1"},"og_locale":"fr_FR","og_type":"article","og_title":"Saint Jacques de Compostelle - Dosde","og_description":"Saint-Jacques-de-Compostelle,\u00a0ville de p\u00e8lerinage Inscrite au patrimoine mondial de l&rsquo;UNESCO despuis 1985, la capitale de la Galice se caract\u00e9rise par sa beaut\u00e9 monumentale et son histoire mill\u00e9naire. La ville a \u00e9t\u00e9 \u00e9troitement li\u00e9e \u00e0 la religion depuis sa fondation, et le p\u00e8lerinage \u00e0 la cath\u00e9drale est devenu, gr\u00e2ce au chemin de Saint-Jacques, une activit\u00e9 qui attire ... Lire la suite","og_url":"https:\/\/pre.dosde.com\/fr\/saint-jacques-de-compostelle\/","og_site_name":"Dosde","article_published_time":"2018-07-23T09:53:37+00:00","article_modified_time":"2026-08-11T08:00:49+00:00","author":"seocom","twitter_card":"summary_large_image","twitter_misc":{"\u00c9crit par":"seocom","Dur\u00e9e de lecture estim\u00e9e":"6 minutes"},"schema":{"@context":"https:\/\/schema.org","@graph":[{"@type":"Article","@id":"https:\/\/pre.dosde.com\/fr\/saint-jacques-de-compostelle\/#article","isPartOf":{"@id":"https:\/\/pre.dosde.com\/fr\/saint-jacques-de-compostelle\/"},"author":{"name":"seocom","@id":"https:\/\/pre.dosde.com\/fr\/#\/schema\/person\/9d33726ab714fecb297e38b515472088"},"headline":"Saint Jacques de Compostelle","datePublished":"2018-07-23T09:53:37+00:00","dateModified":"2026-08-11T08:00:49+00:00","mainEntityOfPage":{"@id":"https:\/\/pre.dosde.com\/fr\/saint-jacques-de-compostelle\/"},"wordCount":1193,"commentCount":0,"publisher":{"@id":"https:\/\/pre.dosde.com\/fr\/#organization"},"image":{"@id":"https:\/\/pre.dosde.com\/fr\/saint-jacques-de-compostelle\/#primaryimage"},"thumbnailUrl":"","articleSection":["Saint Jacques de Compostelle"],"inLanguage":"fr-FR","potentialAction":[{"@type":"CommentAction","name":"Comment","target":["https:\/\/pre.dosde.com\/fr\/saint-jacques-de-compostelle\/#respond"]}]},{"@type":"WebPage","@id":"https:\/\/pre.dosde.com\/fr\/saint-jacques-de-compostelle\/","url":"https:\/\/pre.dosde.com\/fr\/saint-jacques-de-compostelle\/","name":"Saint Jacques de Compostelle - Dosde","isPartOf":{"@id":"https:\/\/pre.dosde.com\/fr\/#website"},"primaryImageOfPage":{"@id":"https:\/\/pre.dosde.com\/fr\/saint-jacques-de-compostelle\/#primaryimage"},"image":{"@id":"https:\/\/pre.dosde.com\/fr\/saint-jacques-de-compostelle\/#primaryimage"},"thumbnailUrl":"","datePublished":"2018-07-23T09:53:37+00:00","dateModified":"2026-08-11T08:00:49+00:00","breadcrumb":{"@id":"https:\/\/pre.dosde.com\/fr\/saint-jacques-de-compostelle\/#breadcrumb"},"inLanguage":"fr-FR","potentialAction":[{"@type":"ReadAction","target":["https:\/\/pre.dosde.com\/fr\/saint-jacques-de-compostelle\/"]}]},{"@type":"ImageObject","inLanguage":"fr-FR","@id":"https:\/\/pre.dosde.com\/fr\/saint-jacques-de-compostelle\/#primaryimage","url":"","contentUrl":""},{"@type":"BreadcrumbList","@id":"https:\/\/pre.dosde.com\/fr\/saint-jacques-de-compostelle\/#breadcrumb","itemListElement":[{"@type":"ListItem","position":1,"name":"Home","item":"https:\/\/pre.dosde.com\/fr\/"},{"@type":"ListItem","position":2,"name":"Saint Jacques de Compostelle"}]},{"@type":"WebSite","@id":"https:\/\/pre.dosde.com\/fr\/#website","url":"https:\/\/pre.dosde.com\/fr\/","name":"Dosde","description":"","publisher":{"@id":"https:\/\/pre.dosde.com\/fr\/#organization"},"potentialAction":[{"@type":"SearchAction","target":{"@type":"EntryPoint","urlTemplate":"https:\/\/pre.dosde.com\/fr\/?s={search_term_string}"},"query-input":{"@type":"PropertyValueSpecification","valueRequired":true,"valueName":"search_term_string"}}],"inLanguage":"fr-FR"},{"@type":"Organization","@id":"https:\/\/pre.dosde.com\/fr\/#organization","name":"Dosde","url":"https:\/\/pre.dosde.com\/fr\/","logo":{"@type":"ImageObject","inLanguage":"fr-FR","@id":"https:\/\/pre.dosde.com\/fr\/#\/schema\/logo\/image\/","url":"https:\/\/pre.dosde.com\/wp-content\/uploads\/2026\/06\/Logo.webp","contentUrl":"https:\/\/pre.dosde.com\/wp-content\/uploads\/2026\/06\/Logo.webp","width":248,"height":80,"caption":"Dosde"},"image":{"@id":"https:\/\/pre.dosde.com\/fr\/#\/schema\/logo\/image\/"}},{"@type":"Person","@id":"https:\/\/pre.dosde.com\/fr\/#\/schema\/person\/9d33726ab714fecb297e38b515472088","name":"seocom","image":{"@type":"ImageObject","inLanguage":"fr-FR","@id":"https:\/\/secure.gravatar.com\/avatar\/741433ce07ba5c431e994c0ec0272d414a5d1a9dafeb02666111e6f2eb1c0ed2?s=96&d=mm&r=g","url":"https:\/\/secure.gravatar.com\/avatar\/741433ce07ba5c431e994c0ec0272d414a5d1a9dafeb02666111e6f2eb1c0ed2?s=96&d=mm&r=g","contentUrl":"https:\/\/secure.gravatar.com\/avatar\/741433ce07ba5c431e994c0ec0272d414a5d1a9dafeb02666111e6f2eb1c0ed2?s=96&d=mm&r=g","caption":"seocom"},"sameAs":["http:\/\/qa-dosde.qamoon.es"],"url":"https:\/\/pre.dosde.com\/fr\/author\/seocom\/"}]}},"_links":{"self":[{"href":"https:\/\/pre.dosde.com\/fr\/wp-json\/wp\/v2\/posts\/3568","targetHints":{"allow":["GET"]}}],"collection":[{"href":"https:\/\/pre.dosde.com\/fr\/wp-json\/wp\/v2\/posts"}],"about":[{"href":"https:\/\/pre.dosde.com\/fr\/wp-json\/wp\/v2\/types\/post"}],"author":[{"embeddable":true,"href":"https:\/\/pre.dosde.com\/fr\/wp-json\/wp\/v2\/users\/1"}],"replies":[{"embeddable":true,"href":"https:\/\/pre.dosde.com\/fr\/wp-json\/wp\/v2\/comments?post=3568"}],"version-history":[{"count":2,"href":"https:\/\/pre.dosde.com\/fr\/wp-json\/wp\/v2\/posts\/3568\/revisions"}],"predecessor-version":[{"id":3668,"href":"https:\/\/pre.dosde.com\/fr\/wp-json\/wp\/v2\/posts\/3568\/revisions\/3668"}],"wp:attachment":[{"href":"https:\/\/pre.dosde.com\/fr\/wp-json\/wp\/v2\/media?parent=3568"}],"wp:term":[{"taxonomy":"category","embeddable":true,"href":"https:\/\/pre.dosde.com\/fr\/wp-json\/wp\/v2\/categories?post=3568"},{"taxonomy":"post_tag","embeddable":true,"href":"https:\/\/pre.dosde.com\/fr\/wp-json\/wp\/v2\/tags?post=3568"}],"curies":[{"name":"wp","href":"https:\/\/api.w.org\/{rel}","templated":true}]}}