{"id":3612,"date":"2018-07-23T09:53:42","date_gmt":"2018-07-23T09:53:42","guid":{"rendered":"https:\/\/qa-dosde.qamoon.es\/?p=3612"},"modified":"2026-08-11T07:59:14","modified_gmt":"2026-08-11T07:59:14","slug":"madrid","status":"publish","type":"post","link":"https:\/\/pre.dosde.com\/fr\/madrid\/","title":{"rendered":"Madrid"},"content":{"rendered":"<h2>Madrid, une ville monumentale<\/h2>\n<p>Consid\u00e9r\u00e9e comme l\u2019une des grandes capitales\u00a0europ\u00e9ennes,\u00a0<strong>Madrid est une ville qui cumule des si\u00e8cles d\u2019histoire<\/strong>, comme en t\u00e9moignent les nombreux monuments qui jalonnent ses rues. Cette richesse culturelle et artistique forg\u00e9e au fil des ans<strong>\u00a0c\u00f4toie l\u2019esprit novateur de la<\/strong> Madrid actuelle, une ville dynamique et cosmopolite tourn\u00e9e vers l\u2019avenir.<\/p>\n<h2>Le\u00a0centre historique<\/h2>\n<p>Le centre de la ville qui se d\u00e9veloppa sous le r\u00e8gne des Habsbourg <strong>s\u2019\u00e9tend de la Plaza de Oriente \u00e0 la Puerta del Sol<\/strong>, avec pour point de r\u00e9f\u00e9rence la Plaza Mayor.<\/p>\n<p>&nbsp;<\/p>\n<p>Depuis sa construction, la Plaza Mayor a g\u00e9n\u00e9r\u00e9 une activit\u00e9 commerciale fr\u00e9n\u00e9tique. Outre le fait d\u2019accueillir r\u00e9guli\u00e8rement des march\u00e9s et foires, <strong>ses arcades abritaient les principaux corps de m\u00e9tiers des marchands de la ville<\/strong>. La place \u00e9tait \u00e9galement le lieu de grandes c\u00e9l\u00e9brations et d\u2019\u00e9v\u00e9nements d\u2019envergure, allant de proclamations royales \u00e0 des ex\u00e9cutions publiques, en passant par des processions religieuses, des corridas et des repr\u00e9sentations th\u00e9\u00e2trales. Aujourd\u2019hui, la place accueille encore des \u00e9v\u00e9nements indissociables de la vie sociale madril\u00e8ne.<\/p>\n<p>&nbsp;<\/p>\n<p>Dans cette partie historique de Madrid <strong>se trouvent certains \u00e9difices embl\u00e9matiques comme le march\u00e9 de San Miguel<\/strong>, construit entre 1913 et 1916 par l\u2019architecte Alfonso Dub\u00e9 y D\u00edez et qui est l\u2019unique repr\u00e9sentant du genre \u00e0 subsister dans la ville de l\u2019architecture m\u00e9tallique, <strong>et la Casa de la Villa<\/strong>, \u0153uvre de Juan G\u00f3mez de la Mora qui refl\u00e8te l\u2019architecture civile des Habsbourg.<\/p>\n<p>&nbsp;<\/p>\n<p>Mais <strong>le lieu le plus embl\u00e9matique reste sans aucun doute la Puerta del Sol<\/strong>. Lieu de grandes manifestations comme la c\u00e9l\u00e9bration de la Saint-Sylvestre et centre symbolique de la g\u00e9ographie espagnole, la Puerta del Sol <strong>\u00e9<\/strong><strong>tait <\/strong><strong>\u00e0 <\/strong><strong>l<\/strong><strong>\u2019<\/strong><strong>origine une entr<\/strong><strong>\u00e9<\/strong><strong>e sur la partie orientale des remparts<\/strong> qui prot\u00e9geaient Madrid au XV<sup>e<\/sup> si\u00e8cle, mais en raison de l\u2019expansion urbaine, elle acquit peu \u00e0 peu une position centrale dans la ville.<\/p>\n<p>&nbsp;<\/p>\n<p><img decoding=\"async\" class=\"aligncenter size-full wp-image-3314\" src=\"https:\/\/qa-dosde.qamoon.es\/wp-content\/uploads\/2018\/07\/01_el-centro-historico-Madrid-dosde-publishing.jpg\" alt=\"\" \/><\/p>\n<h2>Les \u00e9glises de Madrid<\/h2>\n<p>Les institutions <strong>religieuses avaient un r\u00f4le pr\u00e9pond\u00e9rant \u00e0 Madrid depuis le Moyen \u00c2ge<\/strong>, alors que la trame urbaine s\u2019articulait autour d\u2019une dizaine d\u2019\u00e9glises paroissiales. Hormis leur fonction religieuse, ces paroisses marquaient les divisions administratives de la ville m\u00e9di\u00e9vale et constituaient ainsi <strong>des \u00e9l\u00e9ments essentiels \u00e0 l\u2019organisation de la vie publique<\/strong>. De fait, tous les Madril\u00e8nes \u00e9taient oblig\u00e9s de s\u2019y inscrire pour pouvoir b\u00e9n\u00e9ficier du droit de voisinage.<\/p>\n<p>&nbsp;<\/p>\n<p>Apr\u00e8s l\u2019\u00e9tablissement de la cour dans la ville, les institutions religieuses acquirent encore plus de poids. <strong>Les monarques successifs de la dynastie des Habsbourg encourag\u00e8rent l\u2019arriv\u00e9e de nouveaux ordres religieux, ainsi que la cr\u00e9ation de nombreuses \u00e9glises.<\/strong><\/p>\n<p>&nbsp;<\/p>\n<p>C\u2019est de cette \u00e9poque que datent des \u00e9difices comme <strong>la coll\u00e9giale de San Isidro, l\u2019\u00e9glise de San Antonio de los Alemanes et la chapelle de san Isidro<\/strong> de l\u2019\u00e9glise de San Andr\u00e9s, qui se rejoignent dans l\u2019usage des formes baroques.<\/p>\n<p>&nbsp;<\/p>\n<p><img decoding=\"async\" class=\"aligncenter size-full wp-image-3315\" src=\"https:\/\/qa-dosde.qamoon.es\/wp-content\/uploads\/2018\/07\/02_iglesias-de-Madrid-dosde-publishing.jpg\" alt=\"\" \/><\/p>\n<h2><strong>Le quartier des\u00a0Lettres\u00a0et Lavapi\u00e9s<\/strong><\/h2>\n<p>Le quartier des Lettres (Barrio de Las Letras) <strong>doit son nom <\/strong><strong>\u00e0 <\/strong><strong>l<\/strong><strong>\u2019<\/strong><strong>intense activit<\/strong><strong>\u00e9 <\/strong><strong>litt<\/strong><strong>\u00e9<\/strong><strong>raire<\/strong> qui se tenait \u00e0 cet endroit de la ville <strong>entre les XVI<sup>e<\/sup> et XVII<sup>e<\/sup> si<\/strong><strong>\u00e8<\/strong><strong>cles<\/strong>, la p\u00e9riode de rayonnement culturel de l\u2019Espagne connue comme le Si\u00e8cle d\u2019Or.<\/p>\n<p>&nbsp;<\/p>\n<p>\u00c0 cette \u00e9poque, <strong>le quartier attira des <\/strong><strong>\u00e9<\/strong><strong>crivains mondialement connus comme Miguel de Cervantes<\/strong>, Luis de G\u00f3ngora, Francisco de Quevedo et Lope de Vega. C\u2019est l\u00e0 \u00e9galement que se trouvaient les principaux <em>corrales de comedias<\/em> de la ville, des th\u00e9\u00e2tres publics install\u00e9s dans des cours d\u00e9couvertes o\u00f9 \u00e9taient repr\u00e9sent\u00e9es des \u0153uvres en tout genre.<\/p>\n<p>&nbsp;<\/p>\n<p>Il reste tr\u00e8s peu d\u2019\u00e9difices de cette \u00e9poque de l\u2019histoire de Madrid mais <strong>le quartier des Lettres a r<\/strong><strong>\u00e9<\/strong><strong>ussi <\/strong><strong>\u00e0 <\/strong><strong>se maintenir comme un important centre culturel<\/strong>, eu \u00e9gard \u00e0 la pr\u00e9sence, entre autres, de l\u2019Ateneo de Madrid, du Teatro Espa\u00f1ol et du Teatro de la Comedia.<\/p>\n<p>&nbsp;<\/p>\n<p><strong>Au sud du quartier des Lettres se trouve Lavapi<\/strong><strong>\u00e9<\/strong><strong>s<\/strong>, ancien faubourg travers\u00e9 de pr\u00e9cipices abrupts qui fut int\u00e9gr\u00e9 \u00e0 l\u2019enceinte urbaine \u00e0 partir de 1625, avec la construction de la muraille de Philippe IV. Depuis sa cr\u00e9ation, le quartier \u00e9tait r\u00e9serv\u00e9 avant tout aux classes modestes qui n\u2019avaient pas de quoi se payer un logement dans le centre-ville, de telle sorte qu\u2019il finit par <strong>devenir le symbole du Madrid plus traditionnel et populaire<\/strong>. La Calle del Calvario, la Plaza de Lavapi\u00e9s et le march\u00e9 d\u2019Ant\u00f3n Mart\u00edn sont certains des espaces les plus populaires du quartier.<\/p>\n<p>&nbsp;<\/p>\n<p><a href=\"https:\/\/www.dosde.com\/fr\/livres\/madrid.html\"><img decoding=\"async\" class=\"aligncenter size-full wp-image-3641\" src=\"https:\/\/qa-dosde.qamoon.es\/wp-content\/uploads\/2017\/02\/Boton-descubrir-mas-FR.png\" alt=\"\" \/><\/a><\/p>\n<p>&nbsp;<\/p>\n<p>&nbsp;<\/p>\n<p><img decoding=\"async\" class=\"aligncenter size-full wp-image-3316\" src=\"https:\/\/qa-dosde.qamoon.es\/wp-content\/uploads\/2018\/07\/03_Lavapies-Madrid-dosde-publishing.jpg\" alt=\"\" \/><\/p>\n<h2><strong>La\u00a0ville de la royaut\u00e9 et le Teatro Real<\/strong><\/h2>\n<p>Avant de devenir la capitale de l\u2019Espagne, Madrid b\u00e9n\u00e9ficiait d\u00e9j\u00e0 d\u2019une certaine notori\u00e9t\u00e9 parmi la monarchie et fut la sc\u00e8ne de plusieurs r\u00e9unions des Cortes, l\u2019institution politique dans laquelle \u00e9taient repr\u00e9sent\u00e9s les trois \u00e9tats du royaume.<\/p>\n<p>&nbsp;<\/p>\n<p><strong>Le roi Philippe V<\/strong><strong> ordonna alors la construction d<\/strong><strong>\u2019<\/strong><strong>un nouveau palais<\/strong>, qui transcenda sa fonction r\u00e9sidentielle pour devenir le principal symbole de l\u2019autorit\u00e9 royale. <strong>Le Palais royal, r<\/strong><strong>\u00e9<\/strong><strong>sidence officielle de la monarchie espagnole<\/strong>, refl\u00e8te la splendeur du pouvoir royal \u00e0 travers son architecture.<\/p>\n<p>&nbsp;<\/p>\n<p><strong>Le Teatro Real<\/strong> est un autre lieu mythique de la ville de Madrid. Le Teatro Real, consid\u00e9r\u00e9 comme <strong>l\u2019une des plus importantes salles d\u2019op\u00e9ra d\u2019Espagne<\/strong>, fut construit au d\u00e9but du XIX<sup>e<\/sup> si\u00e8cle sur ordre du roi Ferdinand VII. Apr\u00e8s divers probl\u00e8mes budg\u00e9taires, les travaux se termin\u00e8rent en 1850, m\u00eame s\u2019il fallut plus tard r\u00e9aliser de nouveaux travaux de restauration pour assurer la solidit\u00e9 de l\u2019\u00e9difice. En 1997, le Teatro Real de Madrid rouvrit ses portes apr\u00e8s une profonde r\u00e9novation qui permit de rendre \u00e0 l\u2019\u00e9difice sa fonction premi\u00e8re d\u2019op\u00e9ra.<\/p>\n<p>&nbsp;<\/p>\n<p><strong>Au d<\/strong><strong>\u00e9<\/strong><strong>but du XVIII<sup>e<\/sup> si<\/strong><strong>\u00e8<\/strong><strong>cle<\/strong>, l\u2019Espagne passa entre les mains des Bourbons, une dynastie d\u2019origine fran\u00e7aise. Outre un ambitieux programme de r\u00e9formes politiques<strong>, les Bourbons introduisirent dans le pays les id<\/strong><strong>\u00e9<\/strong><strong>aux du si<\/strong><strong>\u00e8<\/strong><strong>cle des Lumi<\/strong><strong>\u00e8<\/strong><strong>res<\/strong>, un mouvement intellectuel qui pr\u00f4nait la raison et la foi dans le progr\u00e8s, et qui fut particuli\u00e8rement manifeste durant le r\u00e8gne de Charles III, entre 1759 et 1788, <strong>avec de grands changements urbanistiques<\/strong> pour faire de la ville une capitale europ\u00e9enne de premier niveau.<\/p>\n<p>&nbsp;<\/p>\n<p>Des r\u00e9glementations furent adopt\u00e9es pour am\u00e9liorer substantiellement l\u2019hygi\u00e8ne et l\u2019\u00e9clairage des espaces publics et on entreprit le pavage des rues, la conception de grandes avenues et la construction de nombreux \u00e9difices civils.<\/p>\n<p>La fontaine de Cibeles, la Puerta de Alcal\u00e1, le palais de Cibeles, le casino de Madrid, le Teatro Alc\u00e1zar et le Cercle des Beaux-Arts sont quelques-uns des \u00e9difices et monuments de Madrid issus du si\u00e8cle des Lumi\u00e8res.<\/p>\n<p>&nbsp;<\/p>\n<p><img decoding=\"async\" class=\"aligncenter size-full wp-image-3504\" src=\"https:\/\/qa-dosde.qamoon.es\/wp-content\/uploads\/2018\/07\/04_ciudad-de-la-realeza-Madrid-dosde-publishing_2.jpg\" alt=\"\" \/><\/p>\n<h2><strong>La promenade\u00a0de l&rsquo;Art<\/strong><\/h2>\n<p><strong>Le <\/strong><strong>roi Charles III approuva en 1763 la cr<\/strong><strong>\u00e9<\/strong><strong>ation du d<\/strong><strong>\u00e9<\/strong><strong>nomm<\/strong><strong>\u00e9 <\/strong><strong>Sal<\/strong><strong>\u00f3<\/strong><strong>n del Prado<\/strong>, une grande promenade jardin\u00e9e jalonn\u00e9e de statues et de fontaines monumentales autour de laquelle furent construits divers \u00e9quipements scientifiques en rapport avec les id\u00e9aux des Lumi\u00e8res.<\/p>\n<p>&nbsp;<\/p>\n<p>Au d\u00e9but du XIX<sup>e<\/sup> si\u00e8cle, <strong>l<\/strong><strong>\u2019<\/strong><strong>une des infrastructures du nouveau boulevard accueillit le mus<\/strong><strong>\u00e9<\/strong><strong>e du Prado<\/strong>, qui r\u00e9unissait certaines des \u0153uvres les plus repr\u00e9sentatives des collections de la monarchie espagnole. Aujourd\u2019hui, il est consid\u00e9r\u00e9 comme <strong>l<\/strong><strong>\u2019<\/strong><strong>une des plus importantes pinacoth<\/strong><strong>\u00e8<\/strong><strong>ques au monde<\/strong>.<\/p>\n<p>&nbsp;<\/p>\n<p>Au cours du XX<sup>e<\/sup> si\u00e8cle, <strong>l<\/strong><strong>\u2019<\/strong><strong>ouverture du mus<\/strong><strong>\u00e9<\/strong><strong>e Thyssen-Bornemisza et du mus<\/strong><strong>\u00e9<\/strong><strong>e national centre d<\/strong><strong>\u2019<\/strong><strong>art Reina Sof<\/strong><strong>\u00ed<\/strong><strong>a<\/strong> consolida d\u00e9finitivement la promenade du Prado comme un p\u00f4le artistique de premier niveau, o\u00f9 se situent les mus\u00e9es les plus importants de Madrid. Ce n\u2019est donc pas un hasard si, \u00e0 l\u2019heure actuelle, cette avenue est \u00e9galement connue comme la promenade de l\u2019Art, appellation qui fait allusion \u00e0 son offre culturelle in\u00e9galable.<\/p>\n<p>&nbsp;<\/p>\n<p><img decoding=\"async\" class=\"aligncenter size-full wp-image-3318\" src=\"https:\/\/qa-dosde.qamoon.es\/wp-content\/uploads\/2018\/07\/05_paseo-del-arte-Madrid-dosde-publishing.jpg\" alt=\"\" \/><\/p>\n<h2><strong>La Gran V\u00eda de Madrid\u00a0et la\u00a0nouvelle ville<\/strong><\/h2>\n<p>Au milieu du XIX<sup>e<\/sup> si\u00e8cle, dans l\u2019objectif de mettre fin aux probl\u00e8mes g\u00e9n\u00e9r\u00e9s par la forte croissance d\u00e9mographique d\u00e9riv\u00e9e de la r\u00e9volution industrielle, <strong>les grandes villes europ<\/strong><strong>\u00e9<\/strong><strong>ennes commenc<\/strong><strong>\u00e8<\/strong><strong>rent <\/strong><strong>\u00e0 <\/strong><strong>s<\/strong><strong>\u2019\u00e9<\/strong><strong>tendre de fa<\/strong><strong>\u00e7<\/strong><strong>on ordonn<\/strong><strong>\u00e9<\/strong><strong>e<\/strong> avec la cr\u00e9ation de quartiers dot\u00e9s de larges avenues. Madrid n\u2019\u00e9chappa pas \u00e0 la r\u00e8gle et s\u2019unit \u00e0 la tendance en 1860, au moment o\u00f9 les autorit\u00e9s municipales approuv\u00e8rent un projet d\u2019extension envisag\u00e9 par l\u2019ing\u00e9nieur et urbaniste Carlos Mar\u00eda de Castro.<\/p>\n<p>&nbsp;<\/p>\n<p>Pour d\u00e9congestionner le centre historique, la mairie envisagea de cr\u00e9er une avenue qui relierait les extr\u00e9mit\u00e9s est et ouest de la ville. Finalement, <strong>en 1904, le projet de construction de la nouvelle art\u00e8re, connue comme la Gran V\u00eda<\/strong>, fut d\u00e9finitivement approuv\u00e9. Outre le fait d\u2019a\u00e9rer le centre historique, elle devint aussit\u00f4t un symbole de la modernisation de Madrid.<\/p>\n<p>&nbsp;<\/p>\n<p>La Gran V\u00eda de Madrid, domin\u00e9e par de grands \u00e9difices comme la Casa del Cura, l\u2019\u00e9difice Telef\u00f3nica ou la Casa Urquijo, <strong>d\u00e9bouche sur la fameuse<\/strong><strong> Plaza de Espa<\/strong><strong>\u00f1<\/strong><strong>a<\/strong>, occup\u00e9e par un grand monument d\u00e9di\u00e9 \u00e0 l\u2019\u00e9crivain Miguel de Cervantes.<\/p>\n<p>&nbsp;<\/p>\n<p><strong>Durant la seconde moiti\u00e9 du XXe si\u00e8cle<\/strong>, apr\u00e8s s\u2019\u00eatre remise des s\u00e9quelles de la guerre civile espagnole, <strong>Madrid commen\u00e7a \u00e0 se transformer en grande m\u00e9tropole<\/strong>. La capitale espagnole multiplia en quelque temps sa superficie et son nombre d\u2019habitants gr\u00e2ce \u00e0 l\u2019annexion des communes proches, devenant alors le centre d\u2019un territoire sans limites pr\u00e9\u00e9tablies.<\/p>\n<p>&nbsp;<\/p>\n<p>Parall\u00e8lement \u00e0 cette expansion, <strong>Madrid sut se doter d\u2019un solide tissu industriel et d\u2019un secteur des services moderne<\/strong>, s\u2019\u00e9loignant alors de son image traditionnelle de simple centre administratif pour acqu\u00e9rir le statut de p\u00f4le financier de premier niveau. Afin de conserver son positionnement \u00e9conomique et culturel, au cours des derni\u00e8res ann\u00e9es la ville n\u2019a cess\u00e9 d\u2019incorporer \u00e0 sa trame urbaine de nouveaux \u00e9difices et <strong>infrastructures qui refl\u00e8tent les tendances architectoniques les plus avant-gardistes<\/strong>, ob\u00e9issant \u00e0 un processus de r\u00e9novation constante pr\u00e9destin\u00e9 \u00e0 durer \u00e0 l\u2019avenir<\/p>\n<p>&nbsp;<\/p>\n<p>La tour Foster, l\u2019\u00e9difice BBVA, la tour Picasso, l\u2019ensemble Puerta de Europa ou Cuatro Torres Business Area sont certaines des constructions les plus repr\u00e9sentatives de la partie la plus moderne de la ville.<\/p>\n<p>&nbsp;<\/p>\n<p><img decoding=\"async\" class=\"aligncenter size-full wp-image-3319\" src=\"https:\/\/qa-dosde.qamoon.es\/wp-content\/uploads\/2018\/07\/06_gran-via-Madrid-dosde-publishing.jpg\" alt=\"\" \/><\/p>\n<h2>Le\u00a0livre sur Madrid pour\u00a0explorer toute\u00a0la ville<\/h2>\n<p>Si\u00e8ge des principales institutions politiques, \u00e9conomiques et culturelles d\u2019Espagne, Madrid est l\u2019une des grandes villes au monde. Son patrimoine artistique et architectonique refl\u00e8te l\u2019histoire d\u2019une ville o\u00f9 fusionne tradition et modernit\u00e9.<\/p>\n<p>&nbsp;<\/p>\n<p><strong>Ce <\/strong><a href=\"https:\/\/www.dosde.com\/fr\/madrid-grande-capitale-europeenne-photo.html\">livre de photos de Madrid<\/a><strong>\u00a0propose d\u2019arpenter toute la ville en image, \u00e0 travers de magnifiques photos et une grande quantit\u00e9 d\u2019informations <\/strong>concernant les endroits les plus embl\u00e9matiques.<\/p>\n<p>&nbsp;<\/p>\n<p>\u00c9dit\u00e9 par\u00a0<a href=\"https:\/\/www.dosde.com\/fr\/\">Dosde<\/a> dans un format maniable et compact, ce livre de photos vous permettra de d\u00e9couvrir une ville unique et admirable \u00e0 la renomm\u00e9e internationale. Le livre compl\u00e8te la collection de <a href=\"https:\/\/www.dosde.com\/fr\/livres\/madrid.html\">livres de Madrid<\/a> publi\u00e9s par la maison d\u2019\u00e9dition.<\/p>\n<p><a href=\"https:\/\/www.dosde.com\/fr\/madrid-grande-capitale-europeenne-photo.html\"><img decoding=\"async\" class=\"aligncenter size-full wp-image-3440\" src=\"https:\/\/qa-dosde.qamoon.es\/wp-content\/uploads\/2018\/07\/livre-madrid-ville-francais-edition-deluxe-dosde-publishing_978-84-9103-105-5_25-012-02_B13.jpg\" alt=\"\" \/><\/a><\/p>\n","protected":false},"excerpt":{"rendered":"Madrid, une ville monumentale Consid\u00e9r\u00e9e comme l\u2019une des grandes capitales\u00a0europ\u00e9ennes,\u00a0Madrid est une ville qui cumule des si\u00e8cles d\u2019histoire, comme en t\u00e9moignent les nombreux monuments qui jalonnent ses rues. Cette richesse culturelle et artistique forg\u00e9e au fil des ans\u00a0c\u00f4toie l\u2019esprit novateur de la Madrid actuelle, une ville dynamique et cosmopolite tourn\u00e9e vers l\u2019avenir. Le\u00a0centre historique Le &#8230; <a title=\"Madrid\" class=\"read-more\" href=\"https:\/\/pre.dosde.com\/fr\/madrid\/\" aria-label=\"En savoir plus sur Madrid\">Lire la suite<\/a>","protected":false},"author":1,"featured_media":0,"comment_status":"open","ping_status":"open","sticky":false,"template":"","format":"standard","meta":{"_acf_changed":false,"footnotes":""},"categories":[82],"tags":[],"class_list":["post-3612","post","type-post","status-publish","format-standard","hentry","category-madrid"],"acf":[],"yoast_head":"<!-- This site is optimized with the Yoast SEO plugin v28.3 - https:\/\/yoast.com\/product\/yoast-seo-wordpress\/ -->\n<title>Madrid - Dosde<\/title>\n<meta name=\"robots\" content=\"noindex, follow, max-snippet:-1, max-image-preview:large, max-video-preview:-1\" \/>\n<meta property=\"og:locale\" content=\"fr_FR\" \/>\n<meta property=\"og:type\" content=\"article\" \/>\n<meta property=\"og:title\" content=\"Madrid - Dosde\" \/>\n<meta property=\"og:description\" content=\"Madrid, une ville monumentale Consid\u00e9r\u00e9e comme l\u2019une des grandes capitales\u00a0europ\u00e9ennes,\u00a0Madrid est une ville qui cumule des si\u00e8cles d\u2019histoire, comme en t\u00e9moignent les nombreux monuments qui jalonnent ses rues. Cette richesse culturelle et artistique forg\u00e9e au fil des ans\u00a0c\u00f4toie l\u2019esprit novateur de la Madrid actuelle, une ville dynamique et cosmopolite tourn\u00e9e vers l\u2019avenir. Le\u00a0centre historique Le ... Lire la suite\" \/>\n<meta property=\"og:url\" content=\"https:\/\/pre.dosde.com\/fr\/madrid\/\" \/>\n<meta property=\"og:site_name\" content=\"Dosde\" \/>\n<meta property=\"article:published_time\" content=\"2018-07-23T09:53:42+00:00\" \/>\n<meta property=\"article:modified_time\" content=\"2026-08-11T07:59:14+00:00\" \/>\n<meta property=\"og:image\" content=\"https:\/\/qa-dosde.qamoon.es\/wp-content\/uploads\/2018\/07\/01_el-centro-historico-Madrid-dosde-publishing.jpg\" \/>\n<meta name=\"author\" content=\"seocom\" \/>\n<meta name=\"twitter:card\" content=\"summary_large_image\" \/>\n<meta name=\"twitter:label1\" content=\"\u00c9crit par\" \/>\n\t<meta name=\"twitter:data1\" content=\"seocom\" \/>\n<script type=\"application\/ld+json\" class=\"yoast-schema-graph\">{\"@context\":\"https:\\\/\\\/schema.org\",\"@graph\":[{\"@type\":\"Article\",\"@id\":\"https:\\\/\\\/pre.dosde.com\\\/fr\\\/madrid\\\/#article\",\"isPartOf\":{\"@id\":\"https:\\\/\\\/pre.dosde.com\\\/fr\\\/madrid\\\/\"},\"author\":{\"name\":\"seocom\",\"@id\":\"https:\\\/\\\/pre.dosde.com\\\/fr\\\/#\\\/schema\\\/person\\\/9d33726ab714fecb297e38b515472088\"},\"headline\":\"Madrid\",\"datePublished\":\"2018-07-23T09:53:42+00:00\",\"dateModified\":\"2026-08-11T07:59:14+00:00\",\"mainEntityOfPage\":{\"@id\":\"https:\\\/\\\/pre.dosde.com\\\/fr\\\/madrid\\\/\"},\"wordCount\":1918,\"commentCount\":0,\"publisher\":{\"@id\":\"https:\\\/\\\/pre.dosde.com\\\/fr\\\/#organization\"},\"image\":{\"@id\":\"https:\\\/\\\/pre.dosde.com\\\/fr\\\/madrid\\\/#primaryimage\"},\"thumbnailUrl\":\"https:\\\/\\\/qa-dosde.qamoon.es\\\/wp-content\\\/uploads\\\/2018\\\/07\\\/01_el-centro-historico-Madrid-dosde-publishing.jpg\",\"articleSection\":[\"Madrid\"],\"inLanguage\":\"fr-FR\",\"potentialAction\":[{\"@type\":\"CommentAction\",\"name\":\"Comment\",\"target\":[\"https:\\\/\\\/pre.dosde.com\\\/fr\\\/madrid\\\/#respond\"]}]},{\"@type\":\"WebPage\",\"@id\":\"https:\\\/\\\/pre.dosde.com\\\/fr\\\/madrid\\\/\",\"url\":\"https:\\\/\\\/pre.dosde.com\\\/fr\\\/madrid\\\/\",\"name\":\"Madrid - Dosde\",\"isPartOf\":{\"@id\":\"https:\\\/\\\/pre.dosde.com\\\/fr\\\/#website\"},\"primaryImageOfPage\":{\"@id\":\"https:\\\/\\\/pre.dosde.com\\\/fr\\\/madrid\\\/#primaryimage\"},\"image\":{\"@id\":\"https:\\\/\\\/pre.dosde.com\\\/fr\\\/madrid\\\/#primaryimage\"},\"thumbnailUrl\":\"https:\\\/\\\/qa-dosde.qamoon.es\\\/wp-content\\\/uploads\\\/2018\\\/07\\\/01_el-centro-historico-Madrid-dosde-publishing.jpg\",\"datePublished\":\"2018-07-23T09:53:42+00:00\",\"dateModified\":\"2026-08-11T07:59:14+00:00\",\"breadcrumb\":{\"@id\":\"https:\\\/\\\/pre.dosde.com\\\/fr\\\/madrid\\\/#breadcrumb\"},\"inLanguage\":\"fr-FR\",\"potentialAction\":[{\"@type\":\"ReadAction\",\"target\":[\"https:\\\/\\\/pre.dosde.com\\\/fr\\\/madrid\\\/\"]}]},{\"@type\":\"ImageObject\",\"inLanguage\":\"fr-FR\",\"@id\":\"https:\\\/\\\/pre.dosde.com\\\/fr\\\/madrid\\\/#primaryimage\",\"url\":\"https:\\\/\\\/qa-dosde.qamoon.es\\\/wp-content\\\/uploads\\\/2018\\\/07\\\/01_el-centro-historico-Madrid-dosde-publishing.jpg\",\"contentUrl\":\"https:\\\/\\\/qa-dosde.qamoon.es\\\/wp-content\\\/uploads\\\/2018\\\/07\\\/01_el-centro-historico-Madrid-dosde-publishing.jpg\"},{\"@type\":\"BreadcrumbList\",\"@id\":\"https:\\\/\\\/pre.dosde.com\\\/fr\\\/madrid\\\/#breadcrumb\",\"itemListElement\":[{\"@type\":\"ListItem\",\"position\":1,\"name\":\"Home\",\"item\":\"https:\\\/\\\/pre.dosde.com\\\/fr\\\/\"},{\"@type\":\"ListItem\",\"position\":2,\"name\":\"Madrid\"}]},{\"@type\":\"WebSite\",\"@id\":\"https:\\\/\\\/pre.dosde.com\\\/fr\\\/#website\",\"url\":\"https:\\\/\\\/pre.dosde.com\\\/fr\\\/\",\"name\":\"Dosde\",\"description\":\"\",\"publisher\":{\"@id\":\"https:\\\/\\\/pre.dosde.com\\\/fr\\\/#organization\"},\"potentialAction\":[{\"@type\":\"SearchAction\",\"target\":{\"@type\":\"EntryPoint\",\"urlTemplate\":\"https:\\\/\\\/pre.dosde.com\\\/fr\\\/?s={search_term_string}\"},\"query-input\":{\"@type\":\"PropertyValueSpecification\",\"valueRequired\":true,\"valueName\":\"search_term_string\"}}],\"inLanguage\":\"fr-FR\"},{\"@type\":\"Organization\",\"@id\":\"https:\\\/\\\/pre.dosde.com\\\/fr\\\/#organization\",\"name\":\"Dosde\",\"url\":\"https:\\\/\\\/pre.dosde.com\\\/fr\\\/\",\"logo\":{\"@type\":\"ImageObject\",\"inLanguage\":\"fr-FR\",\"@id\":\"https:\\\/\\\/pre.dosde.com\\\/fr\\\/#\\\/schema\\\/logo\\\/image\\\/\",\"url\":\"https:\\\/\\\/pre.dosde.com\\\/wp-content\\\/uploads\\\/2026\\\/06\\\/Logo.webp\",\"contentUrl\":\"https:\\\/\\\/pre.dosde.com\\\/wp-content\\\/uploads\\\/2026\\\/06\\\/Logo.webp\",\"width\":248,\"height\":80,\"caption\":\"Dosde\"},\"image\":{\"@id\":\"https:\\\/\\\/pre.dosde.com\\\/fr\\\/#\\\/schema\\\/logo\\\/image\\\/\"}},{\"@type\":\"Person\",\"@id\":\"https:\\\/\\\/pre.dosde.com\\\/fr\\\/#\\\/schema\\\/person\\\/9d33726ab714fecb297e38b515472088\",\"name\":\"seocom\",\"image\":{\"@type\":\"ImageObject\",\"inLanguage\":\"fr-FR\",\"@id\":\"https:\\\/\\\/secure.gravatar.com\\\/avatar\\\/741433ce07ba5c431e994c0ec0272d414a5d1a9dafeb02666111e6f2eb1c0ed2?s=96&d=mm&r=g\",\"url\":\"https:\\\/\\\/secure.gravatar.com\\\/avatar\\\/741433ce07ba5c431e994c0ec0272d414a5d1a9dafeb02666111e6f2eb1c0ed2?s=96&d=mm&r=g\",\"contentUrl\":\"https:\\\/\\\/secure.gravatar.com\\\/avatar\\\/741433ce07ba5c431e994c0ec0272d414a5d1a9dafeb02666111e6f2eb1c0ed2?s=96&d=mm&r=g\",\"caption\":\"seocom\"},\"sameAs\":[\"http:\\\/\\\/qa-dosde.qamoon.es\"],\"url\":\"https:\\\/\\\/pre.dosde.com\\\/fr\\\/author\\\/seocom\\\/\"}]}<\/script>\n<!-- \/ Yoast SEO plugin. -->","yoast_head_json":{"title":"Madrid - Dosde","robots":{"index":"noindex","follow":"follow","max-snippet":"max-snippet:-1","max-image-preview":"max-image-preview:large","max-video-preview":"max-video-preview:-1"},"og_locale":"fr_FR","og_type":"article","og_title":"Madrid - Dosde","og_description":"Madrid, une ville monumentale Consid\u00e9r\u00e9e comme l\u2019une des grandes capitales\u00a0europ\u00e9ennes,\u00a0Madrid est une ville qui cumule des si\u00e8cles d\u2019histoire, comme en t\u00e9moignent les nombreux monuments qui jalonnent ses rues. Cette richesse culturelle et artistique forg\u00e9e au fil des ans\u00a0c\u00f4toie l\u2019esprit novateur de la Madrid actuelle, une ville dynamique et cosmopolite tourn\u00e9e vers l\u2019avenir. Le\u00a0centre historique Le ... Lire la suite","og_url":"https:\/\/pre.dosde.com\/fr\/madrid\/","og_site_name":"Dosde","article_published_time":"2018-07-23T09:53:42+00:00","article_modified_time":"2026-08-11T07:59:14+00:00","og_image":[{"url":"https:\/\/qa-dosde.qamoon.es\/wp-content\/uploads\/2018\/07\/01_el-centro-historico-Madrid-dosde-publishing.jpg","type":"","width":"","height":""}],"author":"seocom","twitter_card":"summary_large_image","twitter_misc":{"\u00c9crit par":"seocom"},"schema":{"@context":"https:\/\/schema.org","@graph":[{"@type":"Article","@id":"https:\/\/pre.dosde.com\/fr\/madrid\/#article","isPartOf":{"@id":"https:\/\/pre.dosde.com\/fr\/madrid\/"},"author":{"name":"seocom","@id":"https:\/\/pre.dosde.com\/fr\/#\/schema\/person\/9d33726ab714fecb297e38b515472088"},"headline":"Madrid","datePublished":"2018-07-23T09:53:42+00:00","dateModified":"2026-08-11T07:59:14+00:00","mainEntityOfPage":{"@id":"https:\/\/pre.dosde.com\/fr\/madrid\/"},"wordCount":1918,"commentCount":0,"publisher":{"@id":"https:\/\/pre.dosde.com\/fr\/#organization"},"image":{"@id":"https:\/\/pre.dosde.com\/fr\/madrid\/#primaryimage"},"thumbnailUrl":"https:\/\/qa-dosde.qamoon.es\/wp-content\/uploads\/2018\/07\/01_el-centro-historico-Madrid-dosde-publishing.jpg","articleSection":["Madrid"],"inLanguage":"fr-FR","potentialAction":[{"@type":"CommentAction","name":"Comment","target":["https:\/\/pre.dosde.com\/fr\/madrid\/#respond"]}]},{"@type":"WebPage","@id":"https:\/\/pre.dosde.com\/fr\/madrid\/","url":"https:\/\/pre.dosde.com\/fr\/madrid\/","name":"Madrid - Dosde","isPartOf":{"@id":"https:\/\/pre.dosde.com\/fr\/#website"},"primaryImageOfPage":{"@id":"https:\/\/pre.dosde.com\/fr\/madrid\/#primaryimage"},"image":{"@id":"https:\/\/pre.dosde.com\/fr\/madrid\/#primaryimage"},"thumbnailUrl":"https:\/\/qa-dosde.qamoon.es\/wp-content\/uploads\/2018\/07\/01_el-centro-historico-Madrid-dosde-publishing.jpg","datePublished":"2018-07-23T09:53:42+00:00","dateModified":"2026-08-11T07:59:14+00:00","breadcrumb":{"@id":"https:\/\/pre.dosde.com\/fr\/madrid\/#breadcrumb"},"inLanguage":"fr-FR","potentialAction":[{"@type":"ReadAction","target":["https:\/\/pre.dosde.com\/fr\/madrid\/"]}]},{"@type":"ImageObject","inLanguage":"fr-FR","@id":"https:\/\/pre.dosde.com\/fr\/madrid\/#primaryimage","url":"https:\/\/qa-dosde.qamoon.es\/wp-content\/uploads\/2018\/07\/01_el-centro-historico-Madrid-dosde-publishing.jpg","contentUrl":"https:\/\/qa-dosde.qamoon.es\/wp-content\/uploads\/2018\/07\/01_el-centro-historico-Madrid-dosde-publishing.jpg"},{"@type":"BreadcrumbList","@id":"https:\/\/pre.dosde.com\/fr\/madrid\/#breadcrumb","itemListElement":[{"@type":"ListItem","position":1,"name":"Home","item":"https:\/\/pre.dosde.com\/fr\/"},{"@type":"ListItem","position":2,"name":"Madrid"}]},{"@type":"WebSite","@id":"https:\/\/pre.dosde.com\/fr\/#website","url":"https:\/\/pre.dosde.com\/fr\/","name":"Dosde","description":"","publisher":{"@id":"https:\/\/pre.dosde.com\/fr\/#organization"},"potentialAction":[{"@type":"SearchAction","target":{"@type":"EntryPoint","urlTemplate":"https:\/\/pre.dosde.com\/fr\/?s={search_term_string}"},"query-input":{"@type":"PropertyValueSpecification","valueRequired":true,"valueName":"search_term_string"}}],"inLanguage":"fr-FR"},{"@type":"Organization","@id":"https:\/\/pre.dosde.com\/fr\/#organization","name":"Dosde","url":"https:\/\/pre.dosde.com\/fr\/","logo":{"@type":"ImageObject","inLanguage":"fr-FR","@id":"https:\/\/pre.dosde.com\/fr\/#\/schema\/logo\/image\/","url":"https:\/\/pre.dosde.com\/wp-content\/uploads\/2026\/06\/Logo.webp","contentUrl":"https:\/\/pre.dosde.com\/wp-content\/uploads\/2026\/06\/Logo.webp","width":248,"height":80,"caption":"Dosde"},"image":{"@id":"https:\/\/pre.dosde.com\/fr\/#\/schema\/logo\/image\/"}},{"@type":"Person","@id":"https:\/\/pre.dosde.com\/fr\/#\/schema\/person\/9d33726ab714fecb297e38b515472088","name":"seocom","image":{"@type":"ImageObject","inLanguage":"fr-FR","@id":"https:\/\/secure.gravatar.com\/avatar\/741433ce07ba5c431e994c0ec0272d414a5d1a9dafeb02666111e6f2eb1c0ed2?s=96&d=mm&r=g","url":"https:\/\/secure.gravatar.com\/avatar\/741433ce07ba5c431e994c0ec0272d414a5d1a9dafeb02666111e6f2eb1c0ed2?s=96&d=mm&r=g","contentUrl":"https:\/\/secure.gravatar.com\/avatar\/741433ce07ba5c431e994c0ec0272d414a5d1a9dafeb02666111e6f2eb1c0ed2?s=96&d=mm&r=g","caption":"seocom"},"sameAs":["http:\/\/qa-dosde.qamoon.es"],"url":"https:\/\/pre.dosde.com\/fr\/author\/seocom\/"}]}},"_links":{"self":[{"href":"https:\/\/pre.dosde.com\/fr\/wp-json\/wp\/v2\/posts\/3612","targetHints":{"allow":["GET"]}}],"collection":[{"href":"https:\/\/pre.dosde.com\/fr\/wp-json\/wp\/v2\/posts"}],"about":[{"href":"https:\/\/pre.dosde.com\/fr\/wp-json\/wp\/v2\/types\/post"}],"author":[{"embeddable":true,"href":"https:\/\/pre.dosde.com\/fr\/wp-json\/wp\/v2\/users\/1"}],"replies":[{"embeddable":true,"href":"https:\/\/pre.dosde.com\/fr\/wp-json\/wp\/v2\/comments?post=3612"}],"version-history":[{"count":1,"href":"https:\/\/pre.dosde.com\/fr\/wp-json\/wp\/v2\/posts\/3612\/revisions"}],"predecessor-version":[{"id":3614,"href":"https:\/\/pre.dosde.com\/fr\/wp-json\/wp\/v2\/posts\/3612\/revisions\/3614"}],"wp:attachment":[{"href":"https:\/\/pre.dosde.com\/fr\/wp-json\/wp\/v2\/media?parent=3612"}],"wp:term":[{"taxonomy":"category","embeddable":true,"href":"https:\/\/pre.dosde.com\/fr\/wp-json\/wp\/v2\/categories?post=3612"},{"taxonomy":"post_tag","embeddable":true,"href":"https:\/\/pre.dosde.com\/fr\/wp-json\/wp\/v2\/tags?post=3612"}],"curies":[{"name":"wp","href":"https:\/\/api.w.org\/{rel}","templated":true}]}}